{"id":14203,"date":"2013-07-08T22:53:45","date_gmt":"2013-07-08T20:53:45","guid":{"rendered":"http:\/\/blog.zeit.de\/kinderzeit\/?p=14203"},"modified":"2013-07-08T22:53:55","modified_gmt":"2013-07-08T20:53:55","slug":"sommerferienlesefutter-die-racher-der-armen","status":"publish","type":"post","link":"https:\/\/blog.zeit.de\/kinderzeit\/2013\/07\/08\/sommerferienlesefutter-die-racher-der-armen_14203","title":{"rendered":"Sommerferienlesefutter: Die R\u00e4cher der Armen"},"content":{"rendered":"<p><figure id=\"attachment_14204\" aria-describedby=\"caption-attachment-14204\" style=\"width: 180px\" class=\"wp-caption alignleft\"><img loading=\"lazy\" decoding=\"async\" src=\"https:\/\/blog.zeit.de\/kinderzeit\/files\/2013\/06\/zorro.jpg\" alt=\"\u00a9 Fischer Verlag\" width=\"180\" height=\"269\" class=\"size-full wp-image-14204\" \/><figcaption id=\"caption-attachment-14204\" class=\"wp-caption-text\">\u00a9 Fischer Verlag<\/figcaption><\/figure><\/p>\n<p>Was haben Zorro und Robin Hood gemeinsam? Beiden wird nachgesagt, dass sie immer auf der Seite der Armen stehen. Den Reichen Sch\u00e4tze klauen, um sie den Armen zu geben. Und die B\u00f6sen bestrafen, um die zu Unrecht Verurteilten zu retten. Echte Helden, die beiden, auch wenn der eine angeblich im Mittelalter in den englischen W\u00e4lder hauste, w\u00e4hrend der andere Ende des 19. Jahrhunderts in den USA, in Kalifornien, als Mann mit der schwarzen Maske und einem ebensolchen Pferd bekannt wurde.<!--more--><\/p>\n<p>Die Geschichten der beiden Helden sind Legenden und schon ganz oft verfilmt worden. Von Zorro gibt es sogar eine ganze Comic-Reihe. Und Comics lesen und vor allem die ganzen fein gezeichneten Bilder angucken macht richtig Spa\u00df, auch wenn man vielleicht noch nicht so richtig lesen kann. Vor allem Jungs &#8211; die angeblich Lesemuffel sein sollen &#8211; finden die bunte Comicwelt cool. <\/p>\n<p><figure id=\"attachment_14205\" aria-describedby=\"caption-attachment-14205\" style=\"width: 180px\" class=\"wp-caption alignright\"><img loading=\"lazy\" decoding=\"async\" src=\"https:\/\/blog.zeit.de\/kinderzeit\/files\/2013\/06\/robinhood.jpg\" alt=\"\u00a9 Fischer Verlag\" width=\"180\" height=\"269\" class=\"size-full wp-image-14205\" \/><figcaption id=\"caption-attachment-14205\" class=\"wp-caption-text\">\u00a9 Fischer Verlag<\/figcaption><\/figure><\/p>\n<p>Aber halt, das mit den m\u00e4nnlichen Lesemuffeln stimmt gar nicht. Oft sind die B\u00fccher nur zu langweilig und m\u00e4dchenhaft. F\u00fcr die harten Kerle von morgen &#8211; mit schwarzer Augenbinde, Pferd oder Pfeil und Bogen &#8211; gibt es die Geschichten von Zorro und Robin Hood jetzt als Buch mit vielen comicartigen Zeichnungen. Spannung, Action und ein paar lustige Wortsch\u00f6pfungen machen beim Lesen richtig viel Spa\u00df &#8211; und was denkt Ihr, wer beim Kampf Zorro gegen El Brutalo gewinnt? Und von Robin Hood gibt es gleich ein paar Weisheiten f\u00fcrs Leben dazu: K\u00f6rperliche Arbeit ist gut gegen Kopfschmerzen. Nun denn&#8230;<\/p>\n<p><strong>Robin Hood\/ Der \u00dcberraschungsangriff<br \/>\nZorro\/ Der R\u00e4cher der Armen<\/strong><br \/>\nLesealter: 2.\/3. Klasse, ab 8 Jahren<br \/>\nFischer Verlag KJB<\/p>\n","protected":false},"excerpt":{"rendered":"<p>Was haben Zorro und Robin Hood gemeinsam? Beiden wird nachgesagt, dass sie immer auf der Seite der Armen stehen. Den Reichen Sch\u00e4tze klauen, um sie den Armen zu geben. Und die B\u00f6sen bestrafen, um die zu Unrecht Verurteilten zu retten. Echte Helden, die beiden, auch wenn der eine angeblich im Mittelalter in den englischen W\u00e4lder [&hellip;]<\/p>\n","protected":false},"author":217,"featured_media":0,"comment_status":"open","ping_status":"closed","sticky":false,"template":"","format":"standard","meta":{"_jetpack_memberships_contains_paid_content":false,"footnotes":""},"categories":[1157,12265],"tags":[27448,13000,27449,27447,18843,27446],"class_list":["post-14203","post","type-post","status-publish","format-standard","hentry","category-buchtipp-hortipp-filmtipp-fernsehtipp","category-was-soll-ich-lesen-2","tag-bucher-fur-jungen","tag-fischer-verlag","tag-nur-fur-jungs","tag-robin-hood","tag-sommerferienlesefutter","tag-zorro"],"yoast_head":"<!-- This site is optimized with the Yoast SEO plugin v21.0 - https:\/\/yoast.com\/wordpress\/plugins\/seo\/ -->\n<title>Sommerferienlesefutter: Die R\u00e4cher der Armen - KinderZEIT-Blog<\/title>\n<meta name=\"robots\" content=\"index, follow, max-snippet:-1, max-image-preview:large, max-video-preview:-1\" \/>\n<link rel=\"canonical\" href=\"https:\/\/blog.zeit.de\/kinderzeit\/2013\/07\/08\/sommerferienlesefutter-die-racher-der-armen_14203\" \/>\n<meta property=\"og:locale\" content=\"de_DE\" \/>\n<meta property=\"og:type\" content=\"article\" \/>\n<meta property=\"og:title\" content=\"Sommerferienlesefutter: Die R\u00e4cher der Armen - KinderZEIT-Blog\" \/>\n<meta property=\"og:description\" content=\"Was haben Zorro und Robin Hood gemeinsam? Beiden wird nachgesagt, dass sie immer auf der Seite der Armen stehen. Den Reichen Sch\u00e4tze klauen, um sie den Armen zu geben. Und die B\u00f6sen bestrafen, um die zu Unrecht Verurteilten zu retten. Echte Helden, die beiden, auch wenn der eine angeblich im Mittelalter in den englischen W\u00e4lder [&hellip;]\" \/>\n<meta property=\"og:url\" content=\"https:\/\/blog.zeit.de\/kinderzeit\/2013\/07\/08\/sommerferienlesefutter-die-racher-der-armen_14203\" \/>\n<meta property=\"og:site_name\" content=\"KinderZEIT-Blog\" \/>\n<meta property=\"article:published_time\" content=\"2013-07-08T20:53:45+00:00\" \/>\n<meta property=\"article:modified_time\" content=\"2013-07-08T20:53:55+00:00\" \/>\n<meta property=\"og:image\" content=\"https:\/\/blog.zeit.de\/kinderzeit\/files\/2013\/06\/zorro.jpg\" \/>\n<meta name=\"author\" content=\"Redaktion KinderZEIT\" \/>\n<meta name=\"twitter:card\" content=\"summary_large_image\" \/>\n<meta name=\"twitter:label1\" content=\"Verfasst von\" \/>\n\t<meta name=\"twitter:data1\" content=\"Redaktion KinderZEIT\" \/>\n\t<meta name=\"twitter:label2\" content=\"Gesch\u00e4tzte Lesezeit\" \/>\n\t<meta name=\"twitter:data2\" content=\"1\u00a0Minute\" \/>\n<script type=\"application\/ld+json\" class=\"yoast-schema-graph\">{\"@context\":\"https:\/\/schema.org\",\"@graph\":[{\"@type\":\"WebPage\",\"@id\":\"https:\/\/blog.zeit.de\/kinderzeit\/2013\/07\/08\/sommerferienlesefutter-die-racher-der-armen_14203\",\"url\":\"https:\/\/blog.zeit.de\/kinderzeit\/2013\/07\/08\/sommerferienlesefutter-die-racher-der-armen_14203\",\"name\":\"Sommerferienlesefutter: Die R\u00e4cher der Armen - KinderZEIT-Blog\",\"isPartOf\":{\"@id\":\"https:\/\/blog.zeit.de\/kinderzeit\/#website\"},\"datePublished\":\"2013-07-08T20:53:45+00:00\",\"dateModified\":\"2013-07-08T20:53:55+00:00\",\"author\":{\"@id\":\"https:\/\/blog.zeit.de\/kinderzeit\/#\/schema\/person\/49470446f328463e8ea80b00b7d5da9c\"},\"breadcrumb\":{\"@id\":\"https:\/\/blog.zeit.de\/kinderzeit\/2013\/07\/08\/sommerferienlesefutter-die-racher-der-armen_14203#breadcrumb\"},\"inLanguage\":\"de\",\"potentialAction\":[{\"@type\":\"ReadAction\",\"target\":[\"https:\/\/blog.zeit.de\/kinderzeit\/2013\/07\/08\/sommerferienlesefutter-die-racher-der-armen_14203\"]}]},{\"@type\":\"BreadcrumbList\",\"@id\":\"https:\/\/blog.zeit.de\/kinderzeit\/2013\/07\/08\/sommerferienlesefutter-die-racher-der-armen_14203#breadcrumb\",\"itemListElement\":[{\"@type\":\"ListItem\",\"position\":1,\"name\":\"Startseite\",\"item\":\"https:\/\/blog.zeit.de\/kinderzeit\"},{\"@type\":\"ListItem\",\"position\":2,\"name\":\"Sommerferienlesefutter: Die R\u00e4cher der Armen\"}]},{\"@type\":\"WebSite\",\"@id\":\"https:\/\/blog.zeit.de\/kinderzeit\/#website\",\"url\":\"https:\/\/blog.zeit.de\/kinderzeit\/\",\"name\":\"KinderZEIT-Blog\",\"description\":\"Politik, Kultur und R\u00e4tsel f\u00fcr junge Leser\",\"potentialAction\":[{\"@type\":\"SearchAction\",\"target\":{\"@type\":\"EntryPoint\",\"urlTemplate\":\"https:\/\/blog.zeit.de\/kinderzeit\/?s={search_term_string}\"},\"query-input\":\"required name=search_term_string\"}],\"inLanguage\":\"de\"},{\"@type\":\"Person\",\"@id\":\"https:\/\/blog.zeit.de\/kinderzeit\/#\/schema\/person\/49470446f328463e8ea80b00b7d5da9c\",\"name\":\"Redaktion KinderZEIT\",\"image\":{\"@type\":\"ImageObject\",\"inLanguage\":\"de\",\"@id\":\"https:\/\/blog.zeit.de\/kinderzeit\/#\/schema\/person\/image\/\",\"url\":\"https:\/\/secure.gravatar.com\/avatar\/e613a4a2ad2bd6413584eec4b8dd51cb549f6f87f7a858de5437c6df45ca1659?s=96&d=mm&r=g\",\"contentUrl\":\"https:\/\/secure.gravatar.com\/avatar\/e613a4a2ad2bd6413584eec4b8dd51cb549f6f87f7a858de5437c6df45ca1659?s=96&d=mm&r=g\",\"caption\":\"Redaktion KinderZEIT\"},\"url\":\"https:\/\/blog.zeit.de\/kinderzeit\/author\/sandra-valeska-bruhns\"}]}<\/script>\n<!-- \/ Yoast SEO plugin. -->","yoast_head_json":{"title":"Sommerferienlesefutter: Die R\u00e4cher der Armen - KinderZEIT-Blog","robots":{"index":"index","follow":"follow","max-snippet":"max-snippet:-1","max-image-preview":"max-image-preview:large","max-video-preview":"max-video-preview:-1"},"canonical":"https:\/\/blog.zeit.de\/kinderzeit\/2013\/07\/08\/sommerferienlesefutter-die-racher-der-armen_14203","og_locale":"de_DE","og_type":"article","og_title":"Sommerferienlesefutter: Die R\u00e4cher der Armen - KinderZEIT-Blog","og_description":"Was haben Zorro und Robin Hood gemeinsam? Beiden wird nachgesagt, dass sie immer auf der Seite der Armen stehen. Den Reichen Sch\u00e4tze klauen, um sie den Armen zu geben. Und die B\u00f6sen bestrafen, um die zu Unrecht Verurteilten zu retten. Echte Helden, die beiden, auch wenn der eine angeblich im Mittelalter in den englischen W\u00e4lder [&hellip;]","og_url":"https:\/\/blog.zeit.de\/kinderzeit\/2013\/07\/08\/sommerferienlesefutter-die-racher-der-armen_14203","og_site_name":"KinderZEIT-Blog","article_published_time":"2013-07-08T20:53:45+00:00","article_modified_time":"2013-07-08T20:53:55+00:00","og_image":[{"url":"https:\/\/blog.zeit.de\/kinderzeit\/files\/2013\/06\/zorro.jpg"}],"author":"Redaktion KinderZEIT","twitter_card":"summary_large_image","twitter_misc":{"Verfasst von":"Redaktion KinderZEIT","Gesch\u00e4tzte Lesezeit":"1\u00a0Minute"},"schema":{"@context":"https:\/\/schema.org","@graph":[{"@type":"WebPage","@id":"https:\/\/blog.zeit.de\/kinderzeit\/2013\/07\/08\/sommerferienlesefutter-die-racher-der-armen_14203","url":"https:\/\/blog.zeit.de\/kinderzeit\/2013\/07\/08\/sommerferienlesefutter-die-racher-der-armen_14203","name":"Sommerferienlesefutter: Die R\u00e4cher der Armen - KinderZEIT-Blog","isPartOf":{"@id":"https:\/\/blog.zeit.de\/kinderzeit\/#website"},"datePublished":"2013-07-08T20:53:45+00:00","dateModified":"2013-07-08T20:53:55+00:00","author":{"@id":"https:\/\/blog.zeit.de\/kinderzeit\/#\/schema\/person\/49470446f328463e8ea80b00b7d5da9c"},"breadcrumb":{"@id":"https:\/\/blog.zeit.de\/kinderzeit\/2013\/07\/08\/sommerferienlesefutter-die-racher-der-armen_14203#breadcrumb"},"inLanguage":"de","potentialAction":[{"@type":"ReadAction","target":["https:\/\/blog.zeit.de\/kinderzeit\/2013\/07\/08\/sommerferienlesefutter-die-racher-der-armen_14203"]}]},{"@type":"BreadcrumbList","@id":"https:\/\/blog.zeit.de\/kinderzeit\/2013\/07\/08\/sommerferienlesefutter-die-racher-der-armen_14203#breadcrumb","itemListElement":[{"@type":"ListItem","position":1,"name":"Startseite","item":"https:\/\/blog.zeit.de\/kinderzeit"},{"@type":"ListItem","position":2,"name":"Sommerferienlesefutter: Die R\u00e4cher der Armen"}]},{"@type":"WebSite","@id":"https:\/\/blog.zeit.de\/kinderzeit\/#website","url":"https:\/\/blog.zeit.de\/kinderzeit\/","name":"KinderZEIT-Blog","description":"Politik, Kultur und R\u00e4tsel f\u00fcr junge Leser","potentialAction":[{"@type":"SearchAction","target":{"@type":"EntryPoint","urlTemplate":"https:\/\/blog.zeit.de\/kinderzeit\/?s={search_term_string}"},"query-input":"required name=search_term_string"}],"inLanguage":"de"},{"@type":"Person","@id":"https:\/\/blog.zeit.de\/kinderzeit\/#\/schema\/person\/49470446f328463e8ea80b00b7d5da9c","name":"Redaktion KinderZEIT","image":{"@type":"ImageObject","inLanguage":"de","@id":"https:\/\/blog.zeit.de\/kinderzeit\/#\/schema\/person\/image\/","url":"https:\/\/secure.gravatar.com\/avatar\/e613a4a2ad2bd6413584eec4b8dd51cb549f6f87f7a858de5437c6df45ca1659?s=96&d=mm&r=g","contentUrl":"https:\/\/secure.gravatar.com\/avatar\/e613a4a2ad2bd6413584eec4b8dd51cb549f6f87f7a858de5437c6df45ca1659?s=96&d=mm&r=g","caption":"Redaktion KinderZEIT"},"url":"https:\/\/blog.zeit.de\/kinderzeit\/author\/sandra-valeska-bruhns"}]}},"jetpack_featured_media_url":"","jetpack_sharing_enabled":true,"_links":{"self":[{"href":"https:\/\/blog.zeit.de\/kinderzeit\/wp-json\/wp\/v2\/posts\/14203","targetHints":{"allow":["GET"]}}],"collection":[{"href":"https:\/\/blog.zeit.de\/kinderzeit\/wp-json\/wp\/v2\/posts"}],"about":[{"href":"https:\/\/blog.zeit.de\/kinderzeit\/wp-json\/wp\/v2\/types\/post"}],"author":[{"embeddable":true,"href":"https:\/\/blog.zeit.de\/kinderzeit\/wp-json\/wp\/v2\/users\/217"}],"replies":[{"embeddable":true,"href":"https:\/\/blog.zeit.de\/kinderzeit\/wp-json\/wp\/v2\/comments?post=14203"}],"version-history":[{"count":9,"href":"https:\/\/blog.zeit.de\/kinderzeit\/wp-json\/wp\/v2\/posts\/14203\/revisions"}],"predecessor-version":[{"id":14276,"href":"https:\/\/blog.zeit.de\/kinderzeit\/wp-json\/wp\/v2\/posts\/14203\/revisions\/14276"}],"wp:attachment":[{"href":"https:\/\/blog.zeit.de\/kinderzeit\/wp-json\/wp\/v2\/media?parent=14203"}],"wp:term":[{"taxonomy":"category","embeddable":true,"href":"https:\/\/blog.zeit.de\/kinderzeit\/wp-json\/wp\/v2\/categories?post=14203"},{"taxonomy":"post_tag","embeddable":true,"href":"https:\/\/blog.zeit.de\/kinderzeit\/wp-json\/wp\/v2\/tags?post=14203"}],"curies":[{"name":"wp","href":"https:\/\/api.w.org\/{rel}","templated":true}]}}