{"id":14238,"date":"2013-06-20T10:00:30","date_gmt":"2013-06-20T08:00:30","guid":{"rendered":"http:\/\/blog.zeit.de\/kinderzeit\/?p=14238"},"modified":"2013-06-20T10:00:30","modified_gmt":"2013-06-20T08:00:30","slug":"eine-neue-geschichte-zum-vor-lesen-platz-da-das-urmel-kommt","status":"publish","type":"post","link":"https:\/\/blog.zeit.de\/kinderzeit\/2013\/06\/20\/eine-neue-geschichte-zum-vor-lesen-platz-da-das-urmel-kommt_14238","title":{"rendered":"Eine neue Geschichte zum (Vor-)Lesen: Platz da, das Urmel kommt!"},"content":{"rendered":"<p><figure id=\"attachment_14242\" aria-describedby=\"caption-attachment-14242\" style=\"width: 210px\" class=\"wp-caption alignleft\"><img loading=\"lazy\" decoding=\"async\" src=\"https:\/\/blog.zeit.de\/kinderzeit\/files\/2013\/06\/urmel-zeit-210x300.jpg\" alt=\"\u00a9 Thienemann Verlag\" width=\"210\" height=\"300\" class=\"size-medium wp-image-14242\" srcset=\"https:\/\/blog.zeit.de\/kinderzeit\/files\/2013\/06\/urmel-zeit-210x300.jpg 210w, https:\/\/blog.zeit.de\/kinderzeit\/files\/2013\/06\/urmel-zeit.jpg 351w\" sizes=\"auto, (max-width: 210px) 100vw, 210px\" \/><figcaption id=\"caption-attachment-14242\" class=\"wp-caption-text\">\u00a9 Thienemann Verlag<\/figcaption><\/figure><\/p>\n<p><strong>Vor mehr als 40 Jahren erfand der Autor Max Kruse das Urmel, jetzt hat er ein neues Abenteuer f\u00fcr das sprechende Dino-Tier geschrieben.&#8220;Das Urmel saust durch die Zeit&#8220;. Wir haben die Geschichte diesen Sommer 12 Wochen lang exklusiv f\u00fcr Euch in der gedruckten KinderZEIT. Die erste Folge findest Du diese Woche, wie immer ist die Seite praktisch zum Herausrei\u00dfen, so dass Ihr die Geschichte sammeln k\u00f6nnt. <\/strong><\/p>\n<p>Aber wie war das noch gleich mit \u00bbMupfeln\u00ab, Tieren mit Sprachfehlern und dem erfinderischen Professor? Hartmut el Kurdi stellt das Urmel und seine Bande noch einmal vor.<!--more--><\/p>\n<p>Wenn man \u00fcber ein Thema schreibt, zu dem man eine pers\u00f6nliche Beziehung hat, muss man auch pers\u00f6nlich beginnen. Also: Das Urmel begegnete mir zum ersten Mal so um 1972 herum, vor knapp 40 Jahren, in der Augsburger Puppenkiste im Fernsehen. Mein Freund Andreas Huhn (der hie\u00df wirklich so) und ich verbrachten die n\u00e4chsten Wochen damit, die verschiedenen Sprachfehler der tierischen Helden nachzuahmen. Und uns dabei schlapp zu lachen. Am lustigsten fanden wir Ping Pinguins Unf\u00e4higkeit, ein \u00bbsch\u00ab auszusprechen. Bis heute kann ich das Wort \u00bbMuschel\u00ab nicht benutzen, ohne dabei \u00bbMupfel\u00ab, wie Ping Pinguin sagt, wenigstens zu denken. Einmal h\u00f6rte ich, wie im Restaurant eine Witzboldin \u00bbMiesmupfeln in Tomatenso\u00dfe\u00ab bestellte. Der Kellner grinste, notierte und servierte.<\/p>\n<p>Fast jeder kennt das Urmel, so wie ansonsten vielleicht noch das Sams und Jim Knopf, zwei andere Helden aus der Puppenkiste. Und so wie einem zu Jim Knopf sofort das Lied Eine Insel mit zwei Bergen einf\u00e4llt, erinnert man sich auch an das Urmel musikalisch. Das Wunderbare am Urmellied ist, dass es zun\u00e4chst ziemlich babyhaft daherkommt, sich dann aber ziemlich knallhart f\u00fcr das Recht der Kinder einsetzt, die Welt zu entdecken. Am Anfang hei\u00dft es: \u00bbAlle Mamis sagen immer: \/ Kindlein, gib sch\u00f6n acht \/ bleib sch\u00f6n brav in deinem Zimmer \/ und schlaf, gute Nacht \/ Aber wenn das Kindlein gr\u00f6\u00dfer, darfs spazieren gehn \/ weil sonst k\u00f6nnt das kleine Kindlein gar nie sch\u00f6ne Sachen sehn.\u00ab Wenn das \u00bbTindlein\u00ab, wie das Urmel singt, dann spazieren geht, zu sp\u00e4t nach Hause kommt und ausgeschimpft wird, hei\u00dft es im freundlichen, aber deutlichen Befehlston: \u00bbLiebe Mami, sei nicht b\u00f6se \/ und merk dir zum Schluss \/ Dass das kleine Kindlein doch die sch\u00f6nen Sachen sehen muss.\u00ab Das ist so wichtig, dass es f\u00fcr die schisshasige Mutter wiederholt wird: \u00bbDass das kleine Kindlein doch die sch\u00f6nen Sachen sehen muss.\u00ab<\/p>\n<p>Damit stellt der Urmel-Erfinder Max Kruse zwei Dinge klar. Erstens: Er steht auf Eurer Seite, auf der Seite der Kinder. Und zweitens: Im Urmel geht es nicht nur um die Abenteuer der lustigen Tierfreunde auf Titiwu, sondern auch um Neugierde und Wissensdurst. Denn ohne diese Eigenschaften w\u00fcrde man ja gar nicht in die Welt hinauswollen, um die ganzen \u00bbsch\u00f6nen Sachen\u00ab zu sehen.<\/p>\n<p>Nicht umsonst ist eine der Hauptfiguren, Habakuk Tibatong, ein Professor, der die Welt erforschen will. Dieser Professor ist es, der den Tieren das Sprechen beibringt \u2013 wenngleich mit ihren charmanten Fehlern. Und auch das Urmel selbst wird ziemlich wissenschaftlich als das \u00bbevolutionsbiologische Bindeglied zwischen Dinosauriern und S\u00e4ugetieren\u00ab beschrieben.<\/p>\n<p>\u00dcberhaupt spielen in den Urmel- Geschichten neben den menschlichen beziehungsweise tierischen Aspekten des Lebens oft auch wissenschaftliche Fragen eine Rolle. Auf fantasievolle und durchgeknallte Art geht es zum Beispiel um Expeditionen, Erfindungen, Entdeckungen, um Zukunft und Vergangenheit.<\/p>\n<p>Genau da setzt die neue Urmel- Erz\u00e4hlung an. Urmel saust durch die Zeit ist eine Zeitreise-Geschichte. Professor Tibatong hat einen \u00bbRaumzeitgleiter\u00ab konstruiert, mit dem das Urmel, Tim Tintenklecks, der Waran Wawa und Ping Pinguin sieben Milliarden Jahre in die Vergangenheit fliegen \u2013 aus Versehen. Eigentlich wollen sie sich die Maschine nur heimlich anschauen, dann aber stellt das Urmel \u2013 hoppla \u2013 einen Hebel von \u00bbOff\u00ab auf \u00bbOn\u00ab. Und schon rasen sie los in Richtung Urknall. Gl\u00fccklicherweise besteht eine Funkverbindung zwischen der Insel und der Zeitmaschine, sodass Professor Tibatong die Zeitreisenden zur\u00fccklotsen kann.<\/p>\n<p>Nat\u00fcrlich machen das Urmel, Tim Tintenklecks, Waran Wawa und Ping Pinguin zwischendurch immer wieder Station, sammeln Informationen und fotografieren. Das ist wie Sachkundeunterricht, der in eine spannende Geschichte verpackt ist: Max Kruse l\u00e4sst den Professor ganz viel dar\u00fcber erz\u00e4hlen, wie die Erde und das Leben auf ihr entstanden sind, und gleichzeitig m\u00fcssen die Zeitreisenden so einige gef\u00e4hrliche Situationen durchstehen \u2013 ob in der \u00bbUrsuppe\u00ab, bei den Dinosauriern, den Urmenschen oder den J\u00e4gern und Sammlern.<\/p>\n<p>Max Kruse ist inzwischen 91 Jahre alt. Die Geschichte vom Urmel, das durch die Zeit saust, hatte er eigentlich gar nicht geplant. Aber dann wurde er gefragt, ob das Urmel nicht Grundschulkindern die Evolutionstheorie \u2013 also das Wissen von der Entwicklung der Tiere und des Menschen \u2013 n\u00e4herbringen k\u00f6nnte. \u00bbKlar, kann es!\u00ab, sagte Max Kruse \u2013 und die Idee zur neuen Geschichte war geboren. Er musste sie nur noch aufschreiben. Damit alles, was das Urmel erlebt und der Professor erkl\u00e4rt, auch richtig ist, half ein Wissenschaftler Max Kruse bei seiner Arbeit. \u00bbDie E-Mails mit den Kapiteln flogen hin und her\u00ab, erz\u00e4hlt er.<\/p>\n<p>Nun ist das Buch fertig, und noch bevor es in den Buchl\u00e4den zu kaufen ist, k\u00f6nnt Ihr es in zw\u00f6lf Folgen bei uns lesen, immer auf der R\u00fcckseite der KinderZEIT . Glaubt man seinem Erfinder, freut sich das Urmel dar\u00fcber sehr. Max Kruse schrieb uns jedenfalls: \u00bbDas Urmel ist sehr stolz darauf, in der ZEIT auftreten zu d\u00fcrfen. Hoffentlich schnappt es nicht \u00fcber.\u00ab <\/p>\n<p>Wer die neue Geschichte &#8222;Umrel saust durch die Zeit&#8220; als Buch haben m\u00f6chte, muss noch bis Juli warten. Erst dann wird das Buch aus dem Thienemann Verlag ver\u00f6ffentlicht. H\u00f6ren k\u00f6nnt Ihr die Geschichte auch: Du auch im Radio h\u00f6ren:<br \/>\nJeden Sonntag um 8.05 Uhr im NDR in der Sendung <a href=\"http:\/\/www.ndr.de\/mikado\">Mikado &#8211; Radio f\u00fcr Kinder<\/a>.<\/p>\n","protected":false},"excerpt":{"rendered":"<p>Vor mehr als 40 Jahren erfand der Autor Max Kruse das Urmel, jetzt hat er ein neues Abenteuer f\u00fcr das sprechende Dino-Tier geschrieben.&#8220;Das Urmel saust durch die Zeit&#8220;. Wir haben die Geschichte diesen Sommer 12 Wochen lang exklusiv f\u00fcr Euch in der gedruckten KinderZEIT. Die erste Folge findest Du diese Woche, wie immer ist die [&hellip;]<\/p>\n","protected":false},"author":217,"featured_media":0,"comment_status":"open","ping_status":"closed","sticky":false,"template":"","format":"standard","meta":{"_jetpack_memberships_contains_paid_content":false,"footnotes":""},"categories":[1157,986,12265],"tags":[13162,8132,13159,27458],"class_list":["post-14238","post","type-post","status-publish","format-standard","hentry","category-buchtipp-hortipp-filmtipp-fernsehtipp","category-vorlesegeschichten","category-was-soll-ich-lesen-2","tag-max-kruse","tag-thienemann-verlag","tag-urmel","tag-urmel-saust-durch-die-zeit"],"yoast_head":"<!-- This site is optimized with the Yoast SEO plugin v21.0 - https:\/\/yoast.com\/wordpress\/plugins\/seo\/ -->\n<title>Eine neue Geschichte zum (Vor-)Lesen: Platz da, das Urmel kommt!  - KinderZEIT-Blog<\/title>\n<meta name=\"robots\" content=\"index, follow, max-snippet:-1, max-image-preview:large, max-video-preview:-1\" \/>\n<link rel=\"canonical\" href=\"https:\/\/blog.zeit.de\/kinderzeit\/2013\/06\/20\/eine-neue-geschichte-zum-vor-lesen-platz-da-das-urmel-kommt_14238\" \/>\n<meta property=\"og:locale\" content=\"de_DE\" \/>\n<meta property=\"og:type\" content=\"article\" \/>\n<meta property=\"og:title\" content=\"Eine neue Geschichte zum (Vor-)Lesen: Platz da, das Urmel kommt!  - KinderZEIT-Blog\" \/>\n<meta property=\"og:description\" content=\"Vor mehr als 40 Jahren erfand der Autor Max Kruse das Urmel, jetzt hat er ein neues Abenteuer f\u00fcr das sprechende Dino-Tier geschrieben.&#8220;Das Urmel saust durch die Zeit&#8220;. Wir haben die Geschichte diesen Sommer 12 Wochen lang exklusiv f\u00fcr Euch in der gedruckten KinderZEIT. Die erste Folge findest Du diese Woche, wie immer ist die [&hellip;]\" \/>\n<meta property=\"og:url\" content=\"https:\/\/blog.zeit.de\/kinderzeit\/2013\/06\/20\/eine-neue-geschichte-zum-vor-lesen-platz-da-das-urmel-kommt_14238\" \/>\n<meta property=\"og:site_name\" content=\"KinderZEIT-Blog\" \/>\n<meta property=\"article:published_time\" content=\"2013-06-20T08:00:30+00:00\" \/>\n<meta property=\"og:image\" content=\"https:\/\/blog.zeit.de\/kinderzeit\/files\/2013\/06\/urmel-zeit-210x300.jpg\" \/>\n<meta name=\"author\" content=\"Redaktion KinderZEIT\" \/>\n<meta name=\"twitter:card\" content=\"summary_large_image\" \/>\n<meta name=\"twitter:label1\" content=\"Verfasst von\" \/>\n\t<meta name=\"twitter:data1\" content=\"Redaktion KinderZEIT\" \/>\n\t<meta name=\"twitter:label2\" content=\"Gesch\u00e4tzte Lesezeit\" \/>\n\t<meta name=\"twitter:data2\" content=\"5\u00a0Minuten\" \/>\n<script type=\"application\/ld+json\" class=\"yoast-schema-graph\">{\"@context\":\"https:\/\/schema.org\",\"@graph\":[{\"@type\":\"WebPage\",\"@id\":\"https:\/\/blog.zeit.de\/kinderzeit\/2013\/06\/20\/eine-neue-geschichte-zum-vor-lesen-platz-da-das-urmel-kommt_14238\",\"url\":\"https:\/\/blog.zeit.de\/kinderzeit\/2013\/06\/20\/eine-neue-geschichte-zum-vor-lesen-platz-da-das-urmel-kommt_14238\",\"name\":\"Eine neue Geschichte zum (Vor-)Lesen: Platz da, das Urmel kommt! - KinderZEIT-Blog\",\"isPartOf\":{\"@id\":\"https:\/\/blog.zeit.de\/kinderzeit\/#website\"},\"datePublished\":\"2013-06-20T08:00:30+00:00\",\"dateModified\":\"2013-06-20T08:00:30+00:00\",\"author\":{\"@id\":\"https:\/\/blog.zeit.de\/kinderzeit\/#\/schema\/person\/49470446f328463e8ea80b00b7d5da9c\"},\"breadcrumb\":{\"@id\":\"https:\/\/blog.zeit.de\/kinderzeit\/2013\/06\/20\/eine-neue-geschichte-zum-vor-lesen-platz-da-das-urmel-kommt_14238#breadcrumb\"},\"inLanguage\":\"de\",\"potentialAction\":[{\"@type\":\"ReadAction\",\"target\":[\"https:\/\/blog.zeit.de\/kinderzeit\/2013\/06\/20\/eine-neue-geschichte-zum-vor-lesen-platz-da-das-urmel-kommt_14238\"]}]},{\"@type\":\"BreadcrumbList\",\"@id\":\"https:\/\/blog.zeit.de\/kinderzeit\/2013\/06\/20\/eine-neue-geschichte-zum-vor-lesen-platz-da-das-urmel-kommt_14238#breadcrumb\",\"itemListElement\":[{\"@type\":\"ListItem\",\"position\":1,\"name\":\"Startseite\",\"item\":\"https:\/\/blog.zeit.de\/kinderzeit\"},{\"@type\":\"ListItem\",\"position\":2,\"name\":\"Eine neue Geschichte zum (Vor-)Lesen: Platz da, das Urmel kommt!\"}]},{\"@type\":\"WebSite\",\"@id\":\"https:\/\/blog.zeit.de\/kinderzeit\/#website\",\"url\":\"https:\/\/blog.zeit.de\/kinderzeit\/\",\"name\":\"KinderZEIT-Blog\",\"description\":\"Politik, Kultur und R\u00e4tsel f\u00fcr junge Leser\",\"potentialAction\":[{\"@type\":\"SearchAction\",\"target\":{\"@type\":\"EntryPoint\",\"urlTemplate\":\"https:\/\/blog.zeit.de\/kinderzeit\/?s={search_term_string}\"},\"query-input\":\"required name=search_term_string\"}],\"inLanguage\":\"de\"},{\"@type\":\"Person\",\"@id\":\"https:\/\/blog.zeit.de\/kinderzeit\/#\/schema\/person\/49470446f328463e8ea80b00b7d5da9c\",\"name\":\"Redaktion KinderZEIT\",\"image\":{\"@type\":\"ImageObject\",\"inLanguage\":\"de\",\"@id\":\"https:\/\/blog.zeit.de\/kinderzeit\/#\/schema\/person\/image\/\",\"url\":\"https:\/\/secure.gravatar.com\/avatar\/e613a4a2ad2bd6413584eec4b8dd51cb549f6f87f7a858de5437c6df45ca1659?s=96&d=mm&r=g\",\"contentUrl\":\"https:\/\/secure.gravatar.com\/avatar\/e613a4a2ad2bd6413584eec4b8dd51cb549f6f87f7a858de5437c6df45ca1659?s=96&d=mm&r=g\",\"caption\":\"Redaktion KinderZEIT\"},\"url\":\"https:\/\/blog.zeit.de\/kinderzeit\/author\/sandra-valeska-bruhns\"}]}<\/script>\n<!-- \/ Yoast SEO plugin. -->","yoast_head_json":{"title":"Eine neue Geschichte zum (Vor-)Lesen: Platz da, das Urmel kommt!  - KinderZEIT-Blog","robots":{"index":"index","follow":"follow","max-snippet":"max-snippet:-1","max-image-preview":"max-image-preview:large","max-video-preview":"max-video-preview:-1"},"canonical":"https:\/\/blog.zeit.de\/kinderzeit\/2013\/06\/20\/eine-neue-geschichte-zum-vor-lesen-platz-da-das-urmel-kommt_14238","og_locale":"de_DE","og_type":"article","og_title":"Eine neue Geschichte zum (Vor-)Lesen: Platz da, das Urmel kommt!  - KinderZEIT-Blog","og_description":"Vor mehr als 40 Jahren erfand der Autor Max Kruse das Urmel, jetzt hat er ein neues Abenteuer f\u00fcr das sprechende Dino-Tier geschrieben.&#8220;Das Urmel saust durch die Zeit&#8220;. Wir haben die Geschichte diesen Sommer 12 Wochen lang exklusiv f\u00fcr Euch in der gedruckten KinderZEIT. Die erste Folge findest Du diese Woche, wie immer ist die [&hellip;]","og_url":"https:\/\/blog.zeit.de\/kinderzeit\/2013\/06\/20\/eine-neue-geschichte-zum-vor-lesen-platz-da-das-urmel-kommt_14238","og_site_name":"KinderZEIT-Blog","article_published_time":"2013-06-20T08:00:30+00:00","og_image":[{"url":"https:\/\/blog.zeit.de\/kinderzeit\/files\/2013\/06\/urmel-zeit-210x300.jpg"}],"author":"Redaktion KinderZEIT","twitter_card":"summary_large_image","twitter_misc":{"Verfasst von":"Redaktion KinderZEIT","Gesch\u00e4tzte Lesezeit":"5\u00a0Minuten"},"schema":{"@context":"https:\/\/schema.org","@graph":[{"@type":"WebPage","@id":"https:\/\/blog.zeit.de\/kinderzeit\/2013\/06\/20\/eine-neue-geschichte-zum-vor-lesen-platz-da-das-urmel-kommt_14238","url":"https:\/\/blog.zeit.de\/kinderzeit\/2013\/06\/20\/eine-neue-geschichte-zum-vor-lesen-platz-da-das-urmel-kommt_14238","name":"Eine neue Geschichte zum (Vor-)Lesen: Platz da, das Urmel kommt! - KinderZEIT-Blog","isPartOf":{"@id":"https:\/\/blog.zeit.de\/kinderzeit\/#website"},"datePublished":"2013-06-20T08:00:30+00:00","dateModified":"2013-06-20T08:00:30+00:00","author":{"@id":"https:\/\/blog.zeit.de\/kinderzeit\/#\/schema\/person\/49470446f328463e8ea80b00b7d5da9c"},"breadcrumb":{"@id":"https:\/\/blog.zeit.de\/kinderzeit\/2013\/06\/20\/eine-neue-geschichte-zum-vor-lesen-platz-da-das-urmel-kommt_14238#breadcrumb"},"inLanguage":"de","potentialAction":[{"@type":"ReadAction","target":["https:\/\/blog.zeit.de\/kinderzeit\/2013\/06\/20\/eine-neue-geschichte-zum-vor-lesen-platz-da-das-urmel-kommt_14238"]}]},{"@type":"BreadcrumbList","@id":"https:\/\/blog.zeit.de\/kinderzeit\/2013\/06\/20\/eine-neue-geschichte-zum-vor-lesen-platz-da-das-urmel-kommt_14238#breadcrumb","itemListElement":[{"@type":"ListItem","position":1,"name":"Startseite","item":"https:\/\/blog.zeit.de\/kinderzeit"},{"@type":"ListItem","position":2,"name":"Eine neue Geschichte zum (Vor-)Lesen: Platz da, das Urmel kommt!"}]},{"@type":"WebSite","@id":"https:\/\/blog.zeit.de\/kinderzeit\/#website","url":"https:\/\/blog.zeit.de\/kinderzeit\/","name":"KinderZEIT-Blog","description":"Politik, Kultur und R\u00e4tsel f\u00fcr junge Leser","potentialAction":[{"@type":"SearchAction","target":{"@type":"EntryPoint","urlTemplate":"https:\/\/blog.zeit.de\/kinderzeit\/?s={search_term_string}"},"query-input":"required name=search_term_string"}],"inLanguage":"de"},{"@type":"Person","@id":"https:\/\/blog.zeit.de\/kinderzeit\/#\/schema\/person\/49470446f328463e8ea80b00b7d5da9c","name":"Redaktion KinderZEIT","image":{"@type":"ImageObject","inLanguage":"de","@id":"https:\/\/blog.zeit.de\/kinderzeit\/#\/schema\/person\/image\/","url":"https:\/\/secure.gravatar.com\/avatar\/e613a4a2ad2bd6413584eec4b8dd51cb549f6f87f7a858de5437c6df45ca1659?s=96&d=mm&r=g","contentUrl":"https:\/\/secure.gravatar.com\/avatar\/e613a4a2ad2bd6413584eec4b8dd51cb549f6f87f7a858de5437c6df45ca1659?s=96&d=mm&r=g","caption":"Redaktion KinderZEIT"},"url":"https:\/\/blog.zeit.de\/kinderzeit\/author\/sandra-valeska-bruhns"}]}},"jetpack_featured_media_url":"","jetpack_sharing_enabled":true,"_links":{"self":[{"href":"https:\/\/blog.zeit.de\/kinderzeit\/wp-json\/wp\/v2\/posts\/14238","targetHints":{"allow":["GET"]}}],"collection":[{"href":"https:\/\/blog.zeit.de\/kinderzeit\/wp-json\/wp\/v2\/posts"}],"about":[{"href":"https:\/\/blog.zeit.de\/kinderzeit\/wp-json\/wp\/v2\/types\/post"}],"author":[{"embeddable":true,"href":"https:\/\/blog.zeit.de\/kinderzeit\/wp-json\/wp\/v2\/users\/217"}],"replies":[{"embeddable":true,"href":"https:\/\/blog.zeit.de\/kinderzeit\/wp-json\/wp\/v2\/comments?post=14238"}],"version-history":[{"count":6,"href":"https:\/\/blog.zeit.de\/kinderzeit\/wp-json\/wp\/v2\/posts\/14238\/revisions"}],"predecessor-version":[{"id":14253,"href":"https:\/\/blog.zeit.de\/kinderzeit\/wp-json\/wp\/v2\/posts\/14238\/revisions\/14253"}],"wp:attachment":[{"href":"https:\/\/blog.zeit.de\/kinderzeit\/wp-json\/wp\/v2\/media?parent=14238"}],"wp:term":[{"taxonomy":"category","embeddable":true,"href":"https:\/\/blog.zeit.de\/kinderzeit\/wp-json\/wp\/v2\/categories?post=14238"},{"taxonomy":"post_tag","embeddable":true,"href":"https:\/\/blog.zeit.de\/kinderzeit\/wp-json\/wp\/v2\/tags?post=14238"}],"curies":[{"name":"wp","href":"https:\/\/api.w.org\/{rel}","templated":true}]}}