{"id":14285,"date":"2013-07-12T08:34:48","date_gmt":"2013-07-12T06:34:48","guid":{"rendered":"http:\/\/blog.zeit.de\/kinderzeit\/?p=14285"},"modified":"2013-07-12T08:34:48","modified_gmt":"2013-07-12T06:34:48","slug":"das-ferien-mysterium","status":"publish","type":"post","link":"https:\/\/blog.zeit.de\/kinderzeit\/2013\/07\/12\/das-ferien-mysterium_14285","title":{"rendered":"Das Ferien-Mysterium"},"content":{"rendered":"<p><figure id=\"attachment_14286\" aria-describedby=\"caption-attachment-14286\" style=\"width: 540px\" class=\"wp-caption aligncenter\"><img loading=\"lazy\" decoding=\"async\" src=\"https:\/\/blog.zeit.de\/kinderzeit\/files\/2013\/07\/169649763-540x395.jpg\" alt=\"Verreist wurde schon vor 100 Jahren. Dieser Kofferberg steht in einem Eisenbahnmuseum\/ \u00a9 Getty Images\" width=\"540\" height=\"395\" class=\"size-large wp-image-14286\" srcset=\"https:\/\/blog.zeit.de\/kinderzeit\/files\/2013\/07\/169649763-540x395.jpg 540w, https:\/\/blog.zeit.de\/kinderzeit\/files\/2013\/07\/169649763-300x219.jpg 300w\" sizes=\"auto, (max-width: 540px) 100vw, 540px\" \/><figcaption id=\"caption-attachment-14286\" class=\"wp-caption-text\">Verreist wurde schon vor 100 Jahren. Dieser Kofferberg steht in einem Eisenbahnmuseum\/ \u00a9 Getty Images<\/figcaption><\/figure><\/p>\n<p><strong>Warum k\u00f6nnen nicht alle Kinder in Deutschland gleichzeitig Urlaub machen? Judith Scholter hat f\u00fcr die KinderZEIT nachgefragt<\/strong><\/p>\n<p>Eigentlich komisch: Der Sommer f\u00e4ngt in ganz Deutschland laut Kalender gleichzeitig an, am 21. Juni, dem l\u00e4ngsten Tag des Jahres. Die Sommerferien beginnen aber in fast allen Bundesl\u00e4ndern zu unterschiedlichen Zeiten. Wer zum Beispiel in Brandenburg wohnt, hat in diesem Jahr schon am 20. Juni Ferien bekommen, sogar noch einen Tag vor dem offiziellen Beginn des Sommers. Kinder in Bayern dagegen haben immer noch keine Ferien, sie bekommen erst ab dem 31. Juli frei, sieben Wochen sp\u00e4ter als die Sch\u00fcler in Brandenburg. Wenn also jemand im vergangenen Jahr von Brandenburg nach Bayern umgezogen ist, kann er seine alten Freunde dieses Jahr nicht in den Sommerferien besuchen. Das ist doch bl\u00f6d.<!--more--><br \/>\nWarum nur sind die Ferien zu so unterschiedlichen Zeiten?<\/p>\n<p>Vor fast f\u00fcnfzig Jahren sind die Regeln daf\u00fcr erfunden worden, wann Kinder in Deutschland Schulferien haben k\u00f6nnen. Damals trafen sich die Ministerpr\u00e4sidenten der Bundesl\u00e4nder und berieten unter anderem \u00fcber freie Tage. Sie legten fest, dass alle Sch\u00fcler in Deutschland im Jahr 75 Tage Ferien haben, also etwa drei Monate. Die Politiker bestimmten auch, dass in den Bundesl\u00e4ndern nicht immer gleichzeitig schulfrei sein sollte. Warum? Auf den Autobahnen w\u00e4re es sonst in der Ferienzeit noch viel voller als sowieso schon.<\/p>\n<p>Und es gab noch einen zweiten Grund: F\u00fcr die Menschen, die vom Tourismus leben, w\u00e4re es schlecht, wenn die Hotels zu einer Zeit des Jahres total ausgebucht w\u00e4ren \u2013 und wenn daf\u00fcr zu anderen Zeiten viel weniger G\u00e4ste k\u00e4men.<\/p>\n<p>Deswegen sind nicht nur die Sommerferien zu verschiedenen Zeiten, es gibt in den Bundesl\u00e4ndern \u00fcberhaupt ganz unterschiedliche Urlaubsarten: Die einen haben Winter- oder Skiferien, die anderen nicht. Dort gibt es daf\u00fcr vielleicht besonders lange Pfingstferien.<\/p>\n","protected":false},"excerpt":{"rendered":"<p>Warum k\u00f6nnen nicht alle Kinder in Deutschland gleichzeitig Urlaub machen? Judith Scholter hat f\u00fcr die KinderZEIT nachgefragt Eigentlich komisch: Der Sommer f\u00e4ngt in ganz Deutschland laut Kalender gleichzeitig an, am 21. Juni, dem l\u00e4ngsten Tag des Jahres. Die Sommerferien beginnen aber in fast allen Bundesl\u00e4ndern zu unterschiedlichen Zeiten. Wer zum Beispiel in Brandenburg wohnt, hat [&hellip;]<\/p>\n","protected":false},"author":217,"featured_media":0,"comment_status":"open","ping_status":"closed","sticky":false,"template":"","format":"standard","meta":{"_jetpack_memberships_contains_paid_content":false,"footnotes":""},"categories":[12254,391,1296],"tags":[27484,27485,27481,27486,27483,27482],"class_list":["post-14285","post","type-post","status-publish","format-standard","hentry","category-aktuell","category-kinder","category-schule","tag-das-schulferien-mysterium","tag-ferien-in-deutschland","tag-schulferien","tag-schulferien-in-deutschland","tag-wer-entscheidet-wann-kinder-ferien-haben","tag-wer-hat-wann-ferien"],"yoast_head":"<!-- This site is optimized with the Yoast SEO plugin v21.0 - https:\/\/yoast.com\/wordpress\/plugins\/seo\/ -->\n<title>Das Ferien-Mysterium - KinderZEIT-Blog<\/title>\n<meta name=\"robots\" content=\"index, follow, max-snippet:-1, max-image-preview:large, max-video-preview:-1\" \/>\n<link rel=\"canonical\" href=\"https:\/\/blog.zeit.de\/kinderzeit\/2013\/07\/12\/das-ferien-mysterium_14285\" \/>\n<meta property=\"og:locale\" content=\"de_DE\" \/>\n<meta property=\"og:type\" content=\"article\" \/>\n<meta property=\"og:title\" content=\"Das Ferien-Mysterium - KinderZEIT-Blog\" \/>\n<meta property=\"og:description\" content=\"Warum k\u00f6nnen nicht alle Kinder in Deutschland gleichzeitig Urlaub machen? Judith Scholter hat f\u00fcr die KinderZEIT nachgefragt Eigentlich komisch: Der Sommer f\u00e4ngt in ganz Deutschland laut Kalender gleichzeitig an, am 21. Juni, dem l\u00e4ngsten Tag des Jahres. Die Sommerferien beginnen aber in fast allen Bundesl\u00e4ndern zu unterschiedlichen Zeiten. Wer zum Beispiel in Brandenburg wohnt, hat [&hellip;]\" \/>\n<meta property=\"og:url\" content=\"https:\/\/blog.zeit.de\/kinderzeit\/2013\/07\/12\/das-ferien-mysterium_14285\" \/>\n<meta property=\"og:site_name\" content=\"KinderZEIT-Blog\" \/>\n<meta property=\"article:published_time\" content=\"2013-07-12T06:34:48+00:00\" \/>\n<meta property=\"og:image\" content=\"https:\/\/blog.zeit.de\/kinderzeit\/files\/2013\/07\/169649763-540x395.jpg\" \/>\n<meta name=\"author\" content=\"Redaktion KinderZEIT\" \/>\n<meta name=\"twitter:card\" content=\"summary_large_image\" \/>\n<meta name=\"twitter:label1\" content=\"Verfasst von\" \/>\n\t<meta name=\"twitter:data1\" content=\"Redaktion KinderZEIT\" \/>\n\t<meta name=\"twitter:label2\" content=\"Gesch\u00e4tzte Lesezeit\" \/>\n\t<meta name=\"twitter:data2\" content=\"2\u00a0Minuten\" \/>\n<script type=\"application\/ld+json\" class=\"yoast-schema-graph\">{\"@context\":\"https:\/\/schema.org\",\"@graph\":[{\"@type\":\"WebPage\",\"@id\":\"https:\/\/blog.zeit.de\/kinderzeit\/2013\/07\/12\/das-ferien-mysterium_14285\",\"url\":\"https:\/\/blog.zeit.de\/kinderzeit\/2013\/07\/12\/das-ferien-mysterium_14285\",\"name\":\"Das Ferien-Mysterium - KinderZEIT-Blog\",\"isPartOf\":{\"@id\":\"https:\/\/blog.zeit.de\/kinderzeit\/#website\"},\"datePublished\":\"2013-07-12T06:34:48+00:00\",\"dateModified\":\"2013-07-12T06:34:48+00:00\",\"author\":{\"@id\":\"https:\/\/blog.zeit.de\/kinderzeit\/#\/schema\/person\/49470446f328463e8ea80b00b7d5da9c\"},\"breadcrumb\":{\"@id\":\"https:\/\/blog.zeit.de\/kinderzeit\/2013\/07\/12\/das-ferien-mysterium_14285#breadcrumb\"},\"inLanguage\":\"de\",\"potentialAction\":[{\"@type\":\"ReadAction\",\"target\":[\"https:\/\/blog.zeit.de\/kinderzeit\/2013\/07\/12\/das-ferien-mysterium_14285\"]}]},{\"@type\":\"BreadcrumbList\",\"@id\":\"https:\/\/blog.zeit.de\/kinderzeit\/2013\/07\/12\/das-ferien-mysterium_14285#breadcrumb\",\"itemListElement\":[{\"@type\":\"ListItem\",\"position\":1,\"name\":\"Startseite\",\"item\":\"https:\/\/blog.zeit.de\/kinderzeit\"},{\"@type\":\"ListItem\",\"position\":2,\"name\":\"Das Ferien-Mysterium\"}]},{\"@type\":\"WebSite\",\"@id\":\"https:\/\/blog.zeit.de\/kinderzeit\/#website\",\"url\":\"https:\/\/blog.zeit.de\/kinderzeit\/\",\"name\":\"KinderZEIT-Blog\",\"description\":\"Politik, Kultur und R\u00e4tsel f\u00fcr junge Leser\",\"potentialAction\":[{\"@type\":\"SearchAction\",\"target\":{\"@type\":\"EntryPoint\",\"urlTemplate\":\"https:\/\/blog.zeit.de\/kinderzeit\/?s={search_term_string}\"},\"query-input\":\"required name=search_term_string\"}],\"inLanguage\":\"de\"},{\"@type\":\"Person\",\"@id\":\"https:\/\/blog.zeit.de\/kinderzeit\/#\/schema\/person\/49470446f328463e8ea80b00b7d5da9c\",\"name\":\"Redaktion KinderZEIT\",\"image\":{\"@type\":\"ImageObject\",\"inLanguage\":\"de\",\"@id\":\"https:\/\/blog.zeit.de\/kinderzeit\/#\/schema\/person\/image\/\",\"url\":\"https:\/\/secure.gravatar.com\/avatar\/e613a4a2ad2bd6413584eec4b8dd51cb549f6f87f7a858de5437c6df45ca1659?s=96&d=mm&r=g\",\"contentUrl\":\"https:\/\/secure.gravatar.com\/avatar\/e613a4a2ad2bd6413584eec4b8dd51cb549f6f87f7a858de5437c6df45ca1659?s=96&d=mm&r=g\",\"caption\":\"Redaktion KinderZEIT\"},\"url\":\"https:\/\/blog.zeit.de\/kinderzeit\/author\/sandra-valeska-bruhns\"}]}<\/script>\n<!-- \/ Yoast SEO plugin. -->","yoast_head_json":{"title":"Das Ferien-Mysterium - KinderZEIT-Blog","robots":{"index":"index","follow":"follow","max-snippet":"max-snippet:-1","max-image-preview":"max-image-preview:large","max-video-preview":"max-video-preview:-1"},"canonical":"https:\/\/blog.zeit.de\/kinderzeit\/2013\/07\/12\/das-ferien-mysterium_14285","og_locale":"de_DE","og_type":"article","og_title":"Das Ferien-Mysterium - KinderZEIT-Blog","og_description":"Warum k\u00f6nnen nicht alle Kinder in Deutschland gleichzeitig Urlaub machen? Judith Scholter hat f\u00fcr die KinderZEIT nachgefragt Eigentlich komisch: Der Sommer f\u00e4ngt in ganz Deutschland laut Kalender gleichzeitig an, am 21. Juni, dem l\u00e4ngsten Tag des Jahres. Die Sommerferien beginnen aber in fast allen Bundesl\u00e4ndern zu unterschiedlichen Zeiten. Wer zum Beispiel in Brandenburg wohnt, hat [&hellip;]","og_url":"https:\/\/blog.zeit.de\/kinderzeit\/2013\/07\/12\/das-ferien-mysterium_14285","og_site_name":"KinderZEIT-Blog","article_published_time":"2013-07-12T06:34:48+00:00","og_image":[{"url":"https:\/\/blog.zeit.de\/kinderzeit\/files\/2013\/07\/169649763-540x395.jpg"}],"author":"Redaktion KinderZEIT","twitter_card":"summary_large_image","twitter_misc":{"Verfasst von":"Redaktion KinderZEIT","Gesch\u00e4tzte Lesezeit":"2\u00a0Minuten"},"schema":{"@context":"https:\/\/schema.org","@graph":[{"@type":"WebPage","@id":"https:\/\/blog.zeit.de\/kinderzeit\/2013\/07\/12\/das-ferien-mysterium_14285","url":"https:\/\/blog.zeit.de\/kinderzeit\/2013\/07\/12\/das-ferien-mysterium_14285","name":"Das Ferien-Mysterium - KinderZEIT-Blog","isPartOf":{"@id":"https:\/\/blog.zeit.de\/kinderzeit\/#website"},"datePublished":"2013-07-12T06:34:48+00:00","dateModified":"2013-07-12T06:34:48+00:00","author":{"@id":"https:\/\/blog.zeit.de\/kinderzeit\/#\/schema\/person\/49470446f328463e8ea80b00b7d5da9c"},"breadcrumb":{"@id":"https:\/\/blog.zeit.de\/kinderzeit\/2013\/07\/12\/das-ferien-mysterium_14285#breadcrumb"},"inLanguage":"de","potentialAction":[{"@type":"ReadAction","target":["https:\/\/blog.zeit.de\/kinderzeit\/2013\/07\/12\/das-ferien-mysterium_14285"]}]},{"@type":"BreadcrumbList","@id":"https:\/\/blog.zeit.de\/kinderzeit\/2013\/07\/12\/das-ferien-mysterium_14285#breadcrumb","itemListElement":[{"@type":"ListItem","position":1,"name":"Startseite","item":"https:\/\/blog.zeit.de\/kinderzeit"},{"@type":"ListItem","position":2,"name":"Das Ferien-Mysterium"}]},{"@type":"WebSite","@id":"https:\/\/blog.zeit.de\/kinderzeit\/#website","url":"https:\/\/blog.zeit.de\/kinderzeit\/","name":"KinderZEIT-Blog","description":"Politik, Kultur und R\u00e4tsel f\u00fcr junge Leser","potentialAction":[{"@type":"SearchAction","target":{"@type":"EntryPoint","urlTemplate":"https:\/\/blog.zeit.de\/kinderzeit\/?s={search_term_string}"},"query-input":"required name=search_term_string"}],"inLanguage":"de"},{"@type":"Person","@id":"https:\/\/blog.zeit.de\/kinderzeit\/#\/schema\/person\/49470446f328463e8ea80b00b7d5da9c","name":"Redaktion KinderZEIT","image":{"@type":"ImageObject","inLanguage":"de","@id":"https:\/\/blog.zeit.de\/kinderzeit\/#\/schema\/person\/image\/","url":"https:\/\/secure.gravatar.com\/avatar\/e613a4a2ad2bd6413584eec4b8dd51cb549f6f87f7a858de5437c6df45ca1659?s=96&d=mm&r=g","contentUrl":"https:\/\/secure.gravatar.com\/avatar\/e613a4a2ad2bd6413584eec4b8dd51cb549f6f87f7a858de5437c6df45ca1659?s=96&d=mm&r=g","caption":"Redaktion KinderZEIT"},"url":"https:\/\/blog.zeit.de\/kinderzeit\/author\/sandra-valeska-bruhns"}]}},"jetpack_featured_media_url":"","jetpack_sharing_enabled":true,"_links":{"self":[{"href":"https:\/\/blog.zeit.de\/kinderzeit\/wp-json\/wp\/v2\/posts\/14285","targetHints":{"allow":["GET"]}}],"collection":[{"href":"https:\/\/blog.zeit.de\/kinderzeit\/wp-json\/wp\/v2\/posts"}],"about":[{"href":"https:\/\/blog.zeit.de\/kinderzeit\/wp-json\/wp\/v2\/types\/post"}],"author":[{"embeddable":true,"href":"https:\/\/blog.zeit.de\/kinderzeit\/wp-json\/wp\/v2\/users\/217"}],"replies":[{"embeddable":true,"href":"https:\/\/blog.zeit.de\/kinderzeit\/wp-json\/wp\/v2\/comments?post=14285"}],"version-history":[{"count":5,"href":"https:\/\/blog.zeit.de\/kinderzeit\/wp-json\/wp\/v2\/posts\/14285\/revisions"}],"predecessor-version":[{"id":14291,"href":"https:\/\/blog.zeit.de\/kinderzeit\/wp-json\/wp\/v2\/posts\/14285\/revisions\/14291"}],"wp:attachment":[{"href":"https:\/\/blog.zeit.de\/kinderzeit\/wp-json\/wp\/v2\/media?parent=14285"}],"wp:term":[{"taxonomy":"category","embeddable":true,"href":"https:\/\/blog.zeit.de\/kinderzeit\/wp-json\/wp\/v2\/categories?post=14285"},{"taxonomy":"post_tag","embeddable":true,"href":"https:\/\/blog.zeit.de\/kinderzeit\/wp-json\/wp\/v2\/tags?post=14285"}],"curies":[{"name":"wp","href":"https:\/\/api.w.org\/{rel}","templated":true}]}}