{"id":14305,"date":"2013-07-25T17:37:36","date_gmt":"2013-07-25T15:37:36","guid":{"rendered":"http:\/\/blog.zeit.de\/kinderzeit\/?p=14305"},"modified":"2013-07-25T17:37:36","modified_gmt":"2013-07-25T15:37:36","slug":"ist-das-auch-dein-protest","status":"publish","type":"post","link":"https:\/\/blog.zeit.de\/kinderzeit\/2013\/07\/25\/ist-das-auch-dein-protest_14305","title":{"rendered":"Ist das auch Dein Protest?"},"content":{"rendered":"<p><figure id=\"attachment_14314\" aria-describedby=\"caption-attachment-14314\" style=\"width: 540px\" class=\"wp-caption aligncenter\"><img loading=\"lazy\" decoding=\"async\" src=\"https:\/\/blog.zeit.de\/kinderzeit\/files\/2013\/07\/174115032-540x359.jpg\" alt=\"Eine Demonstrantin in Istanbul\/ \u00a9 Getty Images\" width=\"540\" height=\"359\" class=\"size-large wp-image-14314\" srcset=\"https:\/\/blog.zeit.de\/kinderzeit\/files\/2013\/07\/174115032-540x359.jpg 540w, https:\/\/blog.zeit.de\/kinderzeit\/files\/2013\/07\/174115032-300x199.jpg 300w, https:\/\/blog.zeit.de\/kinderzeit\/files\/2013\/07\/174115032.jpg 594w\" sizes=\"auto, (max-width: 540px) 100vw, 540px\" \/><figcaption id=\"caption-attachment-14314\" class=\"wp-caption-text\">Eine Demonstrantin in Istanbul\/ \u00a9 Getty Images<\/figcaption><\/figure><\/p>\n<p><strong>In der T\u00fcrkei demonstrieren seit Wochen Menschen gegen die Regierung. Viele Kinder in Deutschland haben Verwandte dort. Wie erleben diese Kinder die Proteste?<\/strong><br \/>\n<em><br \/>\nVon Sarah Schascheck<\/em><\/p>\n<p>In den letzten Wochen sah man oft Fernsehbilder aus der T\u00fcrkei von Menschen, die sich versammelten und riefen: \u00bbWir wollen mitbestimmen!\u00ab Auf den ersten Blick scheint das ungew\u00f6hnlich: Klar d\u00fcrfen die Menschen mitbestimmen! Schlie\u00dflich ist die T\u00fcrkei ein demokratisches Land. Das hei\u00dft, die B\u00fcrger haben ihren Regierungschef, Recep Tayyip Erdo\u011fan, frei gew\u00e4hlt. Im Grunde darf hier jeder seine Meinung sagen. Vielen Leuten geht es gut, sie haben Arbeit, die Kinder bekommen eine Ausbildung.<!--more--><\/p>\n<p>Trotzdem finden vor allem junge Leute, dass Erdo\u011fan, der frommer Muslim ist, oft \u00fcber ihren Kopf hinweg entscheidet. Viele nennen das \u00bbautorit\u00e4r\u00ab. Das bedeutet, er fordert Gehorsamkeit von den B\u00fcrgern. Sie sollen so leben, wie er es vorgibt. Er hat zum Beispiel die Werbung f\u00fcr Alkohol verboten, denn eigentlich sollen Muslime keinen Alkohol trinken. Viele B\u00fcrger m\u00f6chten aber lieber selbst entscheiden, wie sie ihre Religion leben.<\/p>\n<p>Angefangen haben die Proteste, als die Menschen merkten, wie hart Erdo\u011fan gegen diejenigen vorgeht, die eine andere Meinung haben. Ende Mai wollte er im Gezi-Park in Istanbul B\u00e4ume abholzen lassen, um ein Einkaufszentrum zu bauen. Umweltsch\u00fctzer schlugen Zelte auf, um die B\u00e4ume zu bewachen. Schlie\u00dflich kamen Polizisten und vertrieben die Protestcamper.<\/p>\n<p>Als andere T\u00fcrken auf Facebook sahen, wie brutal die Polizei mit den jungen Menschen umging, schlossen sie sich dem Protest an. Auch t\u00fcrkische Familien in Deutschland gingen auf die Stra\u00dfe, zum Beispiel in K\u00f6ln und Hamburg. Insgesamt leben fast eine Million Kinder und Jugendliche in Deutschland, die in der T\u00fcrkei geboren wurden oder deren Verwandte aus der T\u00fcrkei kommen. Sie und ihre Familien verfolgen von hier aus, was in der T\u00fcrkei passiert. Wir haben mit dreien von ihnen dar\u00fcber gesprochen.<\/p>\n<p><strong>Karan, 8 Jahre, aus Hamburg:<\/strong><br \/>\n<strong>Wir diskutieren viel<\/strong><\/p>\n<p>Wir wollten in diesem Sommer in die T\u00fcrkei fahren, aber meine Eltern haben sich Sorgen wegen der Proteste gemacht. Deshalb sind wir zu Hause geblieben. Wir haben die Demonstrationen im t\u00fcrkischen Fernsehen gesehen, und Mama und Papa waren st\u00e4ndig auf Facebook, um mehr zu erfahren.<\/p>\n<p>Vor den Ferien habe ich mit meiner Mathelehrerin \u00fcber die Proteste gesprochen, und wir haben eine ganze Stunde mit der Klasse dar\u00fcber geredet. Die t\u00fcrkischen Kinder wussten am besten Bescheid.<\/p>\n<p>Bei uns in der Familie haben nicht alle die gleiche Meinung. Der Papa von meiner Mama ist f\u00fcr Erdo\u011fan, meine Eltern sind gegen ihn. Deshalb wird bei uns zu Hause viel diskutiert.<\/p>\n<p><strong>Dilara, 8 Jahre, aus Hamburg:<br \/>\nIch war dabei<\/strong><\/p>\n<p>Meine Familie hat hier in Hamburg gegen Erdo\u011fan protestiert. Auf die erste Demonstration durften meine kleine Schwester und ich mitkommen. Das war aber nicht so toll, weil es Streit mit anderen gab, die f\u00fcr Erdo\u011fan waren. Sogar die Polizei musste kommen. Ich finde es wichtig, auf die Stra\u00dfe zu gehen, um die eigene Meinung zu zeigen. W\u00e4re ich Bestimmerin, dann w\u00fcrde ich Erdo\u011fan austauschen.<\/p>\n<p>\u00dcber den Protest wei\u00df ich durchs Fernsehen Bescheid. Meine Oma wohnt hier in Hamburg und schaut viel t\u00fcrkisches Fernsehen, weil die T\u00fcrkei ihre Heimat ist. W\u00e4hrend der Proteste hat sie noch mehr als sonst geschaut, und ich habe mitgeguckt oder Radio geh\u00f6rt. Ich bin auch oft bei den Gespr\u00e4chen der Erwachsenen dabei, ich liebe das.<\/p>\n<p>Mein Vater hat Verwandte in der T\u00fcrkei, aber wir besuchen sie nicht jedes Jahr. Ich bin froh, dass wir diesen Sommer nicht in die T\u00fcrkei gefahren sind. Ich h\u00e4tte Angst gehabt, dass mein Vater protestiert und ihm etwas zust\u00f6\u00dft.<\/p>\n<p><strong><br \/>\nGamze, 11 Jahre, aus Siegburg:<br \/>\nIch wundere mich<\/strong><\/p>\n<p>Als die Menschen in der T\u00fcrkei sich getroffen haben, um zu demonstrieren, habe ich mir eigentlich keine Sorgen gemacht. Die Familie meiner Mutter lebt zwar in Istanbul, aber unsere Verwandten haben am Telefon gesagt, dass bei ihnen alles in Ordnung ist.<\/p>\n<p>Wir haben zu Hause t\u00fcrkisches Fernsehen geschaut, aber auch deutsche Sendungen. Gewundert hat mich, dass die deutschen Kan\u00e4le immer nur eine Seite gezeigt haben, alle waren gegen Erdo\u011fan. Das fand ich unfair. In der Schule haben wir \u00fcber das Thema nicht gesprochen.<\/p>\n<p>Ob wir diesen Sommer in die T\u00fcrkei fahren, steht noch nicht fest. Vielleicht haben wir nicht genug Zeit, weil wir bald umziehen.<\/p>\n","protected":false},"excerpt":{"rendered":"<p>In der T\u00fcrkei demonstrieren seit Wochen Menschen gegen die Regierung. Viele Kinder in Deutschland haben Verwandte dort. Wie erleben diese Kinder die Proteste? Von Sarah Schascheck In den letzten Wochen sah man oft Fernsehbilder aus der T\u00fcrkei von Menschen, die sich versammelten und riefen: \u00bbWir wollen mitbestimmen!\u00ab Auf den ersten Blick scheint das ungew\u00f6hnlich: Klar [&hellip;]<\/p>\n","protected":false},"author":217,"featured_media":0,"comment_status":"open","ping_status":"closed","sticky":false,"template":"","format":"standard","meta":{"_jetpack_memberships_contains_paid_content":false,"footnotes":""},"categories":[12254,2108,391,187],"tags":[27491,27490,27493,1753,27492,117,27494],"class_list":["post-14305","post","type-post","status-publish","format-standard","hentry","category-aktuell","category-erlebnisse","category-kinder","category-politik","tag-demonstrationen-istanbul","tag-gezi-park","tag-jugend-in-der-turkei","tag-proteste","tag-reisen-in-die-turkei","tag-turkei","tag-was-denken-turkische-kinder-in-deutschland-uber-die-demonstrationen"],"yoast_head":"<!-- This site is optimized with the Yoast SEO plugin v21.0 - https:\/\/yoast.com\/wordpress\/plugins\/seo\/ -->\n<title>Ist das auch Dein Protest? - KinderZEIT-Blog<\/title>\n<meta name=\"robots\" content=\"index, follow, max-snippet:-1, max-image-preview:large, max-video-preview:-1\" \/>\n<link rel=\"canonical\" href=\"https:\/\/blog.zeit.de\/kinderzeit\/2013\/07\/25\/ist-das-auch-dein-protest_14305\" \/>\n<meta property=\"og:locale\" content=\"de_DE\" \/>\n<meta property=\"og:type\" content=\"article\" \/>\n<meta property=\"og:title\" content=\"Ist das auch Dein Protest? - KinderZEIT-Blog\" \/>\n<meta property=\"og:description\" content=\"In der T\u00fcrkei demonstrieren seit Wochen Menschen gegen die Regierung. Viele Kinder in Deutschland haben Verwandte dort. Wie erleben diese Kinder die Proteste? Von Sarah Schascheck In den letzten Wochen sah man oft Fernsehbilder aus der T\u00fcrkei von Menschen, die sich versammelten und riefen: \u00bbWir wollen mitbestimmen!\u00ab Auf den ersten Blick scheint das ungew\u00f6hnlich: Klar [&hellip;]\" \/>\n<meta property=\"og:url\" content=\"https:\/\/blog.zeit.de\/kinderzeit\/2013\/07\/25\/ist-das-auch-dein-protest_14305\" \/>\n<meta property=\"og:site_name\" content=\"KinderZEIT-Blog\" \/>\n<meta property=\"article:published_time\" content=\"2013-07-25T15:37:36+00:00\" \/>\n<meta property=\"og:image\" content=\"https:\/\/blog.zeit.de\/kinderzeit\/files\/2013\/07\/174115032-540x359.jpg\" \/>\n<meta name=\"author\" content=\"Redaktion KinderZEIT\" \/>\n<meta name=\"twitter:card\" content=\"summary_large_image\" \/>\n<meta name=\"twitter:label1\" content=\"Verfasst von\" \/>\n\t<meta name=\"twitter:data1\" content=\"Redaktion KinderZEIT\" \/>\n\t<meta name=\"twitter:label2\" content=\"Gesch\u00e4tzte Lesezeit\" \/>\n\t<meta name=\"twitter:data2\" content=\"4\u00a0Minuten\" \/>\n<script type=\"application\/ld+json\" class=\"yoast-schema-graph\">{\"@context\":\"https:\/\/schema.org\",\"@graph\":[{\"@type\":\"WebPage\",\"@id\":\"https:\/\/blog.zeit.de\/kinderzeit\/2013\/07\/25\/ist-das-auch-dein-protest_14305\",\"url\":\"https:\/\/blog.zeit.de\/kinderzeit\/2013\/07\/25\/ist-das-auch-dein-protest_14305\",\"name\":\"Ist das auch Dein Protest? - KinderZEIT-Blog\",\"isPartOf\":{\"@id\":\"https:\/\/blog.zeit.de\/kinderzeit\/#website\"},\"datePublished\":\"2013-07-25T15:37:36+00:00\",\"dateModified\":\"2013-07-25T15:37:36+00:00\",\"author\":{\"@id\":\"https:\/\/blog.zeit.de\/kinderzeit\/#\/schema\/person\/49470446f328463e8ea80b00b7d5da9c\"},\"breadcrumb\":{\"@id\":\"https:\/\/blog.zeit.de\/kinderzeit\/2013\/07\/25\/ist-das-auch-dein-protest_14305#breadcrumb\"},\"inLanguage\":\"de\",\"potentialAction\":[{\"@type\":\"ReadAction\",\"target\":[\"https:\/\/blog.zeit.de\/kinderzeit\/2013\/07\/25\/ist-das-auch-dein-protest_14305\"]}]},{\"@type\":\"BreadcrumbList\",\"@id\":\"https:\/\/blog.zeit.de\/kinderzeit\/2013\/07\/25\/ist-das-auch-dein-protest_14305#breadcrumb\",\"itemListElement\":[{\"@type\":\"ListItem\",\"position\":1,\"name\":\"Startseite\",\"item\":\"https:\/\/blog.zeit.de\/kinderzeit\"},{\"@type\":\"ListItem\",\"position\":2,\"name\":\"Ist das auch Dein Protest?\"}]},{\"@type\":\"WebSite\",\"@id\":\"https:\/\/blog.zeit.de\/kinderzeit\/#website\",\"url\":\"https:\/\/blog.zeit.de\/kinderzeit\/\",\"name\":\"KinderZEIT-Blog\",\"description\":\"Politik, Kultur und R\u00e4tsel f\u00fcr junge Leser\",\"potentialAction\":[{\"@type\":\"SearchAction\",\"target\":{\"@type\":\"EntryPoint\",\"urlTemplate\":\"https:\/\/blog.zeit.de\/kinderzeit\/?s={search_term_string}\"},\"query-input\":\"required name=search_term_string\"}],\"inLanguage\":\"de\"},{\"@type\":\"Person\",\"@id\":\"https:\/\/blog.zeit.de\/kinderzeit\/#\/schema\/person\/49470446f328463e8ea80b00b7d5da9c\",\"name\":\"Redaktion KinderZEIT\",\"image\":{\"@type\":\"ImageObject\",\"inLanguage\":\"de\",\"@id\":\"https:\/\/blog.zeit.de\/kinderzeit\/#\/schema\/person\/image\/\",\"url\":\"https:\/\/secure.gravatar.com\/avatar\/e613a4a2ad2bd6413584eec4b8dd51cb549f6f87f7a858de5437c6df45ca1659?s=96&d=mm&r=g\",\"contentUrl\":\"https:\/\/secure.gravatar.com\/avatar\/e613a4a2ad2bd6413584eec4b8dd51cb549f6f87f7a858de5437c6df45ca1659?s=96&d=mm&r=g\",\"caption\":\"Redaktion KinderZEIT\"},\"url\":\"https:\/\/blog.zeit.de\/kinderzeit\/author\/sandra-valeska-bruhns\"}]}<\/script>\n<!-- \/ Yoast SEO plugin. -->","yoast_head_json":{"title":"Ist das auch Dein Protest? - KinderZEIT-Blog","robots":{"index":"index","follow":"follow","max-snippet":"max-snippet:-1","max-image-preview":"max-image-preview:large","max-video-preview":"max-video-preview:-1"},"canonical":"https:\/\/blog.zeit.de\/kinderzeit\/2013\/07\/25\/ist-das-auch-dein-protest_14305","og_locale":"de_DE","og_type":"article","og_title":"Ist das auch Dein Protest? - KinderZEIT-Blog","og_description":"In der T\u00fcrkei demonstrieren seit Wochen Menschen gegen die Regierung. Viele Kinder in Deutschland haben Verwandte dort. Wie erleben diese Kinder die Proteste? Von Sarah Schascheck In den letzten Wochen sah man oft Fernsehbilder aus der T\u00fcrkei von Menschen, die sich versammelten und riefen: \u00bbWir wollen mitbestimmen!\u00ab Auf den ersten Blick scheint das ungew\u00f6hnlich: Klar [&hellip;]","og_url":"https:\/\/blog.zeit.de\/kinderzeit\/2013\/07\/25\/ist-das-auch-dein-protest_14305","og_site_name":"KinderZEIT-Blog","article_published_time":"2013-07-25T15:37:36+00:00","og_image":[{"url":"https:\/\/blog.zeit.de\/kinderzeit\/files\/2013\/07\/174115032-540x359.jpg"}],"author":"Redaktion KinderZEIT","twitter_card":"summary_large_image","twitter_misc":{"Verfasst von":"Redaktion KinderZEIT","Gesch\u00e4tzte Lesezeit":"4\u00a0Minuten"},"schema":{"@context":"https:\/\/schema.org","@graph":[{"@type":"WebPage","@id":"https:\/\/blog.zeit.de\/kinderzeit\/2013\/07\/25\/ist-das-auch-dein-protest_14305","url":"https:\/\/blog.zeit.de\/kinderzeit\/2013\/07\/25\/ist-das-auch-dein-protest_14305","name":"Ist das auch Dein Protest? - KinderZEIT-Blog","isPartOf":{"@id":"https:\/\/blog.zeit.de\/kinderzeit\/#website"},"datePublished":"2013-07-25T15:37:36+00:00","dateModified":"2013-07-25T15:37:36+00:00","author":{"@id":"https:\/\/blog.zeit.de\/kinderzeit\/#\/schema\/person\/49470446f328463e8ea80b00b7d5da9c"},"breadcrumb":{"@id":"https:\/\/blog.zeit.de\/kinderzeit\/2013\/07\/25\/ist-das-auch-dein-protest_14305#breadcrumb"},"inLanguage":"de","potentialAction":[{"@type":"ReadAction","target":["https:\/\/blog.zeit.de\/kinderzeit\/2013\/07\/25\/ist-das-auch-dein-protest_14305"]}]},{"@type":"BreadcrumbList","@id":"https:\/\/blog.zeit.de\/kinderzeit\/2013\/07\/25\/ist-das-auch-dein-protest_14305#breadcrumb","itemListElement":[{"@type":"ListItem","position":1,"name":"Startseite","item":"https:\/\/blog.zeit.de\/kinderzeit"},{"@type":"ListItem","position":2,"name":"Ist das auch Dein Protest?"}]},{"@type":"WebSite","@id":"https:\/\/blog.zeit.de\/kinderzeit\/#website","url":"https:\/\/blog.zeit.de\/kinderzeit\/","name":"KinderZEIT-Blog","description":"Politik, Kultur und R\u00e4tsel f\u00fcr junge Leser","potentialAction":[{"@type":"SearchAction","target":{"@type":"EntryPoint","urlTemplate":"https:\/\/blog.zeit.de\/kinderzeit\/?s={search_term_string}"},"query-input":"required name=search_term_string"}],"inLanguage":"de"},{"@type":"Person","@id":"https:\/\/blog.zeit.de\/kinderzeit\/#\/schema\/person\/49470446f328463e8ea80b00b7d5da9c","name":"Redaktion KinderZEIT","image":{"@type":"ImageObject","inLanguage":"de","@id":"https:\/\/blog.zeit.de\/kinderzeit\/#\/schema\/person\/image\/","url":"https:\/\/secure.gravatar.com\/avatar\/e613a4a2ad2bd6413584eec4b8dd51cb549f6f87f7a858de5437c6df45ca1659?s=96&d=mm&r=g","contentUrl":"https:\/\/secure.gravatar.com\/avatar\/e613a4a2ad2bd6413584eec4b8dd51cb549f6f87f7a858de5437c6df45ca1659?s=96&d=mm&r=g","caption":"Redaktion KinderZEIT"},"url":"https:\/\/blog.zeit.de\/kinderzeit\/author\/sandra-valeska-bruhns"}]}},"jetpack_featured_media_url":"","jetpack_sharing_enabled":true,"_links":{"self":[{"href":"https:\/\/blog.zeit.de\/kinderzeit\/wp-json\/wp\/v2\/posts\/14305","targetHints":{"allow":["GET"]}}],"collection":[{"href":"https:\/\/blog.zeit.de\/kinderzeit\/wp-json\/wp\/v2\/posts"}],"about":[{"href":"https:\/\/blog.zeit.de\/kinderzeit\/wp-json\/wp\/v2\/types\/post"}],"author":[{"embeddable":true,"href":"https:\/\/blog.zeit.de\/kinderzeit\/wp-json\/wp\/v2\/users\/217"}],"replies":[{"embeddable":true,"href":"https:\/\/blog.zeit.de\/kinderzeit\/wp-json\/wp\/v2\/comments?post=14305"}],"version-history":[{"count":5,"href":"https:\/\/blog.zeit.de\/kinderzeit\/wp-json\/wp\/v2\/posts\/14305\/revisions"}],"predecessor-version":[{"id":14317,"href":"https:\/\/blog.zeit.de\/kinderzeit\/wp-json\/wp\/v2\/posts\/14305\/revisions\/14317"}],"wp:attachment":[{"href":"https:\/\/blog.zeit.de\/kinderzeit\/wp-json\/wp\/v2\/media?parent=14305"}],"wp:term":[{"taxonomy":"category","embeddable":true,"href":"https:\/\/blog.zeit.de\/kinderzeit\/wp-json\/wp\/v2\/categories?post=14305"},{"taxonomy":"post_tag","embeddable":true,"href":"https:\/\/blog.zeit.de\/kinderzeit\/wp-json\/wp\/v2\/tags?post=14305"}],"curies":[{"name":"wp","href":"https:\/\/api.w.org\/{rel}","templated":true}]}}