{"id":14405,"date":"2013-08-28T11:03:07","date_gmt":"2013-08-28T09:03:07","guid":{"rendered":"http:\/\/blog.zeit.de\/kinderzeit\/?p=14405"},"modified":"2013-08-28T11:03:07","modified_gmt":"2013-08-28T09:03:07","slug":"lenas-groses-benefizkonzert","status":"publish","type":"post","link":"https:\/\/blog.zeit.de\/kinderzeit\/2013\/08\/28\/lenas-groses-benefizkonzert_14405","title":{"rendered":"Lenas gro\u00dfes Benefizkonzert"},"content":{"rendered":"<p><img loading=\"lazy\" decoding=\"async\" src=\"https:\/\/blog.zeit.de\/kinderzeit\/files\/2013\/08\/konzert-150x150.jpg\" alt=\"konzert\" width=\"150\" height=\"150\" class=\"alignleft size-thumbnail wp-image-14406\" \/><\/p>\n<p>Erinnert Ihr Euch noch an <a href=\"https:\/\/blog.zeit.de\/kinderzeit\/2013\/05\/17\/lena-sammelt-fur-afrika_14037\">Lena<\/a>, die seit vielen Monaten f\u00fcr Kinder in Uganda Spenden und Geld sammelt und sogar selbst in Afrika war, um sich von der sinnvollen Verwendung der Spendengelder zu \u00fcberzeugen? Lenas gro\u00dfer Traum ist ein Benefizkonzert, und nun steht der Termin f\u00fcr das Konzert tats\u00e4chlich fest! <a href=\"http:\/\/lenagoesafrica.de\/\">Lenas Benefizkonzert<\/a> f\u00fcr die Waisenkinder in Uganda steigt am 6.September in der Central Station in Darmstadt. Mit dabei: Cross Beatbox und Johnny Strange (Culcha Candela) und viele andere Bands. F\u00fcr alle die sich schnell anmelden kosten die Karten im Vorverkauf 14,90 Euro, Einlass ist um 18.30 Uhr, die Bude rockt ab 19.30 Uhr. KinderZEIT meint: Hin da!<\/p>\n","protected":false},"excerpt":{"rendered":"<p>Erinnert Ihr Euch noch an Lena, die seit vielen Monaten f\u00fcr Kinder in Uganda Spenden und Geld sammelt und sogar selbst in Afrika war, um sich von der sinnvollen Verwendung der Spendengelder zu \u00fcberzeugen? Lenas gro\u00dfer Traum ist ein Benefizkonzert, und nun steht der Termin f\u00fcr das Konzert tats\u00e4chlich fest! Lenas Benefizkonzert f\u00fcr die Waisenkinder [&hellip;]<\/p>\n","protected":false},"author":217,"featured_media":0,"comment_status":"open","ping_status":"closed","sticky":false,"template":"","format":"standard","meta":{"_jetpack_memberships_contains_paid_content":false,"footnotes":""},"categories":[1,391,1695,8660],"tags":[178,29114,29116,29117,27399,1962,17001],"class_list":["post-14405","post","type-post","status-publish","format-standard","hentry","category-allgemein","category-kinder","category-musik","category-termine","tag-afrika","tag-benefizkonzert","tag-hilfe-fur-afrika","tag-kinder-helfen-kindern","tag-lena","tag-uganda","tag-waisenkinder"],"yoast_head":"<!-- This site is optimized with the Yoast SEO plugin v21.0 - https:\/\/yoast.com\/wordpress\/plugins\/seo\/ -->\n<title>Lenas gro\u00dfes Benefizkonzert - KinderZEIT-Blog<\/title>\n<meta name=\"robots\" content=\"index, follow, max-snippet:-1, max-image-preview:large, max-video-preview:-1\" \/>\n<link rel=\"canonical\" href=\"https:\/\/blog.zeit.de\/kinderzeit\/2013\/08\/28\/lenas-groses-benefizkonzert_14405\" \/>\n<meta property=\"og:locale\" content=\"de_DE\" \/>\n<meta property=\"og:type\" content=\"article\" \/>\n<meta property=\"og:title\" content=\"Lenas gro\u00dfes Benefizkonzert - KinderZEIT-Blog\" \/>\n<meta property=\"og:description\" content=\"Erinnert Ihr Euch noch an Lena, die seit vielen Monaten f\u00fcr Kinder in Uganda Spenden und Geld sammelt und sogar selbst in Afrika war, um sich von der sinnvollen Verwendung der Spendengelder zu \u00fcberzeugen? Lenas gro\u00dfer Traum ist ein Benefizkonzert, und nun steht der Termin f\u00fcr das Konzert tats\u00e4chlich fest! Lenas Benefizkonzert f\u00fcr die Waisenkinder [&hellip;]\" \/>\n<meta property=\"og:url\" content=\"https:\/\/blog.zeit.de\/kinderzeit\/2013\/08\/28\/lenas-groses-benefizkonzert_14405\" \/>\n<meta property=\"og:site_name\" content=\"KinderZEIT-Blog\" \/>\n<meta property=\"article:published_time\" content=\"2013-08-28T09:03:07+00:00\" \/>\n<meta property=\"og:image\" content=\"https:\/\/blog.zeit.de\/kinderzeit\/files\/2013\/08\/konzert-150x150.jpg\" \/>\n<meta name=\"author\" content=\"Redaktion KinderZEIT\" \/>\n<meta name=\"twitter:card\" content=\"summary_large_image\" \/>\n<meta name=\"twitter:label1\" content=\"Verfasst von\" \/>\n\t<meta name=\"twitter:data1\" content=\"Redaktion KinderZEIT\" \/>\n\t<meta name=\"twitter:label2\" content=\"Gesch\u00e4tzte Lesezeit\" \/>\n\t<meta name=\"twitter:data2\" content=\"1\u00a0Minute\" \/>\n<script type=\"application\/ld+json\" class=\"yoast-schema-graph\">{\"@context\":\"https:\/\/schema.org\",\"@graph\":[{\"@type\":\"WebPage\",\"@id\":\"https:\/\/blog.zeit.de\/kinderzeit\/2013\/08\/28\/lenas-groses-benefizkonzert_14405\",\"url\":\"https:\/\/blog.zeit.de\/kinderzeit\/2013\/08\/28\/lenas-groses-benefizkonzert_14405\",\"name\":\"Lenas gro\u00dfes Benefizkonzert - KinderZEIT-Blog\",\"isPartOf\":{\"@id\":\"https:\/\/blog.zeit.de\/kinderzeit\/#website\"},\"datePublished\":\"2013-08-28T09:03:07+00:00\",\"dateModified\":\"2013-08-28T09:03:07+00:00\",\"author\":{\"@id\":\"https:\/\/blog.zeit.de\/kinderzeit\/#\/schema\/person\/49470446f328463e8ea80b00b7d5da9c\"},\"breadcrumb\":{\"@id\":\"https:\/\/blog.zeit.de\/kinderzeit\/2013\/08\/28\/lenas-groses-benefizkonzert_14405#breadcrumb\"},\"inLanguage\":\"de\",\"potentialAction\":[{\"@type\":\"ReadAction\",\"target\":[\"https:\/\/blog.zeit.de\/kinderzeit\/2013\/08\/28\/lenas-groses-benefizkonzert_14405\"]}]},{\"@type\":\"BreadcrumbList\",\"@id\":\"https:\/\/blog.zeit.de\/kinderzeit\/2013\/08\/28\/lenas-groses-benefizkonzert_14405#breadcrumb\",\"itemListElement\":[{\"@type\":\"ListItem\",\"position\":1,\"name\":\"Startseite\",\"item\":\"https:\/\/blog.zeit.de\/kinderzeit\"},{\"@type\":\"ListItem\",\"position\":2,\"name\":\"Lenas gro\u00dfes Benefizkonzert\"}]},{\"@type\":\"WebSite\",\"@id\":\"https:\/\/blog.zeit.de\/kinderzeit\/#website\",\"url\":\"https:\/\/blog.zeit.de\/kinderzeit\/\",\"name\":\"KinderZEIT-Blog\",\"description\":\"Politik, Kultur und R\u00e4tsel f\u00fcr junge Leser\",\"potentialAction\":[{\"@type\":\"SearchAction\",\"target\":{\"@type\":\"EntryPoint\",\"urlTemplate\":\"https:\/\/blog.zeit.de\/kinderzeit\/?s={search_term_string}\"},\"query-input\":\"required name=search_term_string\"}],\"inLanguage\":\"de\"},{\"@type\":\"Person\",\"@id\":\"https:\/\/blog.zeit.de\/kinderzeit\/#\/schema\/person\/49470446f328463e8ea80b00b7d5da9c\",\"name\":\"Redaktion KinderZEIT\",\"image\":{\"@type\":\"ImageObject\",\"inLanguage\":\"de\",\"@id\":\"https:\/\/blog.zeit.de\/kinderzeit\/#\/schema\/person\/image\/\",\"url\":\"https:\/\/secure.gravatar.com\/avatar\/e613a4a2ad2bd6413584eec4b8dd51cb549f6f87f7a858de5437c6df45ca1659?s=96&d=mm&r=g\",\"contentUrl\":\"https:\/\/secure.gravatar.com\/avatar\/e613a4a2ad2bd6413584eec4b8dd51cb549f6f87f7a858de5437c6df45ca1659?s=96&d=mm&r=g\",\"caption\":\"Redaktion KinderZEIT\"},\"url\":\"https:\/\/blog.zeit.de\/kinderzeit\/author\/sandra-valeska-bruhns\"}]}<\/script>\n<!-- \/ Yoast SEO plugin. -->","yoast_head_json":{"title":"Lenas gro\u00dfes Benefizkonzert - KinderZEIT-Blog","robots":{"index":"index","follow":"follow","max-snippet":"max-snippet:-1","max-image-preview":"max-image-preview:large","max-video-preview":"max-video-preview:-1"},"canonical":"https:\/\/blog.zeit.de\/kinderzeit\/2013\/08\/28\/lenas-groses-benefizkonzert_14405","og_locale":"de_DE","og_type":"article","og_title":"Lenas gro\u00dfes Benefizkonzert - KinderZEIT-Blog","og_description":"Erinnert Ihr Euch noch an Lena, die seit vielen Monaten f\u00fcr Kinder in Uganda Spenden und Geld sammelt und sogar selbst in Afrika war, um sich von der sinnvollen Verwendung der Spendengelder zu \u00fcberzeugen? Lenas gro\u00dfer Traum ist ein Benefizkonzert, und nun steht der Termin f\u00fcr das Konzert tats\u00e4chlich fest! Lenas Benefizkonzert f\u00fcr die Waisenkinder [&hellip;]","og_url":"https:\/\/blog.zeit.de\/kinderzeit\/2013\/08\/28\/lenas-groses-benefizkonzert_14405","og_site_name":"KinderZEIT-Blog","article_published_time":"2013-08-28T09:03:07+00:00","og_image":[{"url":"https:\/\/blog.zeit.de\/kinderzeit\/files\/2013\/08\/konzert-150x150.jpg"}],"author":"Redaktion KinderZEIT","twitter_card":"summary_large_image","twitter_misc":{"Verfasst von":"Redaktion KinderZEIT","Gesch\u00e4tzte Lesezeit":"1\u00a0Minute"},"schema":{"@context":"https:\/\/schema.org","@graph":[{"@type":"WebPage","@id":"https:\/\/blog.zeit.de\/kinderzeit\/2013\/08\/28\/lenas-groses-benefizkonzert_14405","url":"https:\/\/blog.zeit.de\/kinderzeit\/2013\/08\/28\/lenas-groses-benefizkonzert_14405","name":"Lenas gro\u00dfes Benefizkonzert - KinderZEIT-Blog","isPartOf":{"@id":"https:\/\/blog.zeit.de\/kinderzeit\/#website"},"datePublished":"2013-08-28T09:03:07+00:00","dateModified":"2013-08-28T09:03:07+00:00","author":{"@id":"https:\/\/blog.zeit.de\/kinderzeit\/#\/schema\/person\/49470446f328463e8ea80b00b7d5da9c"},"breadcrumb":{"@id":"https:\/\/blog.zeit.de\/kinderzeit\/2013\/08\/28\/lenas-groses-benefizkonzert_14405#breadcrumb"},"inLanguage":"de","potentialAction":[{"@type":"ReadAction","target":["https:\/\/blog.zeit.de\/kinderzeit\/2013\/08\/28\/lenas-groses-benefizkonzert_14405"]}]},{"@type":"BreadcrumbList","@id":"https:\/\/blog.zeit.de\/kinderzeit\/2013\/08\/28\/lenas-groses-benefizkonzert_14405#breadcrumb","itemListElement":[{"@type":"ListItem","position":1,"name":"Startseite","item":"https:\/\/blog.zeit.de\/kinderzeit"},{"@type":"ListItem","position":2,"name":"Lenas gro\u00dfes Benefizkonzert"}]},{"@type":"WebSite","@id":"https:\/\/blog.zeit.de\/kinderzeit\/#website","url":"https:\/\/blog.zeit.de\/kinderzeit\/","name":"KinderZEIT-Blog","description":"Politik, Kultur und R\u00e4tsel f\u00fcr junge Leser","potentialAction":[{"@type":"SearchAction","target":{"@type":"EntryPoint","urlTemplate":"https:\/\/blog.zeit.de\/kinderzeit\/?s={search_term_string}"},"query-input":"required name=search_term_string"}],"inLanguage":"de"},{"@type":"Person","@id":"https:\/\/blog.zeit.de\/kinderzeit\/#\/schema\/person\/49470446f328463e8ea80b00b7d5da9c","name":"Redaktion KinderZEIT","image":{"@type":"ImageObject","inLanguage":"de","@id":"https:\/\/blog.zeit.de\/kinderzeit\/#\/schema\/person\/image\/","url":"https:\/\/secure.gravatar.com\/avatar\/e613a4a2ad2bd6413584eec4b8dd51cb549f6f87f7a858de5437c6df45ca1659?s=96&d=mm&r=g","contentUrl":"https:\/\/secure.gravatar.com\/avatar\/e613a4a2ad2bd6413584eec4b8dd51cb549f6f87f7a858de5437c6df45ca1659?s=96&d=mm&r=g","caption":"Redaktion KinderZEIT"},"url":"https:\/\/blog.zeit.de\/kinderzeit\/author\/sandra-valeska-bruhns"}]}},"jetpack_featured_media_url":"","jetpack_sharing_enabled":true,"_links":{"self":[{"href":"https:\/\/blog.zeit.de\/kinderzeit\/wp-json\/wp\/v2\/posts\/14405","targetHints":{"allow":["GET"]}}],"collection":[{"href":"https:\/\/blog.zeit.de\/kinderzeit\/wp-json\/wp\/v2\/posts"}],"about":[{"href":"https:\/\/blog.zeit.de\/kinderzeit\/wp-json\/wp\/v2\/types\/post"}],"author":[{"embeddable":true,"href":"https:\/\/blog.zeit.de\/kinderzeit\/wp-json\/wp\/v2\/users\/217"}],"replies":[{"embeddable":true,"href":"https:\/\/blog.zeit.de\/kinderzeit\/wp-json\/wp\/v2\/comments?post=14405"}],"version-history":[{"count":8,"href":"https:\/\/blog.zeit.de\/kinderzeit\/wp-json\/wp\/v2\/posts\/14405\/revisions"}],"predecessor-version":[{"id":14414,"href":"https:\/\/blog.zeit.de\/kinderzeit\/wp-json\/wp\/v2\/posts\/14405\/revisions\/14414"}],"wp:attachment":[{"href":"https:\/\/blog.zeit.de\/kinderzeit\/wp-json\/wp\/v2\/media?parent=14405"}],"wp:term":[{"taxonomy":"category","embeddable":true,"href":"https:\/\/blog.zeit.de\/kinderzeit\/wp-json\/wp\/v2\/categories?post=14405"},{"taxonomy":"post_tag","embeddable":true,"href":"https:\/\/blog.zeit.de\/kinderzeit\/wp-json\/wp\/v2\/tags?post=14405"}],"curies":[{"name":"wp","href":"https:\/\/api.w.org\/{rel}","templated":true}]}}