{"id":14431,"date":"2013-08-31T10:00:58","date_gmt":"2013-08-31T08:00:58","guid":{"rendered":"http:\/\/blog.zeit.de\/kinderzeit\/?p=14431"},"modified":"2013-08-31T10:01:06","modified_gmt":"2013-08-31T08:01:06","slug":"bucherpiraten-verleihen-preise","status":"publish","type":"post","link":"https:\/\/blog.zeit.de\/kinderzeit\/2013\/08\/31\/bucherpiraten-verleihen-preise_14431","title":{"rendered":"B\u00fccherpiraten verleihen Preise"},"content":{"rendered":"<p><img loading=\"lazy\" decoding=\"async\" src=\"https:\/\/blog.zeit.de\/kinderzeit\/files\/2013\/08\/laban.jpg\" alt=\"laban\" width=\"148\" height=\"213\" class=\"alignleft size-full wp-image-14432\" \/><\/p>\n<p>Heute Abend wird sich in L\u00fcbeck eine ganz besonders freuen. Jungautorin Barbara Laban, die mit ihrem Buch \u201eIm Zeichen des Mondfests\u201c den &#8222;Goldenen B\u00fccherpiraten&#8220; gewonnen hat. Die Geschichte spielt im fernen China, wo das M\u00e4dchen Sienna nach ihrer verschollenen Mutter sucht.<!--more--><\/p>\n<p>Das Besondere an dem Preis: Nicht Erwachsene die denken, genau zu wissen wie Kinder ticken, entscheiden \u00fcber den Preis, sondern Kinder zwischen acht und zehn Jahren. Sie schreiben auch die Lobrede (der Fachmann nennt es Laudatio) auf den Autoren selbst.  Die j\u00e4hrlich wechselnde Kinderjury trifft sich \u00fcber mehrere Monate im Kinderliteraturhaus B\u00fccherpiraten e.V. in L\u00fcbeck. Dort lesen sie gemeinsam neuerschienene Romane von deutschen Kinderbuchautoren, die gerade ihr erstes Buch (den sogenannten Deb\u00fctroman) ver\u00f6ffentlicht haben. Erwachsene d\u00fcrfen sich in die Entscheidung nicht einmischen, es gilt die eiserne Regel: \u201eKein Erwachsener, der mit den Autoren-Entdeckern arbeitet, darf die B\u00fccher in der Auswahl lesen\u201c.<\/p>\n<p>Den &#8222;Goldenen B\u00fccherpiraten&#8220; gibt es \u00fcbrigens seit 2008. Das erste Mal gewann Tanya Stewner mit ihrem Buch \u201eLiliane Susewind- Mit Elefanten spricht man nicht\u201c. Inzwischen sind noch viele B\u00fccher von Lilli erschienen, das zeigt: Die Kinderjury hatte genau den richtigen Riecher, was ein richtig gutes Buch ausmacht.<\/p>\n<p><img loading=\"lazy\" decoding=\"async\" src=\"https:\/\/blog.zeit.de\/kinderzeit\/files\/2013\/08\/mondfest.jpg\" alt=\"mondfest\" width=\"203\" height=\"285\" class=\"alignleft size-full wp-image-14433\" \/><\/p>\n<p>Barbara Laban<br \/>\n<strong>Im Zeichen des Mondfests<\/strong><br \/>\nCarlsen Verlag, 12,95 Euro <\/p>\n","protected":false},"excerpt":{"rendered":"<p>Heute Abend wird sich in L\u00fcbeck eine ganz besonders freuen. Jungautorin Barbara Laban, die mit ihrem Buch \u201eIm Zeichen des Mondfests\u201c den &#8222;Goldenen B\u00fccherpiraten&#8220; gewonnen hat. Die Geschichte spielt im fernen China, wo das M\u00e4dchen Sienna nach ihrer verschollenen Mutter sucht.<\/p>\n","protected":false},"author":217,"featured_media":0,"comment_status":"open","ping_status":"closed","sticky":false,"template":"","format":"standard","meta":{"_jetpack_memberships_contains_paid_content":false,"footnotes":""},"categories":[12254,1157,12265],"tags":[29127,29125,29126,29128,9102,1406],"class_list":["post-14431","post","type-post","status-publish","format-standard","hentry","category-aktuell","category-buchtipp-hortipp-filmtipp-fernsehtipp","category-was-soll-ich-lesen-2","tag-barbara-laban","tag-bucherpiraten","tag-goldene-bucherpiraten","tag-im-zeichen-des-mondfests","tag-kinderjury","tag-lubeck"],"yoast_head":"<!-- This site is optimized with the Yoast SEO plugin v21.0 - https:\/\/yoast.com\/wordpress\/plugins\/seo\/ -->\n<title>B\u00fccherpiraten verleihen Preise - KinderZEIT-Blog<\/title>\n<meta name=\"robots\" content=\"index, follow, max-snippet:-1, max-image-preview:large, max-video-preview:-1\" \/>\n<link rel=\"canonical\" href=\"https:\/\/blog.zeit.de\/kinderzeit\/2013\/08\/31\/bucherpiraten-verleihen-preise_14431\" \/>\n<meta property=\"og:locale\" content=\"de_DE\" \/>\n<meta property=\"og:type\" content=\"article\" \/>\n<meta property=\"og:title\" content=\"B\u00fccherpiraten verleihen Preise - KinderZEIT-Blog\" \/>\n<meta property=\"og:description\" content=\"Heute Abend wird sich in L\u00fcbeck eine ganz besonders freuen. Jungautorin Barbara Laban, die mit ihrem Buch \u201eIm Zeichen des Mondfests\u201c den &#8222;Goldenen B\u00fccherpiraten&#8220; gewonnen hat. Die Geschichte spielt im fernen China, wo das M\u00e4dchen Sienna nach ihrer verschollenen Mutter sucht.\" \/>\n<meta property=\"og:url\" content=\"https:\/\/blog.zeit.de\/kinderzeit\/2013\/08\/31\/bucherpiraten-verleihen-preise_14431\" \/>\n<meta property=\"og:site_name\" content=\"KinderZEIT-Blog\" \/>\n<meta property=\"article:published_time\" content=\"2013-08-31T08:00:58+00:00\" \/>\n<meta property=\"article:modified_time\" content=\"2013-08-31T08:01:06+00:00\" \/>\n<meta property=\"og:image\" content=\"https:\/\/blog.zeit.de\/kinderzeit\/files\/2013\/08\/laban.jpg\" \/>\n<meta name=\"author\" content=\"Redaktion KinderZEIT\" \/>\n<meta name=\"twitter:card\" content=\"summary_large_image\" \/>\n<meta name=\"twitter:label1\" content=\"Verfasst von\" \/>\n\t<meta name=\"twitter:data1\" content=\"Redaktion KinderZEIT\" \/>\n\t<meta name=\"twitter:label2\" content=\"Gesch\u00e4tzte Lesezeit\" \/>\n\t<meta name=\"twitter:data2\" content=\"1\u00a0Minute\" \/>\n<script type=\"application\/ld+json\" class=\"yoast-schema-graph\">{\"@context\":\"https:\/\/schema.org\",\"@graph\":[{\"@type\":\"WebPage\",\"@id\":\"https:\/\/blog.zeit.de\/kinderzeit\/2013\/08\/31\/bucherpiraten-verleihen-preise_14431\",\"url\":\"https:\/\/blog.zeit.de\/kinderzeit\/2013\/08\/31\/bucherpiraten-verleihen-preise_14431\",\"name\":\"B\u00fccherpiraten verleihen Preise - KinderZEIT-Blog\",\"isPartOf\":{\"@id\":\"https:\/\/blog.zeit.de\/kinderzeit\/#website\"},\"datePublished\":\"2013-08-31T08:00:58+00:00\",\"dateModified\":\"2013-08-31T08:01:06+00:00\",\"author\":{\"@id\":\"https:\/\/blog.zeit.de\/kinderzeit\/#\/schema\/person\/49470446f328463e8ea80b00b7d5da9c\"},\"breadcrumb\":{\"@id\":\"https:\/\/blog.zeit.de\/kinderzeit\/2013\/08\/31\/bucherpiraten-verleihen-preise_14431#breadcrumb\"},\"inLanguage\":\"de\",\"potentialAction\":[{\"@type\":\"ReadAction\",\"target\":[\"https:\/\/blog.zeit.de\/kinderzeit\/2013\/08\/31\/bucherpiraten-verleihen-preise_14431\"]}]},{\"@type\":\"BreadcrumbList\",\"@id\":\"https:\/\/blog.zeit.de\/kinderzeit\/2013\/08\/31\/bucherpiraten-verleihen-preise_14431#breadcrumb\",\"itemListElement\":[{\"@type\":\"ListItem\",\"position\":1,\"name\":\"Startseite\",\"item\":\"https:\/\/blog.zeit.de\/kinderzeit\"},{\"@type\":\"ListItem\",\"position\":2,\"name\":\"B\u00fccherpiraten verleihen Preise\"}]},{\"@type\":\"WebSite\",\"@id\":\"https:\/\/blog.zeit.de\/kinderzeit\/#website\",\"url\":\"https:\/\/blog.zeit.de\/kinderzeit\/\",\"name\":\"KinderZEIT-Blog\",\"description\":\"Politik, Kultur und R\u00e4tsel f\u00fcr junge Leser\",\"potentialAction\":[{\"@type\":\"SearchAction\",\"target\":{\"@type\":\"EntryPoint\",\"urlTemplate\":\"https:\/\/blog.zeit.de\/kinderzeit\/?s={search_term_string}\"},\"query-input\":\"required name=search_term_string\"}],\"inLanguage\":\"de\"},{\"@type\":\"Person\",\"@id\":\"https:\/\/blog.zeit.de\/kinderzeit\/#\/schema\/person\/49470446f328463e8ea80b00b7d5da9c\",\"name\":\"Redaktion KinderZEIT\",\"image\":{\"@type\":\"ImageObject\",\"inLanguage\":\"de\",\"@id\":\"https:\/\/blog.zeit.de\/kinderzeit\/#\/schema\/person\/image\/\",\"url\":\"https:\/\/secure.gravatar.com\/avatar\/e613a4a2ad2bd6413584eec4b8dd51cb549f6f87f7a858de5437c6df45ca1659?s=96&d=mm&r=g\",\"contentUrl\":\"https:\/\/secure.gravatar.com\/avatar\/e613a4a2ad2bd6413584eec4b8dd51cb549f6f87f7a858de5437c6df45ca1659?s=96&d=mm&r=g\",\"caption\":\"Redaktion KinderZEIT\"},\"url\":\"https:\/\/blog.zeit.de\/kinderzeit\/author\/sandra-valeska-bruhns\"}]}<\/script>\n<!-- \/ Yoast SEO plugin. -->","yoast_head_json":{"title":"B\u00fccherpiraten verleihen Preise - KinderZEIT-Blog","robots":{"index":"index","follow":"follow","max-snippet":"max-snippet:-1","max-image-preview":"max-image-preview:large","max-video-preview":"max-video-preview:-1"},"canonical":"https:\/\/blog.zeit.de\/kinderzeit\/2013\/08\/31\/bucherpiraten-verleihen-preise_14431","og_locale":"de_DE","og_type":"article","og_title":"B\u00fccherpiraten verleihen Preise - KinderZEIT-Blog","og_description":"Heute Abend wird sich in L\u00fcbeck eine ganz besonders freuen. Jungautorin Barbara Laban, die mit ihrem Buch \u201eIm Zeichen des Mondfests\u201c den &#8222;Goldenen B\u00fccherpiraten&#8220; gewonnen hat. Die Geschichte spielt im fernen China, wo das M\u00e4dchen Sienna nach ihrer verschollenen Mutter sucht.","og_url":"https:\/\/blog.zeit.de\/kinderzeit\/2013\/08\/31\/bucherpiraten-verleihen-preise_14431","og_site_name":"KinderZEIT-Blog","article_published_time":"2013-08-31T08:00:58+00:00","article_modified_time":"2013-08-31T08:01:06+00:00","og_image":[{"url":"https:\/\/blog.zeit.de\/kinderzeit\/files\/2013\/08\/laban.jpg"}],"author":"Redaktion KinderZEIT","twitter_card":"summary_large_image","twitter_misc":{"Verfasst von":"Redaktion KinderZEIT","Gesch\u00e4tzte Lesezeit":"1\u00a0Minute"},"schema":{"@context":"https:\/\/schema.org","@graph":[{"@type":"WebPage","@id":"https:\/\/blog.zeit.de\/kinderzeit\/2013\/08\/31\/bucherpiraten-verleihen-preise_14431","url":"https:\/\/blog.zeit.de\/kinderzeit\/2013\/08\/31\/bucherpiraten-verleihen-preise_14431","name":"B\u00fccherpiraten verleihen Preise - KinderZEIT-Blog","isPartOf":{"@id":"https:\/\/blog.zeit.de\/kinderzeit\/#website"},"datePublished":"2013-08-31T08:00:58+00:00","dateModified":"2013-08-31T08:01:06+00:00","author":{"@id":"https:\/\/blog.zeit.de\/kinderzeit\/#\/schema\/person\/49470446f328463e8ea80b00b7d5da9c"},"breadcrumb":{"@id":"https:\/\/blog.zeit.de\/kinderzeit\/2013\/08\/31\/bucherpiraten-verleihen-preise_14431#breadcrumb"},"inLanguage":"de","potentialAction":[{"@type":"ReadAction","target":["https:\/\/blog.zeit.de\/kinderzeit\/2013\/08\/31\/bucherpiraten-verleihen-preise_14431"]}]},{"@type":"BreadcrumbList","@id":"https:\/\/blog.zeit.de\/kinderzeit\/2013\/08\/31\/bucherpiraten-verleihen-preise_14431#breadcrumb","itemListElement":[{"@type":"ListItem","position":1,"name":"Startseite","item":"https:\/\/blog.zeit.de\/kinderzeit"},{"@type":"ListItem","position":2,"name":"B\u00fccherpiraten verleihen Preise"}]},{"@type":"WebSite","@id":"https:\/\/blog.zeit.de\/kinderzeit\/#website","url":"https:\/\/blog.zeit.de\/kinderzeit\/","name":"KinderZEIT-Blog","description":"Politik, Kultur und R\u00e4tsel f\u00fcr junge Leser","potentialAction":[{"@type":"SearchAction","target":{"@type":"EntryPoint","urlTemplate":"https:\/\/blog.zeit.de\/kinderzeit\/?s={search_term_string}"},"query-input":"required name=search_term_string"}],"inLanguage":"de"},{"@type":"Person","@id":"https:\/\/blog.zeit.de\/kinderzeit\/#\/schema\/person\/49470446f328463e8ea80b00b7d5da9c","name":"Redaktion KinderZEIT","image":{"@type":"ImageObject","inLanguage":"de","@id":"https:\/\/blog.zeit.de\/kinderzeit\/#\/schema\/person\/image\/","url":"https:\/\/secure.gravatar.com\/avatar\/e613a4a2ad2bd6413584eec4b8dd51cb549f6f87f7a858de5437c6df45ca1659?s=96&d=mm&r=g","contentUrl":"https:\/\/secure.gravatar.com\/avatar\/e613a4a2ad2bd6413584eec4b8dd51cb549f6f87f7a858de5437c6df45ca1659?s=96&d=mm&r=g","caption":"Redaktion KinderZEIT"},"url":"https:\/\/blog.zeit.de\/kinderzeit\/author\/sandra-valeska-bruhns"}]}},"jetpack_featured_media_url":"","jetpack_sharing_enabled":true,"_links":{"self":[{"href":"https:\/\/blog.zeit.de\/kinderzeit\/wp-json\/wp\/v2\/posts\/14431","targetHints":{"allow":["GET"]}}],"collection":[{"href":"https:\/\/blog.zeit.de\/kinderzeit\/wp-json\/wp\/v2\/posts"}],"about":[{"href":"https:\/\/blog.zeit.de\/kinderzeit\/wp-json\/wp\/v2\/types\/post"}],"author":[{"embeddable":true,"href":"https:\/\/blog.zeit.de\/kinderzeit\/wp-json\/wp\/v2\/users\/217"}],"replies":[{"embeddable":true,"href":"https:\/\/blog.zeit.de\/kinderzeit\/wp-json\/wp\/v2\/comments?post=14431"}],"version-history":[{"count":7,"href":"https:\/\/blog.zeit.de\/kinderzeit\/wp-json\/wp\/v2\/posts\/14431\/revisions"}],"predecessor-version":[{"id":14459,"href":"https:\/\/blog.zeit.de\/kinderzeit\/wp-json\/wp\/v2\/posts\/14431\/revisions\/14459"}],"wp:attachment":[{"href":"https:\/\/blog.zeit.de\/kinderzeit\/wp-json\/wp\/v2\/media?parent=14431"}],"wp:term":[{"taxonomy":"category","embeddable":true,"href":"https:\/\/blog.zeit.de\/kinderzeit\/wp-json\/wp\/v2\/categories?post=14431"},{"taxonomy":"post_tag","embeddable":true,"href":"https:\/\/blog.zeit.de\/kinderzeit\/wp-json\/wp\/v2\/tags?post=14431"}],"curies":[{"name":"wp","href":"https:\/\/api.w.org\/{rel}","templated":true}]}}