{"id":14477,"date":"2013-09-07T10:00:04","date_gmt":"2013-09-07T08:00:04","guid":{"rendered":"http:\/\/blog.zeit.de\/kinderzeit\/?p=14477"},"modified":"2013-09-07T10:00:14","modified_gmt":"2013-09-07T08:00:14","slug":"trenk-gegen-wertolt-teil-sechs","status":"publish","type":"post","link":"https:\/\/blog.zeit.de\/kinderzeit\/2013\/09\/07\/trenk-gegen-wertolt-teil-sechs_14477","title":{"rendered":"Trenk gegen Wertolt, Teil sechs"},"content":{"rendered":"<p><figure id=\"attachment_14478\" aria-describedby=\"caption-attachment-14478\" style=\"width: 216px\" class=\"wp-caption alignleft\"><img loading=\"lazy\" decoding=\"async\" src=\"https:\/\/blog.zeit.de\/kinderzeit\/files\/2013\/09\/trenk_turmbau-216x300.jpg\" alt=\"Oetinger Verlag\" width=\"216\" height=\"300\" class=\"size-medium wp-image-14478\" srcset=\"https:\/\/blog.zeit.de\/kinderzeit\/files\/2013\/09\/trenk_turmbau-216x300.jpg 216w, https:\/\/blog.zeit.de\/kinderzeit\/files\/2013\/09\/trenk_turmbau.jpg 222w\" sizes=\"auto, (max-width: 216px) 100vw, 216px\" \/><figcaption id=\"caption-attachment-14478\" class=\"wp-caption-text\">Oetinger Verlag<\/figcaption><\/figure><\/p>\n<p>Der kleine Ritter Trenk mischt zusammen mit seiner Freundin Thekla (die mit der tollen Erbsenschleuder) weiter das Mittelalter ganz gewaltig auf. Immer an seiner Seite das Schwein Ferkelchen und nat\u00fcrlich die fr\u00f6hlichen Gaukler. In der neuen Geschichte ist es wieder einmal der Ritter Wertolt der W\u00fcterich, der f\u00fcr m\u00e4chtig Stunk sorgt. Schuld ist sein Gr\u00f6\u00dfenwahn<!--more--><\/p>\n<p>Um die gr\u00f6\u00dfte Burg weit und breit zu haben, hat Wertolt den Dombaumeister der kleinen Stadt gefangen genommen und zwingt ihn jetzt, eine Riesenburg zu bauen. Sein Vorbild ist der ber\u00fchmte Turmbau zu Babel. H\u00e4tte Wertolt aber mal richtig im Alten Testament nachgelesen, wo die Geschichte von dem Turmbau zu Babel steht, h\u00e4tte er vielleicht doch einen weniger riesigen Turm f\u00fcr seine Burg geplant. Denn in der biblischen Geschichte ist Gott sehr ver\u00e4rgert dar\u00fcber, dass die Menschen mit dem hohen Turm bis in den Himmel reichen wollen und straft sie mit einem gro\u00dfen Sprachgewirr. Vorher haben alle Menschen die gleiche Sprache gesprochen, nun gibt es ganz viele Sprachen und alle reden ganz wild durcheinander. Deshalb sagen wir noch heute wenn ganz viele Leute durcheinander reden: Das ist ja ein babylonisches Sprachgewirr.<\/p>\n<p>Dass es Wertolt mit seinem ehrgeizigen Turmprojekt auch nicht besser geht als den Menschen im antiken Babylon ist klar. Und als Trenk auf einmal ganz merkw\u00fcrdig anf\u00e4ngt zu sprechen, scheint sich die alte Geschichte aus der Bibel sogar zu wiederholen.<\/p>\n<p>Der sechste Band der Geschichte vom kleinen Ritter Trenk ist spannend wie alle anderen und sch\u00f6n illustriert. Schade nur, dass die B\u00fccher immer d\u00fcnner werden.<\/p>\n<p>Kirsten Boie<br \/>\n<strong>Der kleine Ritter Trenk und der Turmbau zu Babel<\/strong><br \/>\nOetinger Verlag<br \/>\nab 6 Jahren, 10,95 Euro<\/p>\n","protected":false},"excerpt":{"rendered":"<p>Der kleine Ritter Trenk mischt zusammen mit seiner Freundin Thekla (die mit der tollen Erbsenschleuder) weiter das Mittelalter ganz gewaltig auf. Immer an seiner Seite das Schwein Ferkelchen und nat\u00fcrlich die fr\u00f6hlichen Gaukler. In der neuen Geschichte ist es wieder einmal der Ritter Wertolt der W\u00fcterich, der f\u00fcr m\u00e4chtig Stunk sorgt. Schuld ist sein Gr\u00f6\u00dfenwahn<\/p>\n","protected":false},"author":217,"featured_media":0,"comment_status":"open","ping_status":"closed","sticky":false,"template":"","format":"standard","meta":{"_jetpack_memberships_contains_paid_content":false,"footnotes":""},"categories":[1583,986,12265],"tags":[29147,12059,2643,12060,29146],"class_list":["post-14477","post","type-post","status-publish","format-standard","hentry","category-geschichte","category-vorlesegeschichten","category-was-soll-ich-lesen-2","tag-babylonisches-sprachgewirr","tag-der-kleine-ritter-trenk","tag-kirsten-boie","tag-ritter-trenk","tag-turmbau-zu-babel"],"yoast_head":"<!-- This site is optimized with the Yoast SEO plugin v21.0 - https:\/\/yoast.com\/wordpress\/plugins\/seo\/ -->\n<title>Trenk gegen Wertolt, Teil sechs - KinderZEIT-Blog<\/title>\n<meta name=\"robots\" content=\"index, follow, max-snippet:-1, max-image-preview:large, max-video-preview:-1\" \/>\n<link rel=\"canonical\" href=\"https:\/\/blog.zeit.de\/kinderzeit\/2013\/09\/07\/trenk-gegen-wertolt-teil-sechs_14477\" \/>\n<meta property=\"og:locale\" content=\"de_DE\" \/>\n<meta property=\"og:type\" content=\"article\" \/>\n<meta property=\"og:title\" content=\"Trenk gegen Wertolt, Teil sechs - KinderZEIT-Blog\" \/>\n<meta property=\"og:description\" content=\"Der kleine Ritter Trenk mischt zusammen mit seiner Freundin Thekla (die mit der tollen Erbsenschleuder) weiter das Mittelalter ganz gewaltig auf. Immer an seiner Seite das Schwein Ferkelchen und nat\u00fcrlich die fr\u00f6hlichen Gaukler. In der neuen Geschichte ist es wieder einmal der Ritter Wertolt der W\u00fcterich, der f\u00fcr m\u00e4chtig Stunk sorgt. Schuld ist sein Gr\u00f6\u00dfenwahn\" \/>\n<meta property=\"og:url\" content=\"https:\/\/blog.zeit.de\/kinderzeit\/2013\/09\/07\/trenk-gegen-wertolt-teil-sechs_14477\" \/>\n<meta property=\"og:site_name\" content=\"KinderZEIT-Blog\" \/>\n<meta property=\"article:published_time\" content=\"2013-09-07T08:00:04+00:00\" \/>\n<meta property=\"article:modified_time\" content=\"2013-09-07T08:00:14+00:00\" \/>\n<meta property=\"og:image\" content=\"https:\/\/blog.zeit.de\/kinderzeit\/files\/2013\/09\/trenk_turmbau-216x300.jpg\" \/>\n<meta name=\"author\" content=\"Redaktion KinderZEIT\" \/>\n<meta name=\"twitter:card\" content=\"summary_large_image\" \/>\n<meta name=\"twitter:label1\" content=\"Verfasst von\" \/>\n\t<meta name=\"twitter:data1\" content=\"Redaktion KinderZEIT\" \/>\n\t<meta name=\"twitter:label2\" content=\"Gesch\u00e4tzte Lesezeit\" \/>\n\t<meta name=\"twitter:data2\" content=\"1\u00a0Minute\" \/>\n<script type=\"application\/ld+json\" class=\"yoast-schema-graph\">{\"@context\":\"https:\/\/schema.org\",\"@graph\":[{\"@type\":\"WebPage\",\"@id\":\"https:\/\/blog.zeit.de\/kinderzeit\/2013\/09\/07\/trenk-gegen-wertolt-teil-sechs_14477\",\"url\":\"https:\/\/blog.zeit.de\/kinderzeit\/2013\/09\/07\/trenk-gegen-wertolt-teil-sechs_14477\",\"name\":\"Trenk gegen Wertolt, Teil sechs - KinderZEIT-Blog\",\"isPartOf\":{\"@id\":\"https:\/\/blog.zeit.de\/kinderzeit\/#website\"},\"datePublished\":\"2013-09-07T08:00:04+00:00\",\"dateModified\":\"2013-09-07T08:00:14+00:00\",\"author\":{\"@id\":\"https:\/\/blog.zeit.de\/kinderzeit\/#\/schema\/person\/49470446f328463e8ea80b00b7d5da9c\"},\"breadcrumb\":{\"@id\":\"https:\/\/blog.zeit.de\/kinderzeit\/2013\/09\/07\/trenk-gegen-wertolt-teil-sechs_14477#breadcrumb\"},\"inLanguage\":\"de\",\"potentialAction\":[{\"@type\":\"ReadAction\",\"target\":[\"https:\/\/blog.zeit.de\/kinderzeit\/2013\/09\/07\/trenk-gegen-wertolt-teil-sechs_14477\"]}]},{\"@type\":\"BreadcrumbList\",\"@id\":\"https:\/\/blog.zeit.de\/kinderzeit\/2013\/09\/07\/trenk-gegen-wertolt-teil-sechs_14477#breadcrumb\",\"itemListElement\":[{\"@type\":\"ListItem\",\"position\":1,\"name\":\"Startseite\",\"item\":\"https:\/\/blog.zeit.de\/kinderzeit\"},{\"@type\":\"ListItem\",\"position\":2,\"name\":\"Trenk gegen Wertolt, Teil sechs\"}]},{\"@type\":\"WebSite\",\"@id\":\"https:\/\/blog.zeit.de\/kinderzeit\/#website\",\"url\":\"https:\/\/blog.zeit.de\/kinderzeit\/\",\"name\":\"KinderZEIT-Blog\",\"description\":\"Politik, Kultur und R\u00e4tsel f\u00fcr junge Leser\",\"potentialAction\":[{\"@type\":\"SearchAction\",\"target\":{\"@type\":\"EntryPoint\",\"urlTemplate\":\"https:\/\/blog.zeit.de\/kinderzeit\/?s={search_term_string}\"},\"query-input\":\"required name=search_term_string\"}],\"inLanguage\":\"de\"},{\"@type\":\"Person\",\"@id\":\"https:\/\/blog.zeit.de\/kinderzeit\/#\/schema\/person\/49470446f328463e8ea80b00b7d5da9c\",\"name\":\"Redaktion KinderZEIT\",\"image\":{\"@type\":\"ImageObject\",\"inLanguage\":\"de\",\"@id\":\"https:\/\/blog.zeit.de\/kinderzeit\/#\/schema\/person\/image\/\",\"url\":\"https:\/\/secure.gravatar.com\/avatar\/e613a4a2ad2bd6413584eec4b8dd51cb549f6f87f7a858de5437c6df45ca1659?s=96&d=mm&r=g\",\"contentUrl\":\"https:\/\/secure.gravatar.com\/avatar\/e613a4a2ad2bd6413584eec4b8dd51cb549f6f87f7a858de5437c6df45ca1659?s=96&d=mm&r=g\",\"caption\":\"Redaktion KinderZEIT\"},\"url\":\"https:\/\/blog.zeit.de\/kinderzeit\/author\/sandra-valeska-bruhns\"}]}<\/script>\n<!-- \/ Yoast SEO plugin. -->","yoast_head_json":{"title":"Trenk gegen Wertolt, Teil sechs - KinderZEIT-Blog","robots":{"index":"index","follow":"follow","max-snippet":"max-snippet:-1","max-image-preview":"max-image-preview:large","max-video-preview":"max-video-preview:-1"},"canonical":"https:\/\/blog.zeit.de\/kinderzeit\/2013\/09\/07\/trenk-gegen-wertolt-teil-sechs_14477","og_locale":"de_DE","og_type":"article","og_title":"Trenk gegen Wertolt, Teil sechs - KinderZEIT-Blog","og_description":"Der kleine Ritter Trenk mischt zusammen mit seiner Freundin Thekla (die mit der tollen Erbsenschleuder) weiter das Mittelalter ganz gewaltig auf. Immer an seiner Seite das Schwein Ferkelchen und nat\u00fcrlich die fr\u00f6hlichen Gaukler. In der neuen Geschichte ist es wieder einmal der Ritter Wertolt der W\u00fcterich, der f\u00fcr m\u00e4chtig Stunk sorgt. Schuld ist sein Gr\u00f6\u00dfenwahn","og_url":"https:\/\/blog.zeit.de\/kinderzeit\/2013\/09\/07\/trenk-gegen-wertolt-teil-sechs_14477","og_site_name":"KinderZEIT-Blog","article_published_time":"2013-09-07T08:00:04+00:00","article_modified_time":"2013-09-07T08:00:14+00:00","og_image":[{"url":"https:\/\/blog.zeit.de\/kinderzeit\/files\/2013\/09\/trenk_turmbau-216x300.jpg"}],"author":"Redaktion KinderZEIT","twitter_card":"summary_large_image","twitter_misc":{"Verfasst von":"Redaktion KinderZEIT","Gesch\u00e4tzte Lesezeit":"1\u00a0Minute"},"schema":{"@context":"https:\/\/schema.org","@graph":[{"@type":"WebPage","@id":"https:\/\/blog.zeit.de\/kinderzeit\/2013\/09\/07\/trenk-gegen-wertolt-teil-sechs_14477","url":"https:\/\/blog.zeit.de\/kinderzeit\/2013\/09\/07\/trenk-gegen-wertolt-teil-sechs_14477","name":"Trenk gegen Wertolt, Teil sechs - KinderZEIT-Blog","isPartOf":{"@id":"https:\/\/blog.zeit.de\/kinderzeit\/#website"},"datePublished":"2013-09-07T08:00:04+00:00","dateModified":"2013-09-07T08:00:14+00:00","author":{"@id":"https:\/\/blog.zeit.de\/kinderzeit\/#\/schema\/person\/49470446f328463e8ea80b00b7d5da9c"},"breadcrumb":{"@id":"https:\/\/blog.zeit.de\/kinderzeit\/2013\/09\/07\/trenk-gegen-wertolt-teil-sechs_14477#breadcrumb"},"inLanguage":"de","potentialAction":[{"@type":"ReadAction","target":["https:\/\/blog.zeit.de\/kinderzeit\/2013\/09\/07\/trenk-gegen-wertolt-teil-sechs_14477"]}]},{"@type":"BreadcrumbList","@id":"https:\/\/blog.zeit.de\/kinderzeit\/2013\/09\/07\/trenk-gegen-wertolt-teil-sechs_14477#breadcrumb","itemListElement":[{"@type":"ListItem","position":1,"name":"Startseite","item":"https:\/\/blog.zeit.de\/kinderzeit"},{"@type":"ListItem","position":2,"name":"Trenk gegen Wertolt, Teil sechs"}]},{"@type":"WebSite","@id":"https:\/\/blog.zeit.de\/kinderzeit\/#website","url":"https:\/\/blog.zeit.de\/kinderzeit\/","name":"KinderZEIT-Blog","description":"Politik, Kultur und R\u00e4tsel f\u00fcr junge Leser","potentialAction":[{"@type":"SearchAction","target":{"@type":"EntryPoint","urlTemplate":"https:\/\/blog.zeit.de\/kinderzeit\/?s={search_term_string}"},"query-input":"required name=search_term_string"}],"inLanguage":"de"},{"@type":"Person","@id":"https:\/\/blog.zeit.de\/kinderzeit\/#\/schema\/person\/49470446f328463e8ea80b00b7d5da9c","name":"Redaktion KinderZEIT","image":{"@type":"ImageObject","inLanguage":"de","@id":"https:\/\/blog.zeit.de\/kinderzeit\/#\/schema\/person\/image\/","url":"https:\/\/secure.gravatar.com\/avatar\/e613a4a2ad2bd6413584eec4b8dd51cb549f6f87f7a858de5437c6df45ca1659?s=96&d=mm&r=g","contentUrl":"https:\/\/secure.gravatar.com\/avatar\/e613a4a2ad2bd6413584eec4b8dd51cb549f6f87f7a858de5437c6df45ca1659?s=96&d=mm&r=g","caption":"Redaktion KinderZEIT"},"url":"https:\/\/blog.zeit.de\/kinderzeit\/author\/sandra-valeska-bruhns"}]}},"jetpack_featured_media_url":"","jetpack_sharing_enabled":true,"_links":{"self":[{"href":"https:\/\/blog.zeit.de\/kinderzeit\/wp-json\/wp\/v2\/posts\/14477","targetHints":{"allow":["GET"]}}],"collection":[{"href":"https:\/\/blog.zeit.de\/kinderzeit\/wp-json\/wp\/v2\/posts"}],"about":[{"href":"https:\/\/blog.zeit.de\/kinderzeit\/wp-json\/wp\/v2\/types\/post"}],"author":[{"embeddable":true,"href":"https:\/\/blog.zeit.de\/kinderzeit\/wp-json\/wp\/v2\/users\/217"}],"replies":[{"embeddable":true,"href":"https:\/\/blog.zeit.de\/kinderzeit\/wp-json\/wp\/v2\/comments?post=14477"}],"version-history":[{"count":7,"href":"https:\/\/blog.zeit.de\/kinderzeit\/wp-json\/wp\/v2\/posts\/14477\/revisions"}],"predecessor-version":[{"id":14491,"href":"https:\/\/blog.zeit.de\/kinderzeit\/wp-json\/wp\/v2\/posts\/14477\/revisions\/14491"}],"wp:attachment":[{"href":"https:\/\/blog.zeit.de\/kinderzeit\/wp-json\/wp\/v2\/media?parent=14477"}],"wp:term":[{"taxonomy":"category","embeddable":true,"href":"https:\/\/blog.zeit.de\/kinderzeit\/wp-json\/wp\/v2\/categories?post=14477"},{"taxonomy":"post_tag","embeddable":true,"href":"https:\/\/blog.zeit.de\/kinderzeit\/wp-json\/wp\/v2\/tags?post=14477"}],"curies":[{"name":"wp","href":"https:\/\/api.w.org\/{rel}","templated":true}]}}