{"id":18,"date":"2008-06-19T09:00:44","date_gmt":"2008-06-19T07:00:44","guid":{"rendered":"http:\/\/blog.zeit.de\/kinderzeit\/?p=18"},"modified":"2008-06-19T09:00:44","modified_gmt":"2008-06-19T07:00:44","slug":"das-fliegende-kanzleramt","status":"publish","type":"post","link":"https:\/\/blog.zeit.de\/kinderzeit\/2008\/06\/19\/das-fliegende-kanzleramt_18","title":{"rendered":"Das fliegende Kanzleramt"},"content":{"rendered":"<p><strong>Regieren von unterwegs: Warum Angela Merkel mit einem ganz besonderen Flugzeug auf Reisen geht<\/strong><\/p>\n<p><em>Von Susanne Gaschke und Bernd Ulrich<\/em><\/p>\n<p>Nicht viele Menschen fliegen zur Arbeit, aber die Bundeskanzlerin tut es ziemlich oft. W\u00e4hrend sie in Berlin regiert, sitzt sie nat\u00fcrlich im Kanzleramt oder im Bundestag. Sehr oft muss sie sich aber im Ausland mit anderen Regierungschefs treffen und sich mit ihnen dar\u00fcber unterhalten, ob die L\u00e4nder politisch zusammenarbeiten wollen \u2013 beim Umweltschutz zum Beispiel. Und weil die Kanzlerin immer sehr in Eile ist, hat sie f\u00fcr solche Reisen ein eigenes Flugzeug. Oder eigentlich zwei: die Konrad Adenauer und die Theodor Heuss. Das erste hei\u00dft nach einem fr\u00fcheren Bundeskanzler von der CDU, das zweite nach einem ehemaligen Bundespr\u00e4sidenten von der FDP. Diese Flugzeuge geh\u00f6ren der Kanzlerin nicht privat, sie geh\u00f6ren der Bundeswehr. Wenn Angela Merkel sie gerade nicht braucht, dann d\u00fcrfen Minister damit fliegen, manchmal auch Bundestagsabgeordnete.<!--more--><\/p>\n<p>Die Kanzlerin f\u00fchlt sich ziemlich wohl in ihrem Flugzeug. Gleich am Eingang steht eine gro\u00dfe Blumenvase, da steckt der \u00bbChef der Kabine\u00ab, Oberstabsfeldwebel Friedhelm Wehrhoff, immer eine prachtvolle Blume hinein, eine Orchidee oder eine Lilie. Und dann hat die Kanzlerin \u2013 oder der Bundespr\u00e4sident, wenn er unterwegs ist \u2013 ein eigenes Schlafzimmer an Bord. Bequemer als im Ferienflieger nach Mallorca! Aber die Kanzlerin darf ja auch nicht m\u00fcde und zerknittert aussehen, wenn sie in Japan zum Staatsbesuch ankommt.<\/p>\n<p>Das Schlafzimmer ist klein, kleiner als ein normales Kinderzimmer, und es hat zwei schmale Betten mit gesteppten \u00dcberdecken. Die Betten sind praktisch, besonders wenn man bedenkt, dass alle anderen Mitreisenden \u2013 Sekret\u00e4re, Journalistinnen, Bodyguards, Unternehmer \u2013 in ihren Sesseln schlafen m\u00fcssen. 85 Personen kann die Kanzlerin auf ihre Reisen mitnehmen. Aber nur sie hat ein Badezimmer, mit einem gro\u00dfen Spiegel, mit eigener Toilette, Waschbecken und einer richtigen Dusche. Friedhelm Wehrhoff sorgt daf\u00fcr, dass es den Passagieren an Bord gut geht. Alle G\u00e4ste bekommen sehr leckeres Essen, mit Vorspeisen und Nachtisch, und sie d\u00fcrfen, wenn sie wollen, Wein aus echten Gl\u00e4sern trinken. Keine Pappbecher!<\/p>\n<p>Und was isst die Kanzlerin gern an Bord? \u00bbGem\u00fcse und Dips, Salat und Obst mag sie sehr\u00ab, sagt Friedhelm Wehrhoff, \u00bbund sonst ganz normale Gerichte, Suppe, Braten und so weiter.\u00ab Da ist die Kanzlerin also pflegeleicht: Wehrhoff k\u00f6nnte auch von Ministern erz\u00e4hlen, die ihm und seiner Besatzung schon mit Sonderw\u00fcnschen das Leben schwer gemacht haben. Oder von Passagieren, die hinten im Flugzeug ganz unordentlich ihre ausgelesenen Zeitungen auf den Boden schmei\u00dfen. Aber das tut er ebenso wenig wie der Kommandant des Flugzeugs, Oberstleutnant Ulrich Bartholme. Die G\u00e4ste sollen sich ja wohlf\u00fchlen unterwegs \u2013 und nicht bef\u00fcrchten, dass alles, was sie machen, weitererz\u00e4hlt wird. Im \u00dcbrigen hat der Kommandant sowieso alle H\u00e4nde voll zu tun: Ulrich Bartholme muss manchmal auf so entlegenen Flugpl\u00e4tzen landen (neulich zum Beispiel in Bratsk, in der N\u00e4he von Irkutsk in Sibirien), dass er sich nicht immer sicher ist, ob es dort eine ordentliche Landebahn gibt. Und er muss vor jeder Reise kl\u00e4ren, ob die Kanzlermaschine fremde L\u00e4nder \u00fcberfliegen und ob sie am Ziel z\u00fcgig landen darf.<\/p>\n<p>Richtig erholen kann sich die Kanzlerin an Bord nicht. Sie muss die Weltlage besprechen, den Staatsbesuch vorbereiten \u2013 und mitbekommen, ob sich zu Hause ihre Minister streiten. Oder ob etwas Schreckliches passiert ist, ein Zugungl\u00fcck oder eine \u00dcberschwemmung. In solchen Situationen wollen die Menschen sofort wissen, was die Regierungschefin sagt. SMS schreiben darf Angela Merkel aus dem Flugzeug nicht, obwohl sie das sonst gern tut. Aber das Handy k\u00f6nnte die Bordelektronik st\u00f6ren, deshalb muss sie auch zum Sprechen ein Satellitentelefon benutzen. Wenn sie arbeitet oder isst, sitzt die Kanzlerin meist im Besprechungszimmer, auf dicken Polstersesseln.<\/p>\n<p>Manchmal veranstaltet sie an Bord eine Art Pressekonferenz. Daf\u00fcr gibt es einen Extraraum, etwas gr\u00f6\u00dfer als das Schlafzimmer. Darin befinden sich nur sechs Sessel, und darum m\u00fcssen die mitreisenden Journalisten oft auf dem Boden sitzen oder knien. Das ist eigentlich nicht in Ordnung, denn die Presse sollte nicht vor der Macht knien. Allerdings ist die Kanzlerin meist sehr lustig, da ist es nicht so schlimm.<\/p>\n<p>Weil die Kanzlerflugzeuge schon recht alt sind \u2013 fast 20 Jahre \u2013, hat das Parlament im M\u00e4rz beschlossen, zwei neue Flugzeuge zu kaufen, mit denen man weiter fliegen kann als mit der Konrad Adenauer und der Theodor Heuss und in die mehr Menschen hineinpassen. Um Geld zu sparen, werden auch diese \u00bbneuen\u00ab Maschinen gebraucht gekauft; mit allem Drum und Dran kosten sie allerdings immer noch 400 Millionen Euro. Das klingt sehr teuer, aber die Flugzeuge (der Flugzeugtyp hei\u00dft Airbus A340-300) werden daf\u00fcr alles M\u00f6gliche k\u00f6nnen: Zum Beispiel sollen sie endlich E-Mail an Bord haben (und zwar so, dass niemand heimlich mitlesen kann), und sie bekommen eine Art Laserwaffe, mit der die Besatzung Raketen abwehren k\u00f6nnte, falls das Flugzeug angegriffen w\u00fcrde. (Das ist noch nicht passiert, aber man wei\u00df ja nie.) Wahrscheinlich hofft die Kanzlerin, dass sie bei der Auswahl der neuen Tapeten ein W\u00f6rtchen mitreden darf: Die alten haben ein ziemlich scheu\u00dfliches Muster.<\/p>\n<p>Der Verlauf einer Reise wird sich freilich auch mit den neuen Flugzeugen nicht \u00e4ndern: Die Landung muss p\u00fcnktlich auf die Sekunde sein, besonders bei Gipfeltreffen, wo die Regierungsflugzeuge aus aller Welt vor dem roten Teppich f\u00fcr die G\u00e4ste Schlange stehen. Wenn die T\u00fcr sich \u00f6ffnet, steigt die Kanzlerin als Erste aus und blinzelt in die Sonne. Davon gibt\u2019s immer die Filmaufnahmen, die abends im Fernsehen zu sehen sind. Wenn uns diese Bilder erreichen, ist sie schon wieder unterwegs in ihrem fliegenden Kanzleramt.<\/p>\n","protected":false},"excerpt":{"rendered":"<p>Regieren von unterwegs: Warum Angela Merkel mit einem ganz besonderen Flugzeug auf Reisen geht Von Susanne Gaschke und Bernd Ulrich Nicht viele Menschen fliegen zur Arbeit, aber die Bundeskanzlerin tut es ziemlich oft. W\u00e4hrend sie in Berlin regiert, sitzt sie nat\u00fcrlich im Kanzleramt oder im Bundestag. Sehr oft muss sie sich aber im Ausland mit [&hellip;]<\/p>\n","protected":false},"author":182,"featured_media":0,"comment_status":"open","ping_status":"closed","sticky":false,"template":"","format":"standard","meta":{"_jetpack_memberships_contains_paid_content":false,"footnotes":""},"categories":[187],"tags":[],"class_list":["post-18","post","type-post","status-publish","format-standard","hentry","category-politik"],"yoast_head":"<!-- This site is optimized with the Yoast SEO plugin v21.0 - https:\/\/yoast.com\/wordpress\/plugins\/seo\/ -->\n<title>Das fliegende Kanzleramt - KinderZEIT-Blog<\/title>\n<meta name=\"robots\" content=\"index, follow, max-snippet:-1, max-image-preview:large, max-video-preview:-1\" \/>\n<link rel=\"canonical\" href=\"https:\/\/blog.zeit.de\/kinderzeit\/2008\/06\/19\/das-fliegende-kanzleramt_18\" \/>\n<meta property=\"og:locale\" content=\"de_DE\" \/>\n<meta property=\"og:type\" content=\"article\" \/>\n<meta property=\"og:title\" content=\"Das fliegende Kanzleramt - KinderZEIT-Blog\" \/>\n<meta property=\"og:description\" content=\"Regieren von unterwegs: Warum Angela Merkel mit einem ganz besonderen Flugzeug auf Reisen geht Von Susanne Gaschke und Bernd Ulrich Nicht viele Menschen fliegen zur Arbeit, aber die Bundeskanzlerin tut es ziemlich oft. W\u00e4hrend sie in Berlin regiert, sitzt sie nat\u00fcrlich im Kanzleramt oder im Bundestag. Sehr oft muss sie sich aber im Ausland mit [&hellip;]\" \/>\n<meta property=\"og:url\" content=\"https:\/\/blog.zeit.de\/kinderzeit\/2008\/06\/19\/das-fliegende-kanzleramt_18\" \/>\n<meta property=\"og:site_name\" content=\"KinderZEIT-Blog\" \/>\n<meta property=\"article:published_time\" content=\"2008-06-19T07:00:44+00:00\" \/>\n<meta name=\"author\" content=\"Redaktion KinderZEIT\" \/>\n<meta name=\"twitter:card\" content=\"summary_large_image\" \/>\n<meta name=\"twitter:label1\" content=\"Verfasst von\" \/>\n\t<meta name=\"twitter:data1\" content=\"Redaktion KinderZEIT\" \/>\n\t<meta name=\"twitter:label2\" content=\"Gesch\u00e4tzte Lesezeit\" \/>\n\t<meta name=\"twitter:data2\" content=\"5\u00a0Minuten\" \/>\n<script type=\"application\/ld+json\" class=\"yoast-schema-graph\">{\"@context\":\"https:\/\/schema.org\",\"@graph\":[{\"@type\":\"WebPage\",\"@id\":\"https:\/\/blog.zeit.de\/kinderzeit\/2008\/06\/19\/das-fliegende-kanzleramt_18\",\"url\":\"https:\/\/blog.zeit.de\/kinderzeit\/2008\/06\/19\/das-fliegende-kanzleramt_18\",\"name\":\"Das fliegende Kanzleramt - KinderZEIT-Blog\",\"isPartOf\":{\"@id\":\"https:\/\/blog.zeit.de\/kinderzeit\/#website\"},\"datePublished\":\"2008-06-19T07:00:44+00:00\",\"dateModified\":\"2008-06-19T07:00:44+00:00\",\"author\":{\"@id\":\"https:\/\/blog.zeit.de\/kinderzeit\/#\/schema\/person\/6e0d5a68bc7cd962fb05619f0ec7869c\"},\"breadcrumb\":{\"@id\":\"https:\/\/blog.zeit.de\/kinderzeit\/2008\/06\/19\/das-fliegende-kanzleramt_18#breadcrumb\"},\"inLanguage\":\"de\",\"potentialAction\":[{\"@type\":\"ReadAction\",\"target\":[\"https:\/\/blog.zeit.de\/kinderzeit\/2008\/06\/19\/das-fliegende-kanzleramt_18\"]}]},{\"@type\":\"BreadcrumbList\",\"@id\":\"https:\/\/blog.zeit.de\/kinderzeit\/2008\/06\/19\/das-fliegende-kanzleramt_18#breadcrumb\",\"itemListElement\":[{\"@type\":\"ListItem\",\"position\":1,\"name\":\"Startseite\",\"item\":\"https:\/\/blog.zeit.de\/kinderzeit\"},{\"@type\":\"ListItem\",\"position\":2,\"name\":\"Das fliegende Kanzleramt\"}]},{\"@type\":\"WebSite\",\"@id\":\"https:\/\/blog.zeit.de\/kinderzeit\/#website\",\"url\":\"https:\/\/blog.zeit.de\/kinderzeit\/\",\"name\":\"KinderZEIT-Blog\",\"description\":\"Politik, Kultur und R\u00e4tsel f\u00fcr junge Leser\",\"potentialAction\":[{\"@type\":\"SearchAction\",\"target\":{\"@type\":\"EntryPoint\",\"urlTemplate\":\"https:\/\/blog.zeit.de\/kinderzeit\/?s={search_term_string}\"},\"query-input\":\"required name=search_term_string\"}],\"inLanguage\":\"de\"},{\"@type\":\"Person\",\"@id\":\"https:\/\/blog.zeit.de\/kinderzeit\/#\/schema\/person\/6e0d5a68bc7cd962fb05619f0ec7869c\",\"name\":\"Redaktion KinderZEIT\",\"image\":{\"@type\":\"ImageObject\",\"inLanguage\":\"de\",\"@id\":\"https:\/\/blog.zeit.de\/kinderzeit\/#\/schema\/person\/image\/\",\"url\":\"https:\/\/secure.gravatar.com\/avatar\/01961d03edfd521f933356966a7e7db36c1281b66ec7fb6d1013979dca8baef8?s=96&d=mm&r=g\",\"contentUrl\":\"https:\/\/secure.gravatar.com\/avatar\/01961d03edfd521f933356966a7e7db36c1281b66ec7fb6d1013979dca8baef8?s=96&d=mm&r=g\",\"caption\":\"Redaktion KinderZEIT\"},\"url\":\"https:\/\/blog.zeit.de\/kinderzeit\/author\/katrin-hoernlein\"}]}<\/script>\n<!-- \/ Yoast SEO plugin. -->","yoast_head_json":{"title":"Das fliegende Kanzleramt - KinderZEIT-Blog","robots":{"index":"index","follow":"follow","max-snippet":"max-snippet:-1","max-image-preview":"max-image-preview:large","max-video-preview":"max-video-preview:-1"},"canonical":"https:\/\/blog.zeit.de\/kinderzeit\/2008\/06\/19\/das-fliegende-kanzleramt_18","og_locale":"de_DE","og_type":"article","og_title":"Das fliegende Kanzleramt - KinderZEIT-Blog","og_description":"Regieren von unterwegs: Warum Angela Merkel mit einem ganz besonderen Flugzeug auf Reisen geht Von Susanne Gaschke und Bernd Ulrich Nicht viele Menschen fliegen zur Arbeit, aber die Bundeskanzlerin tut es ziemlich oft. W\u00e4hrend sie in Berlin regiert, sitzt sie nat\u00fcrlich im Kanzleramt oder im Bundestag. Sehr oft muss sie sich aber im Ausland mit [&hellip;]","og_url":"https:\/\/blog.zeit.de\/kinderzeit\/2008\/06\/19\/das-fliegende-kanzleramt_18","og_site_name":"KinderZEIT-Blog","article_published_time":"2008-06-19T07:00:44+00:00","author":"Redaktion KinderZEIT","twitter_card":"summary_large_image","twitter_misc":{"Verfasst von":"Redaktion KinderZEIT","Gesch\u00e4tzte Lesezeit":"5\u00a0Minuten"},"schema":{"@context":"https:\/\/schema.org","@graph":[{"@type":"WebPage","@id":"https:\/\/blog.zeit.de\/kinderzeit\/2008\/06\/19\/das-fliegende-kanzleramt_18","url":"https:\/\/blog.zeit.de\/kinderzeit\/2008\/06\/19\/das-fliegende-kanzleramt_18","name":"Das fliegende Kanzleramt - KinderZEIT-Blog","isPartOf":{"@id":"https:\/\/blog.zeit.de\/kinderzeit\/#website"},"datePublished":"2008-06-19T07:00:44+00:00","dateModified":"2008-06-19T07:00:44+00:00","author":{"@id":"https:\/\/blog.zeit.de\/kinderzeit\/#\/schema\/person\/6e0d5a68bc7cd962fb05619f0ec7869c"},"breadcrumb":{"@id":"https:\/\/blog.zeit.de\/kinderzeit\/2008\/06\/19\/das-fliegende-kanzleramt_18#breadcrumb"},"inLanguage":"de","potentialAction":[{"@type":"ReadAction","target":["https:\/\/blog.zeit.de\/kinderzeit\/2008\/06\/19\/das-fliegende-kanzleramt_18"]}]},{"@type":"BreadcrumbList","@id":"https:\/\/blog.zeit.de\/kinderzeit\/2008\/06\/19\/das-fliegende-kanzleramt_18#breadcrumb","itemListElement":[{"@type":"ListItem","position":1,"name":"Startseite","item":"https:\/\/blog.zeit.de\/kinderzeit"},{"@type":"ListItem","position":2,"name":"Das fliegende Kanzleramt"}]},{"@type":"WebSite","@id":"https:\/\/blog.zeit.de\/kinderzeit\/#website","url":"https:\/\/blog.zeit.de\/kinderzeit\/","name":"KinderZEIT-Blog","description":"Politik, Kultur und R\u00e4tsel f\u00fcr junge Leser","potentialAction":[{"@type":"SearchAction","target":{"@type":"EntryPoint","urlTemplate":"https:\/\/blog.zeit.de\/kinderzeit\/?s={search_term_string}"},"query-input":"required name=search_term_string"}],"inLanguage":"de"},{"@type":"Person","@id":"https:\/\/blog.zeit.de\/kinderzeit\/#\/schema\/person\/6e0d5a68bc7cd962fb05619f0ec7869c","name":"Redaktion KinderZEIT","image":{"@type":"ImageObject","inLanguage":"de","@id":"https:\/\/blog.zeit.de\/kinderzeit\/#\/schema\/person\/image\/","url":"https:\/\/secure.gravatar.com\/avatar\/01961d03edfd521f933356966a7e7db36c1281b66ec7fb6d1013979dca8baef8?s=96&d=mm&r=g","contentUrl":"https:\/\/secure.gravatar.com\/avatar\/01961d03edfd521f933356966a7e7db36c1281b66ec7fb6d1013979dca8baef8?s=96&d=mm&r=g","caption":"Redaktion KinderZEIT"},"url":"https:\/\/blog.zeit.de\/kinderzeit\/author\/katrin-hoernlein"}]}},"jetpack_featured_media_url":"","jetpack_sharing_enabled":true,"_links":{"self":[{"href":"https:\/\/blog.zeit.de\/kinderzeit\/wp-json\/wp\/v2\/posts\/18","targetHints":{"allow":["GET"]}}],"collection":[{"href":"https:\/\/blog.zeit.de\/kinderzeit\/wp-json\/wp\/v2\/posts"}],"about":[{"href":"https:\/\/blog.zeit.de\/kinderzeit\/wp-json\/wp\/v2\/types\/post"}],"author":[{"embeddable":true,"href":"https:\/\/blog.zeit.de\/kinderzeit\/wp-json\/wp\/v2\/users\/182"}],"replies":[{"embeddable":true,"href":"https:\/\/blog.zeit.de\/kinderzeit\/wp-json\/wp\/v2\/comments?post=18"}],"version-history":[{"count":0,"href":"https:\/\/blog.zeit.de\/kinderzeit\/wp-json\/wp\/v2\/posts\/18\/revisions"}],"wp:attachment":[{"href":"https:\/\/blog.zeit.de\/kinderzeit\/wp-json\/wp\/v2\/media?parent=18"}],"wp:term":[{"taxonomy":"category","embeddable":true,"href":"https:\/\/blog.zeit.de\/kinderzeit\/wp-json\/wp\/v2\/categories?post=18"},{"taxonomy":"post_tag","embeddable":true,"href":"https:\/\/blog.zeit.de\/kinderzeit\/wp-json\/wp\/v2\/tags?post=18"}],"curies":[{"name":"wp","href":"https:\/\/api.w.org\/{rel}","templated":true}]}}