{"id":221,"date":"2008-11-13T17:18:42","date_gmt":"2008-11-13T15:18:42","guid":{"rendered":"http:\/\/blog.zeit.de\/kinderzeit\/?p=221"},"modified":"2008-11-13T17:18:42","modified_gmt":"2008-11-13T15:18:42","slug":"was-soll-ich-lesen-6","status":"publish","type":"post","link":"https:\/\/blog.zeit.de\/kinderzeit\/2008\/11\/13\/was-soll-ich-lesen-6_221","title":{"rendered":"Was soll ich lesen?"},"content":{"rendered":"<p><strong>Lebenswerk<\/strong><\/p>\n<table border=\"0\" cellspacing=\"0\" cellpadding=\"0\" width=\"220\" align=\"left\" >\n<tbody>\n<tr>\n<td>\n<div><img src='https:\/\/img.zeit.de\/bilder\/2008\/47\/wissen\/kinderzeit\/lesen-haertling-210.jpg' alt='Buchtipp' class='alignleft' \/><\/div>\n<\/td>\n<\/tr>\n<tr>\n<td style=\"font-size: 10px; line-height: 12px;\">\u00a9 Beltz &#38; Gelberg<\/td>\n<\/tr>\n<\/tbody>\n<\/table>\n<p>Mit knapp 500 Seiten ist <em>Romane f\u00fcr Kinder<\/em> ein ganz sch\u00f6ner W\u00e4lzer. Daf\u00fcr stecken aber auch f\u00fcnf B\u00fccher zwischen den Deckeln. Zum 75. Geburtstag des Autors Peter H\u00e4rtling an diesem Donnerstag gibt es den Sammelband. Ihr k\u00f6nnt lesen, wie Ben sich in Anna verliebt, und mit Kalle erleben, wie er bei seiner Oma aufw\u00e4chst. Ihr versteht vielleicht, warum Theo von zu Hause abhaut, als sich seine Eltern schier unertr\u00e4glich auff\u00fchren. Ihr k\u00f6nnt mit Laura und Jakob \u00fcber die Eigenarten des alten John lachen. Und vielleicht versteht ihr ein bisschen, was in dem behinderten Jungen Hirbel vorgeht. Oft kann man lachen, manchmal machen die Erz\u00e4hlungen aber auch traurig \u2013 wie im echten Leben. So jedenfalls wollte Peter H\u00e4rtling immer schreiben.<\/p>\n<p>Peter H\u00e4rtling<br \/>\n<strong>Romane f\u00fcr Kinder<\/strong><br \/>\nBeltz &#038; Gelberg 2008<br \/>\n15 \u20ac<\/p>\n","protected":false},"excerpt":{"rendered":"<p>Lebenswerk \u00a9 Beltz &#38; Gelberg Mit knapp 500 Seiten ist Romane f\u00fcr Kinder ein ganz sch\u00f6ner W\u00e4lzer. Daf\u00fcr stecken aber auch f\u00fcnf B\u00fccher zwischen den Deckeln. Zum 75. Geburtstag des Autors Peter H\u00e4rtling an diesem Donnerstag gibt es den Sammelband. Ihr k\u00f6nnt lesen, wie Ben sich in Anna verliebt, und mit Kalle erleben, wie er [&hellip;]<\/p>\n","protected":false},"author":182,"featured_media":0,"comment_status":"open","ping_status":"closed","sticky":false,"template":"","format":"standard","meta":{"_jetpack_memberships_contains_paid_content":false,"footnotes":""},"categories":[1157],"tags":[30],"class_list":["post-221","post","type-post","status-publish","format-standard","hentry","category-buchtipp-hortipp-filmtipp-fernsehtipp","tag-tag-hinzufugen"],"yoast_head":"<!-- This site is optimized with the Yoast SEO plugin v21.0 - https:\/\/yoast.com\/wordpress\/plugins\/seo\/ -->\n<title>Was soll ich lesen? - KinderZEIT-Blog<\/title>\n<meta name=\"robots\" content=\"index, follow, max-snippet:-1, max-image-preview:large, max-video-preview:-1\" \/>\n<link rel=\"canonical\" href=\"https:\/\/blog.zeit.de\/kinderzeit\/2008\/11\/13\/was-soll-ich-lesen-6_221\" \/>\n<meta property=\"og:locale\" content=\"de_DE\" \/>\n<meta property=\"og:type\" content=\"article\" \/>\n<meta property=\"og:title\" content=\"Was soll ich lesen? - KinderZEIT-Blog\" \/>\n<meta property=\"og:description\" content=\"Lebenswerk \u00a9 Beltz &#038; Gelberg Mit knapp 500 Seiten ist Romane f\u00fcr Kinder ein ganz sch\u00f6ner W\u00e4lzer. Daf\u00fcr stecken aber auch f\u00fcnf B\u00fccher zwischen den Deckeln. Zum 75. Geburtstag des Autors Peter H\u00e4rtling an diesem Donnerstag gibt es den Sammelband. Ihr k\u00f6nnt lesen, wie Ben sich in Anna verliebt, und mit Kalle erleben, wie er [&hellip;]\" \/>\n<meta property=\"og:url\" content=\"https:\/\/blog.zeit.de\/kinderzeit\/2008\/11\/13\/was-soll-ich-lesen-6_221\" \/>\n<meta property=\"og:site_name\" content=\"KinderZEIT-Blog\" \/>\n<meta property=\"article:published_time\" content=\"2008-11-13T15:18:42+00:00\" \/>\n<meta property=\"og:image\" content=\"https:\/\/img.zeit.de\/bilder\/2008\/47\/wissen\/kinderzeit\/lesen-haertling-210.jpg\" \/>\n<meta name=\"author\" content=\"Redaktion KinderZEIT\" \/>\n<meta name=\"twitter:card\" content=\"summary_large_image\" \/>\n<meta name=\"twitter:label1\" content=\"Verfasst von\" \/>\n\t<meta name=\"twitter:data1\" content=\"Redaktion KinderZEIT\" \/>\n\t<meta name=\"twitter:label2\" content=\"Gesch\u00e4tzte Lesezeit\" \/>\n\t<meta name=\"twitter:data2\" content=\"1\u00a0Minute\" \/>\n<script type=\"application\/ld+json\" class=\"yoast-schema-graph\">{\"@context\":\"https:\/\/schema.org\",\"@graph\":[{\"@type\":\"WebPage\",\"@id\":\"https:\/\/blog.zeit.de\/kinderzeit\/2008\/11\/13\/was-soll-ich-lesen-6_221\",\"url\":\"https:\/\/blog.zeit.de\/kinderzeit\/2008\/11\/13\/was-soll-ich-lesen-6_221\",\"name\":\"Was soll ich lesen? - KinderZEIT-Blog\",\"isPartOf\":{\"@id\":\"https:\/\/blog.zeit.de\/kinderzeit\/#website\"},\"datePublished\":\"2008-11-13T15:18:42+00:00\",\"dateModified\":\"2008-11-13T15:18:42+00:00\",\"author\":{\"@id\":\"https:\/\/blog.zeit.de\/kinderzeit\/#\/schema\/person\/6e0d5a68bc7cd962fb05619f0ec7869c\"},\"breadcrumb\":{\"@id\":\"https:\/\/blog.zeit.de\/kinderzeit\/2008\/11\/13\/was-soll-ich-lesen-6_221#breadcrumb\"},\"inLanguage\":\"de\",\"potentialAction\":[{\"@type\":\"ReadAction\",\"target\":[\"https:\/\/blog.zeit.de\/kinderzeit\/2008\/11\/13\/was-soll-ich-lesen-6_221\"]}]},{\"@type\":\"BreadcrumbList\",\"@id\":\"https:\/\/blog.zeit.de\/kinderzeit\/2008\/11\/13\/was-soll-ich-lesen-6_221#breadcrumb\",\"itemListElement\":[{\"@type\":\"ListItem\",\"position\":1,\"name\":\"Startseite\",\"item\":\"https:\/\/blog.zeit.de\/kinderzeit\"},{\"@type\":\"ListItem\",\"position\":2,\"name\":\"Was soll ich lesen?\"}]},{\"@type\":\"WebSite\",\"@id\":\"https:\/\/blog.zeit.de\/kinderzeit\/#website\",\"url\":\"https:\/\/blog.zeit.de\/kinderzeit\/\",\"name\":\"KinderZEIT-Blog\",\"description\":\"Politik, Kultur und R\u00e4tsel f\u00fcr junge Leser\",\"potentialAction\":[{\"@type\":\"SearchAction\",\"target\":{\"@type\":\"EntryPoint\",\"urlTemplate\":\"https:\/\/blog.zeit.de\/kinderzeit\/?s={search_term_string}\"},\"query-input\":\"required name=search_term_string\"}],\"inLanguage\":\"de\"},{\"@type\":\"Person\",\"@id\":\"https:\/\/blog.zeit.de\/kinderzeit\/#\/schema\/person\/6e0d5a68bc7cd962fb05619f0ec7869c\",\"name\":\"Redaktion KinderZEIT\",\"image\":{\"@type\":\"ImageObject\",\"inLanguage\":\"de\",\"@id\":\"https:\/\/blog.zeit.de\/kinderzeit\/#\/schema\/person\/image\/\",\"url\":\"https:\/\/secure.gravatar.com\/avatar\/01961d03edfd521f933356966a7e7db36c1281b66ec7fb6d1013979dca8baef8?s=96&d=mm&r=g\",\"contentUrl\":\"https:\/\/secure.gravatar.com\/avatar\/01961d03edfd521f933356966a7e7db36c1281b66ec7fb6d1013979dca8baef8?s=96&d=mm&r=g\",\"caption\":\"Redaktion KinderZEIT\"},\"url\":\"https:\/\/blog.zeit.de\/kinderzeit\/author\/katrin-hoernlein\"}]}<\/script>\n<!-- \/ Yoast SEO plugin. -->","yoast_head_json":{"title":"Was soll ich lesen? - KinderZEIT-Blog","robots":{"index":"index","follow":"follow","max-snippet":"max-snippet:-1","max-image-preview":"max-image-preview:large","max-video-preview":"max-video-preview:-1"},"canonical":"https:\/\/blog.zeit.de\/kinderzeit\/2008\/11\/13\/was-soll-ich-lesen-6_221","og_locale":"de_DE","og_type":"article","og_title":"Was soll ich lesen? - KinderZEIT-Blog","og_description":"Lebenswerk \u00a9 Beltz &#38; Gelberg Mit knapp 500 Seiten ist Romane f\u00fcr Kinder ein ganz sch\u00f6ner W\u00e4lzer. Daf\u00fcr stecken aber auch f\u00fcnf B\u00fccher zwischen den Deckeln. Zum 75. Geburtstag des Autors Peter H\u00e4rtling an diesem Donnerstag gibt es den Sammelband. Ihr k\u00f6nnt lesen, wie Ben sich in Anna verliebt, und mit Kalle erleben, wie er [&hellip;]","og_url":"https:\/\/blog.zeit.de\/kinderzeit\/2008\/11\/13\/was-soll-ich-lesen-6_221","og_site_name":"KinderZEIT-Blog","article_published_time":"2008-11-13T15:18:42+00:00","og_image":[{"url":"https:\/\/img.zeit.de\/bilder\/2008\/47\/wissen\/kinderzeit\/lesen-haertling-210.jpg"}],"author":"Redaktion KinderZEIT","twitter_card":"summary_large_image","twitter_misc":{"Verfasst von":"Redaktion KinderZEIT","Gesch\u00e4tzte Lesezeit":"1\u00a0Minute"},"schema":{"@context":"https:\/\/schema.org","@graph":[{"@type":"WebPage","@id":"https:\/\/blog.zeit.de\/kinderzeit\/2008\/11\/13\/was-soll-ich-lesen-6_221","url":"https:\/\/blog.zeit.de\/kinderzeit\/2008\/11\/13\/was-soll-ich-lesen-6_221","name":"Was soll ich lesen? - KinderZEIT-Blog","isPartOf":{"@id":"https:\/\/blog.zeit.de\/kinderzeit\/#website"},"datePublished":"2008-11-13T15:18:42+00:00","dateModified":"2008-11-13T15:18:42+00:00","author":{"@id":"https:\/\/blog.zeit.de\/kinderzeit\/#\/schema\/person\/6e0d5a68bc7cd962fb05619f0ec7869c"},"breadcrumb":{"@id":"https:\/\/blog.zeit.de\/kinderzeit\/2008\/11\/13\/was-soll-ich-lesen-6_221#breadcrumb"},"inLanguage":"de","potentialAction":[{"@type":"ReadAction","target":["https:\/\/blog.zeit.de\/kinderzeit\/2008\/11\/13\/was-soll-ich-lesen-6_221"]}]},{"@type":"BreadcrumbList","@id":"https:\/\/blog.zeit.de\/kinderzeit\/2008\/11\/13\/was-soll-ich-lesen-6_221#breadcrumb","itemListElement":[{"@type":"ListItem","position":1,"name":"Startseite","item":"https:\/\/blog.zeit.de\/kinderzeit"},{"@type":"ListItem","position":2,"name":"Was soll ich lesen?"}]},{"@type":"WebSite","@id":"https:\/\/blog.zeit.de\/kinderzeit\/#website","url":"https:\/\/blog.zeit.de\/kinderzeit\/","name":"KinderZEIT-Blog","description":"Politik, Kultur und R\u00e4tsel f\u00fcr junge Leser","potentialAction":[{"@type":"SearchAction","target":{"@type":"EntryPoint","urlTemplate":"https:\/\/blog.zeit.de\/kinderzeit\/?s={search_term_string}"},"query-input":"required name=search_term_string"}],"inLanguage":"de"},{"@type":"Person","@id":"https:\/\/blog.zeit.de\/kinderzeit\/#\/schema\/person\/6e0d5a68bc7cd962fb05619f0ec7869c","name":"Redaktion KinderZEIT","image":{"@type":"ImageObject","inLanguage":"de","@id":"https:\/\/blog.zeit.de\/kinderzeit\/#\/schema\/person\/image\/","url":"https:\/\/secure.gravatar.com\/avatar\/01961d03edfd521f933356966a7e7db36c1281b66ec7fb6d1013979dca8baef8?s=96&d=mm&r=g","contentUrl":"https:\/\/secure.gravatar.com\/avatar\/01961d03edfd521f933356966a7e7db36c1281b66ec7fb6d1013979dca8baef8?s=96&d=mm&r=g","caption":"Redaktion KinderZEIT"},"url":"https:\/\/blog.zeit.de\/kinderzeit\/author\/katrin-hoernlein"}]}},"jetpack_featured_media_url":"","jetpack_sharing_enabled":true,"_links":{"self":[{"href":"https:\/\/blog.zeit.de\/kinderzeit\/wp-json\/wp\/v2\/posts\/221","targetHints":{"allow":["GET"]}}],"collection":[{"href":"https:\/\/blog.zeit.de\/kinderzeit\/wp-json\/wp\/v2\/posts"}],"about":[{"href":"https:\/\/blog.zeit.de\/kinderzeit\/wp-json\/wp\/v2\/types\/post"}],"author":[{"embeddable":true,"href":"https:\/\/blog.zeit.de\/kinderzeit\/wp-json\/wp\/v2\/users\/182"}],"replies":[{"embeddable":true,"href":"https:\/\/blog.zeit.de\/kinderzeit\/wp-json\/wp\/v2\/comments?post=221"}],"version-history":[{"count":0,"href":"https:\/\/blog.zeit.de\/kinderzeit\/wp-json\/wp\/v2\/posts\/221\/revisions"}],"wp:attachment":[{"href":"https:\/\/blog.zeit.de\/kinderzeit\/wp-json\/wp\/v2\/media?parent=221"}],"wp:term":[{"taxonomy":"category","embeddable":true,"href":"https:\/\/blog.zeit.de\/kinderzeit\/wp-json\/wp\/v2\/categories?post=221"},{"taxonomy":"post_tag","embeddable":true,"href":"https:\/\/blog.zeit.de\/kinderzeit\/wp-json\/wp\/v2\/tags?post=221"}],"curies":[{"name":"wp","href":"https:\/\/api.w.org\/{rel}","templated":true}]}}