{"id":239,"date":"2008-11-20T10:48:58","date_gmt":"2008-11-20T08:48:58","guid":{"rendered":"http:\/\/blog.zeit.de\/kinderzeit\/?p=239"},"modified":"2008-11-20T10:48:58","modified_gmt":"2008-11-20T08:48:58","slug":"gartenbuch","status":"publish","type":"post","link":"https:\/\/blog.zeit.de\/kinderzeit\/2008\/11\/20\/gartenbuch_239","title":{"rendered":"Gartenbuch"},"content":{"rendered":"<p><\/p>\n<table border=\"0\" cellspacing=\"0\" cellpadding=\"0\" width=\"230\" align=\"left\" >\n<tbody>\n<tr>\n<td>\n<div><img src='https:\/\/img.zeit.de\/bilder\/2008\/48\/wissen\/kinderzeit\/53-cover-gartenzwerg-210.jpg' alt='Gartenbuch' class='alignleft' \/><\/div>\n<\/td>\n<\/tr>\n<tr>\n<td style=\"font-size: 10px; line-height: 12px;\">\u00a9 Callwey<\/td>\n<\/tr>\n<\/tbody>\n<\/table>\n<p>Im Herbst und Winter kann man im Garten nichts machen? Von wegen! Wie w\u00e4re es mit einem Erdnussknabberherz f\u00fcr V\u00f6gel oder einer K\u00fcrbislaterne mit R\u00fcbennase? Ihr k\u00f6nnt auch statt einer Weihnachtskrippe ein Elfenhaus in den Apfelbaum basteln. Die Anleitungen daf\u00fcr stehen in Gartenzwerg und G\u00e4nsebl\u00fcmchen \u2013 das Buch ist zwar eher f\u00fcr eure Eltern geschrieben, aber die bekommen dort tolle Ideen f\u00fcr euch junge G\u00e4rtner. Zugegeben, den meisten Spa\u00df hat man mit dem Buch im Fr\u00fchjahr und Sommer. Aber eben nicht nur! Auch f\u00fcr Leute ohne Garten ist etwas dabei: Sie k\u00f6nnen auf der Fensterbank Eierk\u00f6pfe mit Kressehaaren z\u00fcchten oder ein Vogelbad f\u00fcr den Balkon basteln.<\/p>\n<p>Catherine Woram\/Martyn Cox:<br \/>\n<strong>Gartenzwerg und G\u00e4nsebl\u00fcmchen<\/strong><br \/>\nCallwey 2008<br \/>\n19,95 Euro<\/p>\n","protected":false},"excerpt":{"rendered":"<p>\u00a9 Callwey Im Herbst und Winter kann man im Garten nichts machen? Von wegen! Wie w\u00e4re es mit einem Erdnussknabberherz f\u00fcr V\u00f6gel oder einer K\u00fcrbislaterne mit R\u00fcbennase? Ihr k\u00f6nnt auch statt einer Weihnachtskrippe ein Elfenhaus in den Apfelbaum basteln. Die Anleitungen daf\u00fcr stehen in Gartenzwerg und G\u00e4nsebl\u00fcmchen \u2013 das Buch ist zwar eher f\u00fcr eure [&hellip;]<\/p>\n","protected":false},"author":182,"featured_media":0,"comment_status":"open","ping_status":"closed","sticky":false,"template":"","format":"standard","meta":{"_jetpack_memberships_contains_paid_content":false,"footnotes":""},"categories":[1157],"tags":[],"class_list":["post-239","post","type-post","status-publish","format-standard","hentry","category-buchtipp-hortipp-filmtipp-fernsehtipp"],"yoast_head":"<!-- This site is optimized with the Yoast SEO plugin v21.0 - https:\/\/yoast.com\/wordpress\/plugins\/seo\/ -->\n<title>Gartenbuch - KinderZEIT-Blog<\/title>\n<meta name=\"robots\" content=\"index, follow, max-snippet:-1, max-image-preview:large, max-video-preview:-1\" \/>\n<link rel=\"canonical\" href=\"https:\/\/blog.zeit.de\/kinderzeit\/2008\/11\/20\/gartenbuch_239\" \/>\n<meta property=\"og:locale\" content=\"de_DE\" \/>\n<meta property=\"og:type\" content=\"article\" \/>\n<meta property=\"og:title\" content=\"Gartenbuch - KinderZEIT-Blog\" \/>\n<meta property=\"og:description\" content=\"\u00a9 Callwey Im Herbst und Winter kann man im Garten nichts machen? Von wegen! Wie w\u00e4re es mit einem Erdnussknabberherz f\u00fcr V\u00f6gel oder einer K\u00fcrbislaterne mit R\u00fcbennase? Ihr k\u00f6nnt auch statt einer Weihnachtskrippe ein Elfenhaus in den Apfelbaum basteln. Die Anleitungen daf\u00fcr stehen in Gartenzwerg und G\u00e4nsebl\u00fcmchen \u2013 das Buch ist zwar eher f\u00fcr eure [&hellip;]\" \/>\n<meta property=\"og:url\" content=\"https:\/\/blog.zeit.de\/kinderzeit\/2008\/11\/20\/gartenbuch_239\" \/>\n<meta property=\"og:site_name\" content=\"KinderZEIT-Blog\" \/>\n<meta property=\"article:published_time\" content=\"2008-11-20T08:48:58+00:00\" \/>\n<meta property=\"og:image\" content=\"https:\/\/img.zeit.de\/bilder\/2008\/48\/wissen\/kinderzeit\/53-cover-gartenzwerg-210.jpg\" \/>\n<meta name=\"author\" content=\"Redaktion KinderZEIT\" \/>\n<meta name=\"twitter:card\" content=\"summary_large_image\" \/>\n<meta name=\"twitter:label1\" content=\"Verfasst von\" \/>\n\t<meta name=\"twitter:data1\" content=\"Redaktion KinderZEIT\" \/>\n\t<meta name=\"twitter:label2\" content=\"Gesch\u00e4tzte Lesezeit\" \/>\n\t<meta name=\"twitter:data2\" content=\"1\u00a0Minute\" \/>\n<script type=\"application\/ld+json\" class=\"yoast-schema-graph\">{\"@context\":\"https:\/\/schema.org\",\"@graph\":[{\"@type\":\"WebPage\",\"@id\":\"https:\/\/blog.zeit.de\/kinderzeit\/2008\/11\/20\/gartenbuch_239\",\"url\":\"https:\/\/blog.zeit.de\/kinderzeit\/2008\/11\/20\/gartenbuch_239\",\"name\":\"Gartenbuch - KinderZEIT-Blog\",\"isPartOf\":{\"@id\":\"https:\/\/blog.zeit.de\/kinderzeit\/#website\"},\"datePublished\":\"2008-11-20T08:48:58+00:00\",\"dateModified\":\"2008-11-20T08:48:58+00:00\",\"author\":{\"@id\":\"https:\/\/blog.zeit.de\/kinderzeit\/#\/schema\/person\/6e0d5a68bc7cd962fb05619f0ec7869c\"},\"breadcrumb\":{\"@id\":\"https:\/\/blog.zeit.de\/kinderzeit\/2008\/11\/20\/gartenbuch_239#breadcrumb\"},\"inLanguage\":\"de\",\"potentialAction\":[{\"@type\":\"ReadAction\",\"target\":[\"https:\/\/blog.zeit.de\/kinderzeit\/2008\/11\/20\/gartenbuch_239\"]}]},{\"@type\":\"BreadcrumbList\",\"@id\":\"https:\/\/blog.zeit.de\/kinderzeit\/2008\/11\/20\/gartenbuch_239#breadcrumb\",\"itemListElement\":[{\"@type\":\"ListItem\",\"position\":1,\"name\":\"Startseite\",\"item\":\"https:\/\/blog.zeit.de\/kinderzeit\"},{\"@type\":\"ListItem\",\"position\":2,\"name\":\"Gartenbuch\"}]},{\"@type\":\"WebSite\",\"@id\":\"https:\/\/blog.zeit.de\/kinderzeit\/#website\",\"url\":\"https:\/\/blog.zeit.de\/kinderzeit\/\",\"name\":\"KinderZEIT-Blog\",\"description\":\"Politik, Kultur und R\u00e4tsel f\u00fcr junge Leser\",\"potentialAction\":[{\"@type\":\"SearchAction\",\"target\":{\"@type\":\"EntryPoint\",\"urlTemplate\":\"https:\/\/blog.zeit.de\/kinderzeit\/?s={search_term_string}\"},\"query-input\":\"required name=search_term_string\"}],\"inLanguage\":\"de\"},{\"@type\":\"Person\",\"@id\":\"https:\/\/blog.zeit.de\/kinderzeit\/#\/schema\/person\/6e0d5a68bc7cd962fb05619f0ec7869c\",\"name\":\"Redaktion KinderZEIT\",\"image\":{\"@type\":\"ImageObject\",\"inLanguage\":\"de\",\"@id\":\"https:\/\/blog.zeit.de\/kinderzeit\/#\/schema\/person\/image\/\",\"url\":\"https:\/\/secure.gravatar.com\/avatar\/01961d03edfd521f933356966a7e7db36c1281b66ec7fb6d1013979dca8baef8?s=96&d=mm&r=g\",\"contentUrl\":\"https:\/\/secure.gravatar.com\/avatar\/01961d03edfd521f933356966a7e7db36c1281b66ec7fb6d1013979dca8baef8?s=96&d=mm&r=g\",\"caption\":\"Redaktion KinderZEIT\"},\"url\":\"https:\/\/blog.zeit.de\/kinderzeit\/author\/katrin-hoernlein\"}]}<\/script>\n<!-- \/ Yoast SEO plugin. -->","yoast_head_json":{"title":"Gartenbuch - KinderZEIT-Blog","robots":{"index":"index","follow":"follow","max-snippet":"max-snippet:-1","max-image-preview":"max-image-preview:large","max-video-preview":"max-video-preview:-1"},"canonical":"https:\/\/blog.zeit.de\/kinderzeit\/2008\/11\/20\/gartenbuch_239","og_locale":"de_DE","og_type":"article","og_title":"Gartenbuch - KinderZEIT-Blog","og_description":"\u00a9 Callwey Im Herbst und Winter kann man im Garten nichts machen? Von wegen! Wie w\u00e4re es mit einem Erdnussknabberherz f\u00fcr V\u00f6gel oder einer K\u00fcrbislaterne mit R\u00fcbennase? Ihr k\u00f6nnt auch statt einer Weihnachtskrippe ein Elfenhaus in den Apfelbaum basteln. Die Anleitungen daf\u00fcr stehen in Gartenzwerg und G\u00e4nsebl\u00fcmchen \u2013 das Buch ist zwar eher f\u00fcr eure [&hellip;]","og_url":"https:\/\/blog.zeit.de\/kinderzeit\/2008\/11\/20\/gartenbuch_239","og_site_name":"KinderZEIT-Blog","article_published_time":"2008-11-20T08:48:58+00:00","og_image":[{"url":"https:\/\/img.zeit.de\/bilder\/2008\/48\/wissen\/kinderzeit\/53-cover-gartenzwerg-210.jpg"}],"author":"Redaktion KinderZEIT","twitter_card":"summary_large_image","twitter_misc":{"Verfasst von":"Redaktion KinderZEIT","Gesch\u00e4tzte Lesezeit":"1\u00a0Minute"},"schema":{"@context":"https:\/\/schema.org","@graph":[{"@type":"WebPage","@id":"https:\/\/blog.zeit.de\/kinderzeit\/2008\/11\/20\/gartenbuch_239","url":"https:\/\/blog.zeit.de\/kinderzeit\/2008\/11\/20\/gartenbuch_239","name":"Gartenbuch - KinderZEIT-Blog","isPartOf":{"@id":"https:\/\/blog.zeit.de\/kinderzeit\/#website"},"datePublished":"2008-11-20T08:48:58+00:00","dateModified":"2008-11-20T08:48:58+00:00","author":{"@id":"https:\/\/blog.zeit.de\/kinderzeit\/#\/schema\/person\/6e0d5a68bc7cd962fb05619f0ec7869c"},"breadcrumb":{"@id":"https:\/\/blog.zeit.de\/kinderzeit\/2008\/11\/20\/gartenbuch_239#breadcrumb"},"inLanguage":"de","potentialAction":[{"@type":"ReadAction","target":["https:\/\/blog.zeit.de\/kinderzeit\/2008\/11\/20\/gartenbuch_239"]}]},{"@type":"BreadcrumbList","@id":"https:\/\/blog.zeit.de\/kinderzeit\/2008\/11\/20\/gartenbuch_239#breadcrumb","itemListElement":[{"@type":"ListItem","position":1,"name":"Startseite","item":"https:\/\/blog.zeit.de\/kinderzeit"},{"@type":"ListItem","position":2,"name":"Gartenbuch"}]},{"@type":"WebSite","@id":"https:\/\/blog.zeit.de\/kinderzeit\/#website","url":"https:\/\/blog.zeit.de\/kinderzeit\/","name":"KinderZEIT-Blog","description":"Politik, Kultur und R\u00e4tsel f\u00fcr junge Leser","potentialAction":[{"@type":"SearchAction","target":{"@type":"EntryPoint","urlTemplate":"https:\/\/blog.zeit.de\/kinderzeit\/?s={search_term_string}"},"query-input":"required name=search_term_string"}],"inLanguage":"de"},{"@type":"Person","@id":"https:\/\/blog.zeit.de\/kinderzeit\/#\/schema\/person\/6e0d5a68bc7cd962fb05619f0ec7869c","name":"Redaktion KinderZEIT","image":{"@type":"ImageObject","inLanguage":"de","@id":"https:\/\/blog.zeit.de\/kinderzeit\/#\/schema\/person\/image\/","url":"https:\/\/secure.gravatar.com\/avatar\/01961d03edfd521f933356966a7e7db36c1281b66ec7fb6d1013979dca8baef8?s=96&d=mm&r=g","contentUrl":"https:\/\/secure.gravatar.com\/avatar\/01961d03edfd521f933356966a7e7db36c1281b66ec7fb6d1013979dca8baef8?s=96&d=mm&r=g","caption":"Redaktion KinderZEIT"},"url":"https:\/\/blog.zeit.de\/kinderzeit\/author\/katrin-hoernlein"}]}},"jetpack_featured_media_url":"","jetpack_sharing_enabled":true,"_links":{"self":[{"href":"https:\/\/blog.zeit.de\/kinderzeit\/wp-json\/wp\/v2\/posts\/239","targetHints":{"allow":["GET"]}}],"collection":[{"href":"https:\/\/blog.zeit.de\/kinderzeit\/wp-json\/wp\/v2\/posts"}],"about":[{"href":"https:\/\/blog.zeit.de\/kinderzeit\/wp-json\/wp\/v2\/types\/post"}],"author":[{"embeddable":true,"href":"https:\/\/blog.zeit.de\/kinderzeit\/wp-json\/wp\/v2\/users\/182"}],"replies":[{"embeddable":true,"href":"https:\/\/blog.zeit.de\/kinderzeit\/wp-json\/wp\/v2\/comments?post=239"}],"version-history":[{"count":0,"href":"https:\/\/blog.zeit.de\/kinderzeit\/wp-json\/wp\/v2\/posts\/239\/revisions"}],"wp:attachment":[{"href":"https:\/\/blog.zeit.de\/kinderzeit\/wp-json\/wp\/v2\/media?parent=239"}],"wp:term":[{"taxonomy":"category","embeddable":true,"href":"https:\/\/blog.zeit.de\/kinderzeit\/wp-json\/wp\/v2\/categories?post=239"},{"taxonomy":"post_tag","embeddable":true,"href":"https:\/\/blog.zeit.de\/kinderzeit\/wp-json\/wp\/v2\/tags?post=239"}],"curies":[{"name":"wp","href":"https:\/\/api.w.org\/{rel}","templated":true}]}}