{"id":244,"date":"2008-11-20T10:50:37","date_gmt":"2008-11-20T08:50:37","guid":{"rendered":"http:\/\/blog.zeit.de\/kinderzeit\/?p=244"},"modified":"2008-11-20T10:50:37","modified_gmt":"2008-11-20T08:50:37","slug":"die-insel-im-wind","status":"publish","type":"post","link":"https:\/\/blog.zeit.de\/kinderzeit\/2008\/11\/20\/die-insel-im-wind_244","title":{"rendered":"Die Insel im Wind"},"content":{"rendered":"<p><strong>Auf Sams\u00d8 hat die Zukunft schon begonnen: Die Insulaner erzeugen ihren eigenen Strom \u2013 und sch\u00fctzen dabei auch noch die Umwelt <\/strong><\/p>\n<p><em>Von Margrit Gerste<\/em><\/p>\n<p><img src='https:\/\/img.zeit.de\/bilder\/2008\/48\/wissen\/kinderzeit\/53-nordby-marup-450.jpg' alt='Kinderzeit' class='aligncenter' \/><span style=\"font-size: 10px;\">\u00a9 <a href=\"http:\/\/www.energiakademiet.dk\" target=\"_blank\">Jesper Kjems<\/a><\/span><\/p>\n<p>Die Eisberge schmelzen, die B\u00e4ren ertrinken und wir wom\u00f6glich auch, jedenfalls hier im sch\u00f6nen Hamburg: Weil es immer w\u00e4rmer wird auf der Erde; weil wir viel zu viel Kohle und \u00d6l verbrennen. Die Leute auf der d\u00e4nischen Insel Sams\u00f8 haben sich etwas einfallen lassen: \u00d6l und Kohle brauchen sie nicht mehr, um es warm zu haben im Winter und hell, wenn es dunkel wird. F\u00fcrs Heizen, f\u00fcr warmes Wasser und Strom haben sie sich Quellen erschlossen, die keinen Schaden anrichten wie das \u00d6l und die Kohle. Es sind Wind und Sonne, Holz und Stroh \u2013 alles sogenannte erneuerbare Energien.<\/p>\n<p>Sams\u00f8 ist eine wundersch\u00f6ne Insel mit viel Wind und Sonne. 4.100 Menschen leben hier, Bauern, die Kartoffeln, Weizen und K\u00fcrbisse anbauen, Handwerker und Lehrer. Im Sommer, wenn etwa eine halbe Million Touristen an die wei\u00dfen Str\u00e4nde kommen, gibt es hier Arbeit und Einkommen. Vor zehn Jahren aber gerieten die Sams\u00f8er in Schwierigkeiten. Das Schlachthaus machte dicht, fast hundert Leute verloren ihre Arbeit; f\u00fcr die Fischer gab es nichts mehr zu fischen im Kattegat der Nordsee; wer jung war, musste weggehen. <!--more--><\/p>\n<p>Doch dann hatte Sams\u00f8 Gl\u00fcck: Die Einwohner gewannen ein Preisausschreiben der d\u00e4nischen Regierung, und Sams\u00f8 wurde zur \u00bbInsel der erneuerbaren Energien\u00ab gek\u00fcrt. Die Leute waren verbl\u00fcfft und hatten keine Ahnung, wovon \u00fcberhaupt die Rede war, denn den Plan, wie man eine solche Revolution anzetteln k\u00f6nnte, hatte ein Ingenieur vom Festland eingereicht. Was nun? Gl\u00fccklicherweise gab es S\u00f8ren Hermansen, er war auf Sams\u00f8 Lehrer f\u00fcr das Fach Umwelt. Er muss ein toller Lehrer gewesen sein, einer, der nicht von oben nach unten spricht: Tu dies, tu das! Erwachsene m\u00f6gen das ebenso wenig wie Kinder. Die wollen \u00fcberzeugt werden, die gucken erst mal: Was macht mein Nachbar, und was h\u00e4lt der Gro\u00dfbauer J\u00f8rgen davon? \u00dcberhaupt: Was habe ich davon \u2013 und kann man auch etwas verdienen bei dieser Energiegeschichte? Man kann! Aber es hat gedauert, es wurde viel diskutiert und gestritten auf B\u00fcrger- und Nachbarschaftsversammlungen, S\u00f8ren Hermansen musste viel reden, bis die Sams\u00f8er ihm folgten \u2013 und etwas riskiert haben. Jetzt haben sie: elf Windr\u00e4der zu Lande, die ihnen allen Strom liefern, und das auch noch billiger als zuvor, plus zehn Windr\u00e4der, die vor der K\u00fcste im Meer rotieren. Den so erzeugten Strom verkaufen die Insulaner aufs Festland.<\/p>\n<p>Au\u00dferdem haben die Sams\u00f8er: vier Heizkraftwerke, die mit Stroh von den Weizenfeldern und mit Holz aus den W\u00e4ldern gef\u00fcttert werden; obendrein ein Sonnenheizsystem und Solarzellen auf etlichen H\u00e4uschen. Alles in allem erzeugen die Inselbewohner 75 Prozent dessen, was sie f\u00fcr Heizung und hei\u00dfes Wasser brauchen, selbst. Und die Energie geh\u00f6rt auch nicht irgendwelchen Konzernen, die dauernd die Preise erh\u00f6hen, sondern Sams\u00f8er B\u00fcrgern und der Gemeinde. Sie alle haben Geld investiert, zwischen 2.000 und 800.000 Euro. Damit geht nat\u00fcrlich die ganze Sache jeden Einzelnen eine Menge an, alle f\u00fchlen sich verantwortlich f\u00fcr ihr Projekt \u2013 das inzwischen weltber\u00fchmt ist. Journalisten aus Amerika und Forscher aus Japan kommen und staunen. In der \u00bbEnergiakademi\u00ab werden sie empfangen, zum Beispiel von Jesper Kjems, einem jungen Journalisten, der von der Hauptstadt Kopenhagen nach Sams\u00f8 zog, weil es Spa\u00df macht dort zu leben, wo die Zukunft schon in der Gegenwart angekommen ist.<\/p>\n<p>In der Akademie gibt es auch eine \u00bbCamp school\u00ab, wo der Lehrer Frank Mundt seine jungen Besucher anleitet, selbst etwas zu bauen: eine Windm\u00fchle etwa oder eine Solarzelle. Frank freut sich, wenn es ihm gelingt, Kinder, die im Alltag st\u00e4ndig Dinge benutzen, von deren Entstehung sie keine Ahnung haben, zu Erfindern zu bef\u00f6rdern. \u00bbIch m\u00f6chte\u00ab, strahlt er, \u00bbHoffnung auf die Zukunft machen: Die wird total anders, aber auch sch\u00f6n!\u00ab<\/p>\n<p>Weitere Informationen unter <a href=\"http:\/\/www.energiakademiet.dk\">www.energiakademiet.dk<\/a><\/p>\n","protected":false},"excerpt":{"rendered":"<p>Auf Sams\u00d8 hat die Zukunft schon begonnen: Die Insulaner erzeugen ihren eigenen Strom \u2013 und sch\u00fctzen dabei auch noch die Umwelt Von Margrit Gerste \u00a9 Jesper Kjems Die Eisberge schmelzen, die B\u00e4ren ertrinken und wir wom\u00f6glich auch, jedenfalls hier im sch\u00f6nen Hamburg: Weil es immer w\u00e4rmer wird auf der Erde; weil wir viel zu viel [&hellip;]<\/p>\n","protected":false},"author":182,"featured_media":0,"comment_status":"open","ping_status":"closed","sticky":false,"template":"","format":"standard","meta":{"_jetpack_memberships_contains_paid_content":false,"footnotes":""},"categories":[187,889],"tags":[],"class_list":["post-244","post","type-post","status-publish","format-standard","hentry","category-politik","category-wissen"],"yoast_head":"<!-- This site is optimized with the Yoast SEO plugin v21.0 - https:\/\/yoast.com\/wordpress\/plugins\/seo\/ -->\n<title>Die Insel im Wind - KinderZEIT-Blog<\/title>\n<meta name=\"robots\" content=\"index, follow, max-snippet:-1, max-image-preview:large, max-video-preview:-1\" \/>\n<link rel=\"canonical\" href=\"https:\/\/blog.zeit.de\/kinderzeit\/2008\/11\/20\/die-insel-im-wind_244\" \/>\n<meta property=\"og:locale\" content=\"de_DE\" \/>\n<meta property=\"og:type\" content=\"article\" \/>\n<meta property=\"og:title\" content=\"Die Insel im Wind - KinderZEIT-Blog\" \/>\n<meta property=\"og:description\" content=\"Auf Sams\u00d8 hat die Zukunft schon begonnen: Die Insulaner erzeugen ihren eigenen Strom \u2013 und sch\u00fctzen dabei auch noch die Umwelt Von Margrit Gerste \u00a9 Jesper Kjems Die Eisberge schmelzen, die B\u00e4ren ertrinken und wir wom\u00f6glich auch, jedenfalls hier im sch\u00f6nen Hamburg: Weil es immer w\u00e4rmer wird auf der Erde; weil wir viel zu viel [&hellip;]\" \/>\n<meta property=\"og:url\" content=\"https:\/\/blog.zeit.de\/kinderzeit\/2008\/11\/20\/die-insel-im-wind_244\" \/>\n<meta property=\"og:site_name\" content=\"KinderZEIT-Blog\" \/>\n<meta property=\"article:published_time\" content=\"2008-11-20T08:50:37+00:00\" \/>\n<meta property=\"og:image\" content=\"https:\/\/img.zeit.de\/bilder\/2008\/48\/wissen\/kinderzeit\/53-nordby-marup-450.jpg\" \/>\n<meta name=\"author\" content=\"Redaktion KinderZEIT\" \/>\n<meta name=\"twitter:card\" content=\"summary_large_image\" \/>\n<meta name=\"twitter:label1\" content=\"Verfasst von\" \/>\n\t<meta name=\"twitter:data1\" content=\"Redaktion KinderZEIT\" \/>\n\t<meta name=\"twitter:label2\" content=\"Gesch\u00e4tzte Lesezeit\" \/>\n\t<meta name=\"twitter:data2\" content=\"3\u00a0Minuten\" \/>\n<script type=\"application\/ld+json\" class=\"yoast-schema-graph\">{\"@context\":\"https:\/\/schema.org\",\"@graph\":[{\"@type\":\"WebPage\",\"@id\":\"https:\/\/blog.zeit.de\/kinderzeit\/2008\/11\/20\/die-insel-im-wind_244\",\"url\":\"https:\/\/blog.zeit.de\/kinderzeit\/2008\/11\/20\/die-insel-im-wind_244\",\"name\":\"Die Insel im Wind - KinderZEIT-Blog\",\"isPartOf\":{\"@id\":\"https:\/\/blog.zeit.de\/kinderzeit\/#website\"},\"datePublished\":\"2008-11-20T08:50:37+00:00\",\"dateModified\":\"2008-11-20T08:50:37+00:00\",\"author\":{\"@id\":\"https:\/\/blog.zeit.de\/kinderzeit\/#\/schema\/person\/6e0d5a68bc7cd962fb05619f0ec7869c\"},\"breadcrumb\":{\"@id\":\"https:\/\/blog.zeit.de\/kinderzeit\/2008\/11\/20\/die-insel-im-wind_244#breadcrumb\"},\"inLanguage\":\"de\",\"potentialAction\":[{\"@type\":\"ReadAction\",\"target\":[\"https:\/\/blog.zeit.de\/kinderzeit\/2008\/11\/20\/die-insel-im-wind_244\"]}]},{\"@type\":\"BreadcrumbList\",\"@id\":\"https:\/\/blog.zeit.de\/kinderzeit\/2008\/11\/20\/die-insel-im-wind_244#breadcrumb\",\"itemListElement\":[{\"@type\":\"ListItem\",\"position\":1,\"name\":\"Startseite\",\"item\":\"https:\/\/blog.zeit.de\/kinderzeit\"},{\"@type\":\"ListItem\",\"position\":2,\"name\":\"Die Insel im Wind\"}]},{\"@type\":\"WebSite\",\"@id\":\"https:\/\/blog.zeit.de\/kinderzeit\/#website\",\"url\":\"https:\/\/blog.zeit.de\/kinderzeit\/\",\"name\":\"KinderZEIT-Blog\",\"description\":\"Politik, Kultur und R\u00e4tsel f\u00fcr junge Leser\",\"potentialAction\":[{\"@type\":\"SearchAction\",\"target\":{\"@type\":\"EntryPoint\",\"urlTemplate\":\"https:\/\/blog.zeit.de\/kinderzeit\/?s={search_term_string}\"},\"query-input\":\"required name=search_term_string\"}],\"inLanguage\":\"de\"},{\"@type\":\"Person\",\"@id\":\"https:\/\/blog.zeit.de\/kinderzeit\/#\/schema\/person\/6e0d5a68bc7cd962fb05619f0ec7869c\",\"name\":\"Redaktion KinderZEIT\",\"image\":{\"@type\":\"ImageObject\",\"inLanguage\":\"de\",\"@id\":\"https:\/\/blog.zeit.de\/kinderzeit\/#\/schema\/person\/image\/\",\"url\":\"https:\/\/secure.gravatar.com\/avatar\/01961d03edfd521f933356966a7e7db36c1281b66ec7fb6d1013979dca8baef8?s=96&d=mm&r=g\",\"contentUrl\":\"https:\/\/secure.gravatar.com\/avatar\/01961d03edfd521f933356966a7e7db36c1281b66ec7fb6d1013979dca8baef8?s=96&d=mm&r=g\",\"caption\":\"Redaktion KinderZEIT\"},\"url\":\"https:\/\/blog.zeit.de\/kinderzeit\/author\/katrin-hoernlein\"}]}<\/script>\n<!-- \/ Yoast SEO plugin. -->","yoast_head_json":{"title":"Die Insel im Wind - KinderZEIT-Blog","robots":{"index":"index","follow":"follow","max-snippet":"max-snippet:-1","max-image-preview":"max-image-preview:large","max-video-preview":"max-video-preview:-1"},"canonical":"https:\/\/blog.zeit.de\/kinderzeit\/2008\/11\/20\/die-insel-im-wind_244","og_locale":"de_DE","og_type":"article","og_title":"Die Insel im Wind - KinderZEIT-Blog","og_description":"Auf Sams\u00d8 hat die Zukunft schon begonnen: Die Insulaner erzeugen ihren eigenen Strom \u2013 und sch\u00fctzen dabei auch noch die Umwelt Von Margrit Gerste \u00a9 Jesper Kjems Die Eisberge schmelzen, die B\u00e4ren ertrinken und wir wom\u00f6glich auch, jedenfalls hier im sch\u00f6nen Hamburg: Weil es immer w\u00e4rmer wird auf der Erde; weil wir viel zu viel [&hellip;]","og_url":"https:\/\/blog.zeit.de\/kinderzeit\/2008\/11\/20\/die-insel-im-wind_244","og_site_name":"KinderZEIT-Blog","article_published_time":"2008-11-20T08:50:37+00:00","og_image":[{"url":"https:\/\/img.zeit.de\/bilder\/2008\/48\/wissen\/kinderzeit\/53-nordby-marup-450.jpg"}],"author":"Redaktion KinderZEIT","twitter_card":"summary_large_image","twitter_misc":{"Verfasst von":"Redaktion KinderZEIT","Gesch\u00e4tzte Lesezeit":"3\u00a0Minuten"},"schema":{"@context":"https:\/\/schema.org","@graph":[{"@type":"WebPage","@id":"https:\/\/blog.zeit.de\/kinderzeit\/2008\/11\/20\/die-insel-im-wind_244","url":"https:\/\/blog.zeit.de\/kinderzeit\/2008\/11\/20\/die-insel-im-wind_244","name":"Die Insel im Wind - KinderZEIT-Blog","isPartOf":{"@id":"https:\/\/blog.zeit.de\/kinderzeit\/#website"},"datePublished":"2008-11-20T08:50:37+00:00","dateModified":"2008-11-20T08:50:37+00:00","author":{"@id":"https:\/\/blog.zeit.de\/kinderzeit\/#\/schema\/person\/6e0d5a68bc7cd962fb05619f0ec7869c"},"breadcrumb":{"@id":"https:\/\/blog.zeit.de\/kinderzeit\/2008\/11\/20\/die-insel-im-wind_244#breadcrumb"},"inLanguage":"de","potentialAction":[{"@type":"ReadAction","target":["https:\/\/blog.zeit.de\/kinderzeit\/2008\/11\/20\/die-insel-im-wind_244"]}]},{"@type":"BreadcrumbList","@id":"https:\/\/blog.zeit.de\/kinderzeit\/2008\/11\/20\/die-insel-im-wind_244#breadcrumb","itemListElement":[{"@type":"ListItem","position":1,"name":"Startseite","item":"https:\/\/blog.zeit.de\/kinderzeit"},{"@type":"ListItem","position":2,"name":"Die Insel im Wind"}]},{"@type":"WebSite","@id":"https:\/\/blog.zeit.de\/kinderzeit\/#website","url":"https:\/\/blog.zeit.de\/kinderzeit\/","name":"KinderZEIT-Blog","description":"Politik, Kultur und R\u00e4tsel f\u00fcr junge Leser","potentialAction":[{"@type":"SearchAction","target":{"@type":"EntryPoint","urlTemplate":"https:\/\/blog.zeit.de\/kinderzeit\/?s={search_term_string}"},"query-input":"required name=search_term_string"}],"inLanguage":"de"},{"@type":"Person","@id":"https:\/\/blog.zeit.de\/kinderzeit\/#\/schema\/person\/6e0d5a68bc7cd962fb05619f0ec7869c","name":"Redaktion KinderZEIT","image":{"@type":"ImageObject","inLanguage":"de","@id":"https:\/\/blog.zeit.de\/kinderzeit\/#\/schema\/person\/image\/","url":"https:\/\/secure.gravatar.com\/avatar\/01961d03edfd521f933356966a7e7db36c1281b66ec7fb6d1013979dca8baef8?s=96&d=mm&r=g","contentUrl":"https:\/\/secure.gravatar.com\/avatar\/01961d03edfd521f933356966a7e7db36c1281b66ec7fb6d1013979dca8baef8?s=96&d=mm&r=g","caption":"Redaktion KinderZEIT"},"url":"https:\/\/blog.zeit.de\/kinderzeit\/author\/katrin-hoernlein"}]}},"jetpack_featured_media_url":"","jetpack_sharing_enabled":true,"_links":{"self":[{"href":"https:\/\/blog.zeit.de\/kinderzeit\/wp-json\/wp\/v2\/posts\/244","targetHints":{"allow":["GET"]}}],"collection":[{"href":"https:\/\/blog.zeit.de\/kinderzeit\/wp-json\/wp\/v2\/posts"}],"about":[{"href":"https:\/\/blog.zeit.de\/kinderzeit\/wp-json\/wp\/v2\/types\/post"}],"author":[{"embeddable":true,"href":"https:\/\/blog.zeit.de\/kinderzeit\/wp-json\/wp\/v2\/users\/182"}],"replies":[{"embeddable":true,"href":"https:\/\/blog.zeit.de\/kinderzeit\/wp-json\/wp\/v2\/comments?post=244"}],"version-history":[{"count":0,"href":"https:\/\/blog.zeit.de\/kinderzeit\/wp-json\/wp\/v2\/posts\/244\/revisions"}],"wp:attachment":[{"href":"https:\/\/blog.zeit.de\/kinderzeit\/wp-json\/wp\/v2\/media?parent=244"}],"wp:term":[{"taxonomy":"category","embeddable":true,"href":"https:\/\/blog.zeit.de\/kinderzeit\/wp-json\/wp\/v2\/categories?post=244"},{"taxonomy":"post_tag","embeddable":true,"href":"https:\/\/blog.zeit.de\/kinderzeit\/wp-json\/wp\/v2\/tags?post=244"}],"curies":[{"name":"wp","href":"https:\/\/api.w.org\/{rel}","templated":true}]}}