{"id":275,"date":"2008-11-27T10:06:09","date_gmt":"2008-11-27T08:06:09","guid":{"rendered":"http:\/\/blog.zeit.de\/kinderzeit\/?p=275"},"modified":"2008-11-27T10:06:09","modified_gmt":"2008-11-27T08:06:09","slug":"was-soll-ich-lesen-7","status":"publish","type":"post","link":"https:\/\/blog.zeit.de\/kinderzeit\/2008\/11\/27\/was-soll-ich-lesen-7_275","title":{"rendered":"Was soll ich lesen?"},"content":{"rendered":"<p><strong>Beste Freunde<\/strong><br \/>\n<\/p>\n<table border=\"0\" cellspacing=\"0\" cellpadding=\"0\" width=\"230\" align=\"left\">\n<tbody>\n<tr>\n<td>\n<div><img decoding=\"async\" class=\"alignleft\" src=\"https:\/\/img.zeit.de\/bilder\/2008\/49\/wissen\/kinderzeit\/49-buch-jan-und-josh-210.jpg\" alt=\"Buchtipp\" \/><\/div>\n<\/td>\n<\/tr>\n<tr>\n<td style=\"font-size: 10px;\">\u00a9 Gerstenberg Verlag<\/td>\n<\/tr>\n<\/tbody>\n<\/table>\n<p>Diese beiden Jungen sind schon ein sehr ungleiches Paar! Jan ist klein und schm\u00e4chtig, Josh dagegen gro\u00df und etwas dick. Jan hat ein krankes und schwaches Herz, an dem er immer wieder operiert werden muss. Schnell Fahrradfahren oder wild toben soll er besser nicht. Josh ist stark und gesund, aber er stottert, wenn er aufgeregt ist. Und Josh ist viel allein, denn seine Mutter verschwindet oft ganze Tage lang, seinen Vater kennt Josh nicht. Ihre Freundschaft hilft beiden Jungen, wenn sie sich sorgen oder traurig sind. Dann planschen sie zum Beispiel im Bach und fangen Regenw\u00fcrmer. Eines Tages findet Josh dort ein altes Messer. Als es damit zu einem Ungl\u00fcck kommt, m\u00fcssen die Freunde umso mehr f\u00fcr einander einstehen.<\/p>\n<p>Sigrid Zeevaert<br \/>\n<strong>Jan und Josh oder wie man Regenw\u00fcrmer z\u00e4hmt<\/strong><br \/>\nGerstenberg 2008<br \/>\n11,90 \u20ac<\/p>\n","protected":false},"excerpt":{"rendered":"<p>Beste Freunde \u00a9 Gerstenberg Verlag Diese beiden Jungen sind schon ein sehr ungleiches Paar! Jan ist klein und schm\u00e4chtig, Josh dagegen gro\u00df und etwas dick. Jan hat ein krankes und schwaches Herz, an dem er immer wieder operiert werden muss. Schnell Fahrradfahren oder wild toben soll er besser nicht. Josh ist stark und gesund, aber [&hellip;]<\/p>\n","protected":false},"author":182,"featured_media":0,"comment_status":"open","ping_status":"closed","sticky":false,"template":"","format":"standard","meta":{"_jetpack_memberships_contains_paid_content":false,"footnotes":""},"categories":[1157],"tags":[],"class_list":["post-275","post","type-post","status-publish","format-standard","hentry","category-buchtipp-hortipp-filmtipp-fernsehtipp"],"yoast_head":"<!-- This site is optimized with the Yoast SEO plugin v21.0 - https:\/\/yoast.com\/wordpress\/plugins\/seo\/ -->\n<title>Was soll ich lesen? - KinderZEIT-Blog<\/title>\n<meta name=\"robots\" content=\"index, follow, max-snippet:-1, max-image-preview:large, max-video-preview:-1\" \/>\n<link rel=\"canonical\" href=\"https:\/\/blog.zeit.de\/kinderzeit\/2008\/11\/27\/was-soll-ich-lesen-7_275\" \/>\n<meta property=\"og:locale\" content=\"de_DE\" \/>\n<meta property=\"og:type\" content=\"article\" \/>\n<meta property=\"og:title\" content=\"Was soll ich lesen? - KinderZEIT-Blog\" \/>\n<meta property=\"og:description\" content=\"Beste Freunde \u00a9 Gerstenberg Verlag Diese beiden Jungen sind schon ein sehr ungleiches Paar! Jan ist klein und schm\u00e4chtig, Josh dagegen gro\u00df und etwas dick. Jan hat ein krankes und schwaches Herz, an dem er immer wieder operiert werden muss. Schnell Fahrradfahren oder wild toben soll er besser nicht. Josh ist stark und gesund, aber [&hellip;]\" \/>\n<meta property=\"og:url\" content=\"https:\/\/blog.zeit.de\/kinderzeit\/2008\/11\/27\/was-soll-ich-lesen-7_275\" \/>\n<meta property=\"og:site_name\" content=\"KinderZEIT-Blog\" \/>\n<meta property=\"article:published_time\" content=\"2008-11-27T08:06:09+00:00\" \/>\n<meta property=\"og:image\" content=\"https:\/\/img.zeit.de\/bilder\/2008\/49\/wissen\/kinderzeit\/49-buch-jan-und-josh-210.jpg\" \/>\n<meta name=\"author\" content=\"Redaktion KinderZEIT\" \/>\n<meta name=\"twitter:card\" content=\"summary_large_image\" \/>\n<meta name=\"twitter:label1\" content=\"Verfasst von\" \/>\n\t<meta name=\"twitter:data1\" content=\"Redaktion KinderZEIT\" \/>\n\t<meta name=\"twitter:label2\" content=\"Gesch\u00e4tzte Lesezeit\" \/>\n\t<meta name=\"twitter:data2\" content=\"1\u00a0Minute\" \/>\n<script type=\"application\/ld+json\" class=\"yoast-schema-graph\">{\"@context\":\"https:\/\/schema.org\",\"@graph\":[{\"@type\":\"WebPage\",\"@id\":\"https:\/\/blog.zeit.de\/kinderzeit\/2008\/11\/27\/was-soll-ich-lesen-7_275\",\"url\":\"https:\/\/blog.zeit.de\/kinderzeit\/2008\/11\/27\/was-soll-ich-lesen-7_275\",\"name\":\"Was soll ich lesen? - KinderZEIT-Blog\",\"isPartOf\":{\"@id\":\"https:\/\/blog.zeit.de\/kinderzeit\/#website\"},\"datePublished\":\"2008-11-27T08:06:09+00:00\",\"dateModified\":\"2008-11-27T08:06:09+00:00\",\"author\":{\"@id\":\"https:\/\/blog.zeit.de\/kinderzeit\/#\/schema\/person\/6e0d5a68bc7cd962fb05619f0ec7869c\"},\"breadcrumb\":{\"@id\":\"https:\/\/blog.zeit.de\/kinderzeit\/2008\/11\/27\/was-soll-ich-lesen-7_275#breadcrumb\"},\"inLanguage\":\"de\",\"potentialAction\":[{\"@type\":\"ReadAction\",\"target\":[\"https:\/\/blog.zeit.de\/kinderzeit\/2008\/11\/27\/was-soll-ich-lesen-7_275\"]}]},{\"@type\":\"BreadcrumbList\",\"@id\":\"https:\/\/blog.zeit.de\/kinderzeit\/2008\/11\/27\/was-soll-ich-lesen-7_275#breadcrumb\",\"itemListElement\":[{\"@type\":\"ListItem\",\"position\":1,\"name\":\"Startseite\",\"item\":\"https:\/\/blog.zeit.de\/kinderzeit\"},{\"@type\":\"ListItem\",\"position\":2,\"name\":\"Was soll ich lesen?\"}]},{\"@type\":\"WebSite\",\"@id\":\"https:\/\/blog.zeit.de\/kinderzeit\/#website\",\"url\":\"https:\/\/blog.zeit.de\/kinderzeit\/\",\"name\":\"KinderZEIT-Blog\",\"description\":\"Politik, Kultur und R\u00e4tsel f\u00fcr junge Leser\",\"potentialAction\":[{\"@type\":\"SearchAction\",\"target\":{\"@type\":\"EntryPoint\",\"urlTemplate\":\"https:\/\/blog.zeit.de\/kinderzeit\/?s={search_term_string}\"},\"query-input\":\"required name=search_term_string\"}],\"inLanguage\":\"de\"},{\"@type\":\"Person\",\"@id\":\"https:\/\/blog.zeit.de\/kinderzeit\/#\/schema\/person\/6e0d5a68bc7cd962fb05619f0ec7869c\",\"name\":\"Redaktion KinderZEIT\",\"image\":{\"@type\":\"ImageObject\",\"inLanguage\":\"de\",\"@id\":\"https:\/\/blog.zeit.de\/kinderzeit\/#\/schema\/person\/image\/\",\"url\":\"https:\/\/secure.gravatar.com\/avatar\/01961d03edfd521f933356966a7e7db36c1281b66ec7fb6d1013979dca8baef8?s=96&d=mm&r=g\",\"contentUrl\":\"https:\/\/secure.gravatar.com\/avatar\/01961d03edfd521f933356966a7e7db36c1281b66ec7fb6d1013979dca8baef8?s=96&d=mm&r=g\",\"caption\":\"Redaktion KinderZEIT\"},\"url\":\"https:\/\/blog.zeit.de\/kinderzeit\/author\/katrin-hoernlein\"}]}<\/script>\n<!-- \/ Yoast SEO plugin. -->","yoast_head_json":{"title":"Was soll ich lesen? - KinderZEIT-Blog","robots":{"index":"index","follow":"follow","max-snippet":"max-snippet:-1","max-image-preview":"max-image-preview:large","max-video-preview":"max-video-preview:-1"},"canonical":"https:\/\/blog.zeit.de\/kinderzeit\/2008\/11\/27\/was-soll-ich-lesen-7_275","og_locale":"de_DE","og_type":"article","og_title":"Was soll ich lesen? - KinderZEIT-Blog","og_description":"Beste Freunde \u00a9 Gerstenberg Verlag Diese beiden Jungen sind schon ein sehr ungleiches Paar! Jan ist klein und schm\u00e4chtig, Josh dagegen gro\u00df und etwas dick. Jan hat ein krankes und schwaches Herz, an dem er immer wieder operiert werden muss. Schnell Fahrradfahren oder wild toben soll er besser nicht. Josh ist stark und gesund, aber [&hellip;]","og_url":"https:\/\/blog.zeit.de\/kinderzeit\/2008\/11\/27\/was-soll-ich-lesen-7_275","og_site_name":"KinderZEIT-Blog","article_published_time":"2008-11-27T08:06:09+00:00","og_image":[{"url":"https:\/\/img.zeit.de\/bilder\/2008\/49\/wissen\/kinderzeit\/49-buch-jan-und-josh-210.jpg"}],"author":"Redaktion KinderZEIT","twitter_card":"summary_large_image","twitter_misc":{"Verfasst von":"Redaktion KinderZEIT","Gesch\u00e4tzte Lesezeit":"1\u00a0Minute"},"schema":{"@context":"https:\/\/schema.org","@graph":[{"@type":"WebPage","@id":"https:\/\/blog.zeit.de\/kinderzeit\/2008\/11\/27\/was-soll-ich-lesen-7_275","url":"https:\/\/blog.zeit.de\/kinderzeit\/2008\/11\/27\/was-soll-ich-lesen-7_275","name":"Was soll ich lesen? - KinderZEIT-Blog","isPartOf":{"@id":"https:\/\/blog.zeit.de\/kinderzeit\/#website"},"datePublished":"2008-11-27T08:06:09+00:00","dateModified":"2008-11-27T08:06:09+00:00","author":{"@id":"https:\/\/blog.zeit.de\/kinderzeit\/#\/schema\/person\/6e0d5a68bc7cd962fb05619f0ec7869c"},"breadcrumb":{"@id":"https:\/\/blog.zeit.de\/kinderzeit\/2008\/11\/27\/was-soll-ich-lesen-7_275#breadcrumb"},"inLanguage":"de","potentialAction":[{"@type":"ReadAction","target":["https:\/\/blog.zeit.de\/kinderzeit\/2008\/11\/27\/was-soll-ich-lesen-7_275"]}]},{"@type":"BreadcrumbList","@id":"https:\/\/blog.zeit.de\/kinderzeit\/2008\/11\/27\/was-soll-ich-lesen-7_275#breadcrumb","itemListElement":[{"@type":"ListItem","position":1,"name":"Startseite","item":"https:\/\/blog.zeit.de\/kinderzeit"},{"@type":"ListItem","position":2,"name":"Was soll ich lesen?"}]},{"@type":"WebSite","@id":"https:\/\/blog.zeit.de\/kinderzeit\/#website","url":"https:\/\/blog.zeit.de\/kinderzeit\/","name":"KinderZEIT-Blog","description":"Politik, Kultur und R\u00e4tsel f\u00fcr junge Leser","potentialAction":[{"@type":"SearchAction","target":{"@type":"EntryPoint","urlTemplate":"https:\/\/blog.zeit.de\/kinderzeit\/?s={search_term_string}"},"query-input":"required name=search_term_string"}],"inLanguage":"de"},{"@type":"Person","@id":"https:\/\/blog.zeit.de\/kinderzeit\/#\/schema\/person\/6e0d5a68bc7cd962fb05619f0ec7869c","name":"Redaktion KinderZEIT","image":{"@type":"ImageObject","inLanguage":"de","@id":"https:\/\/blog.zeit.de\/kinderzeit\/#\/schema\/person\/image\/","url":"https:\/\/secure.gravatar.com\/avatar\/01961d03edfd521f933356966a7e7db36c1281b66ec7fb6d1013979dca8baef8?s=96&d=mm&r=g","contentUrl":"https:\/\/secure.gravatar.com\/avatar\/01961d03edfd521f933356966a7e7db36c1281b66ec7fb6d1013979dca8baef8?s=96&d=mm&r=g","caption":"Redaktion KinderZEIT"},"url":"https:\/\/blog.zeit.de\/kinderzeit\/author\/katrin-hoernlein"}]}},"jetpack_featured_media_url":"","jetpack_sharing_enabled":true,"_links":{"self":[{"href":"https:\/\/blog.zeit.de\/kinderzeit\/wp-json\/wp\/v2\/posts\/275","targetHints":{"allow":["GET"]}}],"collection":[{"href":"https:\/\/blog.zeit.de\/kinderzeit\/wp-json\/wp\/v2\/posts"}],"about":[{"href":"https:\/\/blog.zeit.de\/kinderzeit\/wp-json\/wp\/v2\/types\/post"}],"author":[{"embeddable":true,"href":"https:\/\/blog.zeit.de\/kinderzeit\/wp-json\/wp\/v2\/users\/182"}],"replies":[{"embeddable":true,"href":"https:\/\/blog.zeit.de\/kinderzeit\/wp-json\/wp\/v2\/comments?post=275"}],"version-history":[{"count":0,"href":"https:\/\/blog.zeit.de\/kinderzeit\/wp-json\/wp\/v2\/posts\/275\/revisions"}],"wp:attachment":[{"href":"https:\/\/blog.zeit.de\/kinderzeit\/wp-json\/wp\/v2\/media?parent=275"}],"wp:term":[{"taxonomy":"category","embeddable":true,"href":"https:\/\/blog.zeit.de\/kinderzeit\/wp-json\/wp\/v2\/categories?post=275"},{"taxonomy":"post_tag","embeddable":true,"href":"https:\/\/blog.zeit.de\/kinderzeit\/wp-json\/wp\/v2\/tags?post=275"}],"curies":[{"name":"wp","href":"https:\/\/api.w.org\/{rel}","templated":true}]}}