{"id":5583,"date":"2010-04-29T09:00:40","date_gmt":"2010-04-29T07:00:40","guid":{"rendered":"http:\/\/blog.zeit.de\/kinderzeit\/?p=5583"},"modified":"2010-04-28T22:05:59","modified_gmt":"2010-04-28T20:05:59","slug":"aha-der-woche-expo","status":"publish","type":"post","link":"https:\/\/blog.zeit.de\/kinderzeit\/2010\/04\/29\/aha-der-woche-expo_5583","title":{"rendered":"Aha der Woche: Expo"},"content":{"rendered":"<p><figure id=\"attachment_5584\" aria-describedby=\"caption-attachment-5584\" style=\"width: 540px\" class=\"wp-caption aligncenter\"><img loading=\"lazy\" decoding=\"async\" src=\"https:\/\/blog.zeit.de\/kinderzeit\/files\/2010\/04\/expo-540x194.jpg\" alt=\"\" title=\"Hkg3517688\" width=\"540\" height=\"194\" class=\"size-large wp-image-5584\" srcset=\"https:\/\/blog.zeit.de\/kinderzeit\/files\/2010\/04\/expo-540x194.jpg 540w, https:\/\/blog.zeit.de\/kinderzeit\/files\/2010\/04\/expo-300x108.jpg 300w\" sizes=\"auto, (max-width: 540px) 100vw, 540px\" \/><figcaption id=\"caption-attachment-5584\" class=\"wp-caption-text\">\u00a9 Getty Images<\/figcaption><\/figure><\/p>\n<p>Wie, bitte, soll man die Welt ausstellen? Vielleicht so: Man l\u00e4dt G\u00e4ste aus vielen L\u00e4ndern ein, die neue Produkte und Erfindungen zeigen \u2013 von denen k\u00fcnftig alle etwas haben. Das jedenfalls ist die Idee der sogenannten Weltausstellung, abgek\u00fcrzt Expo. Die n\u00e4chste wird an diesem Samstag (1. Mai) in der chinesischen Stadt Shanghai er\u00f6ffnet. Sechs Monate lang wird dort gezeigt, wie das Leben in St\u00e4dten in der Zukunft aussehen k\u00f6nnte und was es zu verbessern gilt. Damit n\u00e4mlich nicht jeder Aussteller einfach irgendwelche Produkte und technischen Neuerungen anschleppt, hat jede Expo ein Motto. In diesem Jahr: &#8222;Better City, better Life!, auf Deutsch &#8222;Eine bessere Stadt, ein besseres Leben&#8220;. Im deutschen Pavillon zum Beispiel wurde daf\u00fcr eine kleine Stadt nachgebaut, mit Hafen, G\u00e4rten, Tunnel und Fabriken. Die rund 240 Gastl\u00e4nder und Ausstellergruppen haben bei dieser Weltausstellung viel Platz, mehr als f\u00fcnf Quadratkilometer. Auf dieser Fl\u00e4che k\u00f6nnte man mehr als 700 (!) Fu\u00dfballfelder anlegen.<br \/>\nDie erste Weltausstellung war 1851 in London. Seitdem findet die Expo alle paar Jahre statt, in verschiedenen L\u00e4ndern der Welt.<\/p>\n","protected":false},"excerpt":{"rendered":"<p>Wie, bitte, soll man die Welt ausstellen? Vielleicht so: Man l\u00e4dt G\u00e4ste aus vielen L\u00e4ndern ein, die neue Produkte und Erfindungen zeigen \u2013 von denen k\u00fcnftig alle etwas haben. Das jedenfalls ist die Idee der sogenannten Weltausstellung, abgek\u00fcrzt Expo. Die n\u00e4chste wird an diesem Samstag (1. Mai) in der chinesischen Stadt Shanghai er\u00f6ffnet. Sechs Monate [&hellip;]<\/p>\n","protected":false},"author":217,"featured_media":0,"comment_status":"open","ping_status":"closed","sticky":false,"template":"","format":"standard","meta":{"_jetpack_memberships_contains_paid_content":false,"footnotes":""},"categories":[894],"tags":[2029,2030],"class_list":["post-5583","post","type-post","status-publish","format-standard","hentry","category-aha-der-woche","tag-expo-2010","tag-shanghai"],"yoast_head":"<!-- This site is optimized with the Yoast SEO plugin v21.0 - https:\/\/yoast.com\/wordpress\/plugins\/seo\/ -->\n<title>Aha der Woche: Expo - KinderZEIT-Blog<\/title>\n<meta name=\"robots\" content=\"index, follow, max-snippet:-1, max-image-preview:large, max-video-preview:-1\" \/>\n<link rel=\"canonical\" href=\"https:\/\/blog.zeit.de\/kinderzeit\/2010\/04\/29\/aha-der-woche-expo_5583\" \/>\n<meta property=\"og:locale\" content=\"de_DE\" \/>\n<meta property=\"og:type\" content=\"article\" \/>\n<meta property=\"og:title\" content=\"Aha der Woche: Expo - KinderZEIT-Blog\" \/>\n<meta property=\"og:description\" content=\"Wie, bitte, soll man die Welt ausstellen? Vielleicht so: Man l\u00e4dt G\u00e4ste aus vielen L\u00e4ndern ein, die neue Produkte und Erfindungen zeigen \u2013 von denen k\u00fcnftig alle etwas haben. Das jedenfalls ist die Idee der sogenannten Weltausstellung, abgek\u00fcrzt Expo. Die n\u00e4chste wird an diesem Samstag (1. Mai) in der chinesischen Stadt Shanghai er\u00f6ffnet. Sechs Monate [&hellip;]\" \/>\n<meta property=\"og:url\" content=\"https:\/\/blog.zeit.de\/kinderzeit\/2010\/04\/29\/aha-der-woche-expo_5583\" \/>\n<meta property=\"og:site_name\" content=\"KinderZEIT-Blog\" \/>\n<meta property=\"article:published_time\" content=\"2010-04-29T07:00:40+00:00\" \/>\n<meta property=\"article:modified_time\" content=\"2010-04-28T20:05:59+00:00\" \/>\n<meta property=\"og:image\" content=\"https:\/\/blog.zeit.de\/kinderzeit\/files\/2010\/04\/expo-540x194.jpg\" \/>\n<meta name=\"author\" content=\"Redaktion KinderZEIT\" \/>\n<meta name=\"twitter:card\" content=\"summary_large_image\" \/>\n<meta name=\"twitter:label1\" content=\"Verfasst von\" \/>\n\t<meta name=\"twitter:data1\" content=\"Redaktion KinderZEIT\" \/>\n\t<meta name=\"twitter:label2\" content=\"Gesch\u00e4tzte Lesezeit\" \/>\n\t<meta name=\"twitter:data2\" content=\"1\u00a0Minute\" \/>\n<script type=\"application\/ld+json\" class=\"yoast-schema-graph\">{\"@context\":\"https:\/\/schema.org\",\"@graph\":[{\"@type\":\"WebPage\",\"@id\":\"https:\/\/blog.zeit.de\/kinderzeit\/2010\/04\/29\/aha-der-woche-expo_5583\",\"url\":\"https:\/\/blog.zeit.de\/kinderzeit\/2010\/04\/29\/aha-der-woche-expo_5583\",\"name\":\"Aha der Woche: Expo - KinderZEIT-Blog\",\"isPartOf\":{\"@id\":\"https:\/\/blog.zeit.de\/kinderzeit\/#website\"},\"datePublished\":\"2010-04-29T07:00:40+00:00\",\"dateModified\":\"2010-04-28T20:05:59+00:00\",\"author\":{\"@id\":\"https:\/\/blog.zeit.de\/kinderzeit\/#\/schema\/person\/49470446f328463e8ea80b00b7d5da9c\"},\"breadcrumb\":{\"@id\":\"https:\/\/blog.zeit.de\/kinderzeit\/2010\/04\/29\/aha-der-woche-expo_5583#breadcrumb\"},\"inLanguage\":\"de\",\"potentialAction\":[{\"@type\":\"ReadAction\",\"target\":[\"https:\/\/blog.zeit.de\/kinderzeit\/2010\/04\/29\/aha-der-woche-expo_5583\"]}]},{\"@type\":\"BreadcrumbList\",\"@id\":\"https:\/\/blog.zeit.de\/kinderzeit\/2010\/04\/29\/aha-der-woche-expo_5583#breadcrumb\",\"itemListElement\":[{\"@type\":\"ListItem\",\"position\":1,\"name\":\"Startseite\",\"item\":\"https:\/\/blog.zeit.de\/kinderzeit\"},{\"@type\":\"ListItem\",\"position\":2,\"name\":\"Aha der Woche: Expo\"}]},{\"@type\":\"WebSite\",\"@id\":\"https:\/\/blog.zeit.de\/kinderzeit\/#website\",\"url\":\"https:\/\/blog.zeit.de\/kinderzeit\/\",\"name\":\"KinderZEIT-Blog\",\"description\":\"Politik, Kultur und R\u00e4tsel f\u00fcr junge Leser\",\"potentialAction\":[{\"@type\":\"SearchAction\",\"target\":{\"@type\":\"EntryPoint\",\"urlTemplate\":\"https:\/\/blog.zeit.de\/kinderzeit\/?s={search_term_string}\"},\"query-input\":\"required name=search_term_string\"}],\"inLanguage\":\"de\"},{\"@type\":\"Person\",\"@id\":\"https:\/\/blog.zeit.de\/kinderzeit\/#\/schema\/person\/49470446f328463e8ea80b00b7d5da9c\",\"name\":\"Redaktion KinderZEIT\",\"image\":{\"@type\":\"ImageObject\",\"inLanguage\":\"de\",\"@id\":\"https:\/\/blog.zeit.de\/kinderzeit\/#\/schema\/person\/image\/\",\"url\":\"https:\/\/secure.gravatar.com\/avatar\/e613a4a2ad2bd6413584eec4b8dd51cb549f6f87f7a858de5437c6df45ca1659?s=96&d=mm&r=g\",\"contentUrl\":\"https:\/\/secure.gravatar.com\/avatar\/e613a4a2ad2bd6413584eec4b8dd51cb549f6f87f7a858de5437c6df45ca1659?s=96&d=mm&r=g\",\"caption\":\"Redaktion KinderZEIT\"},\"url\":\"https:\/\/blog.zeit.de\/kinderzeit\/author\/sandra-valeska-bruhns\"}]}<\/script>\n<!-- \/ Yoast SEO plugin. -->","yoast_head_json":{"title":"Aha der Woche: Expo - KinderZEIT-Blog","robots":{"index":"index","follow":"follow","max-snippet":"max-snippet:-1","max-image-preview":"max-image-preview:large","max-video-preview":"max-video-preview:-1"},"canonical":"https:\/\/blog.zeit.de\/kinderzeit\/2010\/04\/29\/aha-der-woche-expo_5583","og_locale":"de_DE","og_type":"article","og_title":"Aha der Woche: Expo - KinderZEIT-Blog","og_description":"Wie, bitte, soll man die Welt ausstellen? Vielleicht so: Man l\u00e4dt G\u00e4ste aus vielen L\u00e4ndern ein, die neue Produkte und Erfindungen zeigen \u2013 von denen k\u00fcnftig alle etwas haben. Das jedenfalls ist die Idee der sogenannten Weltausstellung, abgek\u00fcrzt Expo. Die n\u00e4chste wird an diesem Samstag (1. Mai) in der chinesischen Stadt Shanghai er\u00f6ffnet. Sechs Monate [&hellip;]","og_url":"https:\/\/blog.zeit.de\/kinderzeit\/2010\/04\/29\/aha-der-woche-expo_5583","og_site_name":"KinderZEIT-Blog","article_published_time":"2010-04-29T07:00:40+00:00","article_modified_time":"2010-04-28T20:05:59+00:00","og_image":[{"url":"https:\/\/blog.zeit.de\/kinderzeit\/files\/2010\/04\/expo-540x194.jpg"}],"author":"Redaktion KinderZEIT","twitter_card":"summary_large_image","twitter_misc":{"Verfasst von":"Redaktion KinderZEIT","Gesch\u00e4tzte Lesezeit":"1\u00a0Minute"},"schema":{"@context":"https:\/\/schema.org","@graph":[{"@type":"WebPage","@id":"https:\/\/blog.zeit.de\/kinderzeit\/2010\/04\/29\/aha-der-woche-expo_5583","url":"https:\/\/blog.zeit.de\/kinderzeit\/2010\/04\/29\/aha-der-woche-expo_5583","name":"Aha der Woche: Expo - KinderZEIT-Blog","isPartOf":{"@id":"https:\/\/blog.zeit.de\/kinderzeit\/#website"},"datePublished":"2010-04-29T07:00:40+00:00","dateModified":"2010-04-28T20:05:59+00:00","author":{"@id":"https:\/\/blog.zeit.de\/kinderzeit\/#\/schema\/person\/49470446f328463e8ea80b00b7d5da9c"},"breadcrumb":{"@id":"https:\/\/blog.zeit.de\/kinderzeit\/2010\/04\/29\/aha-der-woche-expo_5583#breadcrumb"},"inLanguage":"de","potentialAction":[{"@type":"ReadAction","target":["https:\/\/blog.zeit.de\/kinderzeit\/2010\/04\/29\/aha-der-woche-expo_5583"]}]},{"@type":"BreadcrumbList","@id":"https:\/\/blog.zeit.de\/kinderzeit\/2010\/04\/29\/aha-der-woche-expo_5583#breadcrumb","itemListElement":[{"@type":"ListItem","position":1,"name":"Startseite","item":"https:\/\/blog.zeit.de\/kinderzeit"},{"@type":"ListItem","position":2,"name":"Aha der Woche: Expo"}]},{"@type":"WebSite","@id":"https:\/\/blog.zeit.de\/kinderzeit\/#website","url":"https:\/\/blog.zeit.de\/kinderzeit\/","name":"KinderZEIT-Blog","description":"Politik, Kultur und R\u00e4tsel f\u00fcr junge Leser","potentialAction":[{"@type":"SearchAction","target":{"@type":"EntryPoint","urlTemplate":"https:\/\/blog.zeit.de\/kinderzeit\/?s={search_term_string}"},"query-input":"required name=search_term_string"}],"inLanguage":"de"},{"@type":"Person","@id":"https:\/\/blog.zeit.de\/kinderzeit\/#\/schema\/person\/49470446f328463e8ea80b00b7d5da9c","name":"Redaktion KinderZEIT","image":{"@type":"ImageObject","inLanguage":"de","@id":"https:\/\/blog.zeit.de\/kinderzeit\/#\/schema\/person\/image\/","url":"https:\/\/secure.gravatar.com\/avatar\/e613a4a2ad2bd6413584eec4b8dd51cb549f6f87f7a858de5437c6df45ca1659?s=96&d=mm&r=g","contentUrl":"https:\/\/secure.gravatar.com\/avatar\/e613a4a2ad2bd6413584eec4b8dd51cb549f6f87f7a858de5437c6df45ca1659?s=96&d=mm&r=g","caption":"Redaktion KinderZEIT"},"url":"https:\/\/blog.zeit.de\/kinderzeit\/author\/sandra-valeska-bruhns"}]}},"jetpack_featured_media_url":"","jetpack_sharing_enabled":true,"_links":{"self":[{"href":"https:\/\/blog.zeit.de\/kinderzeit\/wp-json\/wp\/v2\/posts\/5583","targetHints":{"allow":["GET"]}}],"collection":[{"href":"https:\/\/blog.zeit.de\/kinderzeit\/wp-json\/wp\/v2\/posts"}],"about":[{"href":"https:\/\/blog.zeit.de\/kinderzeit\/wp-json\/wp\/v2\/types\/post"}],"author":[{"embeddable":true,"href":"https:\/\/blog.zeit.de\/kinderzeit\/wp-json\/wp\/v2\/users\/217"}],"replies":[{"embeddable":true,"href":"https:\/\/blog.zeit.de\/kinderzeit\/wp-json\/wp\/v2\/comments?post=5583"}],"version-history":[{"count":0,"href":"https:\/\/blog.zeit.de\/kinderzeit\/wp-json\/wp\/v2\/posts\/5583\/revisions"}],"wp:attachment":[{"href":"https:\/\/blog.zeit.de\/kinderzeit\/wp-json\/wp\/v2\/media?parent=5583"}],"wp:term":[{"taxonomy":"category","embeddable":true,"href":"https:\/\/blog.zeit.de\/kinderzeit\/wp-json\/wp\/v2\/categories?post=5583"},{"taxonomy":"post_tag","embeddable":true,"href":"https:\/\/blog.zeit.de\/kinderzeit\/wp-json\/wp\/v2\/tags?post=5583"}],"curies":[{"name":"wp","href":"https:\/\/api.w.org\/{rel}","templated":true}]}}