{"id":5705,"date":"2010-05-06T16:00:40","date_gmt":"2010-05-06T14:00:40","guid":{"rendered":"http:\/\/blog.zeit.de\/kinderzeit\/?p=5705"},"modified":"2010-05-06T09:30:51","modified_gmt":"2010-05-06T07:30:51","slug":"film-freundin-der-wolfe","status":"publish","type":"post","link":"https:\/\/blog.zeit.de\/kinderzeit\/2010\/05\/06\/film-freundin-der-wolfe_5705","title":{"rendered":"Film:  Freundin der W\u00f6lfe"},"content":{"rendered":"<p><figure id=\"attachment_5718\" aria-describedby=\"caption-attachment-5718\" style=\"width: 540px\" class=\"wp-caption aligncenter\"><img loading=\"lazy\" decoding=\"async\" src=\"https:\/\/blog.zeit.de\/kinderzeit\/files\/2010\/05\/Misami_Filmszene-540x421.jpg\" alt=\"\" title=\"Misami_Filmszene\" width=\"540\" height=\"421\" class=\"size-large wp-image-5718\" srcset=\"https:\/\/blog.zeit.de\/kinderzeit\/files\/2010\/05\/Misami_Filmszene-540x421.jpg 540w, https:\/\/blog.zeit.de\/kinderzeit\/files\/2010\/05\/Misami_Filmszene-300x234.jpg 300w, https:\/\/blog.zeit.de\/kinderzeit\/files\/2010\/05\/Misami_Filmszene.jpg 800w\" sizes=\"auto, (max-width: 540px) 100vw, 540px\" \/><figcaption id=\"caption-attachment-5718\" class=\"wp-caption-text\">\u00a9 Filmszene<\/figcaption><\/figure><\/p>\n<p><strong>Hoch im Norden Schwedens gibt es f\u00fcr ein Stadtkind wie Misa noch echte Abenteuer zu erleben<\/strong><\/p>\n<p><em>Von Iris Mainka<\/em><\/p>\n<p>Manchmal sagt jemand etwas, aber schon am Tonfall erkennt man, dass das, was er sagt, nicht stimmen kann \u2013 kennt Ihr das? Mit einer solchen Situation beginnt der schwedische Film &#8222;Misa Mi \u2013 Freundin der W\u00f6lfe&#8220;. Die zehnj\u00e4hrige Misa kauert im Nachthemd am Fenster und spielt mit ihrem Handy. Als Zuschauer h\u00f6rt man ihre Stimme von irgendwo aus dem Hintergrund, so als ob sie laut denken w\u00fcrde. &#8222;Ich f\u00fchl mich ganz gut, wirklich&#8220;, behauptet Misa. Aber ihr trauriger Tonfall straft sie L\u00fcgen. &#8222;Ich kann zwar nicht schlafen, aber jedenfalls bin ich nicht krank, das ist es nicht. Irgendwie ist das nicht so schlimm, wie ich dachte, bevor\u2008\u2026 Ich dachte, dass alles vorbei w\u00e4re, dass die ganze Welt untergehen w\u00fcrde, aber so ist es dann eben doch nicht, alles geht einfach weiter, als ob nichts geschehen w\u00e4re.&#8220;<\/p>\n<p>Misas Mama ist gestorben. Warum? Was ist passiert? Das erfahren wir Zuschauer nicht. Es gibt keine Vorreden, keine Erkl\u00e4rungen. Es ist eben so. Der Film springt mitten hinein in Misas Gedankenwelt \u2013 und die ist sehr durcheinandergeraten.<br \/>\n<!--more--><br \/>\nKein Wunder, denn ihr Papa hat eine andere Frau kennengelernt, Camilla, und die m\u00f6chte er auch gleich heiraten. F\u00fcr Misa klingt das so, als wolle er sich &#8222;eine neue Familie anschaffen&#8220;, als habe er ihre Mama ganz schnell vergessen. Es klingt nach Verrat. <\/p>\n<p>Nein, mit diesem Vater will sie nicht in Urlaub fahren und mit dessen neuer Freundin schon gar nicht. Da reist sie doch lieber zu ihrer etwas seltsamen Gro\u00dfmutter, die weit abgeschieden in Lappland wohnt. In deren uraltem klapprigem Holzhaus gibt es keinen Fernseher und keinen Computer. Nicht einmal Kakao hat die Oma zu trinken, und die Uhrzeit kann sie am Stand der Sonne ablesen, behauptet sie jedenfalls.<\/p>\n<p>Was soll Misa hier blo\u00df den ganzen Tag anfangen? Fremd und sehr allein f\u00fchlt sich das M\u00e4dchen aus der Gro\u00dfstadt in der l\u00e4ndlichen Umgebung. Da gibt es zwar Gustav, einen Jungen in ihrem Alter, aber der hat gar keine Ahnung von Computerspielen und ist auch sonst komisch. Er geh\u00f6rt zu einer Art Naturvolk, den Samen, die von der Rentierzucht leben und mit ihren Zelten durch die Gegend ziehen. <\/p>\n<p>Au\u00dferdem sind da auch noch diese gro\u00dfen Fragen, die Misa Tag und Nacht durch den Kopf gehen: Wo ist ihre Mama jetzt? Die Erwachsenen sagen: Auf der anderen Seite. Aber wo soll das sein, diese andere Seite? Kommen da alle hin, die gestorben sind? Und kommen tote Tiere und tote Menschen an denselben Ort? <\/p>\n<p>Langsam, ruhig und mit sehr sch\u00f6nen Landschaftsbildern erz\u00e4hlt der Film von Misas Ferienleben im \u00e4u\u00dfersten Norden Schwedens. Wenn Ihr jetzt denkt, dass diese Geschichte ein bisschen langweilig klingt, dann irrt Ihr Euch. Denn auf einmal wird es sehr spannend: Beim Einkaufen im Dorfladen h\u00f6rt Misa von einem gef\u00e4hrlichen Wolf, der durch die W\u00e4lder streift und auf der Suche nach Futter angeblich auch das Vieh anf\u00e4llt und rei\u00dft. Kurz darauf verirrt sich Misa im Wald, sie ist schon ganz verzweifelt, weil sie v\u00f6llig die Richtung verloren hat. Pl\u00f6tzlich l\u00e4uft ihr der Wolf \u00fcber den Weg. Ganz fasziniert und ohne Angst folgt Misa dem Tier und findet \u00fcberraschenderweise so den Weg zur\u00fcck nach Hause. <\/p>\n<p>In den darauffolgenden Tagen trifft sie den Wolf immer wieder und sieht: Es ist eine W\u00f6lfin, die in ihrem Bau zwei Junge zu versorgen hat. Nicht einmal ihrer Gro\u00dfmutter vertraut Misa dieses Geheimnis an, denn Wilderer machen Jagd auf die W\u00f6lfin und wollen sie im Auftrag der Rentierz\u00fcchter t\u00f6ten.<\/p>\n<p>Wie Misa versucht, den beiden Wolfsjungen mit Gustavs Hilfe das Leben zu retten, und schlie\u00dflich sogar den Bergsee entdeckt, an dem nach alter \u00dcberlieferung die Grenze zwischen dem Reich der Lebenden und dem der Toten verl\u00e4uft \u2013 das ist ein echtes Abenteuer und am Ende auch ein bisschen m\u00e4rchenhaft. Misa jedenfalls findet aus der Traurigkeit wieder heraus und zu ihrem Vater zur\u00fcck.<\/p>\n<p><figure id=\"attachment_5743\" aria-describedby=\"caption-attachment-5743\" style=\"width: 210px\" class=\"wp-caption alignleft\"><img loading=\"lazy\" decoding=\"async\" src=\"https:\/\/blog.zeit.de\/kinderzeit\/files\/2010\/05\/Misa-Mi_Cover-Kopie.jpg\" alt=\"\" title=\"Misa Mi_Cover Kopie\" width=\"210\" height=\"286\" class=\"size-full wp-image-5743\" \/><figcaption id=\"caption-attachment-5743\" class=\"wp-caption-text\">\u00a9  Cover KinderZEIT Filmedition<\/figcaption><\/figure><\/p>\n<p><strong>Misa Mi \u2013 Freundin der W\u00f6lfe<\/strong><br \/>\nSchweden 2003<br \/>\n79 Minuten<br \/>\nempfohlen ab 9 Jahren<\/p>\n","protected":false},"excerpt":{"rendered":"<p>Hoch im Norden Schwedens gibt es f\u00fcr ein Stadtkind wie Misa noch echte Abenteuer zu erleben Von Iris Mainka Manchmal sagt jemand etwas, aber schon am Tonfall erkennt man, dass das, was er sagt, nicht stimmen kann \u2013 kennt Ihr das? Mit einer solchen Situation beginnt der schwedische Film &#8222;Misa Mi \u2013 Freundin der W\u00f6lfe&#8220;. [&hellip;]<\/p>\n","protected":false},"author":217,"featured_media":0,"comment_status":"open","ping_status":"closed","sticky":false,"template":"","format":"standard","meta":{"_jetpack_memberships_contains_paid_content":false,"footnotes":""},"categories":[1157],"tags":[1976,2066,2064],"class_list":["post-5705","post","type-post","status-publish","format-standard","hentry","category-buchtipp-hortipp-filmtipp-fernsehtipp","tag-kinderzeit-filmedition","tag-misa-mi","tag-wolfe"],"yoast_head":"<!-- This site is optimized with the Yoast SEO plugin v21.0 - https:\/\/yoast.com\/wordpress\/plugins\/seo\/ -->\n<title>Film: Freundin der W\u00f6lfe - KinderZEIT-Blog<\/title>\n<meta name=\"robots\" content=\"index, follow, max-snippet:-1, max-image-preview:large, max-video-preview:-1\" \/>\n<link rel=\"canonical\" href=\"https:\/\/blog.zeit.de\/kinderzeit\/2010\/05\/06\/film-freundin-der-wolfe_5705\" \/>\n<meta property=\"og:locale\" content=\"de_DE\" \/>\n<meta property=\"og:type\" content=\"article\" \/>\n<meta property=\"og:title\" content=\"Film: Freundin der W\u00f6lfe - KinderZEIT-Blog\" \/>\n<meta property=\"og:description\" content=\"Hoch im Norden Schwedens gibt es f\u00fcr ein Stadtkind wie Misa noch echte Abenteuer zu erleben Von Iris Mainka Manchmal sagt jemand etwas, aber schon am Tonfall erkennt man, dass das, was er sagt, nicht stimmen kann \u2013 kennt Ihr das? Mit einer solchen Situation beginnt der schwedische Film &#8222;Misa Mi \u2013 Freundin der W\u00f6lfe&#8220;. [&hellip;]\" \/>\n<meta property=\"og:url\" content=\"https:\/\/blog.zeit.de\/kinderzeit\/2010\/05\/06\/film-freundin-der-wolfe_5705\" \/>\n<meta property=\"og:site_name\" content=\"KinderZEIT-Blog\" \/>\n<meta property=\"article:published_time\" content=\"2010-05-06T14:00:40+00:00\" \/>\n<meta property=\"article:modified_time\" content=\"2010-05-06T07:30:51+00:00\" \/>\n<meta property=\"og:image\" content=\"https:\/\/blog.zeit.de\/kinderzeit\/files\/2010\/05\/Misami_Filmszene-540x421.jpg\" \/>\n<meta name=\"author\" content=\"Redaktion KinderZEIT\" \/>\n<meta name=\"twitter:card\" content=\"summary_large_image\" \/>\n<meta name=\"twitter:label1\" content=\"Verfasst von\" \/>\n\t<meta name=\"twitter:data1\" content=\"Redaktion KinderZEIT\" \/>\n\t<meta name=\"twitter:label2\" content=\"Gesch\u00e4tzte Lesezeit\" \/>\n\t<meta name=\"twitter:data2\" content=\"4\u00a0Minuten\" \/>\n<script type=\"application\/ld+json\" class=\"yoast-schema-graph\">{\"@context\":\"https:\/\/schema.org\",\"@graph\":[{\"@type\":\"WebPage\",\"@id\":\"https:\/\/blog.zeit.de\/kinderzeit\/2010\/05\/06\/film-freundin-der-wolfe_5705\",\"url\":\"https:\/\/blog.zeit.de\/kinderzeit\/2010\/05\/06\/film-freundin-der-wolfe_5705\",\"name\":\"Film: Freundin der W\u00f6lfe - KinderZEIT-Blog\",\"isPartOf\":{\"@id\":\"https:\/\/blog.zeit.de\/kinderzeit\/#website\"},\"datePublished\":\"2010-05-06T14:00:40+00:00\",\"dateModified\":\"2010-05-06T07:30:51+00:00\",\"author\":{\"@id\":\"https:\/\/blog.zeit.de\/kinderzeit\/#\/schema\/person\/49470446f328463e8ea80b00b7d5da9c\"},\"breadcrumb\":{\"@id\":\"https:\/\/blog.zeit.de\/kinderzeit\/2010\/05\/06\/film-freundin-der-wolfe_5705#breadcrumb\"},\"inLanguage\":\"de\",\"potentialAction\":[{\"@type\":\"ReadAction\",\"target\":[\"https:\/\/blog.zeit.de\/kinderzeit\/2010\/05\/06\/film-freundin-der-wolfe_5705\"]}]},{\"@type\":\"BreadcrumbList\",\"@id\":\"https:\/\/blog.zeit.de\/kinderzeit\/2010\/05\/06\/film-freundin-der-wolfe_5705#breadcrumb\",\"itemListElement\":[{\"@type\":\"ListItem\",\"position\":1,\"name\":\"Startseite\",\"item\":\"https:\/\/blog.zeit.de\/kinderzeit\"},{\"@type\":\"ListItem\",\"position\":2,\"name\":\"Film: Freundin der W\u00f6lfe\"}]},{\"@type\":\"WebSite\",\"@id\":\"https:\/\/blog.zeit.de\/kinderzeit\/#website\",\"url\":\"https:\/\/blog.zeit.de\/kinderzeit\/\",\"name\":\"KinderZEIT-Blog\",\"description\":\"Politik, Kultur und R\u00e4tsel f\u00fcr junge Leser\",\"potentialAction\":[{\"@type\":\"SearchAction\",\"target\":{\"@type\":\"EntryPoint\",\"urlTemplate\":\"https:\/\/blog.zeit.de\/kinderzeit\/?s={search_term_string}\"},\"query-input\":\"required name=search_term_string\"}],\"inLanguage\":\"de\"},{\"@type\":\"Person\",\"@id\":\"https:\/\/blog.zeit.de\/kinderzeit\/#\/schema\/person\/49470446f328463e8ea80b00b7d5da9c\",\"name\":\"Redaktion KinderZEIT\",\"image\":{\"@type\":\"ImageObject\",\"inLanguage\":\"de\",\"@id\":\"https:\/\/blog.zeit.de\/kinderzeit\/#\/schema\/person\/image\/\",\"url\":\"https:\/\/secure.gravatar.com\/avatar\/e613a4a2ad2bd6413584eec4b8dd51cb549f6f87f7a858de5437c6df45ca1659?s=96&d=mm&r=g\",\"contentUrl\":\"https:\/\/secure.gravatar.com\/avatar\/e613a4a2ad2bd6413584eec4b8dd51cb549f6f87f7a858de5437c6df45ca1659?s=96&d=mm&r=g\",\"caption\":\"Redaktion KinderZEIT\"},\"url\":\"https:\/\/blog.zeit.de\/kinderzeit\/author\/sandra-valeska-bruhns\"}]}<\/script>\n<!-- \/ Yoast SEO plugin. -->","yoast_head_json":{"title":"Film: Freundin der W\u00f6lfe - KinderZEIT-Blog","robots":{"index":"index","follow":"follow","max-snippet":"max-snippet:-1","max-image-preview":"max-image-preview:large","max-video-preview":"max-video-preview:-1"},"canonical":"https:\/\/blog.zeit.de\/kinderzeit\/2010\/05\/06\/film-freundin-der-wolfe_5705","og_locale":"de_DE","og_type":"article","og_title":"Film: Freundin der W\u00f6lfe - KinderZEIT-Blog","og_description":"Hoch im Norden Schwedens gibt es f\u00fcr ein Stadtkind wie Misa noch echte Abenteuer zu erleben Von Iris Mainka Manchmal sagt jemand etwas, aber schon am Tonfall erkennt man, dass das, was er sagt, nicht stimmen kann \u2013 kennt Ihr das? Mit einer solchen Situation beginnt der schwedische Film &#8222;Misa Mi \u2013 Freundin der W\u00f6lfe&#8220;. [&hellip;]","og_url":"https:\/\/blog.zeit.de\/kinderzeit\/2010\/05\/06\/film-freundin-der-wolfe_5705","og_site_name":"KinderZEIT-Blog","article_published_time":"2010-05-06T14:00:40+00:00","article_modified_time":"2010-05-06T07:30:51+00:00","og_image":[{"url":"https:\/\/blog.zeit.de\/kinderzeit\/files\/2010\/05\/Misami_Filmszene-540x421.jpg"}],"author":"Redaktion KinderZEIT","twitter_card":"summary_large_image","twitter_misc":{"Verfasst von":"Redaktion KinderZEIT","Gesch\u00e4tzte Lesezeit":"4\u00a0Minuten"},"schema":{"@context":"https:\/\/schema.org","@graph":[{"@type":"WebPage","@id":"https:\/\/blog.zeit.de\/kinderzeit\/2010\/05\/06\/film-freundin-der-wolfe_5705","url":"https:\/\/blog.zeit.de\/kinderzeit\/2010\/05\/06\/film-freundin-der-wolfe_5705","name":"Film: Freundin der W\u00f6lfe - KinderZEIT-Blog","isPartOf":{"@id":"https:\/\/blog.zeit.de\/kinderzeit\/#website"},"datePublished":"2010-05-06T14:00:40+00:00","dateModified":"2010-05-06T07:30:51+00:00","author":{"@id":"https:\/\/blog.zeit.de\/kinderzeit\/#\/schema\/person\/49470446f328463e8ea80b00b7d5da9c"},"breadcrumb":{"@id":"https:\/\/blog.zeit.de\/kinderzeit\/2010\/05\/06\/film-freundin-der-wolfe_5705#breadcrumb"},"inLanguage":"de","potentialAction":[{"@type":"ReadAction","target":["https:\/\/blog.zeit.de\/kinderzeit\/2010\/05\/06\/film-freundin-der-wolfe_5705"]}]},{"@type":"BreadcrumbList","@id":"https:\/\/blog.zeit.de\/kinderzeit\/2010\/05\/06\/film-freundin-der-wolfe_5705#breadcrumb","itemListElement":[{"@type":"ListItem","position":1,"name":"Startseite","item":"https:\/\/blog.zeit.de\/kinderzeit"},{"@type":"ListItem","position":2,"name":"Film: Freundin der W\u00f6lfe"}]},{"@type":"WebSite","@id":"https:\/\/blog.zeit.de\/kinderzeit\/#website","url":"https:\/\/blog.zeit.de\/kinderzeit\/","name":"KinderZEIT-Blog","description":"Politik, Kultur und R\u00e4tsel f\u00fcr junge Leser","potentialAction":[{"@type":"SearchAction","target":{"@type":"EntryPoint","urlTemplate":"https:\/\/blog.zeit.de\/kinderzeit\/?s={search_term_string}"},"query-input":"required name=search_term_string"}],"inLanguage":"de"},{"@type":"Person","@id":"https:\/\/blog.zeit.de\/kinderzeit\/#\/schema\/person\/49470446f328463e8ea80b00b7d5da9c","name":"Redaktion KinderZEIT","image":{"@type":"ImageObject","inLanguage":"de","@id":"https:\/\/blog.zeit.de\/kinderzeit\/#\/schema\/person\/image\/","url":"https:\/\/secure.gravatar.com\/avatar\/e613a4a2ad2bd6413584eec4b8dd51cb549f6f87f7a858de5437c6df45ca1659?s=96&d=mm&r=g","contentUrl":"https:\/\/secure.gravatar.com\/avatar\/e613a4a2ad2bd6413584eec4b8dd51cb549f6f87f7a858de5437c6df45ca1659?s=96&d=mm&r=g","caption":"Redaktion KinderZEIT"},"url":"https:\/\/blog.zeit.de\/kinderzeit\/author\/sandra-valeska-bruhns"}]}},"jetpack_featured_media_url":"","jetpack_sharing_enabled":true,"_links":{"self":[{"href":"https:\/\/blog.zeit.de\/kinderzeit\/wp-json\/wp\/v2\/posts\/5705","targetHints":{"allow":["GET"]}}],"collection":[{"href":"https:\/\/blog.zeit.de\/kinderzeit\/wp-json\/wp\/v2\/posts"}],"about":[{"href":"https:\/\/blog.zeit.de\/kinderzeit\/wp-json\/wp\/v2\/types\/post"}],"author":[{"embeddable":true,"href":"https:\/\/blog.zeit.de\/kinderzeit\/wp-json\/wp\/v2\/users\/217"}],"replies":[{"embeddable":true,"href":"https:\/\/blog.zeit.de\/kinderzeit\/wp-json\/wp\/v2\/comments?post=5705"}],"version-history":[{"count":0,"href":"https:\/\/blog.zeit.de\/kinderzeit\/wp-json\/wp\/v2\/posts\/5705\/revisions"}],"wp:attachment":[{"href":"https:\/\/blog.zeit.de\/kinderzeit\/wp-json\/wp\/v2\/media?parent=5705"}],"wp:term":[{"taxonomy":"category","embeddable":true,"href":"https:\/\/blog.zeit.de\/kinderzeit\/wp-json\/wp\/v2\/categories?post=5705"},{"taxonomy":"post_tag","embeddable":true,"href":"https:\/\/blog.zeit.de\/kinderzeit\/wp-json\/wp\/v2\/tags?post=5705"}],"curies":[{"name":"wp","href":"https:\/\/api.w.org\/{rel}","templated":true}]}}