{"id":5816,"date":"2010-05-12T09:00:54","date_gmt":"2010-05-12T07:00:54","guid":{"rendered":"http:\/\/blog.zeit.de\/kinderzeit\/?p=5816"},"modified":"2010-05-11T22:31:14","modified_gmt":"2010-05-11T20:31:14","slug":"aha-der-woche-bucher","status":"publish","type":"post","link":"https:\/\/blog.zeit.de\/kinderzeit\/2010\/05\/12\/aha-der-woche-bucher_5816","title":{"rendered":"Aha der Woche: B\u00fccher!"},"content":{"rendered":"<p><img loading=\"lazy\" decoding=\"async\" class=\"size-full wp-image-5818 alignleft\" title=\"lucshsignet100_v-mediateaser\" src=\"https:\/\/blog.zeit.de\/kinderzeit\/files\/2010\/05\/lucshsignet100_v-mediateaser.jpg\" alt=\"\" width=\"140\" height=\"79\" \/>Die ZEIT und der Sender Radio Bremen verleihen gemeinsam einen Literaturpreis. Er hei\u00dft LUCHS, und sein Symbol ist ein frech dreinblickender Luchs, der seine Z\u00e4hne in ein Buch schl\u00e4gt. Nur zum Fressen, Verschlingen und Reinbei\u00dfen gute B\u00fccher bekommen den Preis.<\/p>\n<p>Das k\u00f6nnen Bilderb\u00fccher sein, Kinderb\u00fccher oder Jugendb\u00fccher \u2013 es kommt allein darauf an, dass sie au\u00dfergew\u00f6hnlich sind, dass sie witzig und spannend sind, dass sie sich mit wichtigen Problemen besch\u00e4ftigen, dass sie Geschichten erz\u00e4hlen, die noch kein anderer erz\u00e4hlt hat, dass ihre Autoren fantastische Dinge mit der Sprache machen, dass sie gro\u00dfartig gezeichnet sind.<\/p>\n<p>Eine Jury aus vier Menschen, die sich mit B\u00fcchern auskennen, muss enorm viel lesen \u2013 und sich jeden Monat f\u00fcr ein LUCHS-Buch entscheiden. Im November gibt es dann f\u00fcr das allerbeste Buch den Jahres-LUCHS. In dieser Woche (und von jetzt an regelm\u00e4\u00dfig einmal im Monat) findest Du die Empfehlungen der LUCHS-Jury, andere Buchtipps und Interviews mit Kinderbuchautoren auf der R\u00fcckseite der KinderZEIT. In der aktuellen Ausgabe der ZEIT findest Du die KinderZEIT zum Raustrennen auf den Seiten 47 und 48.<\/p>\n<p>Die Vorstellung der KinderZEIT-Filmedition geht in der kommenden Woche weiter. Falls Du eine gedruckte Ausgabe der ZEIT zur Hand hast, zeig die B\u00fccherseite auf jeden Fall Deinen Eltern! (Falls sie sie nicht von selbst finden.) Denn sie sind es schlie\u00dflich, die Dir vorlesen sollen. Und die Dir B\u00fccher kaufen, wenn Du Gl\u00fcck hast.<\/p>\n","protected":false},"excerpt":{"rendered":"<p>Die ZEIT und der Sender Radio Bremen verleihen gemeinsam einen Literaturpreis. Er hei\u00dft LUCHS, und sein Symbol ist ein frech dreinblickender Luchs, der seine Z\u00e4hne in ein Buch schl\u00e4gt. Nur zum Fressen, Verschlingen und Reinbei\u00dfen gute B\u00fccher bekommen den Preis. Das k\u00f6nnen Bilderb\u00fccher sein, Kinderb\u00fccher oder Jugendb\u00fccher \u2013 es kommt allein darauf an, dass sie [&hellip;]<\/p>\n","protected":false},"author":217,"featured_media":0,"comment_status":"open","ping_status":"closed","sticky":false,"template":"","format":"standard","meta":{"_jetpack_memberships_contains_paid_content":false,"footnotes":""},"categories":[894],"tags":[735,890,2115,2113,2114],"class_list":["post-5816","post","type-post","status-publish","format-standard","hentry","category-aha-der-woche","tag-bucher","tag-lesen","tag-literaturpreis","tag-luchs","tag-vorlesen"],"yoast_head":"<!-- This site is optimized with the Yoast SEO plugin v21.0 - https:\/\/yoast.com\/wordpress\/plugins\/seo\/ -->\n<title>Aha der Woche: B\u00fccher! - KinderZEIT-Blog<\/title>\n<meta name=\"robots\" content=\"index, follow, max-snippet:-1, max-image-preview:large, max-video-preview:-1\" \/>\n<link rel=\"canonical\" href=\"https:\/\/blog.zeit.de\/kinderzeit\/2010\/05\/12\/aha-der-woche-bucher_5816\" \/>\n<meta property=\"og:locale\" content=\"de_DE\" \/>\n<meta property=\"og:type\" content=\"article\" \/>\n<meta property=\"og:title\" content=\"Aha der Woche: B\u00fccher! - KinderZEIT-Blog\" \/>\n<meta property=\"og:description\" content=\"Die ZEIT und der Sender Radio Bremen verleihen gemeinsam einen Literaturpreis. Er hei\u00dft LUCHS, und sein Symbol ist ein frech dreinblickender Luchs, der seine Z\u00e4hne in ein Buch schl\u00e4gt. Nur zum Fressen, Verschlingen und Reinbei\u00dfen gute B\u00fccher bekommen den Preis. Das k\u00f6nnen Bilderb\u00fccher sein, Kinderb\u00fccher oder Jugendb\u00fccher \u2013 es kommt allein darauf an, dass sie [&hellip;]\" \/>\n<meta property=\"og:url\" content=\"https:\/\/blog.zeit.de\/kinderzeit\/2010\/05\/12\/aha-der-woche-bucher_5816\" \/>\n<meta property=\"og:site_name\" content=\"KinderZEIT-Blog\" \/>\n<meta property=\"article:published_time\" content=\"2010-05-12T07:00:54+00:00\" \/>\n<meta property=\"article:modified_time\" content=\"2010-05-11T20:31:14+00:00\" \/>\n<meta property=\"og:image\" content=\"https:\/\/blog.zeit.de\/kinderzeit\/files\/2010\/05\/lucshsignet100_v-mediateaser.jpg\" \/>\n<meta name=\"author\" content=\"Redaktion KinderZEIT\" \/>\n<meta name=\"twitter:card\" content=\"summary_large_image\" \/>\n<meta name=\"twitter:label1\" content=\"Verfasst von\" \/>\n\t<meta name=\"twitter:data1\" content=\"Redaktion KinderZEIT\" \/>\n\t<meta name=\"twitter:label2\" content=\"Gesch\u00e4tzte Lesezeit\" \/>\n\t<meta name=\"twitter:data2\" content=\"1\u00a0Minute\" \/>\n<script type=\"application\/ld+json\" class=\"yoast-schema-graph\">{\"@context\":\"https:\/\/schema.org\",\"@graph\":[{\"@type\":\"WebPage\",\"@id\":\"https:\/\/blog.zeit.de\/kinderzeit\/2010\/05\/12\/aha-der-woche-bucher_5816\",\"url\":\"https:\/\/blog.zeit.de\/kinderzeit\/2010\/05\/12\/aha-der-woche-bucher_5816\",\"name\":\"Aha der Woche: B\u00fccher! - KinderZEIT-Blog\",\"isPartOf\":{\"@id\":\"https:\/\/blog.zeit.de\/kinderzeit\/#website\"},\"datePublished\":\"2010-05-12T07:00:54+00:00\",\"dateModified\":\"2010-05-11T20:31:14+00:00\",\"author\":{\"@id\":\"https:\/\/blog.zeit.de\/kinderzeit\/#\/schema\/person\/49470446f328463e8ea80b00b7d5da9c\"},\"breadcrumb\":{\"@id\":\"https:\/\/blog.zeit.de\/kinderzeit\/2010\/05\/12\/aha-der-woche-bucher_5816#breadcrumb\"},\"inLanguage\":\"de\",\"potentialAction\":[{\"@type\":\"ReadAction\",\"target\":[\"https:\/\/blog.zeit.de\/kinderzeit\/2010\/05\/12\/aha-der-woche-bucher_5816\"]}]},{\"@type\":\"BreadcrumbList\",\"@id\":\"https:\/\/blog.zeit.de\/kinderzeit\/2010\/05\/12\/aha-der-woche-bucher_5816#breadcrumb\",\"itemListElement\":[{\"@type\":\"ListItem\",\"position\":1,\"name\":\"Startseite\",\"item\":\"https:\/\/blog.zeit.de\/kinderzeit\"},{\"@type\":\"ListItem\",\"position\":2,\"name\":\"Aha der Woche: B\u00fccher!\"}]},{\"@type\":\"WebSite\",\"@id\":\"https:\/\/blog.zeit.de\/kinderzeit\/#website\",\"url\":\"https:\/\/blog.zeit.de\/kinderzeit\/\",\"name\":\"KinderZEIT-Blog\",\"description\":\"Politik, Kultur und R\u00e4tsel f\u00fcr junge Leser\",\"potentialAction\":[{\"@type\":\"SearchAction\",\"target\":{\"@type\":\"EntryPoint\",\"urlTemplate\":\"https:\/\/blog.zeit.de\/kinderzeit\/?s={search_term_string}\"},\"query-input\":\"required name=search_term_string\"}],\"inLanguage\":\"de\"},{\"@type\":\"Person\",\"@id\":\"https:\/\/blog.zeit.de\/kinderzeit\/#\/schema\/person\/49470446f328463e8ea80b00b7d5da9c\",\"name\":\"Redaktion KinderZEIT\",\"image\":{\"@type\":\"ImageObject\",\"inLanguage\":\"de\",\"@id\":\"https:\/\/blog.zeit.de\/kinderzeit\/#\/schema\/person\/image\/\",\"url\":\"https:\/\/secure.gravatar.com\/avatar\/e613a4a2ad2bd6413584eec4b8dd51cb549f6f87f7a858de5437c6df45ca1659?s=96&d=mm&r=g\",\"contentUrl\":\"https:\/\/secure.gravatar.com\/avatar\/e613a4a2ad2bd6413584eec4b8dd51cb549f6f87f7a858de5437c6df45ca1659?s=96&d=mm&r=g\",\"caption\":\"Redaktion KinderZEIT\"},\"url\":\"https:\/\/blog.zeit.de\/kinderzeit\/author\/sandra-valeska-bruhns\"}]}<\/script>\n<!-- \/ Yoast SEO plugin. -->","yoast_head_json":{"title":"Aha der Woche: B\u00fccher! - KinderZEIT-Blog","robots":{"index":"index","follow":"follow","max-snippet":"max-snippet:-1","max-image-preview":"max-image-preview:large","max-video-preview":"max-video-preview:-1"},"canonical":"https:\/\/blog.zeit.de\/kinderzeit\/2010\/05\/12\/aha-der-woche-bucher_5816","og_locale":"de_DE","og_type":"article","og_title":"Aha der Woche: B\u00fccher! - KinderZEIT-Blog","og_description":"Die ZEIT und der Sender Radio Bremen verleihen gemeinsam einen Literaturpreis. Er hei\u00dft LUCHS, und sein Symbol ist ein frech dreinblickender Luchs, der seine Z\u00e4hne in ein Buch schl\u00e4gt. Nur zum Fressen, Verschlingen und Reinbei\u00dfen gute B\u00fccher bekommen den Preis. Das k\u00f6nnen Bilderb\u00fccher sein, Kinderb\u00fccher oder Jugendb\u00fccher \u2013 es kommt allein darauf an, dass sie [&hellip;]","og_url":"https:\/\/blog.zeit.de\/kinderzeit\/2010\/05\/12\/aha-der-woche-bucher_5816","og_site_name":"KinderZEIT-Blog","article_published_time":"2010-05-12T07:00:54+00:00","article_modified_time":"2010-05-11T20:31:14+00:00","og_image":[{"url":"https:\/\/blog.zeit.de\/kinderzeit\/files\/2010\/05\/lucshsignet100_v-mediateaser.jpg"}],"author":"Redaktion KinderZEIT","twitter_card":"summary_large_image","twitter_misc":{"Verfasst von":"Redaktion KinderZEIT","Gesch\u00e4tzte Lesezeit":"1\u00a0Minute"},"schema":{"@context":"https:\/\/schema.org","@graph":[{"@type":"WebPage","@id":"https:\/\/blog.zeit.de\/kinderzeit\/2010\/05\/12\/aha-der-woche-bucher_5816","url":"https:\/\/blog.zeit.de\/kinderzeit\/2010\/05\/12\/aha-der-woche-bucher_5816","name":"Aha der Woche: B\u00fccher! - KinderZEIT-Blog","isPartOf":{"@id":"https:\/\/blog.zeit.de\/kinderzeit\/#website"},"datePublished":"2010-05-12T07:00:54+00:00","dateModified":"2010-05-11T20:31:14+00:00","author":{"@id":"https:\/\/blog.zeit.de\/kinderzeit\/#\/schema\/person\/49470446f328463e8ea80b00b7d5da9c"},"breadcrumb":{"@id":"https:\/\/blog.zeit.de\/kinderzeit\/2010\/05\/12\/aha-der-woche-bucher_5816#breadcrumb"},"inLanguage":"de","potentialAction":[{"@type":"ReadAction","target":["https:\/\/blog.zeit.de\/kinderzeit\/2010\/05\/12\/aha-der-woche-bucher_5816"]}]},{"@type":"BreadcrumbList","@id":"https:\/\/blog.zeit.de\/kinderzeit\/2010\/05\/12\/aha-der-woche-bucher_5816#breadcrumb","itemListElement":[{"@type":"ListItem","position":1,"name":"Startseite","item":"https:\/\/blog.zeit.de\/kinderzeit"},{"@type":"ListItem","position":2,"name":"Aha der Woche: B\u00fccher!"}]},{"@type":"WebSite","@id":"https:\/\/blog.zeit.de\/kinderzeit\/#website","url":"https:\/\/blog.zeit.de\/kinderzeit\/","name":"KinderZEIT-Blog","description":"Politik, Kultur und R\u00e4tsel f\u00fcr junge Leser","potentialAction":[{"@type":"SearchAction","target":{"@type":"EntryPoint","urlTemplate":"https:\/\/blog.zeit.de\/kinderzeit\/?s={search_term_string}"},"query-input":"required name=search_term_string"}],"inLanguage":"de"},{"@type":"Person","@id":"https:\/\/blog.zeit.de\/kinderzeit\/#\/schema\/person\/49470446f328463e8ea80b00b7d5da9c","name":"Redaktion KinderZEIT","image":{"@type":"ImageObject","inLanguage":"de","@id":"https:\/\/blog.zeit.de\/kinderzeit\/#\/schema\/person\/image\/","url":"https:\/\/secure.gravatar.com\/avatar\/e613a4a2ad2bd6413584eec4b8dd51cb549f6f87f7a858de5437c6df45ca1659?s=96&d=mm&r=g","contentUrl":"https:\/\/secure.gravatar.com\/avatar\/e613a4a2ad2bd6413584eec4b8dd51cb549f6f87f7a858de5437c6df45ca1659?s=96&d=mm&r=g","caption":"Redaktion KinderZEIT"},"url":"https:\/\/blog.zeit.de\/kinderzeit\/author\/sandra-valeska-bruhns"}]}},"jetpack_featured_media_url":"","jetpack_sharing_enabled":true,"_links":{"self":[{"href":"https:\/\/blog.zeit.de\/kinderzeit\/wp-json\/wp\/v2\/posts\/5816","targetHints":{"allow":["GET"]}}],"collection":[{"href":"https:\/\/blog.zeit.de\/kinderzeit\/wp-json\/wp\/v2\/posts"}],"about":[{"href":"https:\/\/blog.zeit.de\/kinderzeit\/wp-json\/wp\/v2\/types\/post"}],"author":[{"embeddable":true,"href":"https:\/\/blog.zeit.de\/kinderzeit\/wp-json\/wp\/v2\/users\/217"}],"replies":[{"embeddable":true,"href":"https:\/\/blog.zeit.de\/kinderzeit\/wp-json\/wp\/v2\/comments?post=5816"}],"version-history":[{"count":0,"href":"https:\/\/blog.zeit.de\/kinderzeit\/wp-json\/wp\/v2\/posts\/5816\/revisions"}],"wp:attachment":[{"href":"https:\/\/blog.zeit.de\/kinderzeit\/wp-json\/wp\/v2\/media?parent=5816"}],"wp:term":[{"taxonomy":"category","embeddable":true,"href":"https:\/\/blog.zeit.de\/kinderzeit\/wp-json\/wp\/v2\/categories?post=5816"},{"taxonomy":"post_tag","embeddable":true,"href":"https:\/\/blog.zeit.de\/kinderzeit\/wp-json\/wp\/v2\/tags?post=5816"}],"curies":[{"name":"wp","href":"https:\/\/api.w.org\/{rel}","templated":true}]}}