{"id":5852,"date":"2010-05-20T08:36:27","date_gmt":"2010-05-20T06:36:27","guid":{"rendered":"http:\/\/blog.zeit.de\/kinderzeit\/?p=5852"},"modified":"2010-05-18T21:38:39","modified_gmt":"2010-05-18T19:38:39","slug":"aha-der-woche-meere","status":"publish","type":"post","link":"https:\/\/blog.zeit.de\/kinderzeit\/2010\/05\/20\/aha-der-woche-meere_5852","title":{"rendered":"Aha der Woche: Meere"},"content":{"rendered":"<p>Sicher hast Du in den vergangenen Wochen auch gelesen und geh\u00f6rt, dass im Golf von Mexiko Unmengen von \u00d6l schwimmen. Dieses \u00d6l ist sehr gef\u00e4hrlich. Es kann das Gefieder von V\u00f6geln verkleben, es verschmutzt Pflanzen und Str\u00e4nde, und auch f\u00fcr das Meer selbst ist die schmierige Br\u00fche nicht gut. Oft denken die Menschen nicht genug daran, wie wichtig die Ozeane sind \u2013 zum Beispiel f\u00fcr das Klima auf der Erde, sagen Umweltsch\u00fctzer. Deshalb wurden in den vergangenen Jahren gleich zwei Gedenktage eingef\u00fchrt: An diesem Donnerstag (20. Mai) ist der Europ\u00e4ische Tag der Meere, ausgerufen von der Europ\u00e4ischen Union. Am 8. Juni folgt der Welttag der Ozeane, den sich die Vereinten Nationen ausgedacht haben. An diesen Tagen soll daran erinnert werden, die Meere mit all ihren Bewohnern und Pflanzen besser zu sch\u00fctzen. Nach einem Ungl\u00fcck wie im Golf von Mexiko wird dem sicher jeder zustimmen. Wichtig ist aber, auch in ein paar Monaten noch daran zu denken, dass die Ozeane geh\u00fctet werden m\u00fcssen. Wer\u2019s vergisst, den erinnern sp\u00e4testens die Gedenktage im n\u00e4chsten Jahr \u2013 hoffentlich.<\/p>\n","protected":false},"excerpt":{"rendered":"<p>Sicher hast Du in den vergangenen Wochen auch gelesen und geh\u00f6rt, dass im Golf von Mexiko Unmengen von \u00d6l schwimmen. Dieses \u00d6l ist sehr gef\u00e4hrlich. Es kann das Gefieder von V\u00f6geln verkleben, es verschmutzt Pflanzen und Str\u00e4nde, und auch f\u00fcr das Meer selbst ist die schmierige Br\u00fche nicht gut. Oft denken die Menschen nicht genug [&hellip;]<\/p>\n","protected":false},"author":217,"featured_media":0,"comment_status":"open","ping_status":"closed","sticky":false,"template":"","format":"standard","meta":{"_jetpack_memberships_contains_paid_content":false,"footnotes":""},"categories":[894],"tags":[30148,2152,2150,2151],"class_list":["post-5852","post","type-post","status-publish","format-standard","hentry","category-aha-der-woche","tag-aha-der-woche","tag-gedenktage","tag-meere","tag-ozeane"],"yoast_head":"<!-- This site is optimized with the Yoast SEO plugin v21.0 - https:\/\/yoast.com\/wordpress\/plugins\/seo\/ -->\n<title>Aha der Woche: Meere - KinderZEIT-Blog<\/title>\n<meta name=\"robots\" content=\"index, follow, max-snippet:-1, max-image-preview:large, max-video-preview:-1\" \/>\n<link rel=\"canonical\" href=\"https:\/\/blog.zeit.de\/kinderzeit\/2010\/05\/20\/aha-der-woche-meere_5852\" \/>\n<meta property=\"og:locale\" content=\"de_DE\" \/>\n<meta property=\"og:type\" content=\"article\" \/>\n<meta property=\"og:title\" content=\"Aha der Woche: Meere - KinderZEIT-Blog\" \/>\n<meta property=\"og:description\" content=\"Sicher hast Du in den vergangenen Wochen auch gelesen und geh\u00f6rt, dass im Golf von Mexiko Unmengen von \u00d6l schwimmen. Dieses \u00d6l ist sehr gef\u00e4hrlich. Es kann das Gefieder von V\u00f6geln verkleben, es verschmutzt Pflanzen und Str\u00e4nde, und auch f\u00fcr das Meer selbst ist die schmierige Br\u00fche nicht gut. Oft denken die Menschen nicht genug [&hellip;]\" \/>\n<meta property=\"og:url\" content=\"https:\/\/blog.zeit.de\/kinderzeit\/2010\/05\/20\/aha-der-woche-meere_5852\" \/>\n<meta property=\"og:site_name\" content=\"KinderZEIT-Blog\" \/>\n<meta property=\"article:published_time\" content=\"2010-05-20T06:36:27+00:00\" \/>\n<meta property=\"article:modified_time\" content=\"2010-05-18T19:38:39+00:00\" \/>\n<meta name=\"author\" content=\"Redaktion KinderZEIT\" \/>\n<meta name=\"twitter:card\" content=\"summary_large_image\" \/>\n<meta name=\"twitter:label1\" content=\"Verfasst von\" \/>\n\t<meta name=\"twitter:data1\" content=\"Redaktion KinderZEIT\" \/>\n\t<meta name=\"twitter:label2\" content=\"Gesch\u00e4tzte Lesezeit\" \/>\n\t<meta name=\"twitter:data2\" content=\"1\u00a0Minute\" \/>\n<script type=\"application\/ld+json\" class=\"yoast-schema-graph\">{\"@context\":\"https:\/\/schema.org\",\"@graph\":[{\"@type\":\"WebPage\",\"@id\":\"https:\/\/blog.zeit.de\/kinderzeit\/2010\/05\/20\/aha-der-woche-meere_5852\",\"url\":\"https:\/\/blog.zeit.de\/kinderzeit\/2010\/05\/20\/aha-der-woche-meere_5852\",\"name\":\"Aha der Woche: Meere - KinderZEIT-Blog\",\"isPartOf\":{\"@id\":\"https:\/\/blog.zeit.de\/kinderzeit\/#website\"},\"datePublished\":\"2010-05-20T06:36:27+00:00\",\"dateModified\":\"2010-05-18T19:38:39+00:00\",\"author\":{\"@id\":\"https:\/\/blog.zeit.de\/kinderzeit\/#\/schema\/person\/49470446f328463e8ea80b00b7d5da9c\"},\"breadcrumb\":{\"@id\":\"https:\/\/blog.zeit.de\/kinderzeit\/2010\/05\/20\/aha-der-woche-meere_5852#breadcrumb\"},\"inLanguage\":\"de\",\"potentialAction\":[{\"@type\":\"ReadAction\",\"target\":[\"https:\/\/blog.zeit.de\/kinderzeit\/2010\/05\/20\/aha-der-woche-meere_5852\"]}]},{\"@type\":\"BreadcrumbList\",\"@id\":\"https:\/\/blog.zeit.de\/kinderzeit\/2010\/05\/20\/aha-der-woche-meere_5852#breadcrumb\",\"itemListElement\":[{\"@type\":\"ListItem\",\"position\":1,\"name\":\"Startseite\",\"item\":\"https:\/\/blog.zeit.de\/kinderzeit\"},{\"@type\":\"ListItem\",\"position\":2,\"name\":\"Aha der Woche: Meere\"}]},{\"@type\":\"WebSite\",\"@id\":\"https:\/\/blog.zeit.de\/kinderzeit\/#website\",\"url\":\"https:\/\/blog.zeit.de\/kinderzeit\/\",\"name\":\"KinderZEIT-Blog\",\"description\":\"Politik, Kultur und R\u00e4tsel f\u00fcr junge Leser\",\"potentialAction\":[{\"@type\":\"SearchAction\",\"target\":{\"@type\":\"EntryPoint\",\"urlTemplate\":\"https:\/\/blog.zeit.de\/kinderzeit\/?s={search_term_string}\"},\"query-input\":\"required name=search_term_string\"}],\"inLanguage\":\"de\"},{\"@type\":\"Person\",\"@id\":\"https:\/\/blog.zeit.de\/kinderzeit\/#\/schema\/person\/49470446f328463e8ea80b00b7d5da9c\",\"name\":\"Redaktion KinderZEIT\",\"image\":{\"@type\":\"ImageObject\",\"inLanguage\":\"de\",\"@id\":\"https:\/\/blog.zeit.de\/kinderzeit\/#\/schema\/person\/image\/\",\"url\":\"https:\/\/secure.gravatar.com\/avatar\/e613a4a2ad2bd6413584eec4b8dd51cb549f6f87f7a858de5437c6df45ca1659?s=96&d=mm&r=g\",\"contentUrl\":\"https:\/\/secure.gravatar.com\/avatar\/e613a4a2ad2bd6413584eec4b8dd51cb549f6f87f7a858de5437c6df45ca1659?s=96&d=mm&r=g\",\"caption\":\"Redaktion KinderZEIT\"},\"url\":\"https:\/\/blog.zeit.de\/kinderzeit\/author\/sandra-valeska-bruhns\"}]}<\/script>\n<!-- \/ Yoast SEO plugin. -->","yoast_head_json":{"title":"Aha der Woche: Meere - KinderZEIT-Blog","robots":{"index":"index","follow":"follow","max-snippet":"max-snippet:-1","max-image-preview":"max-image-preview:large","max-video-preview":"max-video-preview:-1"},"canonical":"https:\/\/blog.zeit.de\/kinderzeit\/2010\/05\/20\/aha-der-woche-meere_5852","og_locale":"de_DE","og_type":"article","og_title":"Aha der Woche: Meere - KinderZEIT-Blog","og_description":"Sicher hast Du in den vergangenen Wochen auch gelesen und geh\u00f6rt, dass im Golf von Mexiko Unmengen von \u00d6l schwimmen. Dieses \u00d6l ist sehr gef\u00e4hrlich. Es kann das Gefieder von V\u00f6geln verkleben, es verschmutzt Pflanzen und Str\u00e4nde, und auch f\u00fcr das Meer selbst ist die schmierige Br\u00fche nicht gut. Oft denken die Menschen nicht genug [&hellip;]","og_url":"https:\/\/blog.zeit.de\/kinderzeit\/2010\/05\/20\/aha-der-woche-meere_5852","og_site_name":"KinderZEIT-Blog","article_published_time":"2010-05-20T06:36:27+00:00","article_modified_time":"2010-05-18T19:38:39+00:00","author":"Redaktion KinderZEIT","twitter_card":"summary_large_image","twitter_misc":{"Verfasst von":"Redaktion KinderZEIT","Gesch\u00e4tzte Lesezeit":"1\u00a0Minute"},"schema":{"@context":"https:\/\/schema.org","@graph":[{"@type":"WebPage","@id":"https:\/\/blog.zeit.de\/kinderzeit\/2010\/05\/20\/aha-der-woche-meere_5852","url":"https:\/\/blog.zeit.de\/kinderzeit\/2010\/05\/20\/aha-der-woche-meere_5852","name":"Aha der Woche: Meere - KinderZEIT-Blog","isPartOf":{"@id":"https:\/\/blog.zeit.de\/kinderzeit\/#website"},"datePublished":"2010-05-20T06:36:27+00:00","dateModified":"2010-05-18T19:38:39+00:00","author":{"@id":"https:\/\/blog.zeit.de\/kinderzeit\/#\/schema\/person\/49470446f328463e8ea80b00b7d5da9c"},"breadcrumb":{"@id":"https:\/\/blog.zeit.de\/kinderzeit\/2010\/05\/20\/aha-der-woche-meere_5852#breadcrumb"},"inLanguage":"de","potentialAction":[{"@type":"ReadAction","target":["https:\/\/blog.zeit.de\/kinderzeit\/2010\/05\/20\/aha-der-woche-meere_5852"]}]},{"@type":"BreadcrumbList","@id":"https:\/\/blog.zeit.de\/kinderzeit\/2010\/05\/20\/aha-der-woche-meere_5852#breadcrumb","itemListElement":[{"@type":"ListItem","position":1,"name":"Startseite","item":"https:\/\/blog.zeit.de\/kinderzeit"},{"@type":"ListItem","position":2,"name":"Aha der Woche: Meere"}]},{"@type":"WebSite","@id":"https:\/\/blog.zeit.de\/kinderzeit\/#website","url":"https:\/\/blog.zeit.de\/kinderzeit\/","name":"KinderZEIT-Blog","description":"Politik, Kultur und R\u00e4tsel f\u00fcr junge Leser","potentialAction":[{"@type":"SearchAction","target":{"@type":"EntryPoint","urlTemplate":"https:\/\/blog.zeit.de\/kinderzeit\/?s={search_term_string}"},"query-input":"required name=search_term_string"}],"inLanguage":"de"},{"@type":"Person","@id":"https:\/\/blog.zeit.de\/kinderzeit\/#\/schema\/person\/49470446f328463e8ea80b00b7d5da9c","name":"Redaktion KinderZEIT","image":{"@type":"ImageObject","inLanguage":"de","@id":"https:\/\/blog.zeit.de\/kinderzeit\/#\/schema\/person\/image\/","url":"https:\/\/secure.gravatar.com\/avatar\/e613a4a2ad2bd6413584eec4b8dd51cb549f6f87f7a858de5437c6df45ca1659?s=96&d=mm&r=g","contentUrl":"https:\/\/secure.gravatar.com\/avatar\/e613a4a2ad2bd6413584eec4b8dd51cb549f6f87f7a858de5437c6df45ca1659?s=96&d=mm&r=g","caption":"Redaktion KinderZEIT"},"url":"https:\/\/blog.zeit.de\/kinderzeit\/author\/sandra-valeska-bruhns"}]}},"jetpack_featured_media_url":"","jetpack_sharing_enabled":true,"_links":{"self":[{"href":"https:\/\/blog.zeit.de\/kinderzeit\/wp-json\/wp\/v2\/posts\/5852","targetHints":{"allow":["GET"]}}],"collection":[{"href":"https:\/\/blog.zeit.de\/kinderzeit\/wp-json\/wp\/v2\/posts"}],"about":[{"href":"https:\/\/blog.zeit.de\/kinderzeit\/wp-json\/wp\/v2\/types\/post"}],"author":[{"embeddable":true,"href":"https:\/\/blog.zeit.de\/kinderzeit\/wp-json\/wp\/v2\/users\/217"}],"replies":[{"embeddable":true,"href":"https:\/\/blog.zeit.de\/kinderzeit\/wp-json\/wp\/v2\/comments?post=5852"}],"version-history":[{"count":0,"href":"https:\/\/blog.zeit.de\/kinderzeit\/wp-json\/wp\/v2\/posts\/5852\/revisions"}],"wp:attachment":[{"href":"https:\/\/blog.zeit.de\/kinderzeit\/wp-json\/wp\/v2\/media?parent=5852"}],"wp:term":[{"taxonomy":"category","embeddable":true,"href":"https:\/\/blog.zeit.de\/kinderzeit\/wp-json\/wp\/v2\/categories?post=5852"},{"taxonomy":"post_tag","embeddable":true,"href":"https:\/\/blog.zeit.de\/kinderzeit\/wp-json\/wp\/v2\/tags?post=5852"}],"curies":[{"name":"wp","href":"https:\/\/api.w.org\/{rel}","templated":true}]}}