{"id":6229,"date":"2010-06-17T10:00:02","date_gmt":"2010-06-17T08:00:02","guid":{"rendered":"http:\/\/blog.zeit.de\/kinderzeit\/?p=6229"},"modified":"2010-06-16T11:28:37","modified_gmt":"2010-06-16T09:28:37","slug":"pippi-nee-frida","status":"publish","type":"post","link":"https:\/\/blog.zeit.de\/kinderzeit\/2010\/06\/17\/pippi-nee-frida_6229","title":{"rendered":"Pippi? Nee, Frida!"},"content":{"rendered":"<p><strong>Sie lebt im Wald, spricht mit ihrem Hund und schreibt tolle B\u00fccher. Ein Besuch bei der schwedischen Autorin Frida Nilsson<\/strong><\/p>\n<p>Von Susanne Gaschke<\/p>\n<p><img loading=\"lazy\" decoding=\"async\" src=\"https:\/\/blog.zeit.de\/kinderzeit\/files\/2010\/06\/frida-199x300.jpg\" alt=\"\" title=\"frida\" width=\"199\" height=\"300\" class=\"alignleft size-medium wp-image-6231\" srcset=\"https:\/\/blog.zeit.de\/kinderzeit\/files\/2010\/06\/frida-199x300.jpg 199w, https:\/\/blog.zeit.de\/kinderzeit\/files\/2010\/06\/frida-359x540.jpg 359w\" sizes=\"auto, (max-width: 199px) 100vw, 199px\" \/><\/p>\n<p>Sie holt mich vom Flughafen ab, und ich erkenne sie sofort: Die junge Frau, die so wild und lustig aussieht wie eine halb erwachsene Pippi Langstrumpf (nur mit gr\u00fcner Kappe statt mit roten Z\u00f6pfen), die muss es sein. Sie sitzt am Steuer eines unglaublich dreckigen Autos, das wahrscheinlich, aber nicht sicher, blau ist. Im Kofferraum liegt Siv, eine 30 Kilo schwere Bassett-H\u00fcndin, deren H\u00e4ngeohren beim Gehen durch den Staub schleifen \u2013 wenn sie geht. Meist zieht sie eine liegende Position vor. <!--more--><\/p>\n<p>Ich besuche Frida Nilsson, 31 Jahre, weil sie eine bekannte schwedische Kinderbuchautorin ist. Frida hat sieben Kinderb\u00fccher geschrieben, darunter unseren Sommerroman &#8222;Ich, Gorilla und der Affenstern&#8220;. Es geht darin um die irre Geschichte des Waisenm\u00e4dchens Jonna, das von einer Gorilladame adoptiert wird, die auf einem Schrottplatz lebt. Es ist schon der zweite Roman von Frida Nilsson, der mit M\u00fcll zu tun hat: &#8222;Ich, Dante und die Millionen&#8220; handelt von einem unschuldig Verd\u00e4chtigten, der bei einer Ratte auf einer M\u00fcllhalde Unterschlupf sucht. Ein dritter &#8222;Abfall-Roman&#8220; ist in Planung.<br \/>\n<img loading=\"lazy\" decoding=\"async\" src=\"https:\/\/blog.zeit.de\/kinderzeit\/files\/2010\/06\/fridashaus1-300x199.jpg\" alt=\"\" title=\"fridashaus\" width=\"300\" height=\"199\" class=\"alignleft size-medium wp-image-6234\" srcset=\"https:\/\/blog.zeit.de\/kinderzeit\/files\/2010\/06\/fridashaus1-300x199.jpg 300w, https:\/\/blog.zeit.de\/kinderzeit\/files\/2010\/06\/fridashaus1-540x359.jpg 540w\" sizes=\"auto, (max-width: 300px) 100vw, 300px\" \/><\/p>\n<p>Frida Nilsson lebt in der N\u00e4he der kleinen schwedischen Stadt \u00d6rebro, jedenfalls von April bis Oktober, wenn es in ihrem bullerb\u00fcroten Holzferienh\u00e4uschen warm genug ist. Moment, habe ich &#8222;kleine Stadt&#8220; geschrieben? Frida ist emp\u00f6rt: \u00d6rebro hat ungef\u00e4hr 100\u2008000 Einwohner, f\u00fcr Schweden ist das viel, die siebtgr\u00f6\u00dfte Stadt des Landes ist \u00d6rebro, das soll ich nur wissen! Frida ist in dieser Gegend aufgewachsen, mit vielen Tieren. &#8222;Mondscheinfarmen&#8220; nennt man in Schweden die kleinen Bauernh\u00f6fe, die manche Leute neben ihrem eigentlichen Beruf betreiben. Das taten auch Fridas Eltern \u2013 und nach dem Landleben ihrer Kindheit sehnt sich die Autorin noch immer zur\u00fcck. In gro\u00dfen St\u00e4dten wie Stockholm, wo sie den Winter verbringt, f\u00fchlt sie sich nicht richtig wohl. Sie h\u00e4ngt sehr an ihrem Sommerh\u00e4uschen in der Einsamkeit, wo es so still ist, dass sich jeder Vogelruf nach Riesengeschrei anh\u00f6rt, und wo sie besonders gut arbeiten kann, weil niemand sie ablenkt. Nicht einmal Internet gibt es dort. Ist sie nie einsam, hat sie nie Angst? &#8222;Manchmal glaubt man an Geister&#8220;, sagt sie, &#8222;aber dann rede ich laut mit dem Hund.&#8220;<\/p>\n<p>Fridas Vater arbeitete als Journalist und schrieb St\u00fccke f\u00fcr ein Theater in \u00d6rebro. Gleich nach dem Abitur fing sie selbst an, dort Theaterkurse f\u00fcr Kinder zu geben. Schon als kleines M\u00e4dchen hatte sie n\u00e4mlich am liebsten hinter den Kulissen gesessen und bei den Proben zugeschaut. Doch als sie eigene Rollen bekam, merkte sie, dass ihr die Sache nicht so gut gefiel, wie sie erwartet hatte: Pl\u00f6tzlich gab es immer einen Regisseur, der ihr etwas vorschreiben wollte. Und Vorschriften kann Frida Nilson wohl ebenso wenig leiden wie Pippi Langstrumpf. <\/p>\n<p><img loading=\"lazy\" decoding=\"async\" src=\"https:\/\/blog.zeit.de\/kinderzeit\/files\/2010\/06\/siv-300x234.jpg\" alt=\"\" title=\"siv\" width=\"300\" height=\"234\" class=\"alignleft size-medium wp-image-6236\" srcset=\"https:\/\/blog.zeit.de\/kinderzeit\/files\/2010\/06\/siv-300x234.jpg 300w, https:\/\/blog.zeit.de\/kinderzeit\/files\/2010\/06\/siv-540x421.jpg 540w, https:\/\/blog.zeit.de\/kinderzeit\/files\/2010\/06\/siv.jpg 1954w\" sizes=\"auto, (max-width: 300px) 100vw, 300px\" \/><\/p>\n<p>Gl\u00fccklicherweise lud sie zur selben Zeit ein Radiosender ein, Kindersendungen zu moderieren. Das machte sie gut, und nach und nach schrieb sie eigene Geschichten f\u00fcrs Radio. Die erste, die auch als Buch erschienen ist, handelt von einer Kr\u00e4he, die mit ihrem Freund per Anhalter nach Norwegen reist. Eines Tages rief eine Journalistin bei Frida an und fragte, was die Kr\u00e4he in der Geschichte bedeuten solle: Stehe sie vielleicht f\u00fcr einen Fremden, der sich in Schweden nicht wohlf\u00fchle? &#8222;Nein&#8220;, sagte Frida lachend, &#8222;die Kr\u00e4he steht f\u00fcr eine Kr\u00e4he, die nach Norwegen trampt.&#8220;<\/p>\n<p>H\u00e4ufig tun Tiere in Fridas Geschichten Dinge, die sie nicht wirklich tun k\u00f6nnten (etwa sprechen oder Schrott verkaufen). Die Menschen versuchen dann verzweifelt, mit den vollkommen unnormalen Vorkommnissen normal umzugehen \u2013 und das ist meistens sehr witzig.<\/p>\n<p>An die T\u00e4tigkeit beim Radio schloss sich f\u00fcr Frida Arbeit beim staatlichen Fernsehen an, dort moderiert sie eine Kinder-Wissensshow. &#8222;Aber eigentlich schreibe ich am liebsten&#8220;, sagt sie. Will sie irgendwann auch einmal ein Buch f\u00fcr Erwachsene verfassen? &#8222;Das ist eine komische Frage&#8220;, sagt sie. &#8222;Autoren, die f\u00fcr Erwachsene schreiben, werden nie gefragt, ob sie auch mal was f\u00fcr Kinder machen wollen.&#8220; Ihre Antwort lautet jedenfalls Nein: Sie will Kinderbuchautorin bleiben. &#8222;Eigentlich schreibe ich meine B\u00fccher sowieso f\u00fcr mich selbst&#8220;, sagt sie. &#8222;Nie habe ich mich so in Geschichten verlieren k\u00f6nnen wie als Kind, nie waren sie so wirklich.&#8220;<\/p>\n<p>Fridas Vater kommt oft zum Sommerh\u00e4uschen und besucht seine Tochter. Manche Leute sagen, er habe eine gewisse \u00c4hnlichkeit mit Gorilla \u2013 gro\u00df und haarig und nicht besonders gut angezogen. Heute macht Frida das nichts mehr aus, aber als Kind w\u00fcnschte sie sich manchmal einen normaleren Vater. Die Geschichte von Gorilla und Jonna handelt auch davon, dass es mehr darauf ankommt, ob Eltern nett sind, als darauf, ob sie schicke Klamotten tragen.<\/p>\n<p>Es macht \u00fcberhaupt keinen Spa\u00df, von Fridas kleinem rotem Haus wegzufahren \u2013 und von Frida, die eine so vergn\u00fcgte Person ist. Auf dem Weg zur\u00fcck zum Flughafen m\u00fcssen wir mit dem Auto an einem Kuhgatter anhalten. &#8222;Willst du es aufmachen?&#8220;, fragt sie mich. Na klar. Ich springe aus dem Auto, kriege das Gatter mit einiger M\u00fche auf, winke das Auto durch und schlie\u00dfe sorgf\u00e4ltig wieder ab. Jetzt bin ich auf der einen Seite, Frida und das Auto sind auf der anderen. Sie lacht sich halb tot. Hoffentlich schreibt sie das nicht in ihr n\u00e4chstes Buch!<\/p>\n<p>Als ich mich befreit habe und wieder ins Auto klettere, gibt mir Frida einen &#8222;Gatterpfennig&#8220;. Den bekamen die Kinder in Schweden fr\u00fcher, wenn sie den Reisenden die Gatter f\u00fcr ihre Kutschen \u00f6ffneten. Gatterpfennige kommen oft in den Geschichten von Astrid Lindgren vor. Es ist typisch f\u00fcr Frida, dass sie so etwas Lindgrenartiges tut zum Abschied. Sie schreibt ja auch ein bisschen so wie diese weltber\u00fchmte Autorin \u2013 und zugleich ganz und gar wie sie selbst.<\/p>\n","protected":false},"excerpt":{"rendered":"<p>Sie lebt im Wald, spricht mit ihrem Hund und schreibt tolle B\u00fccher. Ein Besuch bei der schwedischen Autorin Frida Nilsson Von Susanne Gaschke Sie holt mich vom Flughafen ab, und ich erkenne sie sofort: Die junge Frau, die so wild und lustig aussieht wie eine halb erwachsene Pippi Langstrumpf (nur mit gr\u00fcner Kappe statt mit [&hellip;]<\/p>\n","protected":false},"author":217,"featured_media":0,"comment_status":"open","ping_status":"closed","sticky":false,"template":"","format":"standard","meta":{"_jetpack_memberships_contains_paid_content":false,"footnotes":""},"categories":[1157,2255],"tags":[2257,30155,2259,2261,2260,504,2258],"class_list":["post-6229","post","type-post","status-publish","format-standard","hentry","category-buchtipp-hortipp-filmtipp-fernsehtipp","category-portrat","tag-astrid-lindgren","tag-frida-nilsson","tag-gatterpfennig","tag-ich-dante-und-die-millionen","tag-ich-gorilla-und-der-affenstern","tag-schweden","tag-schwedische-kinderbuch-autorin"],"yoast_head":"<!-- This site is optimized with the Yoast SEO plugin v21.0 - https:\/\/yoast.com\/wordpress\/plugins\/seo\/ -->\n<title>Pippi? Nee, Frida! - KinderZEIT-Blog<\/title>\n<meta name=\"robots\" content=\"index, follow, max-snippet:-1, max-image-preview:large, max-video-preview:-1\" \/>\n<link rel=\"canonical\" href=\"https:\/\/blog.zeit.de\/kinderzeit\/2010\/06\/17\/pippi-nee-frida_6229\" \/>\n<meta property=\"og:locale\" content=\"de_DE\" \/>\n<meta property=\"og:type\" content=\"article\" \/>\n<meta property=\"og:title\" content=\"Pippi? Nee, Frida! - KinderZEIT-Blog\" \/>\n<meta property=\"og:description\" content=\"Sie lebt im Wald, spricht mit ihrem Hund und schreibt tolle B\u00fccher. Ein Besuch bei der schwedischen Autorin Frida Nilsson Von Susanne Gaschke Sie holt mich vom Flughafen ab, und ich erkenne sie sofort: Die junge Frau, die so wild und lustig aussieht wie eine halb erwachsene Pippi Langstrumpf (nur mit gr\u00fcner Kappe statt mit [&hellip;]\" \/>\n<meta property=\"og:url\" content=\"https:\/\/blog.zeit.de\/kinderzeit\/2010\/06\/17\/pippi-nee-frida_6229\" \/>\n<meta property=\"og:site_name\" content=\"KinderZEIT-Blog\" \/>\n<meta property=\"article:published_time\" content=\"2010-06-17T08:00:02+00:00\" \/>\n<meta property=\"article:modified_time\" content=\"2010-06-16T09:28:37+00:00\" \/>\n<meta property=\"og:image\" content=\"https:\/\/blog.zeit.de\/kinderzeit\/files\/2010\/06\/frida-199x300.jpg\" \/>\n<meta name=\"author\" content=\"Redaktion KinderZEIT\" \/>\n<meta name=\"twitter:card\" content=\"summary_large_image\" \/>\n<meta name=\"twitter:label1\" content=\"Verfasst von\" \/>\n\t<meta name=\"twitter:data1\" content=\"Redaktion KinderZEIT\" \/>\n\t<meta name=\"twitter:label2\" content=\"Gesch\u00e4tzte Lesezeit\" \/>\n\t<meta name=\"twitter:data2\" content=\"5\u00a0Minuten\" \/>\n<script type=\"application\/ld+json\" class=\"yoast-schema-graph\">{\"@context\":\"https:\/\/schema.org\",\"@graph\":[{\"@type\":\"WebPage\",\"@id\":\"https:\/\/blog.zeit.de\/kinderzeit\/2010\/06\/17\/pippi-nee-frida_6229\",\"url\":\"https:\/\/blog.zeit.de\/kinderzeit\/2010\/06\/17\/pippi-nee-frida_6229\",\"name\":\"Pippi? Nee, Frida! - KinderZEIT-Blog\",\"isPartOf\":{\"@id\":\"https:\/\/blog.zeit.de\/kinderzeit\/#website\"},\"datePublished\":\"2010-06-17T08:00:02+00:00\",\"dateModified\":\"2010-06-16T09:28:37+00:00\",\"author\":{\"@id\":\"https:\/\/blog.zeit.de\/kinderzeit\/#\/schema\/person\/49470446f328463e8ea80b00b7d5da9c\"},\"breadcrumb\":{\"@id\":\"https:\/\/blog.zeit.de\/kinderzeit\/2010\/06\/17\/pippi-nee-frida_6229#breadcrumb\"},\"inLanguage\":\"de\",\"potentialAction\":[{\"@type\":\"ReadAction\",\"target\":[\"https:\/\/blog.zeit.de\/kinderzeit\/2010\/06\/17\/pippi-nee-frida_6229\"]}]},{\"@type\":\"BreadcrumbList\",\"@id\":\"https:\/\/blog.zeit.de\/kinderzeit\/2010\/06\/17\/pippi-nee-frida_6229#breadcrumb\",\"itemListElement\":[{\"@type\":\"ListItem\",\"position\":1,\"name\":\"Startseite\",\"item\":\"https:\/\/blog.zeit.de\/kinderzeit\"},{\"@type\":\"ListItem\",\"position\":2,\"name\":\"Pippi? Nee, Frida!\"}]},{\"@type\":\"WebSite\",\"@id\":\"https:\/\/blog.zeit.de\/kinderzeit\/#website\",\"url\":\"https:\/\/blog.zeit.de\/kinderzeit\/\",\"name\":\"KinderZEIT-Blog\",\"description\":\"Politik, Kultur und R\u00e4tsel f\u00fcr junge Leser\",\"potentialAction\":[{\"@type\":\"SearchAction\",\"target\":{\"@type\":\"EntryPoint\",\"urlTemplate\":\"https:\/\/blog.zeit.de\/kinderzeit\/?s={search_term_string}\"},\"query-input\":\"required name=search_term_string\"}],\"inLanguage\":\"de\"},{\"@type\":\"Person\",\"@id\":\"https:\/\/blog.zeit.de\/kinderzeit\/#\/schema\/person\/49470446f328463e8ea80b00b7d5da9c\",\"name\":\"Redaktion KinderZEIT\",\"image\":{\"@type\":\"ImageObject\",\"inLanguage\":\"de\",\"@id\":\"https:\/\/blog.zeit.de\/kinderzeit\/#\/schema\/person\/image\/\",\"url\":\"https:\/\/secure.gravatar.com\/avatar\/e613a4a2ad2bd6413584eec4b8dd51cb549f6f87f7a858de5437c6df45ca1659?s=96&d=mm&r=g\",\"contentUrl\":\"https:\/\/secure.gravatar.com\/avatar\/e613a4a2ad2bd6413584eec4b8dd51cb549f6f87f7a858de5437c6df45ca1659?s=96&d=mm&r=g\",\"caption\":\"Redaktion KinderZEIT\"},\"url\":\"https:\/\/blog.zeit.de\/kinderzeit\/author\/sandra-valeska-bruhns\"}]}<\/script>\n<!-- \/ Yoast SEO plugin. -->","yoast_head_json":{"title":"Pippi? Nee, Frida! - KinderZEIT-Blog","robots":{"index":"index","follow":"follow","max-snippet":"max-snippet:-1","max-image-preview":"max-image-preview:large","max-video-preview":"max-video-preview:-1"},"canonical":"https:\/\/blog.zeit.de\/kinderzeit\/2010\/06\/17\/pippi-nee-frida_6229","og_locale":"de_DE","og_type":"article","og_title":"Pippi? Nee, Frida! - KinderZEIT-Blog","og_description":"Sie lebt im Wald, spricht mit ihrem Hund und schreibt tolle B\u00fccher. Ein Besuch bei der schwedischen Autorin Frida Nilsson Von Susanne Gaschke Sie holt mich vom Flughafen ab, und ich erkenne sie sofort: Die junge Frau, die so wild und lustig aussieht wie eine halb erwachsene Pippi Langstrumpf (nur mit gr\u00fcner Kappe statt mit [&hellip;]","og_url":"https:\/\/blog.zeit.de\/kinderzeit\/2010\/06\/17\/pippi-nee-frida_6229","og_site_name":"KinderZEIT-Blog","article_published_time":"2010-06-17T08:00:02+00:00","article_modified_time":"2010-06-16T09:28:37+00:00","og_image":[{"url":"https:\/\/blog.zeit.de\/kinderzeit\/files\/2010\/06\/frida-199x300.jpg"}],"author":"Redaktion KinderZEIT","twitter_card":"summary_large_image","twitter_misc":{"Verfasst von":"Redaktion KinderZEIT","Gesch\u00e4tzte Lesezeit":"5\u00a0Minuten"},"schema":{"@context":"https:\/\/schema.org","@graph":[{"@type":"WebPage","@id":"https:\/\/blog.zeit.de\/kinderzeit\/2010\/06\/17\/pippi-nee-frida_6229","url":"https:\/\/blog.zeit.de\/kinderzeit\/2010\/06\/17\/pippi-nee-frida_6229","name":"Pippi? Nee, Frida! - KinderZEIT-Blog","isPartOf":{"@id":"https:\/\/blog.zeit.de\/kinderzeit\/#website"},"datePublished":"2010-06-17T08:00:02+00:00","dateModified":"2010-06-16T09:28:37+00:00","author":{"@id":"https:\/\/blog.zeit.de\/kinderzeit\/#\/schema\/person\/49470446f328463e8ea80b00b7d5da9c"},"breadcrumb":{"@id":"https:\/\/blog.zeit.de\/kinderzeit\/2010\/06\/17\/pippi-nee-frida_6229#breadcrumb"},"inLanguage":"de","potentialAction":[{"@type":"ReadAction","target":["https:\/\/blog.zeit.de\/kinderzeit\/2010\/06\/17\/pippi-nee-frida_6229"]}]},{"@type":"BreadcrumbList","@id":"https:\/\/blog.zeit.de\/kinderzeit\/2010\/06\/17\/pippi-nee-frida_6229#breadcrumb","itemListElement":[{"@type":"ListItem","position":1,"name":"Startseite","item":"https:\/\/blog.zeit.de\/kinderzeit"},{"@type":"ListItem","position":2,"name":"Pippi? Nee, Frida!"}]},{"@type":"WebSite","@id":"https:\/\/blog.zeit.de\/kinderzeit\/#website","url":"https:\/\/blog.zeit.de\/kinderzeit\/","name":"KinderZEIT-Blog","description":"Politik, Kultur und R\u00e4tsel f\u00fcr junge Leser","potentialAction":[{"@type":"SearchAction","target":{"@type":"EntryPoint","urlTemplate":"https:\/\/blog.zeit.de\/kinderzeit\/?s={search_term_string}"},"query-input":"required name=search_term_string"}],"inLanguage":"de"},{"@type":"Person","@id":"https:\/\/blog.zeit.de\/kinderzeit\/#\/schema\/person\/49470446f328463e8ea80b00b7d5da9c","name":"Redaktion KinderZEIT","image":{"@type":"ImageObject","inLanguage":"de","@id":"https:\/\/blog.zeit.de\/kinderzeit\/#\/schema\/person\/image\/","url":"https:\/\/secure.gravatar.com\/avatar\/e613a4a2ad2bd6413584eec4b8dd51cb549f6f87f7a858de5437c6df45ca1659?s=96&d=mm&r=g","contentUrl":"https:\/\/secure.gravatar.com\/avatar\/e613a4a2ad2bd6413584eec4b8dd51cb549f6f87f7a858de5437c6df45ca1659?s=96&d=mm&r=g","caption":"Redaktion KinderZEIT"},"url":"https:\/\/blog.zeit.de\/kinderzeit\/author\/sandra-valeska-bruhns"}]}},"jetpack_featured_media_url":"","jetpack_sharing_enabled":true,"_links":{"self":[{"href":"https:\/\/blog.zeit.de\/kinderzeit\/wp-json\/wp\/v2\/posts\/6229","targetHints":{"allow":["GET"]}}],"collection":[{"href":"https:\/\/blog.zeit.de\/kinderzeit\/wp-json\/wp\/v2\/posts"}],"about":[{"href":"https:\/\/blog.zeit.de\/kinderzeit\/wp-json\/wp\/v2\/types\/post"}],"author":[{"embeddable":true,"href":"https:\/\/blog.zeit.de\/kinderzeit\/wp-json\/wp\/v2\/users\/217"}],"replies":[{"embeddable":true,"href":"https:\/\/blog.zeit.de\/kinderzeit\/wp-json\/wp\/v2\/comments?post=6229"}],"version-history":[{"count":0,"href":"https:\/\/blog.zeit.de\/kinderzeit\/wp-json\/wp\/v2\/posts\/6229\/revisions"}],"wp:attachment":[{"href":"https:\/\/blog.zeit.de\/kinderzeit\/wp-json\/wp\/v2\/media?parent=6229"}],"wp:term":[{"taxonomy":"category","embeddable":true,"href":"https:\/\/blog.zeit.de\/kinderzeit\/wp-json\/wp\/v2\/categories?post=6229"},{"taxonomy":"post_tag","embeddable":true,"href":"https:\/\/blog.zeit.de\/kinderzeit\/wp-json\/wp\/v2\/tags?post=6229"}],"curies":[{"name":"wp","href":"https:\/\/api.w.org\/{rel}","templated":true}]}}