{"id":6450,"date":"2010-07-05T12:31:37","date_gmt":"2010-07-05T10:31:37","guid":{"rendered":"http:\/\/blog.zeit.de\/kinderzeit\/?p=6450"},"modified":"2010-07-05T12:31:37","modified_gmt":"2010-07-05T10:31:37","slug":"bucher-fur-die-tafeln","status":"publish","type":"post","link":"https:\/\/blog.zeit.de\/kinderzeit\/2010\/07\/05\/bucher-fur-die-tafeln_6450","title":{"rendered":"B\u00fccher f\u00fcr die Tafeln"},"content":{"rendered":"<p><img loading=\"lazy\" decoding=\"async\" src=\"https:\/\/blog.zeit.de\/kinderzeit\/files\/2010\/07\/Tafeln1.jpg\" alt=\"\" title=\"Tafeln\" width=\"255\" height=\"88\" class=\"alignleft size-full wp-image-6454\" \/><\/p>\n<p>Die Idee der Lebensmittel-Tafeln, bei denen sich Bed\u00fcrftige Essen abholen k\u00f6nnen, das in Lebensmittelgesch\u00e4ften, B\u00e4ckereien oder Restaurants nicht verkauft wurde, hat sich in fast allen deutschen Gro\u00dfst\u00e4dten durchgesetzt. Ehrenamtliche Mitarbeiter fahren mit Bussen nach Feierabend die einzelnen Gesch\u00e4fte und Lokale ab, sammeln die gespendeten Lebensmittel ein und verteilen sie an Menschen, die nicht genug Geld haben, ausreichend Essen zu kaufen.<!--more--><\/p>\n<p>Diese Idee der Tafeln wurde nun aufgegriffen und als B\u00fcchertafel weiter entwickelt. Denn bei uns &#8211; im vermeintlich reichen Deutschland &#8211; wachsen nach Sch\u00e4tzungen fast zwei Millionen Kinder in so armen Verh\u00e4lntissen auf, dass sie kaum eigene B\u00fccher besitzen. Andere Kinder dagegen haben von allem zuviel &#8211; auch von B\u00fcchern.<\/p>\n<p>Die Restbest\u00e4nde von Verlagen und Buchh\u00e4ndlern, B\u00fccher, die aus dem Programm genommen wurden oder nicht mehr ganz aktuell sind, haben nun die Chance auf eine echte Wertsch\u00e4tzung. F\u00fcr alle diese B\u00fccher hat die Kulturstiftung <a href=\"http:\/\/www.selbstlos-stiftung.de\/projekte\/buecher-fuer-die-tafeln.html\">&#8222;Selbst. Los!&#8220;<\/a> nun B\u00fcchertafeln ins Leben gerufen. So wie auch bei den Lebensmitteln werden die B\u00fccher bei Verlagen und Buchh\u00e4ndlern eingesammelt und dann an Bed\u00fcrftige verteilt. Wichtig ist dabei, dass es keine &#8222;Second hand&#8220; B\u00fccher sind, die andere Kinder bereits mehrmals gelesen haben, sondern neuwertige B\u00fccher.<\/p>\n<p>Wir von der ZEIT finden die Idee der &#8222;B\u00fccher f\u00fcr die Tafeln&#8220; so gut, dass wir schon 500 Exemplare der Edition &#8222;Fantastische Geschichten f\u00fcr junge Leser&#8220; gespendet haben. Wenn Ihr auch helfen wollt: Macht die B\u00fcchertafeln bekannter. Sprecht den Buchh\u00e4ndler in Eurer N\u00e4he auf das tolle Projekt an. <\/p>\n","protected":false},"excerpt":{"rendered":"<p>Die Idee der Lebensmittel-Tafeln, bei denen sich Bed\u00fcrftige Essen abholen k\u00f6nnen, das in Lebensmittelgesch\u00e4ften, B\u00e4ckereien oder Restaurants nicht verkauft wurde, hat sich in fast allen deutschen Gro\u00dfst\u00e4dten durchgesetzt. Ehrenamtliche Mitarbeiter fahren mit Bussen nach Feierabend die einzelnen Gesch\u00e4fte und Lokale ab, sammeln die gespendeten Lebensmittel ein und verteilen sie an Menschen, die nicht genug Geld [&hellip;]<\/p>\n","protected":false},"author":217,"featured_media":0,"comment_status":"open","ping_status":"closed","sticky":false,"template":"","format":"standard","meta":{"_jetpack_memberships_contains_paid_content":false,"footnotes":""},"categories":[1410],"tags":[2343,2344,2345],"class_list":["post-6450","post","type-post","status-publish","format-standard","hentry","category-kulturtipp","tag-bucher-fur-die-tafeln","tag-selbst-los","tag-tafeln"],"yoast_head":"<!-- This site is optimized with the Yoast SEO plugin v21.0 - https:\/\/yoast.com\/wordpress\/plugins\/seo\/ -->\n<title>B\u00fccher f\u00fcr die Tafeln - KinderZEIT-Blog<\/title>\n<meta name=\"robots\" content=\"index, follow, max-snippet:-1, max-image-preview:large, max-video-preview:-1\" \/>\n<link rel=\"canonical\" href=\"https:\/\/blog.zeit.de\/kinderzeit\/2010\/07\/05\/bucher-fur-die-tafeln_6450\" \/>\n<meta property=\"og:locale\" content=\"de_DE\" \/>\n<meta property=\"og:type\" content=\"article\" \/>\n<meta property=\"og:title\" content=\"B\u00fccher f\u00fcr die Tafeln - KinderZEIT-Blog\" \/>\n<meta property=\"og:description\" content=\"Die Idee der Lebensmittel-Tafeln, bei denen sich Bed\u00fcrftige Essen abholen k\u00f6nnen, das in Lebensmittelgesch\u00e4ften, B\u00e4ckereien oder Restaurants nicht verkauft wurde, hat sich in fast allen deutschen Gro\u00dfst\u00e4dten durchgesetzt. Ehrenamtliche Mitarbeiter fahren mit Bussen nach Feierabend die einzelnen Gesch\u00e4fte und Lokale ab, sammeln die gespendeten Lebensmittel ein und verteilen sie an Menschen, die nicht genug Geld [&hellip;]\" \/>\n<meta property=\"og:url\" content=\"https:\/\/blog.zeit.de\/kinderzeit\/2010\/07\/05\/bucher-fur-die-tafeln_6450\" \/>\n<meta property=\"og:site_name\" content=\"KinderZEIT-Blog\" \/>\n<meta property=\"article:published_time\" content=\"2010-07-05T10:31:37+00:00\" \/>\n<meta property=\"og:image\" content=\"https:\/\/blog.zeit.de\/kinderzeit\/files\/2010\/07\/Tafeln1.jpg\" \/>\n<meta name=\"author\" content=\"Redaktion KinderZEIT\" \/>\n<meta name=\"twitter:card\" content=\"summary_large_image\" \/>\n<meta name=\"twitter:label1\" content=\"Verfasst von\" \/>\n\t<meta name=\"twitter:data1\" content=\"Redaktion KinderZEIT\" \/>\n\t<meta name=\"twitter:label2\" content=\"Gesch\u00e4tzte Lesezeit\" \/>\n\t<meta name=\"twitter:data2\" content=\"1\u00a0Minute\" \/>\n<script type=\"application\/ld+json\" class=\"yoast-schema-graph\">{\"@context\":\"https:\/\/schema.org\",\"@graph\":[{\"@type\":\"WebPage\",\"@id\":\"https:\/\/blog.zeit.de\/kinderzeit\/2010\/07\/05\/bucher-fur-die-tafeln_6450\",\"url\":\"https:\/\/blog.zeit.de\/kinderzeit\/2010\/07\/05\/bucher-fur-die-tafeln_6450\",\"name\":\"B\u00fccher f\u00fcr die Tafeln - KinderZEIT-Blog\",\"isPartOf\":{\"@id\":\"https:\/\/blog.zeit.de\/kinderzeit\/#website\"},\"datePublished\":\"2010-07-05T10:31:37+00:00\",\"dateModified\":\"2010-07-05T10:31:37+00:00\",\"author\":{\"@id\":\"https:\/\/blog.zeit.de\/kinderzeit\/#\/schema\/person\/49470446f328463e8ea80b00b7d5da9c\"},\"breadcrumb\":{\"@id\":\"https:\/\/blog.zeit.de\/kinderzeit\/2010\/07\/05\/bucher-fur-die-tafeln_6450#breadcrumb\"},\"inLanguage\":\"de\",\"potentialAction\":[{\"@type\":\"ReadAction\",\"target\":[\"https:\/\/blog.zeit.de\/kinderzeit\/2010\/07\/05\/bucher-fur-die-tafeln_6450\"]}]},{\"@type\":\"BreadcrumbList\",\"@id\":\"https:\/\/blog.zeit.de\/kinderzeit\/2010\/07\/05\/bucher-fur-die-tafeln_6450#breadcrumb\",\"itemListElement\":[{\"@type\":\"ListItem\",\"position\":1,\"name\":\"Startseite\",\"item\":\"https:\/\/blog.zeit.de\/kinderzeit\"},{\"@type\":\"ListItem\",\"position\":2,\"name\":\"B\u00fccher f\u00fcr die Tafeln\"}]},{\"@type\":\"WebSite\",\"@id\":\"https:\/\/blog.zeit.de\/kinderzeit\/#website\",\"url\":\"https:\/\/blog.zeit.de\/kinderzeit\/\",\"name\":\"KinderZEIT-Blog\",\"description\":\"Politik, Kultur und R\u00e4tsel f\u00fcr junge Leser\",\"potentialAction\":[{\"@type\":\"SearchAction\",\"target\":{\"@type\":\"EntryPoint\",\"urlTemplate\":\"https:\/\/blog.zeit.de\/kinderzeit\/?s={search_term_string}\"},\"query-input\":\"required name=search_term_string\"}],\"inLanguage\":\"de\"},{\"@type\":\"Person\",\"@id\":\"https:\/\/blog.zeit.de\/kinderzeit\/#\/schema\/person\/49470446f328463e8ea80b00b7d5da9c\",\"name\":\"Redaktion KinderZEIT\",\"image\":{\"@type\":\"ImageObject\",\"inLanguage\":\"de\",\"@id\":\"https:\/\/blog.zeit.de\/kinderzeit\/#\/schema\/person\/image\/\",\"url\":\"https:\/\/secure.gravatar.com\/avatar\/e613a4a2ad2bd6413584eec4b8dd51cb549f6f87f7a858de5437c6df45ca1659?s=96&d=mm&r=g\",\"contentUrl\":\"https:\/\/secure.gravatar.com\/avatar\/e613a4a2ad2bd6413584eec4b8dd51cb549f6f87f7a858de5437c6df45ca1659?s=96&d=mm&r=g\",\"caption\":\"Redaktion KinderZEIT\"},\"url\":\"https:\/\/blog.zeit.de\/kinderzeit\/author\/sandra-valeska-bruhns\"}]}<\/script>\n<!-- \/ Yoast SEO plugin. -->","yoast_head_json":{"title":"B\u00fccher f\u00fcr die Tafeln - KinderZEIT-Blog","robots":{"index":"index","follow":"follow","max-snippet":"max-snippet:-1","max-image-preview":"max-image-preview:large","max-video-preview":"max-video-preview:-1"},"canonical":"https:\/\/blog.zeit.de\/kinderzeit\/2010\/07\/05\/bucher-fur-die-tafeln_6450","og_locale":"de_DE","og_type":"article","og_title":"B\u00fccher f\u00fcr die Tafeln - KinderZEIT-Blog","og_description":"Die Idee der Lebensmittel-Tafeln, bei denen sich Bed\u00fcrftige Essen abholen k\u00f6nnen, das in Lebensmittelgesch\u00e4ften, B\u00e4ckereien oder Restaurants nicht verkauft wurde, hat sich in fast allen deutschen Gro\u00dfst\u00e4dten durchgesetzt. Ehrenamtliche Mitarbeiter fahren mit Bussen nach Feierabend die einzelnen Gesch\u00e4fte und Lokale ab, sammeln die gespendeten Lebensmittel ein und verteilen sie an Menschen, die nicht genug Geld [&hellip;]","og_url":"https:\/\/blog.zeit.de\/kinderzeit\/2010\/07\/05\/bucher-fur-die-tafeln_6450","og_site_name":"KinderZEIT-Blog","article_published_time":"2010-07-05T10:31:37+00:00","og_image":[{"url":"https:\/\/blog.zeit.de\/kinderzeit\/files\/2010\/07\/Tafeln1.jpg"}],"author":"Redaktion KinderZEIT","twitter_card":"summary_large_image","twitter_misc":{"Verfasst von":"Redaktion KinderZEIT","Gesch\u00e4tzte Lesezeit":"1\u00a0Minute"},"schema":{"@context":"https:\/\/schema.org","@graph":[{"@type":"WebPage","@id":"https:\/\/blog.zeit.de\/kinderzeit\/2010\/07\/05\/bucher-fur-die-tafeln_6450","url":"https:\/\/blog.zeit.de\/kinderzeit\/2010\/07\/05\/bucher-fur-die-tafeln_6450","name":"B\u00fccher f\u00fcr die Tafeln - KinderZEIT-Blog","isPartOf":{"@id":"https:\/\/blog.zeit.de\/kinderzeit\/#website"},"datePublished":"2010-07-05T10:31:37+00:00","dateModified":"2010-07-05T10:31:37+00:00","author":{"@id":"https:\/\/blog.zeit.de\/kinderzeit\/#\/schema\/person\/49470446f328463e8ea80b00b7d5da9c"},"breadcrumb":{"@id":"https:\/\/blog.zeit.de\/kinderzeit\/2010\/07\/05\/bucher-fur-die-tafeln_6450#breadcrumb"},"inLanguage":"de","potentialAction":[{"@type":"ReadAction","target":["https:\/\/blog.zeit.de\/kinderzeit\/2010\/07\/05\/bucher-fur-die-tafeln_6450"]}]},{"@type":"BreadcrumbList","@id":"https:\/\/blog.zeit.de\/kinderzeit\/2010\/07\/05\/bucher-fur-die-tafeln_6450#breadcrumb","itemListElement":[{"@type":"ListItem","position":1,"name":"Startseite","item":"https:\/\/blog.zeit.de\/kinderzeit"},{"@type":"ListItem","position":2,"name":"B\u00fccher f\u00fcr die Tafeln"}]},{"@type":"WebSite","@id":"https:\/\/blog.zeit.de\/kinderzeit\/#website","url":"https:\/\/blog.zeit.de\/kinderzeit\/","name":"KinderZEIT-Blog","description":"Politik, Kultur und R\u00e4tsel f\u00fcr junge Leser","potentialAction":[{"@type":"SearchAction","target":{"@type":"EntryPoint","urlTemplate":"https:\/\/blog.zeit.de\/kinderzeit\/?s={search_term_string}"},"query-input":"required name=search_term_string"}],"inLanguage":"de"},{"@type":"Person","@id":"https:\/\/blog.zeit.de\/kinderzeit\/#\/schema\/person\/49470446f328463e8ea80b00b7d5da9c","name":"Redaktion KinderZEIT","image":{"@type":"ImageObject","inLanguage":"de","@id":"https:\/\/blog.zeit.de\/kinderzeit\/#\/schema\/person\/image\/","url":"https:\/\/secure.gravatar.com\/avatar\/e613a4a2ad2bd6413584eec4b8dd51cb549f6f87f7a858de5437c6df45ca1659?s=96&d=mm&r=g","contentUrl":"https:\/\/secure.gravatar.com\/avatar\/e613a4a2ad2bd6413584eec4b8dd51cb549f6f87f7a858de5437c6df45ca1659?s=96&d=mm&r=g","caption":"Redaktion KinderZEIT"},"url":"https:\/\/blog.zeit.de\/kinderzeit\/author\/sandra-valeska-bruhns"}]}},"jetpack_featured_media_url":"","jetpack_sharing_enabled":true,"_links":{"self":[{"href":"https:\/\/blog.zeit.de\/kinderzeit\/wp-json\/wp\/v2\/posts\/6450","targetHints":{"allow":["GET"]}}],"collection":[{"href":"https:\/\/blog.zeit.de\/kinderzeit\/wp-json\/wp\/v2\/posts"}],"about":[{"href":"https:\/\/blog.zeit.de\/kinderzeit\/wp-json\/wp\/v2\/types\/post"}],"author":[{"embeddable":true,"href":"https:\/\/blog.zeit.de\/kinderzeit\/wp-json\/wp\/v2\/users\/217"}],"replies":[{"embeddable":true,"href":"https:\/\/blog.zeit.de\/kinderzeit\/wp-json\/wp\/v2\/comments?post=6450"}],"version-history":[{"count":0,"href":"https:\/\/blog.zeit.de\/kinderzeit\/wp-json\/wp\/v2\/posts\/6450\/revisions"}],"wp:attachment":[{"href":"https:\/\/blog.zeit.de\/kinderzeit\/wp-json\/wp\/v2\/media?parent=6450"}],"wp:term":[{"taxonomy":"category","embeddable":true,"href":"https:\/\/blog.zeit.de\/kinderzeit\/wp-json\/wp\/v2\/categories?post=6450"},{"taxonomy":"post_tag","embeddable":true,"href":"https:\/\/blog.zeit.de\/kinderzeit\/wp-json\/wp\/v2\/tags?post=6450"}],"curies":[{"name":"wp","href":"https:\/\/api.w.org\/{rel}","templated":true}]}}