{"id":6652,"date":"2010-07-22T09:00:00","date_gmt":"2010-07-22T07:00:00","guid":{"rendered":"http:\/\/blog.zeit.de\/kinderzeit\/?p=6652"},"modified":"2010-07-21T22:37:10","modified_gmt":"2010-07-21T20:37:10","slug":"was-soll-ich-horen-kidnapper","status":"publish","type":"post","link":"https:\/\/blog.zeit.de\/kinderzeit\/2010\/07\/22\/was-soll-ich-horen-kidnapper_6652","title":{"rendered":"Was soll ich h\u00f6ren? Kidnapper!"},"content":{"rendered":"<p><img loading=\"lazy\" decoding=\"async\" src=\"https:\/\/blog.zeit.de\/kinderzeit\/files\/2010\/07\/kidnapper-150x150.jpg\" alt=\"\" title=\"kidnapper\" width=\"150\" height=\"150\" class=\"alignleft size-thumbnail wp-image-6653\" srcset=\"https:\/\/blog.zeit.de\/kinderzeit\/files\/2010\/07\/kidnapper-150x150.jpg 150w, https:\/\/blog.zeit.de\/kinderzeit\/files\/2010\/07\/kidnapper-300x297.jpg 300w, https:\/\/blog.zeit.de\/kinderzeit\/files\/2010\/07\/kidnapper-540x535.jpg 540w, https:\/\/blog.zeit.de\/kinderzeit\/files\/2010\/07\/kidnapper.jpg 1429w\" sizes=\"auto, (max-width: 150px) 100vw, 150px\" \/>Diese beiden Jungen k\u00f6nnten gegens\u00e4tzlicher nicht sein: Rico ist ein tiefbegabtes Kind, sein fieser Nachbar Herr Fitzke nennt ihn \u00bbSchwachkopf\u00ab. Oskar dagegen ist unheimlich schlau, l\u00e4uft aber aus Angst vor lauernden Gefahren mit einem Schutzhelm durchs Leben. Die beiden Jungen freunden sich nicht nur an, sie stecken pl\u00f6tzlich auch mitten in einem Kriminalfall. Denn in Berlin entf\u00fchrt der unheimliche \u00bbMister 2000\u00ab Kinder. Schlie\u00dflich ist es ausgerechnet der tiefbegabte Rico, der ihm auf die Schliche kommt. F\u00fcr die knappe Stunde, die das H\u00f6rspiel lang ist, musste die preisgekr\u00f6nte Buchvorlage stark gek\u00fcrzt werden. Trotzdem bleibt die Geschichte spannend und witzig \u2013 herausragend dabei ist der Sprecher des Rico.<\/p>\n<p>Andreas Steinh\u00f6fel: <strong>Rico, Oskar und die<br \/>\nTieferschatten<\/strong> \u2013 Das H\u00f6rspiel (WDR)<br \/>\nH\u00f6rbuch Hamburg 2010, 9,95 \u20ac, ab 8 Jahren <\/p>\n","protected":false},"excerpt":{"rendered":"<p>Diese beiden Jungen k\u00f6nnten gegens\u00e4tzlicher nicht sein: Rico ist ein tiefbegabtes Kind, sein fieser Nachbar Herr Fitzke nennt ihn \u00bbSchwachkopf\u00ab. Oskar dagegen ist unheimlich schlau, l\u00e4uft aber aus Angst vor lauernden Gefahren mit einem Schutzhelm durchs Leben. Die beiden Jungen freunden sich nicht nur an, sie stecken pl\u00f6tzlich auch mitten in einem Kriminalfall. Denn in [&hellip;]<\/p>\n","protected":false},"author":217,"featured_media":0,"comment_status":"open","ping_status":"closed","sticky":false,"template":"","format":"standard","meta":{"_jetpack_memberships_contains_paid_content":false,"footnotes":""},"categories":[1157],"tags":[2433,2436,2435,2434,2432],"class_list":["post-6652","post","type-post","status-publish","format-standard","hentry","category-buchtipp-hortipp-filmtipp-fernsehtipp","tag-andreas-steinhofel","tag-horbuch-hamburg","tag-oskar-und-die-tieferschatten","tag-rico","tag-wdr-horspiel"],"yoast_head":"<!-- This site is optimized with the Yoast SEO plugin v21.0 - https:\/\/yoast.com\/wordpress\/plugins\/seo\/ -->\n<title>Was soll ich h\u00f6ren? Kidnapper! - KinderZEIT-Blog<\/title>\n<meta name=\"robots\" content=\"index, follow, max-snippet:-1, max-image-preview:large, max-video-preview:-1\" \/>\n<link rel=\"canonical\" href=\"https:\/\/blog.zeit.de\/kinderzeit\/2010\/07\/22\/was-soll-ich-horen-kidnapper_6652\" \/>\n<meta property=\"og:locale\" content=\"de_DE\" \/>\n<meta property=\"og:type\" content=\"article\" \/>\n<meta property=\"og:title\" content=\"Was soll ich h\u00f6ren? Kidnapper! - KinderZEIT-Blog\" \/>\n<meta property=\"og:description\" content=\"Diese beiden Jungen k\u00f6nnten gegens\u00e4tzlicher nicht sein: Rico ist ein tiefbegabtes Kind, sein fieser Nachbar Herr Fitzke nennt ihn \u00bbSchwachkopf\u00ab. Oskar dagegen ist unheimlich schlau, l\u00e4uft aber aus Angst vor lauernden Gefahren mit einem Schutzhelm durchs Leben. Die beiden Jungen freunden sich nicht nur an, sie stecken pl\u00f6tzlich auch mitten in einem Kriminalfall. Denn in [&hellip;]\" \/>\n<meta property=\"og:url\" content=\"https:\/\/blog.zeit.de\/kinderzeit\/2010\/07\/22\/was-soll-ich-horen-kidnapper_6652\" \/>\n<meta property=\"og:site_name\" content=\"KinderZEIT-Blog\" \/>\n<meta property=\"article:published_time\" content=\"2010-07-22T07:00:00+00:00\" \/>\n<meta property=\"article:modified_time\" content=\"2010-07-21T20:37:10+00:00\" \/>\n<meta property=\"og:image\" content=\"https:\/\/blog.zeit.de\/kinderzeit\/files\/2010\/07\/kidnapper-150x150.jpg\" \/>\n<meta name=\"author\" content=\"Redaktion KinderZEIT\" \/>\n<meta name=\"twitter:card\" content=\"summary_large_image\" \/>\n<meta name=\"twitter:label1\" content=\"Verfasst von\" \/>\n\t<meta name=\"twitter:data1\" content=\"Redaktion KinderZEIT\" \/>\n\t<meta name=\"twitter:label2\" content=\"Gesch\u00e4tzte Lesezeit\" \/>\n\t<meta name=\"twitter:data2\" content=\"1\u00a0Minute\" \/>\n<script type=\"application\/ld+json\" class=\"yoast-schema-graph\">{\"@context\":\"https:\/\/schema.org\",\"@graph\":[{\"@type\":\"WebPage\",\"@id\":\"https:\/\/blog.zeit.de\/kinderzeit\/2010\/07\/22\/was-soll-ich-horen-kidnapper_6652\",\"url\":\"https:\/\/blog.zeit.de\/kinderzeit\/2010\/07\/22\/was-soll-ich-horen-kidnapper_6652\",\"name\":\"Was soll ich h\u00f6ren? Kidnapper! - KinderZEIT-Blog\",\"isPartOf\":{\"@id\":\"https:\/\/blog.zeit.de\/kinderzeit\/#website\"},\"datePublished\":\"2010-07-22T07:00:00+00:00\",\"dateModified\":\"2010-07-21T20:37:10+00:00\",\"author\":{\"@id\":\"https:\/\/blog.zeit.de\/kinderzeit\/#\/schema\/person\/49470446f328463e8ea80b00b7d5da9c\"},\"breadcrumb\":{\"@id\":\"https:\/\/blog.zeit.de\/kinderzeit\/2010\/07\/22\/was-soll-ich-horen-kidnapper_6652#breadcrumb\"},\"inLanguage\":\"de\",\"potentialAction\":[{\"@type\":\"ReadAction\",\"target\":[\"https:\/\/blog.zeit.de\/kinderzeit\/2010\/07\/22\/was-soll-ich-horen-kidnapper_6652\"]}]},{\"@type\":\"BreadcrumbList\",\"@id\":\"https:\/\/blog.zeit.de\/kinderzeit\/2010\/07\/22\/was-soll-ich-horen-kidnapper_6652#breadcrumb\",\"itemListElement\":[{\"@type\":\"ListItem\",\"position\":1,\"name\":\"Startseite\",\"item\":\"https:\/\/blog.zeit.de\/kinderzeit\"},{\"@type\":\"ListItem\",\"position\":2,\"name\":\"Was soll ich h\u00f6ren? Kidnapper!\"}]},{\"@type\":\"WebSite\",\"@id\":\"https:\/\/blog.zeit.de\/kinderzeit\/#website\",\"url\":\"https:\/\/blog.zeit.de\/kinderzeit\/\",\"name\":\"KinderZEIT-Blog\",\"description\":\"Politik, Kultur und R\u00e4tsel f\u00fcr junge Leser\",\"potentialAction\":[{\"@type\":\"SearchAction\",\"target\":{\"@type\":\"EntryPoint\",\"urlTemplate\":\"https:\/\/blog.zeit.de\/kinderzeit\/?s={search_term_string}\"},\"query-input\":\"required name=search_term_string\"}],\"inLanguage\":\"de\"},{\"@type\":\"Person\",\"@id\":\"https:\/\/blog.zeit.de\/kinderzeit\/#\/schema\/person\/49470446f328463e8ea80b00b7d5da9c\",\"name\":\"Redaktion KinderZEIT\",\"image\":{\"@type\":\"ImageObject\",\"inLanguage\":\"de\",\"@id\":\"https:\/\/blog.zeit.de\/kinderzeit\/#\/schema\/person\/image\/\",\"url\":\"https:\/\/secure.gravatar.com\/avatar\/e613a4a2ad2bd6413584eec4b8dd51cb549f6f87f7a858de5437c6df45ca1659?s=96&d=mm&r=g\",\"contentUrl\":\"https:\/\/secure.gravatar.com\/avatar\/e613a4a2ad2bd6413584eec4b8dd51cb549f6f87f7a858de5437c6df45ca1659?s=96&d=mm&r=g\",\"caption\":\"Redaktion KinderZEIT\"},\"url\":\"https:\/\/blog.zeit.de\/kinderzeit\/author\/sandra-valeska-bruhns\"}]}<\/script>\n<!-- \/ Yoast SEO plugin. -->","yoast_head_json":{"title":"Was soll ich h\u00f6ren? Kidnapper! - KinderZEIT-Blog","robots":{"index":"index","follow":"follow","max-snippet":"max-snippet:-1","max-image-preview":"max-image-preview:large","max-video-preview":"max-video-preview:-1"},"canonical":"https:\/\/blog.zeit.de\/kinderzeit\/2010\/07\/22\/was-soll-ich-horen-kidnapper_6652","og_locale":"de_DE","og_type":"article","og_title":"Was soll ich h\u00f6ren? Kidnapper! - KinderZEIT-Blog","og_description":"Diese beiden Jungen k\u00f6nnten gegens\u00e4tzlicher nicht sein: Rico ist ein tiefbegabtes Kind, sein fieser Nachbar Herr Fitzke nennt ihn \u00bbSchwachkopf\u00ab. Oskar dagegen ist unheimlich schlau, l\u00e4uft aber aus Angst vor lauernden Gefahren mit einem Schutzhelm durchs Leben. Die beiden Jungen freunden sich nicht nur an, sie stecken pl\u00f6tzlich auch mitten in einem Kriminalfall. Denn in [&hellip;]","og_url":"https:\/\/blog.zeit.de\/kinderzeit\/2010\/07\/22\/was-soll-ich-horen-kidnapper_6652","og_site_name":"KinderZEIT-Blog","article_published_time":"2010-07-22T07:00:00+00:00","article_modified_time":"2010-07-21T20:37:10+00:00","og_image":[{"url":"https:\/\/blog.zeit.de\/kinderzeit\/files\/2010\/07\/kidnapper-150x150.jpg"}],"author":"Redaktion KinderZEIT","twitter_card":"summary_large_image","twitter_misc":{"Verfasst von":"Redaktion KinderZEIT","Gesch\u00e4tzte Lesezeit":"1\u00a0Minute"},"schema":{"@context":"https:\/\/schema.org","@graph":[{"@type":"WebPage","@id":"https:\/\/blog.zeit.de\/kinderzeit\/2010\/07\/22\/was-soll-ich-horen-kidnapper_6652","url":"https:\/\/blog.zeit.de\/kinderzeit\/2010\/07\/22\/was-soll-ich-horen-kidnapper_6652","name":"Was soll ich h\u00f6ren? Kidnapper! - KinderZEIT-Blog","isPartOf":{"@id":"https:\/\/blog.zeit.de\/kinderzeit\/#website"},"datePublished":"2010-07-22T07:00:00+00:00","dateModified":"2010-07-21T20:37:10+00:00","author":{"@id":"https:\/\/blog.zeit.de\/kinderzeit\/#\/schema\/person\/49470446f328463e8ea80b00b7d5da9c"},"breadcrumb":{"@id":"https:\/\/blog.zeit.de\/kinderzeit\/2010\/07\/22\/was-soll-ich-horen-kidnapper_6652#breadcrumb"},"inLanguage":"de","potentialAction":[{"@type":"ReadAction","target":["https:\/\/blog.zeit.de\/kinderzeit\/2010\/07\/22\/was-soll-ich-horen-kidnapper_6652"]}]},{"@type":"BreadcrumbList","@id":"https:\/\/blog.zeit.de\/kinderzeit\/2010\/07\/22\/was-soll-ich-horen-kidnapper_6652#breadcrumb","itemListElement":[{"@type":"ListItem","position":1,"name":"Startseite","item":"https:\/\/blog.zeit.de\/kinderzeit"},{"@type":"ListItem","position":2,"name":"Was soll ich h\u00f6ren? Kidnapper!"}]},{"@type":"WebSite","@id":"https:\/\/blog.zeit.de\/kinderzeit\/#website","url":"https:\/\/blog.zeit.de\/kinderzeit\/","name":"KinderZEIT-Blog","description":"Politik, Kultur und R\u00e4tsel f\u00fcr junge Leser","potentialAction":[{"@type":"SearchAction","target":{"@type":"EntryPoint","urlTemplate":"https:\/\/blog.zeit.de\/kinderzeit\/?s={search_term_string}"},"query-input":"required name=search_term_string"}],"inLanguage":"de"},{"@type":"Person","@id":"https:\/\/blog.zeit.de\/kinderzeit\/#\/schema\/person\/49470446f328463e8ea80b00b7d5da9c","name":"Redaktion KinderZEIT","image":{"@type":"ImageObject","inLanguage":"de","@id":"https:\/\/blog.zeit.de\/kinderzeit\/#\/schema\/person\/image\/","url":"https:\/\/secure.gravatar.com\/avatar\/e613a4a2ad2bd6413584eec4b8dd51cb549f6f87f7a858de5437c6df45ca1659?s=96&d=mm&r=g","contentUrl":"https:\/\/secure.gravatar.com\/avatar\/e613a4a2ad2bd6413584eec4b8dd51cb549f6f87f7a858de5437c6df45ca1659?s=96&d=mm&r=g","caption":"Redaktion KinderZEIT"},"url":"https:\/\/blog.zeit.de\/kinderzeit\/author\/sandra-valeska-bruhns"}]}},"jetpack_featured_media_url":"","jetpack_sharing_enabled":true,"_links":{"self":[{"href":"https:\/\/blog.zeit.de\/kinderzeit\/wp-json\/wp\/v2\/posts\/6652","targetHints":{"allow":["GET"]}}],"collection":[{"href":"https:\/\/blog.zeit.de\/kinderzeit\/wp-json\/wp\/v2\/posts"}],"about":[{"href":"https:\/\/blog.zeit.de\/kinderzeit\/wp-json\/wp\/v2\/types\/post"}],"author":[{"embeddable":true,"href":"https:\/\/blog.zeit.de\/kinderzeit\/wp-json\/wp\/v2\/users\/217"}],"replies":[{"embeddable":true,"href":"https:\/\/blog.zeit.de\/kinderzeit\/wp-json\/wp\/v2\/comments?post=6652"}],"version-history":[{"count":0,"href":"https:\/\/blog.zeit.de\/kinderzeit\/wp-json\/wp\/v2\/posts\/6652\/revisions"}],"wp:attachment":[{"href":"https:\/\/blog.zeit.de\/kinderzeit\/wp-json\/wp\/v2\/media?parent=6652"}],"wp:term":[{"taxonomy":"category","embeddable":true,"href":"https:\/\/blog.zeit.de\/kinderzeit\/wp-json\/wp\/v2\/categories?post=6652"},{"taxonomy":"post_tag","embeddable":true,"href":"https:\/\/blog.zeit.de\/kinderzeit\/wp-json\/wp\/v2\/tags?post=6652"}],"curies":[{"name":"wp","href":"https:\/\/api.w.org\/{rel}","templated":true}]}}