{"id":70,"date":"2008-09-11T10:10:48","date_gmt":"2008-09-11T08:10:48","guid":{"rendered":"http:\/\/blog.zeit.de\/kinderzeit\/?p=70"},"modified":"2008-09-11T10:10:48","modified_gmt":"2008-09-11T08:10:48","slug":"was-soll-ich-horen-nennt-mich-nicht-ismael","status":"publish","type":"post","link":"https:\/\/blog.zeit.de\/kinderzeit\/2008\/09\/11\/was-soll-ich-horen-nennt-mich-nicht-ismael_70","title":{"rendered":"Nennt mich nicht Ismael!"},"content":{"rendered":"<table border=\"0\" cellspacing=\"0\" cellpadding=\"0\" width=\"220\" align=\"left\">\n<tbody>\n<tr>\n<td>\n<div><img decoding=\"async\" class=\"alignleft\" src=\"https:\/\/img.zeit.de\/bilder\/2008\/38\/wissen\/kinderzeit\/bauer-hoeren\/bauer-hoeren-artikel-210.jpg\" alt=\"Was soll ich h\u00f6ren\" \/><\/div>\n<\/td>\n<\/tr>\n<tr>\n<td style=\"font-size: 10px;\">\u00a9 H\u00f6rcompany 2008<\/td>\n<\/tr>\n<\/tbody>\n<\/table>\n<p>Ein Name kann ein Fluch sein \u2013 jedenfalls wenn man mit brutalen Witzbolden in eine Klasse geht, die nichts im Kopf haben und nur darauf aus sind, andere zu qu\u00e4len. Ismael hasst seinen Namen.<br \/>\nSeine Eltern haben ihn nach der Erz\u00e4hlerfigur in Herman Melvilles ber\u00fchmtem Roman Moby Dick benannt, und seine unglaublich witzigen Mitsch\u00fcler machen aus Ismael \u00bbPisswal\u00ab und \u00e4hnliche Abwandlungen. (In Moby Dick geht es um Kapit\u00e4n Ahabs Jagd auf einen wei\u00dfen Wal, darum.) Ismael lebt ein ziemlich ungl\u00fcckliches Leben \u2013 bis James Scobie neu in seine Klasse kommt. Der sieht aus, als w\u00fcrde er in jeder Schule der Welt geh\u00e4nselt und unterdr\u00fcckt \u2013 aber tats\u00e4chlich ist er ein Superheld. Er hat vor nichts Angst. Er ist frech. Er ist witzig und ein begnadeter Redner. Ismaels Qu\u00e4lgeister wissen nicht, wo ihnen der Kopf steht, wenn James ihnen seine spitzen Bemerkungen um die Ohren haut. Jens Wawrczeck, bekannt als Sprecher aus den Drei Fragezeichen-H\u00f6rspielen, liest den Roman einf\u00fchlsam, fies und komisch. Hinterher m\u00f6chte jeder Ismael hei\u00dfen!<\/p>\n<p><em>Michael Gerard Bauer: Nennt mich nicht Ismael! 4 CDs, H\u00f6rcompany 2008 19,90 Euro<\/em><\/p>\n","protected":false},"excerpt":{"rendered":"<p>\u00a9 H\u00f6rcompany 2008 Ein Name kann ein Fluch sein \u2013 jedenfalls wenn man mit brutalen Witzbolden in eine Klasse geht, die nichts im Kopf haben und nur darauf aus sind, andere zu qu\u00e4len. Ismael hasst seinen Namen. Seine Eltern haben ihn nach der Erz\u00e4hlerfigur in Herman Melvilles ber\u00fchmtem Roman Moby Dick benannt, und seine unglaublich [&hellip;]<\/p>\n","protected":false},"author":182,"featured_media":0,"comment_status":"open","ping_status":"closed","sticky":false,"template":"","format":"standard","meta":{"_jetpack_memberships_contains_paid_content":false,"footnotes":""},"categories":[1,1157],"tags":[],"class_list":["post-70","post","type-post","status-publish","format-standard","hentry","category-allgemein","category-buchtipp-hortipp-filmtipp-fernsehtipp"],"yoast_head":"<!-- This site is optimized with the Yoast SEO plugin v21.0 - https:\/\/yoast.com\/wordpress\/plugins\/seo\/ -->\n<title>Nennt mich nicht Ismael! - KinderZEIT-Blog<\/title>\n<meta name=\"robots\" content=\"index, follow, max-snippet:-1, max-image-preview:large, max-video-preview:-1\" \/>\n<link rel=\"canonical\" href=\"https:\/\/blog.zeit.de\/kinderzeit\/2008\/09\/11\/was-soll-ich-horen-nennt-mich-nicht-ismael_70\" \/>\n<meta property=\"og:locale\" content=\"de_DE\" \/>\n<meta property=\"og:type\" content=\"article\" \/>\n<meta property=\"og:title\" content=\"Nennt mich nicht Ismael! - KinderZEIT-Blog\" \/>\n<meta property=\"og:description\" content=\"\u00a9 H\u00f6rcompany 2008 Ein Name kann ein Fluch sein \u2013 jedenfalls wenn man mit brutalen Witzbolden in eine Klasse geht, die nichts im Kopf haben und nur darauf aus sind, andere zu qu\u00e4len. Ismael hasst seinen Namen. Seine Eltern haben ihn nach der Erz\u00e4hlerfigur in Herman Melvilles ber\u00fchmtem Roman Moby Dick benannt, und seine unglaublich [&hellip;]\" \/>\n<meta property=\"og:url\" content=\"https:\/\/blog.zeit.de\/kinderzeit\/2008\/09\/11\/was-soll-ich-horen-nennt-mich-nicht-ismael_70\" \/>\n<meta property=\"og:site_name\" content=\"KinderZEIT-Blog\" \/>\n<meta property=\"article:published_time\" content=\"2008-09-11T08:10:48+00:00\" \/>\n<meta property=\"og:image\" content=\"https:\/\/img.zeit.de\/bilder\/2008\/38\/wissen\/kinderzeit\/bauer-hoeren\/bauer-hoeren-artikel-210.jpg\" \/>\n<meta name=\"author\" content=\"Redaktion KinderZEIT\" \/>\n<meta name=\"twitter:card\" content=\"summary_large_image\" \/>\n<meta name=\"twitter:label1\" content=\"Verfasst von\" \/>\n\t<meta name=\"twitter:data1\" content=\"Redaktion KinderZEIT\" \/>\n\t<meta name=\"twitter:label2\" content=\"Gesch\u00e4tzte Lesezeit\" \/>\n\t<meta name=\"twitter:data2\" content=\"1\u00a0Minute\" \/>\n<script type=\"application\/ld+json\" class=\"yoast-schema-graph\">{\"@context\":\"https:\/\/schema.org\",\"@graph\":[{\"@type\":\"WebPage\",\"@id\":\"https:\/\/blog.zeit.de\/kinderzeit\/2008\/09\/11\/was-soll-ich-horen-nennt-mich-nicht-ismael_70\",\"url\":\"https:\/\/blog.zeit.de\/kinderzeit\/2008\/09\/11\/was-soll-ich-horen-nennt-mich-nicht-ismael_70\",\"name\":\"Nennt mich nicht Ismael! - KinderZEIT-Blog\",\"isPartOf\":{\"@id\":\"https:\/\/blog.zeit.de\/kinderzeit\/#website\"},\"datePublished\":\"2008-09-11T08:10:48+00:00\",\"dateModified\":\"2008-09-11T08:10:48+00:00\",\"author\":{\"@id\":\"https:\/\/blog.zeit.de\/kinderzeit\/#\/schema\/person\/6e0d5a68bc7cd962fb05619f0ec7869c\"},\"breadcrumb\":{\"@id\":\"https:\/\/blog.zeit.de\/kinderzeit\/2008\/09\/11\/was-soll-ich-horen-nennt-mich-nicht-ismael_70#breadcrumb\"},\"inLanguage\":\"de\",\"potentialAction\":[{\"@type\":\"ReadAction\",\"target\":[\"https:\/\/blog.zeit.de\/kinderzeit\/2008\/09\/11\/was-soll-ich-horen-nennt-mich-nicht-ismael_70\"]}]},{\"@type\":\"BreadcrumbList\",\"@id\":\"https:\/\/blog.zeit.de\/kinderzeit\/2008\/09\/11\/was-soll-ich-horen-nennt-mich-nicht-ismael_70#breadcrumb\",\"itemListElement\":[{\"@type\":\"ListItem\",\"position\":1,\"name\":\"Startseite\",\"item\":\"https:\/\/blog.zeit.de\/kinderzeit\"},{\"@type\":\"ListItem\",\"position\":2,\"name\":\"Nennt mich nicht Ismael!\"}]},{\"@type\":\"WebSite\",\"@id\":\"https:\/\/blog.zeit.de\/kinderzeit\/#website\",\"url\":\"https:\/\/blog.zeit.de\/kinderzeit\/\",\"name\":\"KinderZEIT-Blog\",\"description\":\"Politik, Kultur und R\u00e4tsel f\u00fcr junge Leser\",\"potentialAction\":[{\"@type\":\"SearchAction\",\"target\":{\"@type\":\"EntryPoint\",\"urlTemplate\":\"https:\/\/blog.zeit.de\/kinderzeit\/?s={search_term_string}\"},\"query-input\":\"required name=search_term_string\"}],\"inLanguage\":\"de\"},{\"@type\":\"Person\",\"@id\":\"https:\/\/blog.zeit.de\/kinderzeit\/#\/schema\/person\/6e0d5a68bc7cd962fb05619f0ec7869c\",\"name\":\"Redaktion KinderZEIT\",\"image\":{\"@type\":\"ImageObject\",\"inLanguage\":\"de\",\"@id\":\"https:\/\/blog.zeit.de\/kinderzeit\/#\/schema\/person\/image\/\",\"url\":\"https:\/\/secure.gravatar.com\/avatar\/01961d03edfd521f933356966a7e7db36c1281b66ec7fb6d1013979dca8baef8?s=96&d=mm&r=g\",\"contentUrl\":\"https:\/\/secure.gravatar.com\/avatar\/01961d03edfd521f933356966a7e7db36c1281b66ec7fb6d1013979dca8baef8?s=96&d=mm&r=g\",\"caption\":\"Redaktion KinderZEIT\"},\"url\":\"https:\/\/blog.zeit.de\/kinderzeit\/author\/katrin-hoernlein\"}]}<\/script>\n<!-- \/ Yoast SEO plugin. -->","yoast_head_json":{"title":"Nennt mich nicht Ismael! - KinderZEIT-Blog","robots":{"index":"index","follow":"follow","max-snippet":"max-snippet:-1","max-image-preview":"max-image-preview:large","max-video-preview":"max-video-preview:-1"},"canonical":"https:\/\/blog.zeit.de\/kinderzeit\/2008\/09\/11\/was-soll-ich-horen-nennt-mich-nicht-ismael_70","og_locale":"de_DE","og_type":"article","og_title":"Nennt mich nicht Ismael! - KinderZEIT-Blog","og_description":"\u00a9 H\u00f6rcompany 2008 Ein Name kann ein Fluch sein \u2013 jedenfalls wenn man mit brutalen Witzbolden in eine Klasse geht, die nichts im Kopf haben und nur darauf aus sind, andere zu qu\u00e4len. Ismael hasst seinen Namen. Seine Eltern haben ihn nach der Erz\u00e4hlerfigur in Herman Melvilles ber\u00fchmtem Roman Moby Dick benannt, und seine unglaublich [&hellip;]","og_url":"https:\/\/blog.zeit.de\/kinderzeit\/2008\/09\/11\/was-soll-ich-horen-nennt-mich-nicht-ismael_70","og_site_name":"KinderZEIT-Blog","article_published_time":"2008-09-11T08:10:48+00:00","og_image":[{"url":"https:\/\/img.zeit.de\/bilder\/2008\/38\/wissen\/kinderzeit\/bauer-hoeren\/bauer-hoeren-artikel-210.jpg"}],"author":"Redaktion KinderZEIT","twitter_card":"summary_large_image","twitter_misc":{"Verfasst von":"Redaktion KinderZEIT","Gesch\u00e4tzte Lesezeit":"1\u00a0Minute"},"schema":{"@context":"https:\/\/schema.org","@graph":[{"@type":"WebPage","@id":"https:\/\/blog.zeit.de\/kinderzeit\/2008\/09\/11\/was-soll-ich-horen-nennt-mich-nicht-ismael_70","url":"https:\/\/blog.zeit.de\/kinderzeit\/2008\/09\/11\/was-soll-ich-horen-nennt-mich-nicht-ismael_70","name":"Nennt mich nicht Ismael! - KinderZEIT-Blog","isPartOf":{"@id":"https:\/\/blog.zeit.de\/kinderzeit\/#website"},"datePublished":"2008-09-11T08:10:48+00:00","dateModified":"2008-09-11T08:10:48+00:00","author":{"@id":"https:\/\/blog.zeit.de\/kinderzeit\/#\/schema\/person\/6e0d5a68bc7cd962fb05619f0ec7869c"},"breadcrumb":{"@id":"https:\/\/blog.zeit.de\/kinderzeit\/2008\/09\/11\/was-soll-ich-horen-nennt-mich-nicht-ismael_70#breadcrumb"},"inLanguage":"de","potentialAction":[{"@type":"ReadAction","target":["https:\/\/blog.zeit.de\/kinderzeit\/2008\/09\/11\/was-soll-ich-horen-nennt-mich-nicht-ismael_70"]}]},{"@type":"BreadcrumbList","@id":"https:\/\/blog.zeit.de\/kinderzeit\/2008\/09\/11\/was-soll-ich-horen-nennt-mich-nicht-ismael_70#breadcrumb","itemListElement":[{"@type":"ListItem","position":1,"name":"Startseite","item":"https:\/\/blog.zeit.de\/kinderzeit"},{"@type":"ListItem","position":2,"name":"Nennt mich nicht Ismael!"}]},{"@type":"WebSite","@id":"https:\/\/blog.zeit.de\/kinderzeit\/#website","url":"https:\/\/blog.zeit.de\/kinderzeit\/","name":"KinderZEIT-Blog","description":"Politik, Kultur und R\u00e4tsel f\u00fcr junge Leser","potentialAction":[{"@type":"SearchAction","target":{"@type":"EntryPoint","urlTemplate":"https:\/\/blog.zeit.de\/kinderzeit\/?s={search_term_string}"},"query-input":"required name=search_term_string"}],"inLanguage":"de"},{"@type":"Person","@id":"https:\/\/blog.zeit.de\/kinderzeit\/#\/schema\/person\/6e0d5a68bc7cd962fb05619f0ec7869c","name":"Redaktion KinderZEIT","image":{"@type":"ImageObject","inLanguage":"de","@id":"https:\/\/blog.zeit.de\/kinderzeit\/#\/schema\/person\/image\/","url":"https:\/\/secure.gravatar.com\/avatar\/01961d03edfd521f933356966a7e7db36c1281b66ec7fb6d1013979dca8baef8?s=96&d=mm&r=g","contentUrl":"https:\/\/secure.gravatar.com\/avatar\/01961d03edfd521f933356966a7e7db36c1281b66ec7fb6d1013979dca8baef8?s=96&d=mm&r=g","caption":"Redaktion KinderZEIT"},"url":"https:\/\/blog.zeit.de\/kinderzeit\/author\/katrin-hoernlein"}]}},"jetpack_featured_media_url":"","jetpack_sharing_enabled":true,"_links":{"self":[{"href":"https:\/\/blog.zeit.de\/kinderzeit\/wp-json\/wp\/v2\/posts\/70","targetHints":{"allow":["GET"]}}],"collection":[{"href":"https:\/\/blog.zeit.de\/kinderzeit\/wp-json\/wp\/v2\/posts"}],"about":[{"href":"https:\/\/blog.zeit.de\/kinderzeit\/wp-json\/wp\/v2\/types\/post"}],"author":[{"embeddable":true,"href":"https:\/\/blog.zeit.de\/kinderzeit\/wp-json\/wp\/v2\/users\/182"}],"replies":[{"embeddable":true,"href":"https:\/\/blog.zeit.de\/kinderzeit\/wp-json\/wp\/v2\/comments?post=70"}],"version-history":[{"count":0,"href":"https:\/\/blog.zeit.de\/kinderzeit\/wp-json\/wp\/v2\/posts\/70\/revisions"}],"wp:attachment":[{"href":"https:\/\/blog.zeit.de\/kinderzeit\/wp-json\/wp\/v2\/media?parent=70"}],"wp:term":[{"taxonomy":"category","embeddable":true,"href":"https:\/\/blog.zeit.de\/kinderzeit\/wp-json\/wp\/v2\/categories?post=70"},{"taxonomy":"post_tag","embeddable":true,"href":"https:\/\/blog.zeit.de\/kinderzeit\/wp-json\/wp\/v2\/tags?post=70"}],"curies":[{"name":"wp","href":"https:\/\/api.w.org\/{rel}","templated":true}]}}