{"id":72,"date":"2008-09-18T06:50:23","date_gmt":"2008-09-18T04:50:23","guid":{"rendered":"http:\/\/blog.zeit.de\/kinderzeit\/?p=72"},"modified":"2008-09-18T06:50:23","modified_gmt":"2008-09-18T04:50:23","slug":"was-soll-ich-lesen-2","status":"publish","type":"post","link":"https:\/\/blog.zeit.de\/kinderzeit\/2008\/09\/18\/was-soll-ich-lesen-2_72","title":{"rendered":"Was soll ich lesen?"},"content":{"rendered":"<table border=\"0\" cellspacing=\"0\" cellpadding=\"0\" width=\"220\" align=\"left\">\n<tbody>\n<tr>\n<td>\n<div><img decoding=\"async\" class=\"alignleft\" src=\"https:\/\/img.zeit.de\/bilder\/2008\/39\/wissen\/kinderzeit\/biermann-lesen\/biermann-lesen-artikel-210.jpg\" alt=\"Der faule Kater Josef\" \/><\/div>\n<\/td>\n<\/tr>\n<tr>\n<td style=\"font-size: 10px;\">\u00a9 Residenz Verlag 2008<\/td>\n<\/tr>\n<\/tbody>\n<\/table>\n<p>Josef ist genial: Der Kater liegt den ganzen Tag feist auf dem Sofa und wechselt ab zwischen K\u00f6rperpflege und kleinen Mahlzeiten. Abends ist er dann von der ganzen Plackerei total ersch\u00f6pft. Josef hasst Krach. Besonders zuwider ist ihm das Gekl\u00e4ff des Nachbarshundes Rudi: \u00bbSt\u00e4ndig bellte dieser bl\u00f6de K\u00f6ter, lief wie ein Verr\u00fcckter durch den Garten und spielt Fu\u00dfball. Nicht selten erwog der faule Kater Josef, die Polizei zu alarmieren.\u00ab<\/p>\n<p>Es kommt, wie es kommen muss: Josef wird aus seinem behaglichen Leben gerissen, nicht nur durch Rudi, sondern auch durch \u2013 einen Floh. Der zwickt und zwackt den Kater und zwingt ihn zu ganz au\u00dfergew\u00f6hnlichen Aktivit\u00e4ten. Josef frisiert ein Meerschweinchen \u2013 um den Floh loszuwerden. Er kuschelt mit Kindern \u2013 um den Floh loszuwerden. Er gibt den anderen Katzen nachts auf dem Dach Gesangsunterricht \u2013 alles vergeblich! Am Ende hat er sich so an sein hektisches neues Leben gew\u00f6hnt, dass er \u2013 ach, seht selbst! Das Buch enth\u00e4lt ein Poster mit Katzengymnastik, das als Anregung auch n\u00fctzlich sein k\u00f6nnte f\u00fcr eure ohne Bewegung am Schreibtisch festgenagelten Eltern.<\/p>\n<p>Franziska Biermann:<br \/>\n<strong>Der faule Kater Josef<\/strong><br \/>\nResidenz Verlag 2008<br \/>\n14,90 Euro<\/p>\n","protected":false},"excerpt":{"rendered":"<p>\u00a9 Residenz Verlag 2008 Josef ist genial: Der Kater liegt den ganzen Tag feist auf dem Sofa und wechselt ab zwischen K\u00f6rperpflege und kleinen Mahlzeiten. Abends ist er dann von der ganzen Plackerei total ersch\u00f6pft. Josef hasst Krach. Besonders zuwider ist ihm das Gekl\u00e4ff des Nachbarshundes Rudi: \u00bbSt\u00e4ndig bellte dieser bl\u00f6de K\u00f6ter, lief wie ein [&hellip;]<\/p>\n","protected":false},"author":182,"featured_media":0,"comment_status":"open","ping_status":"closed","sticky":false,"template":"","format":"standard","meta":{"_jetpack_memberships_contains_paid_content":false,"footnotes":""},"categories":[1157],"tags":[],"class_list":["post-72","post","type-post","status-publish","format-standard","hentry","category-buchtipp-hortipp-filmtipp-fernsehtipp"],"yoast_head":"<!-- This site is optimized with the Yoast SEO plugin v21.0 - https:\/\/yoast.com\/wordpress\/plugins\/seo\/ -->\n<title>Was soll ich lesen? - KinderZEIT-Blog<\/title>\n<meta name=\"robots\" content=\"index, follow, max-snippet:-1, max-image-preview:large, max-video-preview:-1\" \/>\n<link rel=\"canonical\" href=\"https:\/\/blog.zeit.de\/kinderzeit\/2008\/09\/18\/was-soll-ich-lesen-2_72\" \/>\n<meta property=\"og:locale\" content=\"de_DE\" \/>\n<meta property=\"og:type\" content=\"article\" \/>\n<meta property=\"og:title\" content=\"Was soll ich lesen? - KinderZEIT-Blog\" \/>\n<meta property=\"og:description\" content=\"\u00a9 Residenz Verlag 2008 Josef ist genial: Der Kater liegt den ganzen Tag feist auf dem Sofa und wechselt ab zwischen K\u00f6rperpflege und kleinen Mahlzeiten. Abends ist er dann von der ganzen Plackerei total ersch\u00f6pft. Josef hasst Krach. Besonders zuwider ist ihm das Gekl\u00e4ff des Nachbarshundes Rudi: \u00bbSt\u00e4ndig bellte dieser bl\u00f6de K\u00f6ter, lief wie ein [&hellip;]\" \/>\n<meta property=\"og:url\" content=\"https:\/\/blog.zeit.de\/kinderzeit\/2008\/09\/18\/was-soll-ich-lesen-2_72\" \/>\n<meta property=\"og:site_name\" content=\"KinderZEIT-Blog\" \/>\n<meta property=\"article:published_time\" content=\"2008-09-18T04:50:23+00:00\" \/>\n<meta property=\"og:image\" content=\"https:\/\/img.zeit.de\/bilder\/2008\/39\/wissen\/kinderzeit\/biermann-lesen\/biermann-lesen-artikel-210.jpg\" \/>\n<meta name=\"author\" content=\"Redaktion KinderZEIT\" \/>\n<meta name=\"twitter:card\" content=\"summary_large_image\" \/>\n<meta name=\"twitter:label1\" content=\"Verfasst von\" \/>\n\t<meta name=\"twitter:data1\" content=\"Redaktion KinderZEIT\" \/>\n\t<meta name=\"twitter:label2\" content=\"Gesch\u00e4tzte Lesezeit\" \/>\n\t<meta name=\"twitter:data2\" content=\"1\u00a0Minute\" \/>\n<script type=\"application\/ld+json\" class=\"yoast-schema-graph\">{\"@context\":\"https:\/\/schema.org\",\"@graph\":[{\"@type\":\"WebPage\",\"@id\":\"https:\/\/blog.zeit.de\/kinderzeit\/2008\/09\/18\/was-soll-ich-lesen-2_72\",\"url\":\"https:\/\/blog.zeit.de\/kinderzeit\/2008\/09\/18\/was-soll-ich-lesen-2_72\",\"name\":\"Was soll ich lesen? - KinderZEIT-Blog\",\"isPartOf\":{\"@id\":\"https:\/\/blog.zeit.de\/kinderzeit\/#website\"},\"datePublished\":\"2008-09-18T04:50:23+00:00\",\"dateModified\":\"2008-09-18T04:50:23+00:00\",\"author\":{\"@id\":\"https:\/\/blog.zeit.de\/kinderzeit\/#\/schema\/person\/6e0d5a68bc7cd962fb05619f0ec7869c\"},\"breadcrumb\":{\"@id\":\"https:\/\/blog.zeit.de\/kinderzeit\/2008\/09\/18\/was-soll-ich-lesen-2_72#breadcrumb\"},\"inLanguage\":\"de\",\"potentialAction\":[{\"@type\":\"ReadAction\",\"target\":[\"https:\/\/blog.zeit.de\/kinderzeit\/2008\/09\/18\/was-soll-ich-lesen-2_72\"]}]},{\"@type\":\"BreadcrumbList\",\"@id\":\"https:\/\/blog.zeit.de\/kinderzeit\/2008\/09\/18\/was-soll-ich-lesen-2_72#breadcrumb\",\"itemListElement\":[{\"@type\":\"ListItem\",\"position\":1,\"name\":\"Startseite\",\"item\":\"https:\/\/blog.zeit.de\/kinderzeit\"},{\"@type\":\"ListItem\",\"position\":2,\"name\":\"Was soll ich lesen?\"}]},{\"@type\":\"WebSite\",\"@id\":\"https:\/\/blog.zeit.de\/kinderzeit\/#website\",\"url\":\"https:\/\/blog.zeit.de\/kinderzeit\/\",\"name\":\"KinderZEIT-Blog\",\"description\":\"Politik, Kultur und R\u00e4tsel f\u00fcr junge Leser\",\"potentialAction\":[{\"@type\":\"SearchAction\",\"target\":{\"@type\":\"EntryPoint\",\"urlTemplate\":\"https:\/\/blog.zeit.de\/kinderzeit\/?s={search_term_string}\"},\"query-input\":\"required name=search_term_string\"}],\"inLanguage\":\"de\"},{\"@type\":\"Person\",\"@id\":\"https:\/\/blog.zeit.de\/kinderzeit\/#\/schema\/person\/6e0d5a68bc7cd962fb05619f0ec7869c\",\"name\":\"Redaktion KinderZEIT\",\"image\":{\"@type\":\"ImageObject\",\"inLanguage\":\"de\",\"@id\":\"https:\/\/blog.zeit.de\/kinderzeit\/#\/schema\/person\/image\/\",\"url\":\"https:\/\/secure.gravatar.com\/avatar\/01961d03edfd521f933356966a7e7db36c1281b66ec7fb6d1013979dca8baef8?s=96&d=mm&r=g\",\"contentUrl\":\"https:\/\/secure.gravatar.com\/avatar\/01961d03edfd521f933356966a7e7db36c1281b66ec7fb6d1013979dca8baef8?s=96&d=mm&r=g\",\"caption\":\"Redaktion KinderZEIT\"},\"url\":\"https:\/\/blog.zeit.de\/kinderzeit\/author\/katrin-hoernlein\"}]}<\/script>\n<!-- \/ Yoast SEO plugin. -->","yoast_head_json":{"title":"Was soll ich lesen? - KinderZEIT-Blog","robots":{"index":"index","follow":"follow","max-snippet":"max-snippet:-1","max-image-preview":"max-image-preview:large","max-video-preview":"max-video-preview:-1"},"canonical":"https:\/\/blog.zeit.de\/kinderzeit\/2008\/09\/18\/was-soll-ich-lesen-2_72","og_locale":"de_DE","og_type":"article","og_title":"Was soll ich lesen? - KinderZEIT-Blog","og_description":"\u00a9 Residenz Verlag 2008 Josef ist genial: Der Kater liegt den ganzen Tag feist auf dem Sofa und wechselt ab zwischen K\u00f6rperpflege und kleinen Mahlzeiten. Abends ist er dann von der ganzen Plackerei total ersch\u00f6pft. Josef hasst Krach. Besonders zuwider ist ihm das Gekl\u00e4ff des Nachbarshundes Rudi: \u00bbSt\u00e4ndig bellte dieser bl\u00f6de K\u00f6ter, lief wie ein [&hellip;]","og_url":"https:\/\/blog.zeit.de\/kinderzeit\/2008\/09\/18\/was-soll-ich-lesen-2_72","og_site_name":"KinderZEIT-Blog","article_published_time":"2008-09-18T04:50:23+00:00","og_image":[{"url":"https:\/\/img.zeit.de\/bilder\/2008\/39\/wissen\/kinderzeit\/biermann-lesen\/biermann-lesen-artikel-210.jpg"}],"author":"Redaktion KinderZEIT","twitter_card":"summary_large_image","twitter_misc":{"Verfasst von":"Redaktion KinderZEIT","Gesch\u00e4tzte Lesezeit":"1\u00a0Minute"},"schema":{"@context":"https:\/\/schema.org","@graph":[{"@type":"WebPage","@id":"https:\/\/blog.zeit.de\/kinderzeit\/2008\/09\/18\/was-soll-ich-lesen-2_72","url":"https:\/\/blog.zeit.de\/kinderzeit\/2008\/09\/18\/was-soll-ich-lesen-2_72","name":"Was soll ich lesen? - KinderZEIT-Blog","isPartOf":{"@id":"https:\/\/blog.zeit.de\/kinderzeit\/#website"},"datePublished":"2008-09-18T04:50:23+00:00","dateModified":"2008-09-18T04:50:23+00:00","author":{"@id":"https:\/\/blog.zeit.de\/kinderzeit\/#\/schema\/person\/6e0d5a68bc7cd962fb05619f0ec7869c"},"breadcrumb":{"@id":"https:\/\/blog.zeit.de\/kinderzeit\/2008\/09\/18\/was-soll-ich-lesen-2_72#breadcrumb"},"inLanguage":"de","potentialAction":[{"@type":"ReadAction","target":["https:\/\/blog.zeit.de\/kinderzeit\/2008\/09\/18\/was-soll-ich-lesen-2_72"]}]},{"@type":"BreadcrumbList","@id":"https:\/\/blog.zeit.de\/kinderzeit\/2008\/09\/18\/was-soll-ich-lesen-2_72#breadcrumb","itemListElement":[{"@type":"ListItem","position":1,"name":"Startseite","item":"https:\/\/blog.zeit.de\/kinderzeit"},{"@type":"ListItem","position":2,"name":"Was soll ich lesen?"}]},{"@type":"WebSite","@id":"https:\/\/blog.zeit.de\/kinderzeit\/#website","url":"https:\/\/blog.zeit.de\/kinderzeit\/","name":"KinderZEIT-Blog","description":"Politik, Kultur und R\u00e4tsel f\u00fcr junge Leser","potentialAction":[{"@type":"SearchAction","target":{"@type":"EntryPoint","urlTemplate":"https:\/\/blog.zeit.de\/kinderzeit\/?s={search_term_string}"},"query-input":"required name=search_term_string"}],"inLanguage":"de"},{"@type":"Person","@id":"https:\/\/blog.zeit.de\/kinderzeit\/#\/schema\/person\/6e0d5a68bc7cd962fb05619f0ec7869c","name":"Redaktion KinderZEIT","image":{"@type":"ImageObject","inLanguage":"de","@id":"https:\/\/blog.zeit.de\/kinderzeit\/#\/schema\/person\/image\/","url":"https:\/\/secure.gravatar.com\/avatar\/01961d03edfd521f933356966a7e7db36c1281b66ec7fb6d1013979dca8baef8?s=96&d=mm&r=g","contentUrl":"https:\/\/secure.gravatar.com\/avatar\/01961d03edfd521f933356966a7e7db36c1281b66ec7fb6d1013979dca8baef8?s=96&d=mm&r=g","caption":"Redaktion KinderZEIT"},"url":"https:\/\/blog.zeit.de\/kinderzeit\/author\/katrin-hoernlein"}]}},"jetpack_featured_media_url":"","jetpack_sharing_enabled":true,"_links":{"self":[{"href":"https:\/\/blog.zeit.de\/kinderzeit\/wp-json\/wp\/v2\/posts\/72","targetHints":{"allow":["GET"]}}],"collection":[{"href":"https:\/\/blog.zeit.de\/kinderzeit\/wp-json\/wp\/v2\/posts"}],"about":[{"href":"https:\/\/blog.zeit.de\/kinderzeit\/wp-json\/wp\/v2\/types\/post"}],"author":[{"embeddable":true,"href":"https:\/\/blog.zeit.de\/kinderzeit\/wp-json\/wp\/v2\/users\/182"}],"replies":[{"embeddable":true,"href":"https:\/\/blog.zeit.de\/kinderzeit\/wp-json\/wp\/v2\/comments?post=72"}],"version-history":[{"count":0,"href":"https:\/\/blog.zeit.de\/kinderzeit\/wp-json\/wp\/v2\/posts\/72\/revisions"}],"wp:attachment":[{"href":"https:\/\/blog.zeit.de\/kinderzeit\/wp-json\/wp\/v2\/media?parent=72"}],"wp:term":[{"taxonomy":"category","embeddable":true,"href":"https:\/\/blog.zeit.de\/kinderzeit\/wp-json\/wp\/v2\/categories?post=72"},{"taxonomy":"post_tag","embeddable":true,"href":"https:\/\/blog.zeit.de\/kinderzeit\/wp-json\/wp\/v2\/tags?post=72"}],"curies":[{"name":"wp","href":"https:\/\/api.w.org\/{rel}","templated":true}]}}