{"id":7212,"date":"2010-09-16T10:32:53","date_gmt":"2010-09-16T08:32:53","guid":{"rendered":"http:\/\/blog.zeit.de\/kinderzeit\/?p=7212"},"modified":"2010-09-16T10:49:32","modified_gmt":"2010-09-16T08:49:32","slug":"kinder-an-der-kamera","status":"publish","type":"post","link":"https:\/\/blog.zeit.de\/kinderzeit\/2010\/09\/16\/kinder-an-der-kamera_7212","title":{"rendered":"Kinder an der Kamera"},"content":{"rendered":"<p><figure id=\"attachment_7213\" aria-describedby=\"caption-attachment-7213\" style=\"width: 540px\" class=\"wp-caption aligncenter\"><img loading=\"lazy\" decoding=\"async\" class=\"size-large wp-image-7213\" title=\"jugendfoto01\" src=\"https:\/\/blog.zeit.de\/kinderzeit\/files\/2010\/09\/jugendfoto01-540x360.jpg\" alt=\"\" width=\"540\" height=\"360\" srcset=\"https:\/\/blog.zeit.de\/kinderzeit\/files\/2010\/09\/jugendfoto01-540x360.jpg 540w, https:\/\/blog.zeit.de\/kinderzeit\/files\/2010\/09\/jugendfoto01-300x200.jpg 300w, https:\/\/blog.zeit.de\/kinderzeit\/files\/2010\/09\/jugendfoto01.jpg 1063w\" sizes=\"auto, (max-width: 540px) 100vw, 540px\" \/><figcaption id=\"caption-attachment-7213\" class=\"wp-caption-text\">Einen besonderen Bildausschnitt w\u00e4hlte Sarah Miller, 14 Jahre\/ Deutscher Jugendfotopreis 2010<\/figcaption><\/figure><\/p>\n<p><strong>36 000 Bilder wurden in diesem Jahr beim Deutschen Jugendfotopreis eingereicht. Wir zeigen die besten Fotos der j\u00fcngsten Teilnehmer<\/strong><\/p>\n<p>Tolle Fotos machen, das k\u00f6nnen nur Profis? Von wegen! Alle Bilder, die Ihr hier seht, wurden von Kindern und Jugendlichen aufgenommen. Sie haben mit diesen Arbeiten am Deutschen Jugendfotopreis 2010 teilgenommen \u2013 und einen Preis bekommen. Ausgezeichnet werden die jungen Fotografen erst am 26. September, die KinderZEIT darf die besten Fotos der j\u00fcngsten K\u00fcnstler aber schon jetzt zeigen. Im KinderZEIT Blog online zeigen wir nur eine kleine Auswahl, in der gedruckten ZEIT findet Ihr auf Seite 48 noch mehr preisw\u00fcrdige Bilder.<!--more--><\/p>\n<p><figure id=\"attachment_7216\" aria-describedby=\"caption-attachment-7216\" style=\"width: 357px\" class=\"wp-caption alignright\"><img loading=\"lazy\" decoding=\"async\" class=\"size-large wp-image-7216\" title=\"jugendfoto03\" src=\"https:\/\/blog.zeit.de\/kinderzeit\/files\/2010\/09\/jugendfoto03-540x405.jpg\" alt=\"\" width=\"357\" height=\"267\" srcset=\"https:\/\/blog.zeit.de\/kinderzeit\/files\/2010\/09\/jugendfoto03-540x405.jpg 540w, https:\/\/blog.zeit.de\/kinderzeit\/files\/2010\/09\/jugendfoto03-300x225.jpg 300w, https:\/\/blog.zeit.de\/kinderzeit\/files\/2010\/09\/jugendfoto03.jpg 559w\" sizes=\"auto, (max-width: 357px) 100vw, 357px\" \/><figcaption id=\"caption-attachment-7216\" class=\"wp-caption-text\">Leonie Schnetz, 10 Jahre, hat sich im Wunderland unter Wasser fotografiert\/ Deutscher Jugendfotopreis 2010<\/figcaption><\/figure><\/p>\n<p>Mehr Fotos des diesj\u00e4hrigen Wettbewerbs sind vom 21. bis 26. September auf der Messe Photokina in K\u00f6ln zu sehen. Dort werden auch die Preistr\u00e4ger ausgezeichnet. Informationen zum Wettbewerb findet Ihr im Internet: <a href=\"http:\/\/www.jugendfotopreis.de\">www.jugendfotopreis.de<\/a><\/p>\n<p><figure id=\"attachment_7217\" aria-describedby=\"caption-attachment-7217\" style=\"width: 540px\" class=\"wp-caption aligncenter\"><img loading=\"lazy\" decoding=\"async\" class=\"size-large wp-image-7217\" title=\"jugendfoto04\" src=\"https:\/\/blog.zeit.de\/kinderzeit\/files\/2010\/09\/jugendfoto04-540x276.jpg\" alt=\"\" width=\"540\" height=\"276\" srcset=\"https:\/\/blog.zeit.de\/kinderzeit\/files\/2010\/09\/jugendfoto04-540x276.jpg 540w, https:\/\/blog.zeit.de\/kinderzeit\/files\/2010\/09\/jugendfoto04-300x153.jpg 300w, https:\/\/blog.zeit.de\/kinderzeit\/files\/2010\/09\/jugendfoto04.jpg 750w\" sizes=\"auto, (max-width: 540px) 100vw, 540px\" \/><figcaption id=\"caption-attachment-7217\" class=\"wp-caption-text\">Diese seltsamen Wesen stammen aus der Foto-AG der Herderschule\/ Deutscher Jugendfotopreis 2010<\/figcaption><\/figure><\/p>\n","protected":false},"excerpt":{"rendered":"<p>36 000 Bilder wurden in diesem Jahr beim Deutschen Jugendfotopreis eingereicht. Wir zeigen die besten Fotos der j\u00fcngsten Teilnehmer Tolle Fotos machen, das k\u00f6nnen nur Profis? Von wegen! Alle Bilder, die Ihr hier seht, wurden von Kindern und Jugendlichen aufgenommen. Sie haben mit diesen Arbeiten am Deutschen Jugendfotopreis 2010 teilgenommen \u2013 und einen Preis bekommen. [&hellip;]<\/p>\n","protected":false},"author":217,"featured_media":0,"comment_status":"open","ping_status":"closed","sticky":false,"template":"","format":"standard","meta":{"_jetpack_memberships_contains_paid_content":false,"footnotes":""},"categories":[893,1410],"tags":[2658,2660,2661,2659],"class_list":["post-7212","post","type-post","status-publish","format-standard","hentry","category-freizeit-und-sport","category-kulturtipp","tag-deutscher-jugendfotopreis","tag-fotografien-von-kindern","tag-kinder-an-der-kamera","tag-kinder-fotografieren"],"yoast_head":"<!-- This site is optimized with the Yoast SEO plugin v21.0 - https:\/\/yoast.com\/wordpress\/plugins\/seo\/ -->\n<title>Kinder an der Kamera - KinderZEIT-Blog<\/title>\n<meta name=\"robots\" content=\"index, follow, max-snippet:-1, max-image-preview:large, max-video-preview:-1\" \/>\n<link rel=\"canonical\" href=\"https:\/\/blog.zeit.de\/kinderzeit\/2010\/09\/16\/kinder-an-der-kamera_7212\" \/>\n<meta property=\"og:locale\" content=\"de_DE\" \/>\n<meta property=\"og:type\" content=\"article\" \/>\n<meta property=\"og:title\" content=\"Kinder an der Kamera - KinderZEIT-Blog\" \/>\n<meta property=\"og:description\" content=\"36 000 Bilder wurden in diesem Jahr beim Deutschen Jugendfotopreis eingereicht. Wir zeigen die besten Fotos der j\u00fcngsten Teilnehmer Tolle Fotos machen, das k\u00f6nnen nur Profis? Von wegen! Alle Bilder, die Ihr hier seht, wurden von Kindern und Jugendlichen aufgenommen. Sie haben mit diesen Arbeiten am Deutschen Jugendfotopreis 2010 teilgenommen \u2013 und einen Preis bekommen. [&hellip;]\" \/>\n<meta property=\"og:url\" content=\"https:\/\/blog.zeit.de\/kinderzeit\/2010\/09\/16\/kinder-an-der-kamera_7212\" \/>\n<meta property=\"og:site_name\" content=\"KinderZEIT-Blog\" \/>\n<meta property=\"article:published_time\" content=\"2010-09-16T08:32:53+00:00\" \/>\n<meta property=\"article:modified_time\" content=\"2010-09-16T08:49:32+00:00\" \/>\n<meta property=\"og:image\" content=\"https:\/\/blog.zeit.de\/kinderzeit\/files\/2010\/09\/jugendfoto01-540x360.jpg\" \/>\n<meta name=\"author\" content=\"Redaktion KinderZEIT\" \/>\n<meta name=\"twitter:card\" content=\"summary_large_image\" \/>\n<meta name=\"twitter:label1\" content=\"Verfasst von\" \/>\n\t<meta name=\"twitter:data1\" content=\"Redaktion KinderZEIT\" \/>\n\t<meta name=\"twitter:label2\" content=\"Gesch\u00e4tzte Lesezeit\" \/>\n\t<meta name=\"twitter:data2\" content=\"1\u00a0Minute\" \/>\n<script type=\"application\/ld+json\" class=\"yoast-schema-graph\">{\"@context\":\"https:\/\/schema.org\",\"@graph\":[{\"@type\":\"WebPage\",\"@id\":\"https:\/\/blog.zeit.de\/kinderzeit\/2010\/09\/16\/kinder-an-der-kamera_7212\",\"url\":\"https:\/\/blog.zeit.de\/kinderzeit\/2010\/09\/16\/kinder-an-der-kamera_7212\",\"name\":\"Kinder an der Kamera - KinderZEIT-Blog\",\"isPartOf\":{\"@id\":\"https:\/\/blog.zeit.de\/kinderzeit\/#website\"},\"datePublished\":\"2010-09-16T08:32:53+00:00\",\"dateModified\":\"2010-09-16T08:49:32+00:00\",\"author\":{\"@id\":\"https:\/\/blog.zeit.de\/kinderzeit\/#\/schema\/person\/49470446f328463e8ea80b00b7d5da9c\"},\"breadcrumb\":{\"@id\":\"https:\/\/blog.zeit.de\/kinderzeit\/2010\/09\/16\/kinder-an-der-kamera_7212#breadcrumb\"},\"inLanguage\":\"de\",\"potentialAction\":[{\"@type\":\"ReadAction\",\"target\":[\"https:\/\/blog.zeit.de\/kinderzeit\/2010\/09\/16\/kinder-an-der-kamera_7212\"]}]},{\"@type\":\"BreadcrumbList\",\"@id\":\"https:\/\/blog.zeit.de\/kinderzeit\/2010\/09\/16\/kinder-an-der-kamera_7212#breadcrumb\",\"itemListElement\":[{\"@type\":\"ListItem\",\"position\":1,\"name\":\"Startseite\",\"item\":\"https:\/\/blog.zeit.de\/kinderzeit\"},{\"@type\":\"ListItem\",\"position\":2,\"name\":\"Kinder an der Kamera\"}]},{\"@type\":\"WebSite\",\"@id\":\"https:\/\/blog.zeit.de\/kinderzeit\/#website\",\"url\":\"https:\/\/blog.zeit.de\/kinderzeit\/\",\"name\":\"KinderZEIT-Blog\",\"description\":\"Politik, Kultur und R\u00e4tsel f\u00fcr junge Leser\",\"potentialAction\":[{\"@type\":\"SearchAction\",\"target\":{\"@type\":\"EntryPoint\",\"urlTemplate\":\"https:\/\/blog.zeit.de\/kinderzeit\/?s={search_term_string}\"},\"query-input\":\"required name=search_term_string\"}],\"inLanguage\":\"de\"},{\"@type\":\"Person\",\"@id\":\"https:\/\/blog.zeit.de\/kinderzeit\/#\/schema\/person\/49470446f328463e8ea80b00b7d5da9c\",\"name\":\"Redaktion KinderZEIT\",\"image\":{\"@type\":\"ImageObject\",\"inLanguage\":\"de\",\"@id\":\"https:\/\/blog.zeit.de\/kinderzeit\/#\/schema\/person\/image\/\",\"url\":\"https:\/\/secure.gravatar.com\/avatar\/e613a4a2ad2bd6413584eec4b8dd51cb549f6f87f7a858de5437c6df45ca1659?s=96&d=mm&r=g\",\"contentUrl\":\"https:\/\/secure.gravatar.com\/avatar\/e613a4a2ad2bd6413584eec4b8dd51cb549f6f87f7a858de5437c6df45ca1659?s=96&d=mm&r=g\",\"caption\":\"Redaktion KinderZEIT\"},\"url\":\"https:\/\/blog.zeit.de\/kinderzeit\/author\/sandra-valeska-bruhns\"}]}<\/script>\n<!-- \/ Yoast SEO plugin. -->","yoast_head_json":{"title":"Kinder an der Kamera - KinderZEIT-Blog","robots":{"index":"index","follow":"follow","max-snippet":"max-snippet:-1","max-image-preview":"max-image-preview:large","max-video-preview":"max-video-preview:-1"},"canonical":"https:\/\/blog.zeit.de\/kinderzeit\/2010\/09\/16\/kinder-an-der-kamera_7212","og_locale":"de_DE","og_type":"article","og_title":"Kinder an der Kamera - KinderZEIT-Blog","og_description":"36 000 Bilder wurden in diesem Jahr beim Deutschen Jugendfotopreis eingereicht. Wir zeigen die besten Fotos der j\u00fcngsten Teilnehmer Tolle Fotos machen, das k\u00f6nnen nur Profis? Von wegen! Alle Bilder, die Ihr hier seht, wurden von Kindern und Jugendlichen aufgenommen. Sie haben mit diesen Arbeiten am Deutschen Jugendfotopreis 2010 teilgenommen \u2013 und einen Preis bekommen. [&hellip;]","og_url":"https:\/\/blog.zeit.de\/kinderzeit\/2010\/09\/16\/kinder-an-der-kamera_7212","og_site_name":"KinderZEIT-Blog","article_published_time":"2010-09-16T08:32:53+00:00","article_modified_time":"2010-09-16T08:49:32+00:00","og_image":[{"url":"https:\/\/blog.zeit.de\/kinderzeit\/files\/2010\/09\/jugendfoto01-540x360.jpg"}],"author":"Redaktion KinderZEIT","twitter_card":"summary_large_image","twitter_misc":{"Verfasst von":"Redaktion KinderZEIT","Gesch\u00e4tzte Lesezeit":"1\u00a0Minute"},"schema":{"@context":"https:\/\/schema.org","@graph":[{"@type":"WebPage","@id":"https:\/\/blog.zeit.de\/kinderzeit\/2010\/09\/16\/kinder-an-der-kamera_7212","url":"https:\/\/blog.zeit.de\/kinderzeit\/2010\/09\/16\/kinder-an-der-kamera_7212","name":"Kinder an der Kamera - KinderZEIT-Blog","isPartOf":{"@id":"https:\/\/blog.zeit.de\/kinderzeit\/#website"},"datePublished":"2010-09-16T08:32:53+00:00","dateModified":"2010-09-16T08:49:32+00:00","author":{"@id":"https:\/\/blog.zeit.de\/kinderzeit\/#\/schema\/person\/49470446f328463e8ea80b00b7d5da9c"},"breadcrumb":{"@id":"https:\/\/blog.zeit.de\/kinderzeit\/2010\/09\/16\/kinder-an-der-kamera_7212#breadcrumb"},"inLanguage":"de","potentialAction":[{"@type":"ReadAction","target":["https:\/\/blog.zeit.de\/kinderzeit\/2010\/09\/16\/kinder-an-der-kamera_7212"]}]},{"@type":"BreadcrumbList","@id":"https:\/\/blog.zeit.de\/kinderzeit\/2010\/09\/16\/kinder-an-der-kamera_7212#breadcrumb","itemListElement":[{"@type":"ListItem","position":1,"name":"Startseite","item":"https:\/\/blog.zeit.de\/kinderzeit"},{"@type":"ListItem","position":2,"name":"Kinder an der Kamera"}]},{"@type":"WebSite","@id":"https:\/\/blog.zeit.de\/kinderzeit\/#website","url":"https:\/\/blog.zeit.de\/kinderzeit\/","name":"KinderZEIT-Blog","description":"Politik, Kultur und R\u00e4tsel f\u00fcr junge Leser","potentialAction":[{"@type":"SearchAction","target":{"@type":"EntryPoint","urlTemplate":"https:\/\/blog.zeit.de\/kinderzeit\/?s={search_term_string}"},"query-input":"required name=search_term_string"}],"inLanguage":"de"},{"@type":"Person","@id":"https:\/\/blog.zeit.de\/kinderzeit\/#\/schema\/person\/49470446f328463e8ea80b00b7d5da9c","name":"Redaktion KinderZEIT","image":{"@type":"ImageObject","inLanguage":"de","@id":"https:\/\/blog.zeit.de\/kinderzeit\/#\/schema\/person\/image\/","url":"https:\/\/secure.gravatar.com\/avatar\/e613a4a2ad2bd6413584eec4b8dd51cb549f6f87f7a858de5437c6df45ca1659?s=96&d=mm&r=g","contentUrl":"https:\/\/secure.gravatar.com\/avatar\/e613a4a2ad2bd6413584eec4b8dd51cb549f6f87f7a858de5437c6df45ca1659?s=96&d=mm&r=g","caption":"Redaktion KinderZEIT"},"url":"https:\/\/blog.zeit.de\/kinderzeit\/author\/sandra-valeska-bruhns"}]}},"jetpack_featured_media_url":"","jetpack_sharing_enabled":true,"_links":{"self":[{"href":"https:\/\/blog.zeit.de\/kinderzeit\/wp-json\/wp\/v2\/posts\/7212","targetHints":{"allow":["GET"]}}],"collection":[{"href":"https:\/\/blog.zeit.de\/kinderzeit\/wp-json\/wp\/v2\/posts"}],"about":[{"href":"https:\/\/blog.zeit.de\/kinderzeit\/wp-json\/wp\/v2\/types\/post"}],"author":[{"embeddable":true,"href":"https:\/\/blog.zeit.de\/kinderzeit\/wp-json\/wp\/v2\/users\/217"}],"replies":[{"embeddable":true,"href":"https:\/\/blog.zeit.de\/kinderzeit\/wp-json\/wp\/v2\/comments?post=7212"}],"version-history":[{"count":0,"href":"https:\/\/blog.zeit.de\/kinderzeit\/wp-json\/wp\/v2\/posts\/7212\/revisions"}],"wp:attachment":[{"href":"https:\/\/blog.zeit.de\/kinderzeit\/wp-json\/wp\/v2\/media?parent=7212"}],"wp:term":[{"taxonomy":"category","embeddable":true,"href":"https:\/\/blog.zeit.de\/kinderzeit\/wp-json\/wp\/v2\/categories?post=7212"},{"taxonomy":"post_tag","embeddable":true,"href":"https:\/\/blog.zeit.de\/kinderzeit\/wp-json\/wp\/v2\/tags?post=7212"}],"curies":[{"name":"wp","href":"https:\/\/api.w.org\/{rel}","templated":true}]}}