{"id":7366,"date":"2010-10-12T10:51:43","date_gmt":"2010-10-12T08:51:43","guid":{"rendered":"http:\/\/blog.zeit.de\/kinderzeit\/?p=7366"},"modified":"2017-06-06T16:26:40","modified_gmt":"2017-06-06T14:26:40","slug":"der-herbst-ist-da","status":"publish","type":"post","link":"https:\/\/blog.zeit.de\/kinderzeit\/2010\/10\/12\/der-herbst-ist-da_7366","title":{"rendered":"Der Herbst ist da!"},"content":{"rendered":"<p><figure id=\"attachment_7368\" aria-describedby=\"caption-attachment-7368\" style=\"width: 200px\" class=\"wp-caption alignleft\"><img loading=\"lazy\" decoding=\"async\" class=\"size-medium wp-image-7368\" src=\"https:\/\/blog.zeit.de\/kinderzeit\/files\/2010\/10\/herbst-200x300.jpg\" alt=\"\" width=\"200\" height=\"300\" srcset=\"https:\/\/blog.zeit.de\/kinderzeit\/files\/2010\/10\/herbst-200x300.jpg 200w, https:\/\/blog.zeit.de\/kinderzeit\/files\/2010\/10\/herbst-360x540.jpg 360w\" sizes=\"auto, (max-width: 200px) 100vw, 200px\" \/><figcaption id=\"caption-attachment-7368\" class=\"wp-caption-text\">Herstlaub\/ \u00a9 Getty Images<\/figcaption><\/figure><\/p>\n<p>Jetzt hat sich der Sommer endg\u00fcltig f\u00fcr dieses Jahr verabschiedet. Die Bl\u00e4tter an den B\u00e4umen verf\u00e4rben sich und fallen zu Boden, die ersten Fr\u00fchnebelschwaden lassen die Luft k\u00e4lter erscheinen, als sie tats\u00e4chlich ist. Die letzten \u00c4pfel im Garten sind geerntet und es sind nur noch wenige Kastanien unter dem Laub zu finden.<br \/>\nKaum ein Lied kann die sch\u00f6ne Stimmung besser ausdr\u00fccken als das Volkslied &#8222;Der Herbst, der Herbst, der Herbst ist da&#8220;. Wer den Text nicht mehr ganz richtig wei\u00df, kann ihn bei uns noch einmal nachlesen.<!--more--><\/p>\n<p><em><br \/>\nDer Herbst, der Herbst, der Herbst ist da,<br \/>\ner bringt uns Wind, hei hussassa!<br \/>\nSch\u00fcttelt ab die Bl\u00e4tter,<br \/>\nbringt uns Regenwetter.<br \/>\nHeia hussassa, der Herbst ist da! <\/em><\/p>\n<p>Der Herbst, der Herbst, der Herbst ist da,<br \/>\ner bringt uns Obst, hei hussassa!<br \/>\nMacht die Bl\u00e4tter bunter,<br \/>\nwirft die \u00c4pfel runter.<br \/>\nHeia hussassa, der Herbst ist da!<\/p>\n<p>Der Herbst, der Herbst, der Herbst ist da,<br \/>\ner bringt uns Wein, hei hussassa!<br \/>\nN\u00fcsse auf den Teller,<br \/>\nBirnen in den Keller.<br \/>\nHeia hussassa, der Herbst ist da!<\/p>\n<p>Der Herbst, der Herbst, der Herbst ist da,<br \/>\ner bringt uns Spa\u00df, hei hussassa!<br \/>\nR\u00fcttelt an den Zweigen,<br \/>\nL\u00e4sst die Drachen steigen<br \/>\nHeia hussassa, der Herbst ist da!<\/p>\n<p>&nbsp;<\/p>\n<p>Text und Musik H.R. Franzke<br \/>\n\u00a9 Fidula-Verlag<\/p>\n","protected":false},"excerpt":{"rendered":"<p>Jetzt hat sich der Sommer endg\u00fcltig f\u00fcr dieses Jahr verabschiedet. Die Bl\u00e4tter an den B\u00e4umen verf\u00e4rben sich und fallen zu Boden, die ersten Fr\u00fchnebelschwaden lassen die Luft k\u00e4lter erscheinen, als sie tats\u00e4chlich ist. Die letzten \u00c4pfel im Garten sind geerntet und es sind nur noch wenige Kastanien unter dem Laub zu finden. Kaum ein Lied [&hellip;]<\/p>\n","protected":false},"author":217,"featured_media":0,"comment_status":"open","ping_status":"closed","sticky":false,"template":"","format":"standard","meta":{"_jetpack_memberships_contains_paid_content":false,"footnotes":""},"categories":[893,1410],"tags":[7940,7939,7942,7941],"class_list":["post-7366","post","type-post","status-publish","format-standard","hentry","category-freizeit-und-sport","category-kulturtipp","tag-der-herbst-ist-da","tag-herbstlied","tag-liedtext-herbst","tag-volkslied"],"yoast_head":"<!-- This site is optimized with the Yoast SEO plugin v21.0 - https:\/\/yoast.com\/wordpress\/plugins\/seo\/ -->\n<title>Der Herbst ist da! - KinderZEIT-Blog<\/title>\n<meta name=\"robots\" content=\"index, follow, max-snippet:-1, max-image-preview:large, max-video-preview:-1\" \/>\n<link rel=\"canonical\" href=\"https:\/\/blog.zeit.de\/kinderzeit\/2010\/10\/12\/der-herbst-ist-da_7366\" \/>\n<meta property=\"og:locale\" content=\"de_DE\" \/>\n<meta property=\"og:type\" content=\"article\" \/>\n<meta property=\"og:title\" content=\"Der Herbst ist da! - KinderZEIT-Blog\" \/>\n<meta property=\"og:description\" content=\"Jetzt hat sich der Sommer endg\u00fcltig f\u00fcr dieses Jahr verabschiedet. Die Bl\u00e4tter an den B\u00e4umen verf\u00e4rben sich und fallen zu Boden, die ersten Fr\u00fchnebelschwaden lassen die Luft k\u00e4lter erscheinen, als sie tats\u00e4chlich ist. Die letzten \u00c4pfel im Garten sind geerntet und es sind nur noch wenige Kastanien unter dem Laub zu finden. Kaum ein Lied [&hellip;]\" \/>\n<meta property=\"og:url\" content=\"https:\/\/blog.zeit.de\/kinderzeit\/2010\/10\/12\/der-herbst-ist-da_7366\" \/>\n<meta property=\"og:site_name\" content=\"KinderZEIT-Blog\" \/>\n<meta property=\"article:published_time\" content=\"2010-10-12T08:51:43+00:00\" \/>\n<meta property=\"article:modified_time\" content=\"2017-06-06T14:26:40+00:00\" \/>\n<meta property=\"og:image\" content=\"https:\/\/blog.zeit.de\/kinderzeit\/files\/2010\/10\/herbst-200x300.jpg\" \/>\n<meta name=\"author\" content=\"Redaktion KinderZEIT\" \/>\n<meta name=\"twitter:card\" content=\"summary_large_image\" \/>\n<meta name=\"twitter:label1\" content=\"Verfasst von\" \/>\n\t<meta name=\"twitter:data1\" content=\"Redaktion KinderZEIT\" \/>\n\t<meta name=\"twitter:label2\" content=\"Gesch\u00e4tzte Lesezeit\" \/>\n\t<meta name=\"twitter:data2\" content=\"1\u00a0Minute\" \/>\n<script type=\"application\/ld+json\" class=\"yoast-schema-graph\">{\"@context\":\"https:\/\/schema.org\",\"@graph\":[{\"@type\":\"WebPage\",\"@id\":\"https:\/\/blog.zeit.de\/kinderzeit\/2010\/10\/12\/der-herbst-ist-da_7366\",\"url\":\"https:\/\/blog.zeit.de\/kinderzeit\/2010\/10\/12\/der-herbst-ist-da_7366\",\"name\":\"Der Herbst ist da! - KinderZEIT-Blog\",\"isPartOf\":{\"@id\":\"https:\/\/blog.zeit.de\/kinderzeit\/#website\"},\"datePublished\":\"2010-10-12T08:51:43+00:00\",\"dateModified\":\"2017-06-06T14:26:40+00:00\",\"author\":{\"@id\":\"https:\/\/blog.zeit.de\/kinderzeit\/#\/schema\/person\/49470446f328463e8ea80b00b7d5da9c\"},\"breadcrumb\":{\"@id\":\"https:\/\/blog.zeit.de\/kinderzeit\/2010\/10\/12\/der-herbst-ist-da_7366#breadcrumb\"},\"inLanguage\":\"de\",\"potentialAction\":[{\"@type\":\"ReadAction\",\"target\":[\"https:\/\/blog.zeit.de\/kinderzeit\/2010\/10\/12\/der-herbst-ist-da_7366\"]}]},{\"@type\":\"BreadcrumbList\",\"@id\":\"https:\/\/blog.zeit.de\/kinderzeit\/2010\/10\/12\/der-herbst-ist-da_7366#breadcrumb\",\"itemListElement\":[{\"@type\":\"ListItem\",\"position\":1,\"name\":\"Startseite\",\"item\":\"https:\/\/blog.zeit.de\/kinderzeit\"},{\"@type\":\"ListItem\",\"position\":2,\"name\":\"Der Herbst ist da!\"}]},{\"@type\":\"WebSite\",\"@id\":\"https:\/\/blog.zeit.de\/kinderzeit\/#website\",\"url\":\"https:\/\/blog.zeit.de\/kinderzeit\/\",\"name\":\"KinderZEIT-Blog\",\"description\":\"Politik, Kultur und R\u00e4tsel f\u00fcr junge Leser\",\"potentialAction\":[{\"@type\":\"SearchAction\",\"target\":{\"@type\":\"EntryPoint\",\"urlTemplate\":\"https:\/\/blog.zeit.de\/kinderzeit\/?s={search_term_string}\"},\"query-input\":\"required name=search_term_string\"}],\"inLanguage\":\"de\"},{\"@type\":\"Person\",\"@id\":\"https:\/\/blog.zeit.de\/kinderzeit\/#\/schema\/person\/49470446f328463e8ea80b00b7d5da9c\",\"name\":\"Redaktion KinderZEIT\",\"image\":{\"@type\":\"ImageObject\",\"inLanguage\":\"de\",\"@id\":\"https:\/\/blog.zeit.de\/kinderzeit\/#\/schema\/person\/image\/\",\"url\":\"https:\/\/secure.gravatar.com\/avatar\/e613a4a2ad2bd6413584eec4b8dd51cb549f6f87f7a858de5437c6df45ca1659?s=96&d=mm&r=g\",\"contentUrl\":\"https:\/\/secure.gravatar.com\/avatar\/e613a4a2ad2bd6413584eec4b8dd51cb549f6f87f7a858de5437c6df45ca1659?s=96&d=mm&r=g\",\"caption\":\"Redaktion KinderZEIT\"},\"url\":\"https:\/\/blog.zeit.de\/kinderzeit\/author\/sandra-valeska-bruhns\"}]}<\/script>\n<!-- \/ Yoast SEO plugin. -->","yoast_head_json":{"title":"Der Herbst ist da! - KinderZEIT-Blog","robots":{"index":"index","follow":"follow","max-snippet":"max-snippet:-1","max-image-preview":"max-image-preview:large","max-video-preview":"max-video-preview:-1"},"canonical":"https:\/\/blog.zeit.de\/kinderzeit\/2010\/10\/12\/der-herbst-ist-da_7366","og_locale":"de_DE","og_type":"article","og_title":"Der Herbst ist da! - KinderZEIT-Blog","og_description":"Jetzt hat sich der Sommer endg\u00fcltig f\u00fcr dieses Jahr verabschiedet. Die Bl\u00e4tter an den B\u00e4umen verf\u00e4rben sich und fallen zu Boden, die ersten Fr\u00fchnebelschwaden lassen die Luft k\u00e4lter erscheinen, als sie tats\u00e4chlich ist. Die letzten \u00c4pfel im Garten sind geerntet und es sind nur noch wenige Kastanien unter dem Laub zu finden. Kaum ein Lied [&hellip;]","og_url":"https:\/\/blog.zeit.de\/kinderzeit\/2010\/10\/12\/der-herbst-ist-da_7366","og_site_name":"KinderZEIT-Blog","article_published_time":"2010-10-12T08:51:43+00:00","article_modified_time":"2017-06-06T14:26:40+00:00","og_image":[{"url":"https:\/\/blog.zeit.de\/kinderzeit\/files\/2010\/10\/herbst-200x300.jpg"}],"author":"Redaktion KinderZEIT","twitter_card":"summary_large_image","twitter_misc":{"Verfasst von":"Redaktion KinderZEIT","Gesch\u00e4tzte Lesezeit":"1\u00a0Minute"},"schema":{"@context":"https:\/\/schema.org","@graph":[{"@type":"WebPage","@id":"https:\/\/blog.zeit.de\/kinderzeit\/2010\/10\/12\/der-herbst-ist-da_7366","url":"https:\/\/blog.zeit.de\/kinderzeit\/2010\/10\/12\/der-herbst-ist-da_7366","name":"Der Herbst ist da! - KinderZEIT-Blog","isPartOf":{"@id":"https:\/\/blog.zeit.de\/kinderzeit\/#website"},"datePublished":"2010-10-12T08:51:43+00:00","dateModified":"2017-06-06T14:26:40+00:00","author":{"@id":"https:\/\/blog.zeit.de\/kinderzeit\/#\/schema\/person\/49470446f328463e8ea80b00b7d5da9c"},"breadcrumb":{"@id":"https:\/\/blog.zeit.de\/kinderzeit\/2010\/10\/12\/der-herbst-ist-da_7366#breadcrumb"},"inLanguage":"de","potentialAction":[{"@type":"ReadAction","target":["https:\/\/blog.zeit.de\/kinderzeit\/2010\/10\/12\/der-herbst-ist-da_7366"]}]},{"@type":"BreadcrumbList","@id":"https:\/\/blog.zeit.de\/kinderzeit\/2010\/10\/12\/der-herbst-ist-da_7366#breadcrumb","itemListElement":[{"@type":"ListItem","position":1,"name":"Startseite","item":"https:\/\/blog.zeit.de\/kinderzeit"},{"@type":"ListItem","position":2,"name":"Der Herbst ist da!"}]},{"@type":"WebSite","@id":"https:\/\/blog.zeit.de\/kinderzeit\/#website","url":"https:\/\/blog.zeit.de\/kinderzeit\/","name":"KinderZEIT-Blog","description":"Politik, Kultur und R\u00e4tsel f\u00fcr junge Leser","potentialAction":[{"@type":"SearchAction","target":{"@type":"EntryPoint","urlTemplate":"https:\/\/blog.zeit.de\/kinderzeit\/?s={search_term_string}"},"query-input":"required name=search_term_string"}],"inLanguage":"de"},{"@type":"Person","@id":"https:\/\/blog.zeit.de\/kinderzeit\/#\/schema\/person\/49470446f328463e8ea80b00b7d5da9c","name":"Redaktion KinderZEIT","image":{"@type":"ImageObject","inLanguage":"de","@id":"https:\/\/blog.zeit.de\/kinderzeit\/#\/schema\/person\/image\/","url":"https:\/\/secure.gravatar.com\/avatar\/e613a4a2ad2bd6413584eec4b8dd51cb549f6f87f7a858de5437c6df45ca1659?s=96&d=mm&r=g","contentUrl":"https:\/\/secure.gravatar.com\/avatar\/e613a4a2ad2bd6413584eec4b8dd51cb549f6f87f7a858de5437c6df45ca1659?s=96&d=mm&r=g","caption":"Redaktion KinderZEIT"},"url":"https:\/\/blog.zeit.de\/kinderzeit\/author\/sandra-valeska-bruhns"}]}},"jetpack_featured_media_url":"","jetpack_sharing_enabled":true,"_links":{"self":[{"href":"https:\/\/blog.zeit.de\/kinderzeit\/wp-json\/wp\/v2\/posts\/7366","targetHints":{"allow":["GET"]}}],"collection":[{"href":"https:\/\/blog.zeit.de\/kinderzeit\/wp-json\/wp\/v2\/posts"}],"about":[{"href":"https:\/\/blog.zeit.de\/kinderzeit\/wp-json\/wp\/v2\/types\/post"}],"author":[{"embeddable":true,"href":"https:\/\/blog.zeit.de\/kinderzeit\/wp-json\/wp\/v2\/users\/217"}],"replies":[{"embeddable":true,"href":"https:\/\/blog.zeit.de\/kinderzeit\/wp-json\/wp\/v2\/comments?post=7366"}],"version-history":[{"count":7,"href":"https:\/\/blog.zeit.de\/kinderzeit\/wp-json\/wp\/v2\/posts\/7366\/revisions"}],"predecessor-version":[{"id":14812,"href":"https:\/\/blog.zeit.de\/kinderzeit\/wp-json\/wp\/v2\/posts\/7366\/revisions\/14812"}],"wp:attachment":[{"href":"https:\/\/blog.zeit.de\/kinderzeit\/wp-json\/wp\/v2\/media?parent=7366"}],"wp:term":[{"taxonomy":"category","embeddable":true,"href":"https:\/\/blog.zeit.de\/kinderzeit\/wp-json\/wp\/v2\/categories?post=7366"},{"taxonomy":"post_tag","embeddable":true,"href":"https:\/\/blog.zeit.de\/kinderzeit\/wp-json\/wp\/v2\/tags?post=7366"}],"curies":[{"name":"wp","href":"https:\/\/api.w.org\/{rel}","templated":true}]}}