{"id":7428,"date":"2010-10-22T10:00:34","date_gmt":"2010-10-22T08:00:34","guid":{"rendered":"http:\/\/blog.zeit.de\/kinderzeit\/?p=7428"},"modified":"2010-10-21T19:48:57","modified_gmt":"2010-10-21T17:48:57","slug":"konferenz-der-tiere-2010","status":"publish","type":"post","link":"https:\/\/blog.zeit.de\/kinderzeit\/2010\/10\/22\/konferenz-der-tiere-2010_7428","title":{"rendered":"Konferenz der Tiere 2010"},"content":{"rendered":"<p><figure id=\"attachment_7435\" aria-describedby=\"caption-attachment-7435\" style=\"width: 540px\" class=\"wp-caption aligncenter\"><img loading=\"lazy\" decoding=\"async\" class=\"size-large wp-image-7435\" src=\"https:\/\/blog.zeit.de\/kinderzeit\/files\/2010\/10\/KDTfilm-540x290.jpg\" alt=\"\" width=\"540\" height=\"290\" srcset=\"https:\/\/blog.zeit.de\/kinderzeit\/files\/2010\/10\/KDTfilm-540x290.jpg 540w, https:\/\/blog.zeit.de\/kinderzeit\/files\/2010\/10\/KDTfilm-300x161.jpg 300w, https:\/\/blog.zeit.de\/kinderzeit\/files\/2010\/10\/KDTfilm.jpg 984w\" sizes=\"auto, (max-width: 540px) 100vw, 540px\" \/><figcaption id=\"caption-attachment-7435\" class=\"wp-caption-text\">\u00a9 2010 Constantin Film Verleih GmbH<\/figcaption><\/figure><\/p>\n<p>Erich K\u00e4stner kennt Ihr alle. Als Autor schuf er Kinderbuchklassiker wie <em>Emil und die Detektive<\/em>, <em>Das doppelte Lottchen<\/em> und <em>Das fliegende Klassenzimmer<\/em>. 1949 schrieb er <em>Die Konferenz der Tiere<\/em>. Eine Geschichte, in der sich Tiere aus der ganzen Welt in einem Hochhaus versammeln, um eine bessere Zukunft zu planen. Obwohl die Geschichte nun \u00fcber 60 Jahre alt ist, begeistert sie noch immer kleine und gro\u00dfe Leser und ist fast Pflichtlekt\u00fcre in der Schule. Doch der Inhalt der Geschichte ist so gut, dass sich Filmemacher getraut haben, die Geschichte mit anderen Voraussetzungen neu zu erz\u00e4hlen. Nun geht es um die Zerst\u00f6rung der Umwelt und den Tierschutz. Als Trickfilm so gut gemacht, dass der Kinderfilm nun auf Platz 2 der deutschen Kinocharts steht.<\/p>\n<p><!--more--><\/p>\n<p>Die Konferenz der Tiere, die Ihr jetzt im Kino sehen k\u00f6nnt, spielt in Afrika. Hier, im Okavango-Delta, passiert etwas ganz Dramatisches: Die Wasservorr\u00e4te gehen zu Ende. Der Fluss f\u00fchrt kein Wasser mehr, es kommt kein Nachschub aus den Bergen. Durstig machen sich die beiden Hauptfiguren des Filmes, das kleine Erdm\u00e4nnchen Billy und der m\u00e4chtige L\u00f6we Sokrates, auf die Suche nach der Ursache. Und sie entdecken einen riesigen Staudamm, hinter dem sich das ganze kostbare Wasser sammelt. Es wird aufgestaut, damit die Urlauber eines neu gebauten Luxushotels genug Wasser haben. In ihrer ersten Wut st\u00fcrmen Billy und seinen Freunde in das Hotel und mischen die G\u00e4ste ordentlich auf. An das kostbare Wasser kommen sie trotzdem nicht heran. Also beschlie\u00dfen sie alle Tiere zusammen zu trommeln und gemeinsam gegen den Staudamm zu k\u00e4mpfen.<br \/>\nAuch wenn das Thema Umweltzerst\u00f6rung und Bedrohung der Tiere ernst ist, ist der 3D-Animationsfilm alles andere als trocken und langweilig. Dazu sind einige Szenen viel zu komisch. Wenn das Pupsmonster loslegt, oder Termiten die Aktenberge von Politikern vernichten, die sich wieder einmal getroffen haben, um \u2013 erfolglos \u2013 \u00fcber mehr Klimaschutz f\u00fcr die Erde zu sprechen.<\/p>\n<p><figure id=\"attachment_7433\" aria-describedby=\"caption-attachment-7433\" style=\"width: 202px\" class=\"wp-caption alignleft\"><img loading=\"lazy\" decoding=\"async\" class=\"size-medium wp-image-7433\" src=\"https:\/\/blog.zeit.de\/kinderzeit\/files\/2010\/10\/kaestnerkdt-202x300.jpg\" alt=\"\" width=\"202\" height=\"300\" srcset=\"https:\/\/blog.zeit.de\/kinderzeit\/files\/2010\/10\/kaestnerkdt-202x300.jpg 202w, https:\/\/blog.zeit.de\/kinderzeit\/files\/2010\/10\/kaestnerkdt-365x540.jpg 365w, https:\/\/blog.zeit.de\/kinderzeit\/files\/2010\/10\/kaestnerkdt.jpg 799w\" sizes=\"auto, (max-width: 202px) 100vw, 202px\" \/><figcaption id=\"caption-attachment-7433\" class=\"wp-caption-text\">\u00a9 Dressler Verlag<\/figcaption><\/figure><\/p>\n<p>Die Geschichte ist ganz sch\u00f6n weit weg vom Original, das Erich K\u00e4stner 1949 schrieb. Unter den Eindr\u00fccken des schrecklichen 2. Weltkrieges, der erst 1945 zu Ende ging, ist seine Geschichte eine Geschichte f\u00fcr den Frieden. In seiner Erz\u00e4hlung ruft Oskar, der gro\u00dfe Elefant, alle Tiere zusammen, weil er Angst hat, dass die Menschen immer nur an Macht und Kriege denken und dar\u00fcber die Kinder ganz vergessen. Seine Konferenz der Tiere ist ein inniger Wunsch der Tiere f\u00fcr die Kinder, die Erwachsenen von morgen, in einer Welt ohne Krieg und Gewalt leben zu d\u00fcrfen. Was beide Geschichten verbindet ist die bittere Einsicht der Tiere, dass die Menschen sie nur ernst nehmen, wenn sie ein paar Tricks anwenden.<\/p>\n<p>Vielleicht k\u00f6nnt Ihr Eure Lehrer auch davon \u00fcberzeugen das Buch im Unterricht zu lesen und im Sachkundeunterricht \u00fcber Umweltschutz un Wassermangel zu sprechen. Bis zum 21. November k\u00f6nnt Ihr noch am gro\u00dfen &#8222;Konferenz der Tiere&#8220; <a href=\"http:\/\/www.vgo-schule.de\/fileadmin\/verlagsgruppe-oetinger.de\/pdf\/Schule\/Konferenz%20der%20Tiere_Wettbewerb.pdf\">Gewinnspiel<\/a> teilnehmen. Als Hauptgewinn lockt ein &#8222;Whiteboard&#8220; (das ist ein gro\u00dfe Tafel die direkt an den PC Eurer Lehrer angeschlossen werden kann) f\u00fcr Euren Klassenraum.<\/p>\n<p>Und wer sich nur an einem kalten, verregneten Samstagnachmittag im Kino pr\u00e4chtig am\u00fcsieren m\u00f6chte, kann das auch ohne schlechtes Gewissen tun:  Ein Teil der Eintrittsgelder ist f\u00fcr den Tierschutz.<\/p>\n<p style=\"text-align: right\"><em>Sandra-Valeska Bruhns<\/em><\/p>\n","protected":false},"excerpt":{"rendered":"<p>Erich K\u00e4stner kennt Ihr alle. Als Autor schuf er Kinderbuchklassiker wie Emil und die Detektive, Das doppelte Lottchen und Das fliegende Klassenzimmer. 1949 schrieb er Die Konferenz der Tiere. Eine Geschichte, in der sich Tiere aus der ganzen Welt in einem Hochhaus versammeln, um eine bessere Zukunft zu planen. Obwohl die Geschichte nun \u00fcber 60 [&hellip;]<\/p>\n","protected":false},"author":217,"featured_media":0,"comment_status":"open","ping_status":"closed","sticky":false,"template":"","format":"standard","meta":{"_jetpack_memberships_contains_paid_content":false,"footnotes":""},"categories":[1157],"tags":[7981,7982,7983,2400,7980,7987,7979,7984,1271,7985],"class_list":["post-7428","post","type-post","status-publish","format-standard","hentry","category-buchtipp-hortipp-filmtipp-fernsehtipp","tag-3d-film-konferenz-der-tiere","tag-animationsfilm","tag-billy-das-erdmannchen","tag-erich-kastner","tag-film-konferenz-der-tiere","tag-gewinnspiel-konferenz-der-tiere","tag-konferenz-der-tiere","tag-sokrates-der-lowe","tag-umweltschutz","tag-wassermangel"],"yoast_head":"<!-- This site is optimized with the Yoast SEO plugin v21.0 - https:\/\/yoast.com\/wordpress\/plugins\/seo\/ -->\n<title>Konferenz der Tiere 2010 - KinderZEIT-Blog<\/title>\n<meta name=\"robots\" content=\"index, follow, max-snippet:-1, max-image-preview:large, max-video-preview:-1\" \/>\n<link rel=\"canonical\" href=\"https:\/\/blog.zeit.de\/kinderzeit\/2010\/10\/22\/konferenz-der-tiere-2010_7428\" \/>\n<meta property=\"og:locale\" content=\"de_DE\" \/>\n<meta property=\"og:type\" content=\"article\" \/>\n<meta property=\"og:title\" content=\"Konferenz der Tiere 2010 - KinderZEIT-Blog\" \/>\n<meta property=\"og:description\" content=\"Erich K\u00e4stner kennt Ihr alle. Als Autor schuf er Kinderbuchklassiker wie Emil und die Detektive, Das doppelte Lottchen und Das fliegende Klassenzimmer. 1949 schrieb er Die Konferenz der Tiere. Eine Geschichte, in der sich Tiere aus der ganzen Welt in einem Hochhaus versammeln, um eine bessere Zukunft zu planen. Obwohl die Geschichte nun \u00fcber 60 [&hellip;]\" \/>\n<meta property=\"og:url\" content=\"https:\/\/blog.zeit.de\/kinderzeit\/2010\/10\/22\/konferenz-der-tiere-2010_7428\" \/>\n<meta property=\"og:site_name\" content=\"KinderZEIT-Blog\" \/>\n<meta property=\"article:published_time\" content=\"2010-10-22T08:00:34+00:00\" \/>\n<meta property=\"article:modified_time\" content=\"2010-10-21T17:48:57+00:00\" \/>\n<meta property=\"og:image\" content=\"https:\/\/blog.zeit.de\/kinderzeit\/files\/2010\/10\/KDTfilm-540x290.jpg\" \/>\n<meta name=\"author\" content=\"Redaktion KinderZEIT\" \/>\n<meta name=\"twitter:card\" content=\"summary_large_image\" \/>\n<meta name=\"twitter:label1\" content=\"Verfasst von\" \/>\n\t<meta name=\"twitter:data1\" content=\"Redaktion KinderZEIT\" \/>\n\t<meta name=\"twitter:label2\" content=\"Gesch\u00e4tzte Lesezeit\" \/>\n\t<meta name=\"twitter:data2\" content=\"3\u00a0Minuten\" \/>\n<script type=\"application\/ld+json\" class=\"yoast-schema-graph\">{\"@context\":\"https:\/\/schema.org\",\"@graph\":[{\"@type\":\"WebPage\",\"@id\":\"https:\/\/blog.zeit.de\/kinderzeit\/2010\/10\/22\/konferenz-der-tiere-2010_7428\",\"url\":\"https:\/\/blog.zeit.de\/kinderzeit\/2010\/10\/22\/konferenz-der-tiere-2010_7428\",\"name\":\"Konferenz der Tiere 2010 - KinderZEIT-Blog\",\"isPartOf\":{\"@id\":\"https:\/\/blog.zeit.de\/kinderzeit\/#website\"},\"datePublished\":\"2010-10-22T08:00:34+00:00\",\"dateModified\":\"2010-10-21T17:48:57+00:00\",\"author\":{\"@id\":\"https:\/\/blog.zeit.de\/kinderzeit\/#\/schema\/person\/49470446f328463e8ea80b00b7d5da9c\"},\"breadcrumb\":{\"@id\":\"https:\/\/blog.zeit.de\/kinderzeit\/2010\/10\/22\/konferenz-der-tiere-2010_7428#breadcrumb\"},\"inLanguage\":\"de\",\"potentialAction\":[{\"@type\":\"ReadAction\",\"target\":[\"https:\/\/blog.zeit.de\/kinderzeit\/2010\/10\/22\/konferenz-der-tiere-2010_7428\"]}]},{\"@type\":\"BreadcrumbList\",\"@id\":\"https:\/\/blog.zeit.de\/kinderzeit\/2010\/10\/22\/konferenz-der-tiere-2010_7428#breadcrumb\",\"itemListElement\":[{\"@type\":\"ListItem\",\"position\":1,\"name\":\"Startseite\",\"item\":\"https:\/\/blog.zeit.de\/kinderzeit\"},{\"@type\":\"ListItem\",\"position\":2,\"name\":\"Konferenz der Tiere 2010\"}]},{\"@type\":\"WebSite\",\"@id\":\"https:\/\/blog.zeit.de\/kinderzeit\/#website\",\"url\":\"https:\/\/blog.zeit.de\/kinderzeit\/\",\"name\":\"KinderZEIT-Blog\",\"description\":\"Politik, Kultur und R\u00e4tsel f\u00fcr junge Leser\",\"potentialAction\":[{\"@type\":\"SearchAction\",\"target\":{\"@type\":\"EntryPoint\",\"urlTemplate\":\"https:\/\/blog.zeit.de\/kinderzeit\/?s={search_term_string}\"},\"query-input\":\"required name=search_term_string\"}],\"inLanguage\":\"de\"},{\"@type\":\"Person\",\"@id\":\"https:\/\/blog.zeit.de\/kinderzeit\/#\/schema\/person\/49470446f328463e8ea80b00b7d5da9c\",\"name\":\"Redaktion KinderZEIT\",\"image\":{\"@type\":\"ImageObject\",\"inLanguage\":\"de\",\"@id\":\"https:\/\/blog.zeit.de\/kinderzeit\/#\/schema\/person\/image\/\",\"url\":\"https:\/\/secure.gravatar.com\/avatar\/e613a4a2ad2bd6413584eec4b8dd51cb549f6f87f7a858de5437c6df45ca1659?s=96&d=mm&r=g\",\"contentUrl\":\"https:\/\/secure.gravatar.com\/avatar\/e613a4a2ad2bd6413584eec4b8dd51cb549f6f87f7a858de5437c6df45ca1659?s=96&d=mm&r=g\",\"caption\":\"Redaktion KinderZEIT\"},\"url\":\"https:\/\/blog.zeit.de\/kinderzeit\/author\/sandra-valeska-bruhns\"}]}<\/script>\n<!-- \/ Yoast SEO plugin. -->","yoast_head_json":{"title":"Konferenz der Tiere 2010 - KinderZEIT-Blog","robots":{"index":"index","follow":"follow","max-snippet":"max-snippet:-1","max-image-preview":"max-image-preview:large","max-video-preview":"max-video-preview:-1"},"canonical":"https:\/\/blog.zeit.de\/kinderzeit\/2010\/10\/22\/konferenz-der-tiere-2010_7428","og_locale":"de_DE","og_type":"article","og_title":"Konferenz der Tiere 2010 - KinderZEIT-Blog","og_description":"Erich K\u00e4stner kennt Ihr alle. Als Autor schuf er Kinderbuchklassiker wie Emil und die Detektive, Das doppelte Lottchen und Das fliegende Klassenzimmer. 1949 schrieb er Die Konferenz der Tiere. Eine Geschichte, in der sich Tiere aus der ganzen Welt in einem Hochhaus versammeln, um eine bessere Zukunft zu planen. Obwohl die Geschichte nun \u00fcber 60 [&hellip;]","og_url":"https:\/\/blog.zeit.de\/kinderzeit\/2010\/10\/22\/konferenz-der-tiere-2010_7428","og_site_name":"KinderZEIT-Blog","article_published_time":"2010-10-22T08:00:34+00:00","article_modified_time":"2010-10-21T17:48:57+00:00","og_image":[{"url":"https:\/\/blog.zeit.de\/kinderzeit\/files\/2010\/10\/KDTfilm-540x290.jpg"}],"author":"Redaktion KinderZEIT","twitter_card":"summary_large_image","twitter_misc":{"Verfasst von":"Redaktion KinderZEIT","Gesch\u00e4tzte Lesezeit":"3\u00a0Minuten"},"schema":{"@context":"https:\/\/schema.org","@graph":[{"@type":"WebPage","@id":"https:\/\/blog.zeit.de\/kinderzeit\/2010\/10\/22\/konferenz-der-tiere-2010_7428","url":"https:\/\/blog.zeit.de\/kinderzeit\/2010\/10\/22\/konferenz-der-tiere-2010_7428","name":"Konferenz der Tiere 2010 - KinderZEIT-Blog","isPartOf":{"@id":"https:\/\/blog.zeit.de\/kinderzeit\/#website"},"datePublished":"2010-10-22T08:00:34+00:00","dateModified":"2010-10-21T17:48:57+00:00","author":{"@id":"https:\/\/blog.zeit.de\/kinderzeit\/#\/schema\/person\/49470446f328463e8ea80b00b7d5da9c"},"breadcrumb":{"@id":"https:\/\/blog.zeit.de\/kinderzeit\/2010\/10\/22\/konferenz-der-tiere-2010_7428#breadcrumb"},"inLanguage":"de","potentialAction":[{"@type":"ReadAction","target":["https:\/\/blog.zeit.de\/kinderzeit\/2010\/10\/22\/konferenz-der-tiere-2010_7428"]}]},{"@type":"BreadcrumbList","@id":"https:\/\/blog.zeit.de\/kinderzeit\/2010\/10\/22\/konferenz-der-tiere-2010_7428#breadcrumb","itemListElement":[{"@type":"ListItem","position":1,"name":"Startseite","item":"https:\/\/blog.zeit.de\/kinderzeit"},{"@type":"ListItem","position":2,"name":"Konferenz der Tiere 2010"}]},{"@type":"WebSite","@id":"https:\/\/blog.zeit.de\/kinderzeit\/#website","url":"https:\/\/blog.zeit.de\/kinderzeit\/","name":"KinderZEIT-Blog","description":"Politik, Kultur und R\u00e4tsel f\u00fcr junge Leser","potentialAction":[{"@type":"SearchAction","target":{"@type":"EntryPoint","urlTemplate":"https:\/\/blog.zeit.de\/kinderzeit\/?s={search_term_string}"},"query-input":"required name=search_term_string"}],"inLanguage":"de"},{"@type":"Person","@id":"https:\/\/blog.zeit.de\/kinderzeit\/#\/schema\/person\/49470446f328463e8ea80b00b7d5da9c","name":"Redaktion KinderZEIT","image":{"@type":"ImageObject","inLanguage":"de","@id":"https:\/\/blog.zeit.de\/kinderzeit\/#\/schema\/person\/image\/","url":"https:\/\/secure.gravatar.com\/avatar\/e613a4a2ad2bd6413584eec4b8dd51cb549f6f87f7a858de5437c6df45ca1659?s=96&d=mm&r=g","contentUrl":"https:\/\/secure.gravatar.com\/avatar\/e613a4a2ad2bd6413584eec4b8dd51cb549f6f87f7a858de5437c6df45ca1659?s=96&d=mm&r=g","caption":"Redaktion KinderZEIT"},"url":"https:\/\/blog.zeit.de\/kinderzeit\/author\/sandra-valeska-bruhns"}]}},"jetpack_featured_media_url":"","jetpack_sharing_enabled":true,"_links":{"self":[{"href":"https:\/\/blog.zeit.de\/kinderzeit\/wp-json\/wp\/v2\/posts\/7428","targetHints":{"allow":["GET"]}}],"collection":[{"href":"https:\/\/blog.zeit.de\/kinderzeit\/wp-json\/wp\/v2\/posts"}],"about":[{"href":"https:\/\/blog.zeit.de\/kinderzeit\/wp-json\/wp\/v2\/types\/post"}],"author":[{"embeddable":true,"href":"https:\/\/blog.zeit.de\/kinderzeit\/wp-json\/wp\/v2\/users\/217"}],"replies":[{"embeddable":true,"href":"https:\/\/blog.zeit.de\/kinderzeit\/wp-json\/wp\/v2\/comments?post=7428"}],"version-history":[{"count":14,"href":"https:\/\/blog.zeit.de\/kinderzeit\/wp-json\/wp\/v2\/posts\/7428\/revisions"}],"predecessor-version":[{"id":7443,"href":"https:\/\/blog.zeit.de\/kinderzeit\/wp-json\/wp\/v2\/posts\/7428\/revisions\/7443"}],"wp:attachment":[{"href":"https:\/\/blog.zeit.de\/kinderzeit\/wp-json\/wp\/v2\/media?parent=7428"}],"wp:term":[{"taxonomy":"category","embeddable":true,"href":"https:\/\/blog.zeit.de\/kinderzeit\/wp-json\/wp\/v2\/categories?post=7428"},{"taxonomy":"post_tag","embeddable":true,"href":"https:\/\/blog.zeit.de\/kinderzeit\/wp-json\/wp\/v2\/tags?post=7428"}],"curies":[{"name":"wp","href":"https:\/\/api.w.org\/{rel}","templated":true}]}}