{"id":7583,"date":"2010-11-04T11:00:40","date_gmt":"2010-11-04T10:00:40","guid":{"rendered":"http:\/\/blog.zeit.de\/kinderzeit\/?p=7583"},"modified":"2010-11-03T11:04:04","modified_gmt":"2010-11-03T10:04:04","slug":"an-oder-aus","status":"publish","type":"post","link":"https:\/\/blog.zeit.de\/kinderzeit\/2010\/11\/04\/an-oder-aus_7583","title":{"rendered":"An oder aus?"},"content":{"rendered":"<p><figure id=\"attachment_7590\" aria-describedby=\"caption-attachment-7590\" style=\"width: 494px\" class=\"wp-caption aligncenter\"><img loading=\"lazy\" decoding=\"async\" src=\"https:\/\/blog.zeit.de\/kinderzeit\/files\/2010\/11\/akw.jpg\" alt=\"\" width=\"494\" height=\"378\" class=\"size-full wp-image-7590\" srcset=\"https:\/\/blog.zeit.de\/kinderzeit\/files\/2010\/11\/akw.jpg 494w, https:\/\/blog.zeit.de\/kinderzeit\/files\/2010\/11\/akw-300x229.jpg 300w\" sizes=\"auto, (max-width: 494px) 100vw, 494px\" \/><figcaption id=\"caption-attachment-7590\" class=\"wp-caption-text\">Illustration: Claudia Boldt<\/figcaption><\/figure><\/p>\n<p><strong>Sollen Atomkraftwerke so schnell wie m\u00f6glich abgeschaltet werden? Dar\u00fcber streiten Wissenschaftler, Politiker und Umweltsch\u00fctzer seit Jahren. Argumente gibt es daf\u00fcr und dagegen. ZEIT-Autor Jens Uehlecke ist f\u00fcr die Abschaltung der AKWs, ZEIT-Autor Gero von Randow dagegen<\/strong><!--more--><\/p>\n<p><a href=\"https:\/\/blog.zeit.de\/kinderzeit\/2010\/11\/04\/an-oder-aus_7583\/dafuer-2\" rel=\"attachment wp-att-7584\"><img loading=\"lazy\" decoding=\"async\" src=\"https:\/\/blog.zeit.de\/kinderzeit\/files\/2010\/11\/dafuer.jpg\" alt=\"\" width=\"152\" height=\"254\" class=\"alignleft size-full wp-image-7584\" \/><\/a> Stell Dir vor, es g\u00e4be keine M\u00fcllkippen, auch keine M\u00fcllverbrennungsanlagen und keine Recyclingh\u00f6fe. Essensreste, Saftt\u00fcten, Katzenfutterdosen w\u00fcrden sich vor den H\u00e4usern stapeln und bald furchtbar stinken. Eine fiese Vorstellung?  So \u00e4hnlich ist es leider mit dem Abfall aus Atomkraftwerken. Niemand wei\u00df, wohin damit. Zwar stinkt er nicht, daf\u00fcr ist er radioaktiv \u2013 und das ist gef\u00e4hrlich. Aus radioaktivem Abfall fliegen permanent winzige Teilchen in die Umwelt, man sagt auch, dieser M\u00fcll strahlt. Und wenn diese Strahlung auf den K\u00f6rper eines Menschen oder Tieres trifft, kann sie schweren Schaden anrichten \u2013 zum Beispiel Krebs ausl\u00f6sen.<br \/>\nEs gibt zwar sichere Beh\u00e4lter f\u00fcr Atomm\u00fcll, die diese Strahlung weitgehend abschirmen. Da der M\u00fcll aber jahrzehnte-, manchmal sogar jahrtausendelang radioaktiv ist, besteht die Gefahr, dass die Beh\u00e4lter nicht lange genug halten. Der gef\u00e4hrliche M\u00fcll k\u00f6nnte dann nach au\u00dfen dringen und etwa das Grundwasser verseuchen. Kein Wunder, dass niemand eine Atomm\u00fcllkippe in seiner N\u00e4he haben will \u2013 die Menschen haben Angst um sich und ihre Familien. Was w\u00fcrde ein vern\u00fcnftiger Mensch tun, wenn er nicht wei\u00df, wohin mit seinem Abfall? Er w\u00fcrde versuchen, ihn zu vermeiden. Auch deswegen haben Politiker vor zehn Jahren beschlossen, die deutschen Atomkraftwerke so bald wie m\u00f6glich abzuschalten. Leider will die jetzige Bundesregierung das r\u00fcckg\u00e4ngig machen und die Atomkraftwerke l\u00e4ngerl aufen lassen als geplant. Denn dieser \u00bbAtomstrom\u00ab ist billig.<br \/>\nGern behaupten die Fachleute, die f\u00fcr diese Technik sind, irgendwann werde man schon die perfekte M\u00fcllkippe finden \u2013 bisher haben sie aber noch keine L\u00f6sung. Sie sagen auch, wir brauchten die Atomkraft als \u00bbBr\u00fcckentechnologie\u00ab, bis wir unseren Strom eines Tages viel umweltfreundlicher aus Wind und Sonnenenergie gewinnen k\u00f6nnen. Zwar haben sie recht, wenn sie sagen, dass Kohle- und Gaskraftwerke auch nicht gut sind, weil deren Abgase das Klima ver\u00e4ndern.  Das Bild mit der Br\u00fccke ist aber trotzdem falsch! Ist nicht der Zweck einer Br\u00fccke, dass man schneller von einem Ufer zum anderen gelangt? Wirtschaftsexperten haben ausgerechnet, dass es mit Atomkraftwerken genau andersherum ist: Werden sie nicht wie geplant abgeschaltet, verunsichert das die Menschen und Firmen, die sich f\u00fcr erneuerbare Energien einsetzen \u2013 also bauen sie weniger Windr\u00e4der und Solarzellen. 16 Jahre l\u00e4nger wird es deshalb wohl dauern, bis umweltfreundlicher Strom endlich so billig ist, dass ihn sich alle leisten k\u00f6nnen. Die \u00bbBr\u00fcckentechnologie \u00ab bringt uns dem Ziel, dass sauberer und klimafreundlicher Strom aus der Steckdose kommt, also nicht n\u00e4her, sondern r\u00fcckt es in weite Ferne. Deshalb sollte man Atomkraftwerke so schnell wie m\u00f6glich abschalten.<\/p>\n<p><a href=\"https:\/\/blog.zeit.de\/kinderzeit\/2010\/11\/04\/an-oder-aus_7583\/dagegen-2\" rel=\"attachment wp-att-7587\"><img loading=\"lazy\" decoding=\"async\" src=\"https:\/\/blog.zeit.de\/kinderzeit\/files\/2010\/11\/dagegen.jpg\" alt=\"\" width=\"167\" height=\"224\" class=\"alignleft size-full wp-image-7587\" \/><\/a> Strom wird in Kraftwerken erzeugt. Die meisten von ihnen verbrennen Kohle, \u00d6l oder Gas. Jahr f\u00fcr Jahr sterben Menschen bei der Arbeit in Bergwerken, auf \u00d6lplattformen oder in Gasfeldern. Die Verbrennungstechnik verschmutzt unsere Umwelt, verursacht Atemkrankheiten und hinterl\u00e4sst gef\u00e4hrlichen Abfall \u2013 ein Gas namens Kohlendioxid, das dazu beitr\u00e4gt, dass die Gefahr von Klimakatastrophen w\u00e4chst.<br \/>\nAtomkraftwerke funktionieren anders. Man kann bestimmte Metalle so aufbereiten, dass sie gro\u00dfe Hitze entwickeln, und mit dieser Hitze l\u00e4sst sich dann Strom erzeugen. Auch bei dieser Technik sind Unf\u00e4lle m\u00f6glich, sogar sehr gef\u00e4hrliche. Aber insgesamt kommen weniger Menschen zu Schaden als durch Kohle, Gas oder \u00d6l. Au\u00dferdem entsteht in Atomkraftwerken fast kein Kohlendioxid.  Das alles sind Gr\u00fcnde, warum es schlecht w\u00e4re, sie einfach abzuschalten. Ideal sind sie allerdings auch nicht. Atomkraftwerke werden noch immer fast genauso gebaut wie vor 60 Jahren: Ihr Innerstes muss pausenlos gek\u00fchlt werden. Wenn die K\u00fchlung versagt, frisst sich das hei\u00dfe Metall durch Stahl und Beton, und das ist schlimm, denn das Material ist radioaktiv: Es sendet eine unsichtbare Strahlung aus, die t\u00f6dlich sein kann.<br \/>\nTechniker haben mit den Kraftwerken aber viel Erfahrung gesammelt. Deshalb ist das Risiko eines gef\u00e4hrlichen Unfalls sehr gering. Es w\u00e4ren sogar Atomkraftwerke denkbar, auf die man nicht dauernd aufpassen muss. Solch unfallsichere Technik ist aber neuartig und w\u00fcrde in den ersten Jahrzehnten viel Geld kosten. Billiger ist es, die alten Kraftwerke weiterlaufen zu lassen. Billiger \u2013 aber nicht kl\u00fcger. Denn auch in Zukunft wird es wohl Atomkraftwerke geben, sogar mehr als heute. Auf der ganzen Welt w\u00e4chst die Nachfrage nach Strom. Besonders in den L\u00e4ndern, die dabei sind, ihre Armut zu \u00fcberwinden. Wir Deutschen k\u00f6nnten es uns vielleicht leisten, auf Atomkraftwerke zu verzichten, die Chinesen etwa k\u00f6nnen es nicht. Deshalb w\u00e4re es am besten, die Technik so weiterzuentwickeln, dass sie keinen schweren Schaden anrichten kann.<br \/>\nEs gibt allerdings noch ein Problem. Jede Stromtechnik erzeugt Abfall. Kohlekraftwerke etwa pusten ihren Gasm\u00fcll in die Luft. Atomtechnik erzeugt zwar wenig Abfall, aber der ist radioaktiv \u2013 also gef\u00e4hrlich. Bisher k\u00f6nnen wir ihn noch nicht vollst\u00e4ndig recyceln. Man muss ihn gut wegschlie\u00dfen, m\u00f6glichst so, dass man sp\u00e4ter wieder heran kann. Denn es wird bereits an Techniken gearbeitet, mit denen sich der M\u00fcll wiederverwenden l\u00e4sst.<\/p>\n<p><strong>Und was denkt Ihr? Nutzt die Kommentarfunktion unter diesem Artikel und sagt uns, wie Ihr entscheiden w\u00fcrdet. An oder aus?<\/strong> <\/p>\n","protected":false},"excerpt":{"rendered":"<p>Sollen Atomkraftwerke so schnell wie m\u00f6glich abgeschaltet werden? Dar\u00fcber streiten Wissenschaftler, Politiker und Umweltsch\u00fctzer seit Jahren. Argumente gibt es daf\u00fcr und dagegen. ZEIT-Autor Jens Uehlecke ist f\u00fcr die Abschaltung der AKWs, ZEIT-Autor Gero von Randow dagegen<\/p>\n","protected":false},"author":217,"featured_media":0,"comment_status":"open","ping_status":"closed","sticky":false,"template":"","format":"standard","meta":{"_jetpack_memberships_contains_paid_content":false,"footnotes":""},"categories":[8038,8039,1537,187,889],"tags":[8040,30166,8042,8041,30162,8044,8043,30165,30164],"class_list":["post-7583","post","type-post","status-publish","format-standard","hentry","category-alternative-energien","category-dafur-und-dagegen-dafur-und-dagegen","category-diskussion","category-politik","category-wissen","tag-akw","tag-alternative-energien","tag-atomares-endlager","tag-atomdiskussion","tag-atomkraft","tag-bruckentechnologie","tag-fossile-brennstoffe","tag-gero-von-randow","tag-jens-uehlecke"],"yoast_head":"<!-- This site is optimized with the Yoast SEO plugin v21.0 - https:\/\/yoast.com\/wordpress\/plugins\/seo\/ -->\n<title>An oder aus? - KinderZEIT-Blog<\/title>\n<meta name=\"robots\" content=\"index, follow, max-snippet:-1, max-image-preview:large, max-video-preview:-1\" \/>\n<link rel=\"canonical\" href=\"https:\/\/blog.zeit.de\/kinderzeit\/2010\/11\/04\/an-oder-aus_7583\" \/>\n<meta property=\"og:locale\" content=\"de_DE\" \/>\n<meta property=\"og:type\" content=\"article\" \/>\n<meta property=\"og:title\" content=\"An oder aus? - KinderZEIT-Blog\" \/>\n<meta property=\"og:description\" content=\"Sollen Atomkraftwerke so schnell wie m\u00f6glich abgeschaltet werden? Dar\u00fcber streiten Wissenschaftler, Politiker und Umweltsch\u00fctzer seit Jahren. Argumente gibt es daf\u00fcr und dagegen. ZEIT-Autor Jens Uehlecke ist f\u00fcr die Abschaltung der AKWs, ZEIT-Autor Gero von Randow dagegen\" \/>\n<meta property=\"og:url\" content=\"https:\/\/blog.zeit.de\/kinderzeit\/2010\/11\/04\/an-oder-aus_7583\" \/>\n<meta property=\"og:site_name\" content=\"KinderZEIT-Blog\" \/>\n<meta property=\"article:published_time\" content=\"2010-11-04T10:00:40+00:00\" \/>\n<meta property=\"article:modified_time\" content=\"2010-11-03T10:04:04+00:00\" \/>\n<meta property=\"og:image\" content=\"https:\/\/blog.zeit.de\/kinderzeit\/files\/2010\/11\/akw.jpg\" \/>\n<meta name=\"author\" content=\"Redaktion KinderZEIT\" \/>\n<meta name=\"twitter:card\" content=\"summary_large_image\" \/>\n<meta name=\"twitter:label1\" content=\"Verfasst von\" \/>\n\t<meta name=\"twitter:data1\" content=\"Redaktion KinderZEIT\" \/>\n\t<meta name=\"twitter:label2\" content=\"Gesch\u00e4tzte Lesezeit\" \/>\n\t<meta name=\"twitter:data2\" content=\"5\u00a0Minuten\" \/>\n<script type=\"application\/ld+json\" class=\"yoast-schema-graph\">{\"@context\":\"https:\/\/schema.org\",\"@graph\":[{\"@type\":\"WebPage\",\"@id\":\"https:\/\/blog.zeit.de\/kinderzeit\/2010\/11\/04\/an-oder-aus_7583\",\"url\":\"https:\/\/blog.zeit.de\/kinderzeit\/2010\/11\/04\/an-oder-aus_7583\",\"name\":\"An oder aus? - KinderZEIT-Blog\",\"isPartOf\":{\"@id\":\"https:\/\/blog.zeit.de\/kinderzeit\/#website\"},\"datePublished\":\"2010-11-04T10:00:40+00:00\",\"dateModified\":\"2010-11-03T10:04:04+00:00\",\"author\":{\"@id\":\"https:\/\/blog.zeit.de\/kinderzeit\/#\/schema\/person\/49470446f328463e8ea80b00b7d5da9c\"},\"breadcrumb\":{\"@id\":\"https:\/\/blog.zeit.de\/kinderzeit\/2010\/11\/04\/an-oder-aus_7583#breadcrumb\"},\"inLanguage\":\"de\",\"potentialAction\":[{\"@type\":\"ReadAction\",\"target\":[\"https:\/\/blog.zeit.de\/kinderzeit\/2010\/11\/04\/an-oder-aus_7583\"]}]},{\"@type\":\"BreadcrumbList\",\"@id\":\"https:\/\/blog.zeit.de\/kinderzeit\/2010\/11\/04\/an-oder-aus_7583#breadcrumb\",\"itemListElement\":[{\"@type\":\"ListItem\",\"position\":1,\"name\":\"Startseite\",\"item\":\"https:\/\/blog.zeit.de\/kinderzeit\"},{\"@type\":\"ListItem\",\"position\":2,\"name\":\"An oder aus?\"}]},{\"@type\":\"WebSite\",\"@id\":\"https:\/\/blog.zeit.de\/kinderzeit\/#website\",\"url\":\"https:\/\/blog.zeit.de\/kinderzeit\/\",\"name\":\"KinderZEIT-Blog\",\"description\":\"Politik, Kultur und R\u00e4tsel f\u00fcr junge Leser\",\"potentialAction\":[{\"@type\":\"SearchAction\",\"target\":{\"@type\":\"EntryPoint\",\"urlTemplate\":\"https:\/\/blog.zeit.de\/kinderzeit\/?s={search_term_string}\"},\"query-input\":\"required name=search_term_string\"}],\"inLanguage\":\"de\"},{\"@type\":\"Person\",\"@id\":\"https:\/\/blog.zeit.de\/kinderzeit\/#\/schema\/person\/49470446f328463e8ea80b00b7d5da9c\",\"name\":\"Redaktion KinderZEIT\",\"image\":{\"@type\":\"ImageObject\",\"inLanguage\":\"de\",\"@id\":\"https:\/\/blog.zeit.de\/kinderzeit\/#\/schema\/person\/image\/\",\"url\":\"https:\/\/secure.gravatar.com\/avatar\/e613a4a2ad2bd6413584eec4b8dd51cb549f6f87f7a858de5437c6df45ca1659?s=96&d=mm&r=g\",\"contentUrl\":\"https:\/\/secure.gravatar.com\/avatar\/e613a4a2ad2bd6413584eec4b8dd51cb549f6f87f7a858de5437c6df45ca1659?s=96&d=mm&r=g\",\"caption\":\"Redaktion KinderZEIT\"},\"url\":\"https:\/\/blog.zeit.de\/kinderzeit\/author\/sandra-valeska-bruhns\"}]}<\/script>\n<!-- \/ Yoast SEO plugin. -->","yoast_head_json":{"title":"An oder aus? - KinderZEIT-Blog","robots":{"index":"index","follow":"follow","max-snippet":"max-snippet:-1","max-image-preview":"max-image-preview:large","max-video-preview":"max-video-preview:-1"},"canonical":"https:\/\/blog.zeit.de\/kinderzeit\/2010\/11\/04\/an-oder-aus_7583","og_locale":"de_DE","og_type":"article","og_title":"An oder aus? - KinderZEIT-Blog","og_description":"Sollen Atomkraftwerke so schnell wie m\u00f6glich abgeschaltet werden? Dar\u00fcber streiten Wissenschaftler, Politiker und Umweltsch\u00fctzer seit Jahren. Argumente gibt es daf\u00fcr und dagegen. ZEIT-Autor Jens Uehlecke ist f\u00fcr die Abschaltung der AKWs, ZEIT-Autor Gero von Randow dagegen","og_url":"https:\/\/blog.zeit.de\/kinderzeit\/2010\/11\/04\/an-oder-aus_7583","og_site_name":"KinderZEIT-Blog","article_published_time":"2010-11-04T10:00:40+00:00","article_modified_time":"2010-11-03T10:04:04+00:00","og_image":[{"url":"https:\/\/blog.zeit.de\/kinderzeit\/files\/2010\/11\/akw.jpg"}],"author":"Redaktion KinderZEIT","twitter_card":"summary_large_image","twitter_misc":{"Verfasst von":"Redaktion KinderZEIT","Gesch\u00e4tzte Lesezeit":"5\u00a0Minuten"},"schema":{"@context":"https:\/\/schema.org","@graph":[{"@type":"WebPage","@id":"https:\/\/blog.zeit.de\/kinderzeit\/2010\/11\/04\/an-oder-aus_7583","url":"https:\/\/blog.zeit.de\/kinderzeit\/2010\/11\/04\/an-oder-aus_7583","name":"An oder aus? - KinderZEIT-Blog","isPartOf":{"@id":"https:\/\/blog.zeit.de\/kinderzeit\/#website"},"datePublished":"2010-11-04T10:00:40+00:00","dateModified":"2010-11-03T10:04:04+00:00","author":{"@id":"https:\/\/blog.zeit.de\/kinderzeit\/#\/schema\/person\/49470446f328463e8ea80b00b7d5da9c"},"breadcrumb":{"@id":"https:\/\/blog.zeit.de\/kinderzeit\/2010\/11\/04\/an-oder-aus_7583#breadcrumb"},"inLanguage":"de","potentialAction":[{"@type":"ReadAction","target":["https:\/\/blog.zeit.de\/kinderzeit\/2010\/11\/04\/an-oder-aus_7583"]}]},{"@type":"BreadcrumbList","@id":"https:\/\/blog.zeit.de\/kinderzeit\/2010\/11\/04\/an-oder-aus_7583#breadcrumb","itemListElement":[{"@type":"ListItem","position":1,"name":"Startseite","item":"https:\/\/blog.zeit.de\/kinderzeit"},{"@type":"ListItem","position":2,"name":"An oder aus?"}]},{"@type":"WebSite","@id":"https:\/\/blog.zeit.de\/kinderzeit\/#website","url":"https:\/\/blog.zeit.de\/kinderzeit\/","name":"KinderZEIT-Blog","description":"Politik, Kultur und R\u00e4tsel f\u00fcr junge Leser","potentialAction":[{"@type":"SearchAction","target":{"@type":"EntryPoint","urlTemplate":"https:\/\/blog.zeit.de\/kinderzeit\/?s={search_term_string}"},"query-input":"required name=search_term_string"}],"inLanguage":"de"},{"@type":"Person","@id":"https:\/\/blog.zeit.de\/kinderzeit\/#\/schema\/person\/49470446f328463e8ea80b00b7d5da9c","name":"Redaktion KinderZEIT","image":{"@type":"ImageObject","inLanguage":"de","@id":"https:\/\/blog.zeit.de\/kinderzeit\/#\/schema\/person\/image\/","url":"https:\/\/secure.gravatar.com\/avatar\/e613a4a2ad2bd6413584eec4b8dd51cb549f6f87f7a858de5437c6df45ca1659?s=96&d=mm&r=g","contentUrl":"https:\/\/secure.gravatar.com\/avatar\/e613a4a2ad2bd6413584eec4b8dd51cb549f6f87f7a858de5437c6df45ca1659?s=96&d=mm&r=g","caption":"Redaktion KinderZEIT"},"url":"https:\/\/blog.zeit.de\/kinderzeit\/author\/sandra-valeska-bruhns"}]}},"jetpack_featured_media_url":"","jetpack_sharing_enabled":true,"_links":{"self":[{"href":"https:\/\/blog.zeit.de\/kinderzeit\/wp-json\/wp\/v2\/posts\/7583","targetHints":{"allow":["GET"]}}],"collection":[{"href":"https:\/\/blog.zeit.de\/kinderzeit\/wp-json\/wp\/v2\/posts"}],"about":[{"href":"https:\/\/blog.zeit.de\/kinderzeit\/wp-json\/wp\/v2\/types\/post"}],"author":[{"embeddable":true,"href":"https:\/\/blog.zeit.de\/kinderzeit\/wp-json\/wp\/v2\/users\/217"}],"replies":[{"embeddable":true,"href":"https:\/\/blog.zeit.de\/kinderzeit\/wp-json\/wp\/v2\/comments?post=7583"}],"version-history":[{"count":25,"href":"https:\/\/blog.zeit.de\/kinderzeit\/wp-json\/wp\/v2\/posts\/7583\/revisions"}],"predecessor-version":[{"id":7725,"href":"https:\/\/blog.zeit.de\/kinderzeit\/wp-json\/wp\/v2\/posts\/7583\/revisions\/7725"}],"wp:attachment":[{"href":"https:\/\/blog.zeit.de\/kinderzeit\/wp-json\/wp\/v2\/media?parent=7583"}],"wp:term":[{"taxonomy":"category","embeddable":true,"href":"https:\/\/blog.zeit.de\/kinderzeit\/wp-json\/wp\/v2\/categories?post=7583"},{"taxonomy":"post_tag","embeddable":true,"href":"https:\/\/blog.zeit.de\/kinderzeit\/wp-json\/wp\/v2\/tags?post=7583"}],"curies":[{"name":"wp","href":"https:\/\/api.w.org\/{rel}","templated":true}]}}