{"id":7723,"date":"2010-11-22T11:10:04","date_gmt":"2010-11-22T10:10:04","guid":{"rendered":"http:\/\/blog.zeit.de\/kinderzeit\/?p=7723"},"modified":"2010-11-22T11:19:11","modified_gmt":"2010-11-22T10:19:11","slug":"countdown-fur-die-adventszeit","status":"publish","type":"post","link":"https:\/\/blog.zeit.de\/kinderzeit\/2010\/11\/22\/countdown-fur-die-adventszeit_7723","title":{"rendered":"Countdown f\u00fcr die Adventszeit"},"content":{"rendered":"<p><figure id=\"attachment_7727\" aria-describedby=\"caption-attachment-7727\" style=\"width: 300px\" class=\"wp-caption alignleft\"><img loading=\"lazy\" decoding=\"async\" src=\"https:\/\/blog.zeit.de\/kinderzeit\/files\/2010\/11\/adventboxen-300x300.jpg\" alt=\"\" title=\"adventboxen\" width=\"300\" height=\"300\" class=\"size-medium wp-image-7727\" srcset=\"https:\/\/blog.zeit.de\/kinderzeit\/files\/2010\/11\/adventboxen-300x300.jpg 300w, https:\/\/blog.zeit.de\/kinderzeit\/files\/2010\/11\/adventboxen-150x150.jpg 150w, https:\/\/blog.zeit.de\/kinderzeit\/files\/2010\/11\/adventboxen.jpg 320w\" sizes=\"auto, (max-width: 300px) 100vw, 300px\" \/><figcaption id=\"caption-attachment-7727\" class=\"wp-caption-text\">24 Boxen zum Selberf\u00fcllen\/ \u00a9 Die Spiegelburg<\/figcaption><\/figure><\/p>\n<p>Am kommenden Sonntag ist es wieder so weit: Die erste Kerze auf dem Adventskranz wird entz\u00fcndet, die Wohnung weihnachtlich geschm\u00fcckt. Weihnachtsm\u00e4rkte locken mit Leckereien und vielen Kleinigkeiten, die zum Taschengeldausgeben verf\u00fchren. Festes Ritual in den meisten Familien ist in den 24 Dezembertagen vor Weihnachten ein Adventskalender. Doch wie der genau aussieht, und vor allem was drin ist, ist \u00fcberall verschieden. K\u00f6nnt Ihr die Stiefel und S\u00e4ckchen vom letzten Jahr wieder erkennen? Oder haben sich Eure Eltern etwas Neues ausgedacht?<!--more--><\/p>\n<p>Als Eure Eltern Kinder waren, hatten die meisten Pappkalender, die an die Fensterscheibe geklebt wurden. Jeden Tag wurde ein Pappt\u00fcrchen ge\u00f6ffnet, und dahinter kam ein Bild zum Vorschein. Am 24. Dezember erschien meist ein strahlender Engel oder eine Krippe mit dem kleinen Baby-Jesus. Oft wurden diese Kalender nach der Weihnachtszeit wieder sorgf\u00e4ltig verschlossen und f\u00fcrs n\u00e4chste Jahr aufbewahrt.<\/p>\n<p><figure id=\"attachment_7728\" aria-describedby=\"caption-attachment-7728\" style=\"width: 200px\" class=\"wp-caption alignright\"><img loading=\"lazy\" decoding=\"async\" src=\"https:\/\/blog.zeit.de\/kinderzeit\/files\/2010\/11\/adventschoko.jpg\" alt=\"\" title=\"adventschoko\" width=\"200\" height=\"200\" class=\"size-full wp-image-7728\" srcset=\"https:\/\/blog.zeit.de\/kinderzeit\/files\/2010\/11\/adventschoko.jpg 200w, https:\/\/blog.zeit.de\/kinderzeit\/files\/2010\/11\/adventschoko-150x150.jpg 150w\" sizes=\"auto, (max-width: 200px) 100vw, 200px\" \/><figcaption id=\"caption-attachment-7728\" class=\"wp-caption-text\">Au\u00dfen kitschig, innen leckere Schokolade\/ \u00a9 Die Spiegelburg<\/figcaption><\/figure><\/p>\n<p>Oder es gab einen Kalender mit Schokoladenst\u00fcckchen, f\u00fcr jeden Tag eines. Leider sehen diese Kalender am Ende der Adventszeit gar nicht mehr sch\u00f6n aus, sondern sehr gepl\u00fcndert, wenn man in 24 offene Plastikquadrate schaut.<\/p>\n<p>Hei\u00df beneidet wurden schon damals die Kinder, die von Ihren Eltern einen selbst gef\u00fcllten S\u00e4ckchen-Kalender bekamen. 24 kleine \u00dcberraschungen: Kekse, Schokolade, Kerzen, Haarspangen, Pixi-B\u00fccher, Backf\u00f6rmchen&#8230;<\/p>\n<p>In Familien, wo mehr als ein Kind lebt, wird immer wieder diskutiert, wie viele S\u00e4ckchen es denn geben soll. 24, 48, 72 oder gar 96? Wer sich einen Kalender teilt, erh\u00f6ht die Chance auf gr\u00f6\u00dfere Geschenke f\u00fcr die Gruppe. Denn damit die vorweihnachtlichen Geschenke nicht zu teuer werden, die Kinder aber auch nicht zu viel S\u00fc\u00dfes essen, werden Eltern ganz sch\u00f6n erfinderisch, um die kleinen \u00dcberraschungen auf 24 Tage zu verteilen. 12 Filzstifte lassen sich (aus der Packung befreit) auf 12 Tage verteilen, Spielfiguren und Puzzle k\u00f6nnen in Einzelteile zerlegt viele Tage zum Inhalt der S\u00e4ckchen werden und wachsen wieder zusammen, je n\u00e4her Weihnachten r\u00fcckt.<\/p>\n<p><figure id=\"attachment_7729\" aria-describedby=\"caption-attachment-7729\" style=\"width: 188px\" class=\"wp-caption alignleft\"><img loading=\"lazy\" decoding=\"async\" src=\"https:\/\/blog.zeit.de\/kinderzeit\/files\/2010\/11\/adventbuch.jpg\" alt=\"\" title=\"adventbuch\" width=\"188\" height=\"240\" class=\"size-full wp-image-7729\" \/><figcaption id=\"caption-attachment-7729\" class=\"wp-caption-text\">24 B\u00fcchlein f\u00fcr 24 Tage\/ \u00a9 Ravensburger<\/figcaption><\/figure><\/p>\n<p>F\u00fcr (faule) Eltern gibt es auch tolle Kalender mit 24 Spielzeug\u00fcberraschungen zu kaufen. Kleine Spielfiguren, B\u00fccher und Schnickschnack von Comicfiguren verstecken sich dann in den kleinen K\u00e4stchen. Fast alle Kalender sind so sch\u00f6n kitschig, wie es nur Weihnachten sein darf. Mit schneebedeckten kleinen D\u00f6rfchen, Glocken, Tannenzweigen und Tieren, die einen anschauen, als w\u00fcrden ihnen vor weihnachtlicher Vorfreude gleich Tr\u00e4nen der R\u00fchrung aus den dunklen Augen kullern. Aber bringt so ein gekaufter Kalender wirklich Spa\u00df?<\/p>\n<p>Jetzt seid Ihr dran! Wir wollen von Euch wissen, was Ihr Euch f\u00fcr Adventskalender w\u00fcnscht. Teilt Ihr Euch mit den Geschwistern S\u00e4ckchen? Hat jeder seinen eigenen Schokoladenkalender? Habt Ihr in der Klasse auch noch einen Adventskalender? Nutzt die Kommentarfunktion am Ende des Textes und schreibt uns, worauf Ihr Euch ab dem 1. Dezember freut.<\/p>\n","protected":false},"excerpt":{"rendered":"<p>Am kommenden Sonntag ist es wieder so weit: Die erste Kerze auf dem Adventskranz wird entz\u00fcndet, die Wohnung weihnachtlich geschm\u00fcckt. Weihnachtsm\u00e4rkte locken mit Leckereien und vielen Kleinigkeiten, die zum Taschengeldausgeben verf\u00fchren. Festes Ritual in den meisten Familien ist in den 24 Dezembertagen vor Weihnachten ein Adventskalender. Doch wie der genau aussieht, und vor allem was [&hellip;]<\/p>\n","protected":false},"author":217,"featured_media":0,"comment_status":"closed","ping_status":"closed","sticky":false,"template":"","format":"standard","meta":{"_jetpack_memberships_contains_paid_content":false,"footnotes":""},"categories":[893,391],"tags":[8065,8075,8076,8074],"class_list":["post-7723","post","type-post","status-publish","format-standard","hentry","category-freizeit-und-sport","category-kinder","tag-adventskalender","tag-adventskalender-sackchen","tag-schokoladenkalender","tag-vorweihnachtszeit"],"yoast_head":"<!-- This site is optimized with the Yoast SEO plugin v21.0 - https:\/\/yoast.com\/wordpress\/plugins\/seo\/ -->\n<title>Countdown f\u00fcr die Adventszeit - KinderZEIT-Blog<\/title>\n<meta name=\"robots\" content=\"index, follow, max-snippet:-1, max-image-preview:large, max-video-preview:-1\" \/>\n<link rel=\"canonical\" href=\"https:\/\/blog.zeit.de\/kinderzeit\/2010\/11\/22\/countdown-fur-die-adventszeit_7723\" \/>\n<meta property=\"og:locale\" content=\"de_DE\" \/>\n<meta property=\"og:type\" content=\"article\" \/>\n<meta property=\"og:title\" content=\"Countdown f\u00fcr die Adventszeit - KinderZEIT-Blog\" \/>\n<meta property=\"og:description\" content=\"Am kommenden Sonntag ist es wieder so weit: Die erste Kerze auf dem Adventskranz wird entz\u00fcndet, die Wohnung weihnachtlich geschm\u00fcckt. Weihnachtsm\u00e4rkte locken mit Leckereien und vielen Kleinigkeiten, die zum Taschengeldausgeben verf\u00fchren. Festes Ritual in den meisten Familien ist in den 24 Dezembertagen vor Weihnachten ein Adventskalender. Doch wie der genau aussieht, und vor allem was [&hellip;]\" \/>\n<meta property=\"og:url\" content=\"https:\/\/blog.zeit.de\/kinderzeit\/2010\/11\/22\/countdown-fur-die-adventszeit_7723\" \/>\n<meta property=\"og:site_name\" content=\"KinderZEIT-Blog\" \/>\n<meta property=\"article:published_time\" content=\"2010-11-22T10:10:04+00:00\" \/>\n<meta property=\"article:modified_time\" content=\"2010-11-22T10:19:11+00:00\" \/>\n<meta property=\"og:image\" content=\"https:\/\/blog.zeit.de\/kinderzeit\/files\/2010\/11\/adventboxen-300x300.jpg\" \/>\n<meta name=\"author\" content=\"Redaktion KinderZEIT\" \/>\n<meta name=\"twitter:card\" content=\"summary_large_image\" \/>\n<meta name=\"twitter:label1\" content=\"Verfasst von\" \/>\n\t<meta name=\"twitter:data1\" content=\"Redaktion KinderZEIT\" \/>\n\t<meta name=\"twitter:label2\" content=\"Gesch\u00e4tzte Lesezeit\" \/>\n\t<meta name=\"twitter:data2\" content=\"3\u00a0Minuten\" \/>\n<script type=\"application\/ld+json\" class=\"yoast-schema-graph\">{\"@context\":\"https:\/\/schema.org\",\"@graph\":[{\"@type\":\"WebPage\",\"@id\":\"https:\/\/blog.zeit.de\/kinderzeit\/2010\/11\/22\/countdown-fur-die-adventszeit_7723\",\"url\":\"https:\/\/blog.zeit.de\/kinderzeit\/2010\/11\/22\/countdown-fur-die-adventszeit_7723\",\"name\":\"Countdown f\u00fcr die Adventszeit - KinderZEIT-Blog\",\"isPartOf\":{\"@id\":\"https:\/\/blog.zeit.de\/kinderzeit\/#website\"},\"datePublished\":\"2010-11-22T10:10:04+00:00\",\"dateModified\":\"2010-11-22T10:19:11+00:00\",\"author\":{\"@id\":\"https:\/\/blog.zeit.de\/kinderzeit\/#\/schema\/person\/49470446f328463e8ea80b00b7d5da9c\"},\"breadcrumb\":{\"@id\":\"https:\/\/blog.zeit.de\/kinderzeit\/2010\/11\/22\/countdown-fur-die-adventszeit_7723#breadcrumb\"},\"inLanguage\":\"de\",\"potentialAction\":[{\"@type\":\"ReadAction\",\"target\":[\"https:\/\/blog.zeit.de\/kinderzeit\/2010\/11\/22\/countdown-fur-die-adventszeit_7723\"]}]},{\"@type\":\"BreadcrumbList\",\"@id\":\"https:\/\/blog.zeit.de\/kinderzeit\/2010\/11\/22\/countdown-fur-die-adventszeit_7723#breadcrumb\",\"itemListElement\":[{\"@type\":\"ListItem\",\"position\":1,\"name\":\"Startseite\",\"item\":\"https:\/\/blog.zeit.de\/kinderzeit\"},{\"@type\":\"ListItem\",\"position\":2,\"name\":\"Countdown f\u00fcr die Adventszeit\"}]},{\"@type\":\"WebSite\",\"@id\":\"https:\/\/blog.zeit.de\/kinderzeit\/#website\",\"url\":\"https:\/\/blog.zeit.de\/kinderzeit\/\",\"name\":\"KinderZEIT-Blog\",\"description\":\"Politik, Kultur und R\u00e4tsel f\u00fcr junge Leser\",\"potentialAction\":[{\"@type\":\"SearchAction\",\"target\":{\"@type\":\"EntryPoint\",\"urlTemplate\":\"https:\/\/blog.zeit.de\/kinderzeit\/?s={search_term_string}\"},\"query-input\":\"required name=search_term_string\"}],\"inLanguage\":\"de\"},{\"@type\":\"Person\",\"@id\":\"https:\/\/blog.zeit.de\/kinderzeit\/#\/schema\/person\/49470446f328463e8ea80b00b7d5da9c\",\"name\":\"Redaktion KinderZEIT\",\"image\":{\"@type\":\"ImageObject\",\"inLanguage\":\"de\",\"@id\":\"https:\/\/blog.zeit.de\/kinderzeit\/#\/schema\/person\/image\/\",\"url\":\"https:\/\/secure.gravatar.com\/avatar\/e613a4a2ad2bd6413584eec4b8dd51cb549f6f87f7a858de5437c6df45ca1659?s=96&d=mm&r=g\",\"contentUrl\":\"https:\/\/secure.gravatar.com\/avatar\/e613a4a2ad2bd6413584eec4b8dd51cb549f6f87f7a858de5437c6df45ca1659?s=96&d=mm&r=g\",\"caption\":\"Redaktion KinderZEIT\"},\"url\":\"https:\/\/blog.zeit.de\/kinderzeit\/author\/sandra-valeska-bruhns\"}]}<\/script>\n<!-- \/ Yoast SEO plugin. -->","yoast_head_json":{"title":"Countdown f\u00fcr die Adventszeit - KinderZEIT-Blog","robots":{"index":"index","follow":"follow","max-snippet":"max-snippet:-1","max-image-preview":"max-image-preview:large","max-video-preview":"max-video-preview:-1"},"canonical":"https:\/\/blog.zeit.de\/kinderzeit\/2010\/11\/22\/countdown-fur-die-adventszeit_7723","og_locale":"de_DE","og_type":"article","og_title":"Countdown f\u00fcr die Adventszeit - KinderZEIT-Blog","og_description":"Am kommenden Sonntag ist es wieder so weit: Die erste Kerze auf dem Adventskranz wird entz\u00fcndet, die Wohnung weihnachtlich geschm\u00fcckt. Weihnachtsm\u00e4rkte locken mit Leckereien und vielen Kleinigkeiten, die zum Taschengeldausgeben verf\u00fchren. Festes Ritual in den meisten Familien ist in den 24 Dezembertagen vor Weihnachten ein Adventskalender. Doch wie der genau aussieht, und vor allem was [&hellip;]","og_url":"https:\/\/blog.zeit.de\/kinderzeit\/2010\/11\/22\/countdown-fur-die-adventszeit_7723","og_site_name":"KinderZEIT-Blog","article_published_time":"2010-11-22T10:10:04+00:00","article_modified_time":"2010-11-22T10:19:11+00:00","og_image":[{"url":"https:\/\/blog.zeit.de\/kinderzeit\/files\/2010\/11\/adventboxen-300x300.jpg"}],"author":"Redaktion KinderZEIT","twitter_card":"summary_large_image","twitter_misc":{"Verfasst von":"Redaktion KinderZEIT","Gesch\u00e4tzte Lesezeit":"3\u00a0Minuten"},"schema":{"@context":"https:\/\/schema.org","@graph":[{"@type":"WebPage","@id":"https:\/\/blog.zeit.de\/kinderzeit\/2010\/11\/22\/countdown-fur-die-adventszeit_7723","url":"https:\/\/blog.zeit.de\/kinderzeit\/2010\/11\/22\/countdown-fur-die-adventszeit_7723","name":"Countdown f\u00fcr die Adventszeit - KinderZEIT-Blog","isPartOf":{"@id":"https:\/\/blog.zeit.de\/kinderzeit\/#website"},"datePublished":"2010-11-22T10:10:04+00:00","dateModified":"2010-11-22T10:19:11+00:00","author":{"@id":"https:\/\/blog.zeit.de\/kinderzeit\/#\/schema\/person\/49470446f328463e8ea80b00b7d5da9c"},"breadcrumb":{"@id":"https:\/\/blog.zeit.de\/kinderzeit\/2010\/11\/22\/countdown-fur-die-adventszeit_7723#breadcrumb"},"inLanguage":"de","potentialAction":[{"@type":"ReadAction","target":["https:\/\/blog.zeit.de\/kinderzeit\/2010\/11\/22\/countdown-fur-die-adventszeit_7723"]}]},{"@type":"BreadcrumbList","@id":"https:\/\/blog.zeit.de\/kinderzeit\/2010\/11\/22\/countdown-fur-die-adventszeit_7723#breadcrumb","itemListElement":[{"@type":"ListItem","position":1,"name":"Startseite","item":"https:\/\/blog.zeit.de\/kinderzeit"},{"@type":"ListItem","position":2,"name":"Countdown f\u00fcr die Adventszeit"}]},{"@type":"WebSite","@id":"https:\/\/blog.zeit.de\/kinderzeit\/#website","url":"https:\/\/blog.zeit.de\/kinderzeit\/","name":"KinderZEIT-Blog","description":"Politik, Kultur und R\u00e4tsel f\u00fcr junge Leser","potentialAction":[{"@type":"SearchAction","target":{"@type":"EntryPoint","urlTemplate":"https:\/\/blog.zeit.de\/kinderzeit\/?s={search_term_string}"},"query-input":"required name=search_term_string"}],"inLanguage":"de"},{"@type":"Person","@id":"https:\/\/blog.zeit.de\/kinderzeit\/#\/schema\/person\/49470446f328463e8ea80b00b7d5da9c","name":"Redaktion KinderZEIT","image":{"@type":"ImageObject","inLanguage":"de","@id":"https:\/\/blog.zeit.de\/kinderzeit\/#\/schema\/person\/image\/","url":"https:\/\/secure.gravatar.com\/avatar\/e613a4a2ad2bd6413584eec4b8dd51cb549f6f87f7a858de5437c6df45ca1659?s=96&d=mm&r=g","contentUrl":"https:\/\/secure.gravatar.com\/avatar\/e613a4a2ad2bd6413584eec4b8dd51cb549f6f87f7a858de5437c6df45ca1659?s=96&d=mm&r=g","caption":"Redaktion KinderZEIT"},"url":"https:\/\/blog.zeit.de\/kinderzeit\/author\/sandra-valeska-bruhns"}]}},"jetpack_featured_media_url":"","jetpack_sharing_enabled":true,"_links":{"self":[{"href":"https:\/\/blog.zeit.de\/kinderzeit\/wp-json\/wp\/v2\/posts\/7723","targetHints":{"allow":["GET"]}}],"collection":[{"href":"https:\/\/blog.zeit.de\/kinderzeit\/wp-json\/wp\/v2\/posts"}],"about":[{"href":"https:\/\/blog.zeit.de\/kinderzeit\/wp-json\/wp\/v2\/types\/post"}],"author":[{"embeddable":true,"href":"https:\/\/blog.zeit.de\/kinderzeit\/wp-json\/wp\/v2\/users\/217"}],"replies":[{"embeddable":true,"href":"https:\/\/blog.zeit.de\/kinderzeit\/wp-json\/wp\/v2\/comments?post=7723"}],"version-history":[{"count":10,"href":"https:\/\/blog.zeit.de\/kinderzeit\/wp-json\/wp\/v2\/posts\/7723\/revisions"}],"predecessor-version":[{"id":7736,"href":"https:\/\/blog.zeit.de\/kinderzeit\/wp-json\/wp\/v2\/posts\/7723\/revisions\/7736"}],"wp:attachment":[{"href":"https:\/\/blog.zeit.de\/kinderzeit\/wp-json\/wp\/v2\/media?parent=7723"}],"wp:term":[{"taxonomy":"category","embeddable":true,"href":"https:\/\/blog.zeit.de\/kinderzeit\/wp-json\/wp\/v2\/categories?post=7723"},{"taxonomy":"post_tag","embeddable":true,"href":"https:\/\/blog.zeit.de\/kinderzeit\/wp-json\/wp\/v2\/tags?post=7723"}],"curies":[{"name":"wp","href":"https:\/\/api.w.org\/{rel}","templated":true}]}}