{"id":7938,"date":"2010-12-09T10:00:48","date_gmt":"2010-12-09T09:00:48","guid":{"rendered":"http:\/\/blog.zeit.de\/kinderzeit\/?p=7938"},"modified":"2010-12-07T22:56:06","modified_gmt":"2010-12-07T21:56:06","slug":"verruckte-viecher-koboldmaki","status":"publish","type":"post","link":"https:\/\/blog.zeit.de\/kinderzeit\/2010\/12\/09\/verruckte-viecher-koboldmaki_7938","title":{"rendered":"Verr\u00fcckte Viecher: Koboldmaki"},"content":{"rendered":"<p><figure id=\"attachment_7943\" aria-describedby=\"caption-attachment-7943\" style=\"width: 540px\" class=\"wp-caption aligncenter\"><img loading=\"lazy\" decoding=\"async\" src=\"https:\/\/blog.zeit.de\/kinderzeit\/files\/2010\/12\/koboldmaki-540x399.jpg\" alt=\"\" title=\"koboldmaki\" width=\"540\" height=\"399\" class=\"size-large wp-image-7943\" srcset=\"https:\/\/blog.zeit.de\/kinderzeit\/files\/2010\/12\/koboldmaki-540x399.jpg 540w, https:\/\/blog.zeit.de\/kinderzeit\/files\/2010\/12\/koboldmaki-300x222.jpg 300w, https:\/\/blog.zeit.de\/kinderzeit\/files\/2010\/12\/koboldmaki.jpg 2000w\" sizes=\"auto, (max-width: 540px) 100vw, 540px\" \/><figcaption id=\"caption-attachment-7943\" class=\"wp-caption-text\">Koboldmakis im indonesischen Regenwald\/ Foto: Joel Nito, AFP<\/figcaption><\/figure><\/p>\n<p>Wozu braucht ein so winziges Kerlchen wie der Koboldmaki so riesige Augen? Na, um damit im Dunkeln sehen zu k\u00f6nnen. Die asiatischen Zwergaffen sind nachtaktiv, das hei\u00dft, sie ruhen sich am Tag aus und jagen in der Nacht. Ihre Schlaflieder singen sie deshalb fr\u00fchmorgens. Dann sitzen sie auf ihren Schlafb\u00e4umen und tr\u00e4llern im Chor, ihr Gesang klingt dabei wie eine Mischung aus Vogelgezwitscher und Grillenzirpen. <!--more--><\/p>\n<p>Verschiedene Arten von Koboldmakis leben in den Regenw\u00e4ldern Asiens, und jede hat ihre eigenen Lieder. Ge\u00fcbte Biologen k\u00f6nnen sie daran unterscheiden. Erst k\u00fcrzlich hat ein deutscher Biologe in Indonesien die zehnte Makiart (der lateinische Name ist Tarsius wallacei) entdeckt, weil ihr Gesang so anders klang. H\u00e4tten die \u00c4ffchen keinen Laut von sich gegeben, w\u00e4ren sie vielleicht nicht gefunden worden. <\/p>\n<p>Sie sind n\u00e4mlich nur zw\u00f6lf Zentimeter lang und mit ihrem braunen Pelz im Ge\u00e4st der B\u00e4ume perfekt getarnt. \u00dcbrigens geh\u00f6ren die Tiere wie<br \/>\nwir Menschen zu den Primaten. Ganz entfernt sind sie also mit uns verwandt.<\/p>\n","protected":false},"excerpt":{"rendered":"<p>Wozu braucht ein so winziges Kerlchen wie der Koboldmaki so riesige Augen? Na, um damit im Dunkeln sehen zu k\u00f6nnen. Die asiatischen Zwergaffen sind nachtaktiv, das hei\u00dft, sie ruhen sich am Tag aus und jagen in der Nacht. Ihre Schlaflieder singen sie deshalb fr\u00fchmorgens. Dann sitzen sie auf ihren Schlafb\u00e4umen und tr\u00e4llern im Chor, ihr [&hellip;]<\/p>\n","protected":false},"author":217,"featured_media":0,"comment_status":"open","ping_status":"closed","sticky":false,"template":"","format":"standard","meta":{"_jetpack_memberships_contains_paid_content":false,"footnotes":""},"categories":[8108],"tags":[8151,8149,8144,8145,8148,8150,8146,8147],"class_list":["post-7938","post","type-post","status-publish","format-standard","hentry","category-verruckte-viecher","tag-affchen","tag-affen-die-singen","tag-koboldmaki","tag-maki","tag-schlafbaume","tag-tarsius-wallacei","tag-tiere-mit-riesigen-augen","tag-zwergaffen"],"yoast_head":"<!-- This site is optimized with the Yoast SEO plugin v21.0 - https:\/\/yoast.com\/wordpress\/plugins\/seo\/ -->\n<title>Verr\u00fcckte Viecher: Koboldmaki - KinderZEIT-Blog<\/title>\n<meta name=\"robots\" content=\"index, follow, max-snippet:-1, max-image-preview:large, max-video-preview:-1\" \/>\n<link rel=\"canonical\" href=\"https:\/\/blog.zeit.de\/kinderzeit\/2010\/12\/09\/verruckte-viecher-koboldmaki_7938\" \/>\n<meta property=\"og:locale\" content=\"de_DE\" \/>\n<meta property=\"og:type\" content=\"article\" \/>\n<meta property=\"og:title\" content=\"Verr\u00fcckte Viecher: Koboldmaki - KinderZEIT-Blog\" \/>\n<meta property=\"og:description\" content=\"Wozu braucht ein so winziges Kerlchen wie der Koboldmaki so riesige Augen? Na, um damit im Dunkeln sehen zu k\u00f6nnen. Die asiatischen Zwergaffen sind nachtaktiv, das hei\u00dft, sie ruhen sich am Tag aus und jagen in der Nacht. Ihre Schlaflieder singen sie deshalb fr\u00fchmorgens. Dann sitzen sie auf ihren Schlafb\u00e4umen und tr\u00e4llern im Chor, ihr [&hellip;]\" \/>\n<meta property=\"og:url\" content=\"https:\/\/blog.zeit.de\/kinderzeit\/2010\/12\/09\/verruckte-viecher-koboldmaki_7938\" \/>\n<meta property=\"og:site_name\" content=\"KinderZEIT-Blog\" \/>\n<meta property=\"article:published_time\" content=\"2010-12-09T09:00:48+00:00\" \/>\n<meta property=\"article:modified_time\" content=\"2010-12-07T21:56:06+00:00\" \/>\n<meta property=\"og:image\" content=\"https:\/\/blog.zeit.de\/kinderzeit\/files\/2010\/12\/koboldmaki-540x399.jpg\" \/>\n<meta name=\"author\" content=\"Redaktion KinderZEIT\" \/>\n<meta name=\"twitter:card\" content=\"summary_large_image\" \/>\n<meta name=\"twitter:label1\" content=\"Verfasst von\" \/>\n\t<meta name=\"twitter:data1\" content=\"Redaktion KinderZEIT\" \/>\n\t<meta name=\"twitter:label2\" content=\"Gesch\u00e4tzte Lesezeit\" \/>\n\t<meta name=\"twitter:data2\" content=\"1\u00a0Minute\" \/>\n<script type=\"application\/ld+json\" class=\"yoast-schema-graph\">{\"@context\":\"https:\/\/schema.org\",\"@graph\":[{\"@type\":\"WebPage\",\"@id\":\"https:\/\/blog.zeit.de\/kinderzeit\/2010\/12\/09\/verruckte-viecher-koboldmaki_7938\",\"url\":\"https:\/\/blog.zeit.de\/kinderzeit\/2010\/12\/09\/verruckte-viecher-koboldmaki_7938\",\"name\":\"Verr\u00fcckte Viecher: Koboldmaki - KinderZEIT-Blog\",\"isPartOf\":{\"@id\":\"https:\/\/blog.zeit.de\/kinderzeit\/#website\"},\"datePublished\":\"2010-12-09T09:00:48+00:00\",\"dateModified\":\"2010-12-07T21:56:06+00:00\",\"author\":{\"@id\":\"https:\/\/blog.zeit.de\/kinderzeit\/#\/schema\/person\/49470446f328463e8ea80b00b7d5da9c\"},\"breadcrumb\":{\"@id\":\"https:\/\/blog.zeit.de\/kinderzeit\/2010\/12\/09\/verruckte-viecher-koboldmaki_7938#breadcrumb\"},\"inLanguage\":\"de\",\"potentialAction\":[{\"@type\":\"ReadAction\",\"target\":[\"https:\/\/blog.zeit.de\/kinderzeit\/2010\/12\/09\/verruckte-viecher-koboldmaki_7938\"]}]},{\"@type\":\"BreadcrumbList\",\"@id\":\"https:\/\/blog.zeit.de\/kinderzeit\/2010\/12\/09\/verruckte-viecher-koboldmaki_7938#breadcrumb\",\"itemListElement\":[{\"@type\":\"ListItem\",\"position\":1,\"name\":\"Startseite\",\"item\":\"https:\/\/blog.zeit.de\/kinderzeit\"},{\"@type\":\"ListItem\",\"position\":2,\"name\":\"Verr\u00fcckte Viecher: Koboldmaki\"}]},{\"@type\":\"WebSite\",\"@id\":\"https:\/\/blog.zeit.de\/kinderzeit\/#website\",\"url\":\"https:\/\/blog.zeit.de\/kinderzeit\/\",\"name\":\"KinderZEIT-Blog\",\"description\":\"Politik, Kultur und R\u00e4tsel f\u00fcr junge Leser\",\"potentialAction\":[{\"@type\":\"SearchAction\",\"target\":{\"@type\":\"EntryPoint\",\"urlTemplate\":\"https:\/\/blog.zeit.de\/kinderzeit\/?s={search_term_string}\"},\"query-input\":\"required name=search_term_string\"}],\"inLanguage\":\"de\"},{\"@type\":\"Person\",\"@id\":\"https:\/\/blog.zeit.de\/kinderzeit\/#\/schema\/person\/49470446f328463e8ea80b00b7d5da9c\",\"name\":\"Redaktion KinderZEIT\",\"image\":{\"@type\":\"ImageObject\",\"inLanguage\":\"de\",\"@id\":\"https:\/\/blog.zeit.de\/kinderzeit\/#\/schema\/person\/image\/\",\"url\":\"https:\/\/secure.gravatar.com\/avatar\/e613a4a2ad2bd6413584eec4b8dd51cb549f6f87f7a858de5437c6df45ca1659?s=96&d=mm&r=g\",\"contentUrl\":\"https:\/\/secure.gravatar.com\/avatar\/e613a4a2ad2bd6413584eec4b8dd51cb549f6f87f7a858de5437c6df45ca1659?s=96&d=mm&r=g\",\"caption\":\"Redaktion KinderZEIT\"},\"url\":\"https:\/\/blog.zeit.de\/kinderzeit\/author\/sandra-valeska-bruhns\"}]}<\/script>\n<!-- \/ Yoast SEO plugin. -->","yoast_head_json":{"title":"Verr\u00fcckte Viecher: Koboldmaki - KinderZEIT-Blog","robots":{"index":"index","follow":"follow","max-snippet":"max-snippet:-1","max-image-preview":"max-image-preview:large","max-video-preview":"max-video-preview:-1"},"canonical":"https:\/\/blog.zeit.de\/kinderzeit\/2010\/12\/09\/verruckte-viecher-koboldmaki_7938","og_locale":"de_DE","og_type":"article","og_title":"Verr\u00fcckte Viecher: Koboldmaki - KinderZEIT-Blog","og_description":"Wozu braucht ein so winziges Kerlchen wie der Koboldmaki so riesige Augen? Na, um damit im Dunkeln sehen zu k\u00f6nnen. Die asiatischen Zwergaffen sind nachtaktiv, das hei\u00dft, sie ruhen sich am Tag aus und jagen in der Nacht. Ihre Schlaflieder singen sie deshalb fr\u00fchmorgens. Dann sitzen sie auf ihren Schlafb\u00e4umen und tr\u00e4llern im Chor, ihr [&hellip;]","og_url":"https:\/\/blog.zeit.de\/kinderzeit\/2010\/12\/09\/verruckte-viecher-koboldmaki_7938","og_site_name":"KinderZEIT-Blog","article_published_time":"2010-12-09T09:00:48+00:00","article_modified_time":"2010-12-07T21:56:06+00:00","og_image":[{"url":"https:\/\/blog.zeit.de\/kinderzeit\/files\/2010\/12\/koboldmaki-540x399.jpg"}],"author":"Redaktion KinderZEIT","twitter_card":"summary_large_image","twitter_misc":{"Verfasst von":"Redaktion KinderZEIT","Gesch\u00e4tzte Lesezeit":"1\u00a0Minute"},"schema":{"@context":"https:\/\/schema.org","@graph":[{"@type":"WebPage","@id":"https:\/\/blog.zeit.de\/kinderzeit\/2010\/12\/09\/verruckte-viecher-koboldmaki_7938","url":"https:\/\/blog.zeit.de\/kinderzeit\/2010\/12\/09\/verruckte-viecher-koboldmaki_7938","name":"Verr\u00fcckte Viecher: Koboldmaki - KinderZEIT-Blog","isPartOf":{"@id":"https:\/\/blog.zeit.de\/kinderzeit\/#website"},"datePublished":"2010-12-09T09:00:48+00:00","dateModified":"2010-12-07T21:56:06+00:00","author":{"@id":"https:\/\/blog.zeit.de\/kinderzeit\/#\/schema\/person\/49470446f328463e8ea80b00b7d5da9c"},"breadcrumb":{"@id":"https:\/\/blog.zeit.de\/kinderzeit\/2010\/12\/09\/verruckte-viecher-koboldmaki_7938#breadcrumb"},"inLanguage":"de","potentialAction":[{"@type":"ReadAction","target":["https:\/\/blog.zeit.de\/kinderzeit\/2010\/12\/09\/verruckte-viecher-koboldmaki_7938"]}]},{"@type":"BreadcrumbList","@id":"https:\/\/blog.zeit.de\/kinderzeit\/2010\/12\/09\/verruckte-viecher-koboldmaki_7938#breadcrumb","itemListElement":[{"@type":"ListItem","position":1,"name":"Startseite","item":"https:\/\/blog.zeit.de\/kinderzeit"},{"@type":"ListItem","position":2,"name":"Verr\u00fcckte Viecher: Koboldmaki"}]},{"@type":"WebSite","@id":"https:\/\/blog.zeit.de\/kinderzeit\/#website","url":"https:\/\/blog.zeit.de\/kinderzeit\/","name":"KinderZEIT-Blog","description":"Politik, Kultur und R\u00e4tsel f\u00fcr junge Leser","potentialAction":[{"@type":"SearchAction","target":{"@type":"EntryPoint","urlTemplate":"https:\/\/blog.zeit.de\/kinderzeit\/?s={search_term_string}"},"query-input":"required name=search_term_string"}],"inLanguage":"de"},{"@type":"Person","@id":"https:\/\/blog.zeit.de\/kinderzeit\/#\/schema\/person\/49470446f328463e8ea80b00b7d5da9c","name":"Redaktion KinderZEIT","image":{"@type":"ImageObject","inLanguage":"de","@id":"https:\/\/blog.zeit.de\/kinderzeit\/#\/schema\/person\/image\/","url":"https:\/\/secure.gravatar.com\/avatar\/e613a4a2ad2bd6413584eec4b8dd51cb549f6f87f7a858de5437c6df45ca1659?s=96&d=mm&r=g","contentUrl":"https:\/\/secure.gravatar.com\/avatar\/e613a4a2ad2bd6413584eec4b8dd51cb549f6f87f7a858de5437c6df45ca1659?s=96&d=mm&r=g","caption":"Redaktion KinderZEIT"},"url":"https:\/\/blog.zeit.de\/kinderzeit\/author\/sandra-valeska-bruhns"}]}},"jetpack_featured_media_url":"","jetpack_sharing_enabled":true,"_links":{"self":[{"href":"https:\/\/blog.zeit.de\/kinderzeit\/wp-json\/wp\/v2\/posts\/7938","targetHints":{"allow":["GET"]}}],"collection":[{"href":"https:\/\/blog.zeit.de\/kinderzeit\/wp-json\/wp\/v2\/posts"}],"about":[{"href":"https:\/\/blog.zeit.de\/kinderzeit\/wp-json\/wp\/v2\/types\/post"}],"author":[{"embeddable":true,"href":"https:\/\/blog.zeit.de\/kinderzeit\/wp-json\/wp\/v2\/users\/217"}],"replies":[{"embeddable":true,"href":"https:\/\/blog.zeit.de\/kinderzeit\/wp-json\/wp\/v2\/comments?post=7938"}],"version-history":[{"count":4,"href":"https:\/\/blog.zeit.de\/kinderzeit\/wp-json\/wp\/v2\/posts\/7938\/revisions"}],"predecessor-version":[{"id":7946,"href":"https:\/\/blog.zeit.de\/kinderzeit\/wp-json\/wp\/v2\/posts\/7938\/revisions\/7946"}],"wp:attachment":[{"href":"https:\/\/blog.zeit.de\/kinderzeit\/wp-json\/wp\/v2\/media?parent=7938"}],"wp:term":[{"taxonomy":"category","embeddable":true,"href":"https:\/\/blog.zeit.de\/kinderzeit\/wp-json\/wp\/v2\/categories?post=7938"},{"taxonomy":"post_tag","embeddable":true,"href":"https:\/\/blog.zeit.de\/kinderzeit\/wp-json\/wp\/v2\/tags?post=7938"}],"curies":[{"name":"wp","href":"https:\/\/api.w.org\/{rel}","templated":true}]}}