{"id":8179,"date":"2011-01-13T10:49:01","date_gmt":"2011-01-13T09:49:01","guid":{"rendered":"http:\/\/blog.zeit.de\/kinderzeit\/?p=8179"},"modified":"2011-01-13T10:49:01","modified_gmt":"2011-01-13T09:49:01","slug":"was-soll-ich-lesen-ganz-und-gar-bose","status":"publish","type":"post","link":"https:\/\/blog.zeit.de\/kinderzeit\/2011\/01\/13\/was-soll-ich-lesen-ganz-und-gar-bose_8179","title":{"rendered":"Was soll ich lesen? Ganz und gar b\u00f6se"},"content":{"rendered":"<p><figure id=\"attachment_8192\" aria-describedby=\"caption-attachment-8192\" style=\"width: 150px\" class=\"wp-caption alignleft\"><img loading=\"lazy\" decoding=\"async\" src=\"https:\/\/blog.zeit.de\/kinderzeit\/files\/2011\/01\/carola1-150x150.jpg\" alt=\"\" title=\"carola\" width=\"150\" height=\"150\" class=\"size-thumbnail wp-image-8192\" \/><figcaption id=\"caption-attachment-8192\" class=\"wp-caption-text\">Carlsen Verlag<\/figcaption><\/figure><\/p>\n<p>Carola f\u00fcrchtet sich nie. Vor nichts und niemandem hat sie Angst. Doch eines Abends h\u00f6rt sie pl\u00f6tzlich eine Stimme. Und zu der geh\u00f6ren zwei Augen, die unter ihrem Bett hervorleuchten. Heute Nacht werde Carola sich f\u00fcrchten, sagt das Wesen. Es sei n\u00e4mlich das B\u00f6se, das ganz und gar Grundb\u00f6se. Doch statt vor Angst zu zittern, stellt Carola neugierige Fragen: Seit wann das Wesen b\u00f6se ist? Ob es nicht auch einmal nicht b\u00f6se war?<!--more--><\/p>\n<p>Wie es ausgeht und ob Carola sich doch noch f\u00fcrchtet, m\u00fcsst Ihr selbst lesen. Auf keinen Fall solltet Ihr Euch daran st\u00f6ren, dass diese Geschichte in einem Bilderbuch daherkommt. Gute Nacht, Carola ist eine Erz\u00e4hlung voller Witz und Weisheit \u2013 und keineswegs nur etwas f\u00fcr Kleinkinder.<\/p>\n<p>Jakob Hein\/Kurt Kr\u00f6mer:<br \/>\n<strong>Gute Nacht, Carola<\/strong>.<br \/>\nMit Bildern von Manuela Olten;<br \/>\nCarlsen Verlag 2010;<br \/>\n14,90 Euro; ab 4 Jahren<\/p>\n","protected":false},"excerpt":{"rendered":"<p>Carola f\u00fcrchtet sich nie. Vor nichts und niemandem hat sie Angst. Doch eines Abends h\u00f6rt sie pl\u00f6tzlich eine Stimme. Und zu der geh\u00f6ren zwei Augen, die unter ihrem Bett hervorleuchten. Heute Nacht werde Carola sich f\u00fcrchten, sagt das Wesen. Es sei n\u00e4mlich das B\u00f6se, das ganz und gar Grundb\u00f6se. Doch statt vor Angst zu zittern, [&hellip;]<\/p>\n","protected":false},"author":217,"featured_media":0,"comment_status":"open","ping_status":"closed","sticky":false,"template":"","format":"standard","meta":{"_jetpack_memberships_contains_paid_content":false,"footnotes":""},"categories":[1157,391,986],"tags":[7936,9002,9003,9004,9005],"class_list":["post-8179","post","type-post","status-publish","format-standard","hentry","category-buchtipp-hortipp-filmtipp-fernsehtipp","category-kinder","category-vorlesegeschichten","tag-carlsen-verlag","tag-gute-nacht-carola","tag-jakob-hein","tag-kurt-kromer","tag-manuela-olten"],"yoast_head":"<!-- This site is optimized with the Yoast SEO plugin v21.0 - https:\/\/yoast.com\/wordpress\/plugins\/seo\/ -->\n<title>Was soll ich lesen? Ganz und gar b\u00f6se - KinderZEIT-Blog<\/title>\n<meta name=\"robots\" content=\"index, follow, max-snippet:-1, max-image-preview:large, max-video-preview:-1\" \/>\n<link rel=\"canonical\" href=\"https:\/\/blog.zeit.de\/kinderzeit\/2011\/01\/13\/was-soll-ich-lesen-ganz-und-gar-bose_8179\" \/>\n<meta property=\"og:locale\" content=\"de_DE\" \/>\n<meta property=\"og:type\" content=\"article\" \/>\n<meta property=\"og:title\" content=\"Was soll ich lesen? Ganz und gar b\u00f6se - KinderZEIT-Blog\" \/>\n<meta property=\"og:description\" content=\"Carola f\u00fcrchtet sich nie. Vor nichts und niemandem hat sie Angst. Doch eines Abends h\u00f6rt sie pl\u00f6tzlich eine Stimme. Und zu der geh\u00f6ren zwei Augen, die unter ihrem Bett hervorleuchten. Heute Nacht werde Carola sich f\u00fcrchten, sagt das Wesen. Es sei n\u00e4mlich das B\u00f6se, das ganz und gar Grundb\u00f6se. Doch statt vor Angst zu zittern, [&hellip;]\" \/>\n<meta property=\"og:url\" content=\"https:\/\/blog.zeit.de\/kinderzeit\/2011\/01\/13\/was-soll-ich-lesen-ganz-und-gar-bose_8179\" \/>\n<meta property=\"og:site_name\" content=\"KinderZEIT-Blog\" \/>\n<meta property=\"article:published_time\" content=\"2011-01-13T09:49:01+00:00\" \/>\n<meta property=\"og:image\" content=\"https:\/\/blog.zeit.de\/kinderzeit\/files\/2011\/01\/carola1-150x150.jpg\" \/>\n<meta name=\"author\" content=\"Redaktion KinderZEIT\" \/>\n<meta name=\"twitter:card\" content=\"summary_large_image\" \/>\n<meta name=\"twitter:label1\" content=\"Verfasst von\" \/>\n\t<meta name=\"twitter:data1\" content=\"Redaktion KinderZEIT\" \/>\n\t<meta name=\"twitter:label2\" content=\"Gesch\u00e4tzte Lesezeit\" \/>\n\t<meta name=\"twitter:data2\" content=\"1\u00a0Minute\" \/>\n<script type=\"application\/ld+json\" class=\"yoast-schema-graph\">{\"@context\":\"https:\/\/schema.org\",\"@graph\":[{\"@type\":\"WebPage\",\"@id\":\"https:\/\/blog.zeit.de\/kinderzeit\/2011\/01\/13\/was-soll-ich-lesen-ganz-und-gar-bose_8179\",\"url\":\"https:\/\/blog.zeit.de\/kinderzeit\/2011\/01\/13\/was-soll-ich-lesen-ganz-und-gar-bose_8179\",\"name\":\"Was soll ich lesen? Ganz und gar b\u00f6se - KinderZEIT-Blog\",\"isPartOf\":{\"@id\":\"https:\/\/blog.zeit.de\/kinderzeit\/#website\"},\"datePublished\":\"2011-01-13T09:49:01+00:00\",\"dateModified\":\"2011-01-13T09:49:01+00:00\",\"author\":{\"@id\":\"https:\/\/blog.zeit.de\/kinderzeit\/#\/schema\/person\/49470446f328463e8ea80b00b7d5da9c\"},\"breadcrumb\":{\"@id\":\"https:\/\/blog.zeit.de\/kinderzeit\/2011\/01\/13\/was-soll-ich-lesen-ganz-und-gar-bose_8179#breadcrumb\"},\"inLanguage\":\"de\",\"potentialAction\":[{\"@type\":\"ReadAction\",\"target\":[\"https:\/\/blog.zeit.de\/kinderzeit\/2011\/01\/13\/was-soll-ich-lesen-ganz-und-gar-bose_8179\"]}]},{\"@type\":\"BreadcrumbList\",\"@id\":\"https:\/\/blog.zeit.de\/kinderzeit\/2011\/01\/13\/was-soll-ich-lesen-ganz-und-gar-bose_8179#breadcrumb\",\"itemListElement\":[{\"@type\":\"ListItem\",\"position\":1,\"name\":\"Startseite\",\"item\":\"https:\/\/blog.zeit.de\/kinderzeit\"},{\"@type\":\"ListItem\",\"position\":2,\"name\":\"Was soll ich lesen? Ganz und gar b\u00f6se\"}]},{\"@type\":\"WebSite\",\"@id\":\"https:\/\/blog.zeit.de\/kinderzeit\/#website\",\"url\":\"https:\/\/blog.zeit.de\/kinderzeit\/\",\"name\":\"KinderZEIT-Blog\",\"description\":\"Politik, Kultur und R\u00e4tsel f\u00fcr junge Leser\",\"potentialAction\":[{\"@type\":\"SearchAction\",\"target\":{\"@type\":\"EntryPoint\",\"urlTemplate\":\"https:\/\/blog.zeit.de\/kinderzeit\/?s={search_term_string}\"},\"query-input\":\"required name=search_term_string\"}],\"inLanguage\":\"de\"},{\"@type\":\"Person\",\"@id\":\"https:\/\/blog.zeit.de\/kinderzeit\/#\/schema\/person\/49470446f328463e8ea80b00b7d5da9c\",\"name\":\"Redaktion KinderZEIT\",\"image\":{\"@type\":\"ImageObject\",\"inLanguage\":\"de\",\"@id\":\"https:\/\/blog.zeit.de\/kinderzeit\/#\/schema\/person\/image\/\",\"url\":\"https:\/\/secure.gravatar.com\/avatar\/e613a4a2ad2bd6413584eec4b8dd51cb549f6f87f7a858de5437c6df45ca1659?s=96&d=mm&r=g\",\"contentUrl\":\"https:\/\/secure.gravatar.com\/avatar\/e613a4a2ad2bd6413584eec4b8dd51cb549f6f87f7a858de5437c6df45ca1659?s=96&d=mm&r=g\",\"caption\":\"Redaktion KinderZEIT\"},\"url\":\"https:\/\/blog.zeit.de\/kinderzeit\/author\/sandra-valeska-bruhns\"}]}<\/script>\n<!-- \/ Yoast SEO plugin. -->","yoast_head_json":{"title":"Was soll ich lesen? Ganz und gar b\u00f6se - KinderZEIT-Blog","robots":{"index":"index","follow":"follow","max-snippet":"max-snippet:-1","max-image-preview":"max-image-preview:large","max-video-preview":"max-video-preview:-1"},"canonical":"https:\/\/blog.zeit.de\/kinderzeit\/2011\/01\/13\/was-soll-ich-lesen-ganz-und-gar-bose_8179","og_locale":"de_DE","og_type":"article","og_title":"Was soll ich lesen? Ganz und gar b\u00f6se - KinderZEIT-Blog","og_description":"Carola f\u00fcrchtet sich nie. Vor nichts und niemandem hat sie Angst. Doch eines Abends h\u00f6rt sie pl\u00f6tzlich eine Stimme. Und zu der geh\u00f6ren zwei Augen, die unter ihrem Bett hervorleuchten. Heute Nacht werde Carola sich f\u00fcrchten, sagt das Wesen. Es sei n\u00e4mlich das B\u00f6se, das ganz und gar Grundb\u00f6se. Doch statt vor Angst zu zittern, [&hellip;]","og_url":"https:\/\/blog.zeit.de\/kinderzeit\/2011\/01\/13\/was-soll-ich-lesen-ganz-und-gar-bose_8179","og_site_name":"KinderZEIT-Blog","article_published_time":"2011-01-13T09:49:01+00:00","og_image":[{"url":"https:\/\/blog.zeit.de\/kinderzeit\/files\/2011\/01\/carola1-150x150.jpg"}],"author":"Redaktion KinderZEIT","twitter_card":"summary_large_image","twitter_misc":{"Verfasst von":"Redaktion KinderZEIT","Gesch\u00e4tzte Lesezeit":"1\u00a0Minute"},"schema":{"@context":"https:\/\/schema.org","@graph":[{"@type":"WebPage","@id":"https:\/\/blog.zeit.de\/kinderzeit\/2011\/01\/13\/was-soll-ich-lesen-ganz-und-gar-bose_8179","url":"https:\/\/blog.zeit.de\/kinderzeit\/2011\/01\/13\/was-soll-ich-lesen-ganz-und-gar-bose_8179","name":"Was soll ich lesen? Ganz und gar b\u00f6se - KinderZEIT-Blog","isPartOf":{"@id":"https:\/\/blog.zeit.de\/kinderzeit\/#website"},"datePublished":"2011-01-13T09:49:01+00:00","dateModified":"2011-01-13T09:49:01+00:00","author":{"@id":"https:\/\/blog.zeit.de\/kinderzeit\/#\/schema\/person\/49470446f328463e8ea80b00b7d5da9c"},"breadcrumb":{"@id":"https:\/\/blog.zeit.de\/kinderzeit\/2011\/01\/13\/was-soll-ich-lesen-ganz-und-gar-bose_8179#breadcrumb"},"inLanguage":"de","potentialAction":[{"@type":"ReadAction","target":["https:\/\/blog.zeit.de\/kinderzeit\/2011\/01\/13\/was-soll-ich-lesen-ganz-und-gar-bose_8179"]}]},{"@type":"BreadcrumbList","@id":"https:\/\/blog.zeit.de\/kinderzeit\/2011\/01\/13\/was-soll-ich-lesen-ganz-und-gar-bose_8179#breadcrumb","itemListElement":[{"@type":"ListItem","position":1,"name":"Startseite","item":"https:\/\/blog.zeit.de\/kinderzeit"},{"@type":"ListItem","position":2,"name":"Was soll ich lesen? Ganz und gar b\u00f6se"}]},{"@type":"WebSite","@id":"https:\/\/blog.zeit.de\/kinderzeit\/#website","url":"https:\/\/blog.zeit.de\/kinderzeit\/","name":"KinderZEIT-Blog","description":"Politik, Kultur und R\u00e4tsel f\u00fcr junge Leser","potentialAction":[{"@type":"SearchAction","target":{"@type":"EntryPoint","urlTemplate":"https:\/\/blog.zeit.de\/kinderzeit\/?s={search_term_string}"},"query-input":"required name=search_term_string"}],"inLanguage":"de"},{"@type":"Person","@id":"https:\/\/blog.zeit.de\/kinderzeit\/#\/schema\/person\/49470446f328463e8ea80b00b7d5da9c","name":"Redaktion KinderZEIT","image":{"@type":"ImageObject","inLanguage":"de","@id":"https:\/\/blog.zeit.de\/kinderzeit\/#\/schema\/person\/image\/","url":"https:\/\/secure.gravatar.com\/avatar\/e613a4a2ad2bd6413584eec4b8dd51cb549f6f87f7a858de5437c6df45ca1659?s=96&d=mm&r=g","contentUrl":"https:\/\/secure.gravatar.com\/avatar\/e613a4a2ad2bd6413584eec4b8dd51cb549f6f87f7a858de5437c6df45ca1659?s=96&d=mm&r=g","caption":"Redaktion KinderZEIT"},"url":"https:\/\/blog.zeit.de\/kinderzeit\/author\/sandra-valeska-bruhns"}]}},"jetpack_featured_media_url":"","jetpack_sharing_enabled":true,"_links":{"self":[{"href":"https:\/\/blog.zeit.de\/kinderzeit\/wp-json\/wp\/v2\/posts\/8179","targetHints":{"allow":["GET"]}}],"collection":[{"href":"https:\/\/blog.zeit.de\/kinderzeit\/wp-json\/wp\/v2\/posts"}],"about":[{"href":"https:\/\/blog.zeit.de\/kinderzeit\/wp-json\/wp\/v2\/types\/post"}],"author":[{"embeddable":true,"href":"https:\/\/blog.zeit.de\/kinderzeit\/wp-json\/wp\/v2\/users\/217"}],"replies":[{"embeddable":true,"href":"https:\/\/blog.zeit.de\/kinderzeit\/wp-json\/wp\/v2\/comments?post=8179"}],"version-history":[{"count":18,"href":"https:\/\/blog.zeit.de\/kinderzeit\/wp-json\/wp\/v2\/posts\/8179\/revisions"}],"predecessor-version":[{"id":8199,"href":"https:\/\/blog.zeit.de\/kinderzeit\/wp-json\/wp\/v2\/posts\/8179\/revisions\/8199"}],"wp:attachment":[{"href":"https:\/\/blog.zeit.de\/kinderzeit\/wp-json\/wp\/v2\/media?parent=8179"}],"wp:term":[{"taxonomy":"category","embeddable":true,"href":"https:\/\/blog.zeit.de\/kinderzeit\/wp-json\/wp\/v2\/categories?post=8179"},{"taxonomy":"post_tag","embeddable":true,"href":"https:\/\/blog.zeit.de\/kinderzeit\/wp-json\/wp\/v2\/tags?post=8179"}],"curies":[{"name":"wp","href":"https:\/\/api.w.org\/{rel}","templated":true}]}}