{"id":8276,"date":"2011-01-17T11:26:53","date_gmt":"2011-01-17T10:26:53","guid":{"rendered":"http:\/\/blog.zeit.de\/kinderzeit\/?p=8276"},"modified":"2011-01-21T10:15:35","modified_gmt":"2011-01-21T09:15:35","slug":"das-wildtier-des-jahres-2011-der-luchs","status":"publish","type":"post","link":"https:\/\/blog.zeit.de\/kinderzeit\/2011\/01\/17\/das-wildtier-des-jahres-2011-der-luchs_8276","title":{"rendered":"Das Wildtier des Jahres 2011: Der Luchs"},"content":{"rendered":"<p><figure id=\"attachment_8279\" aria-describedby=\"caption-attachment-8279\" style=\"width: 540px\" class=\"wp-caption aligncenter\"><img loading=\"lazy\" decoding=\"async\" class=\"size-large wp-image-8279\" title=\"luchs\" src=\"https:\/\/blog.zeit.de\/kinderzeit\/files\/2011\/01\/luchs1-540x392.jpg\" alt=\"\" width=\"540\" height=\"392\" srcset=\"https:\/\/blog.zeit.de\/kinderzeit\/files\/2011\/01\/luchs1-540x392.jpg 540w, https:\/\/blog.zeit.de\/kinderzeit\/files\/2011\/01\/luchs1-300x218.jpg 300w\" sizes=\"auto, (max-width: 540px) 100vw, 540px\" \/><figcaption id=\"caption-attachment-8279\" class=\"wp-caption-text\">Ein kanpp vier Wochen altes Luchsbaby\/ Foto: AFP<\/figcaption><\/figure><\/p>\n<p>Ein dickes, puscheliges Fell, gro\u00dfe schwarze Tupfen auf sandfarbenen Haaren, ein kurzer, dicker Schwanz und an Pinselenden erinnernde Ohren: So sieht er aus, der Luchs, der fr\u00fcher in unsere W\u00e4lder geh\u00f6rte wie Reh, Hase und Igel. Doch nun leben nur noch wenige Luchse richtig wild und frei im Wald. Um sie zu sch\u00fctzen und ihren Lebensraum zu verbessern, wurde der Luchs nun von der <a href=\"http:\/\/www.sdwi.de\/\">Schutzgemeinschaft deutsches Wild<\/a> zum Wildtier des Jahres 2011 ernannt.<!--more--><\/p>\n<p>Luchse sind die gr\u00f6\u00dften Raubkatzen, die es in Europa gibt. Aber immer noch viel kleiner als L\u00f6wen und Tiger. Ein Luchs wird etwa 80 bis 110 Zentimeter lang und bis zu 65 Zentimeter hoch. Schwergewichte unter den Raubkatzen bringen es auf bis zu 22 Kilogramm. Damit sind Luchse kleiner als zum Beispiel ein Sch\u00e4ferhund oder ein gro\u00dfer Golden Retriever, aber nat\u00fcrlich viel gr\u00f6\u00dfer als eine Hauskatze.<\/p>\n<p>Ihr getupftes Fell verschafft den Luchsen in den W\u00e4ldern eine perfekte Tarnung, au\u00dferdem ist es so warm und dicht, dass sie auch im Winter problemlos bei Eis und Schnee im Freien \u00fcberwintern k\u00f6nnen. Durch ihre langen Beine und ihre mit ganz vielen dicken Haaren bewachsenen Pfoten k\u00f6nnen sie auch im tiefen Schnee gut laufen.<\/p>\n<p>Fr\u00fcher gab es sie in ganz Europa, doch in unseren W\u00e4ldern wurden sie schon vor Jahrzehnten ausgerottet. Die Menschen machten Jagd auf die Tiere, weil sie keine Konkurrenz bei der Jagd auf Rehe und andere Wildtiere haben und sich mit dem sch\u00f6nen Pelz w\u00e4rmen und schm\u00fccken wollten. In den letzten Jahren ist es gelungen, in Gefangenschaft geborene Luchs wieder an das Leben in der freien Natur zu gew\u00f6hnen und sie auszuwildern. Im bayerischen Wald und im Harz streifen nun wieder frei lebende Luchse umher. Im <a href=\"http:\/\/www.luchserleben.de\">Nationalpark Bayerischer Wald<\/a> k\u00f6nnt Ihr dem Luchs auf der Spur sein und ihn mit viel Gl\u00fcck aus gro\u00dfer Entfernung einmal sehen &#8211; nat\u00fcrlich ohne ihn zu st\u00f6ren!<\/p>\n<p>Der Name Luchs kommt \u00fcbrigens vom griechischen Wort Lynx. Das bedeutet Licht, oder auch funkeln und leuchten. Wer einmal einem Luchs im Zoo oder Wildpark tief in die Augen gesehen hat wei\u00df, wieso das Tier diesen Namen bekommen hat.<\/p>\n<p>Der <a href=\"http:\/\/www.wildpark-schwarze-berge.de\/\">Wildpark Schwarze Berge<\/a> s\u00fcdlich von Hamburg hat den Luchs zu seinem Wappentier gemacht und f\u00fcr Euch Kinder die interaktive Figur <a href=\"http:\/\/www.wildpark-schwarze-berge.de\/lennyluchs\/\">Lenny Luchs<\/a> entwickelt.<\/p>\n<p style=\"text-align: right;\">Sandra-Valeska Bruhns<\/p>\n","protected":false},"excerpt":{"rendered":"<p>Ein dickes, puscheliges Fell, gro\u00dfe schwarze Tupfen auf sandfarbenen Haaren, ein kurzer, dicker Schwanz und an Pinselenden erinnernde Ohren: So sieht er aus, der Luchs, der fr\u00fcher in unsere W\u00e4lder geh\u00f6rte wie Reh, Hase und Igel. Doch nun leben nur noch wenige Luchse richtig wild und frei im Wald. Um sie zu sch\u00fctzen und ihren [&hellip;]<\/p>\n","protected":false},"author":217,"featured_media":0,"comment_status":"open","ping_status":"closed","sticky":false,"template":"","format":"standard","meta":{"_jetpack_memberships_contains_paid_content":false,"footnotes":""},"categories":[893,548,889],"tags":[9024,9025,2113,9023,9027,9026,9028,9022],"class_list":["post-8276","post","type-post","status-publish","format-standard","hentry","category-freizeit-und-sport","category-tiere","category-wissen","tag-dem-luchs-auf-der-spur","tag-freilebende-luchse","tag-luchs","tag-lynx","tag-pinselohren","tag-raubkatze","tag-wildpark-schwarze-berge","tag-wildtier-des-jahres"],"yoast_head":"<!-- This site is optimized with the Yoast SEO plugin v21.0 - https:\/\/yoast.com\/wordpress\/plugins\/seo\/ -->\n<title>Das Wildtier des Jahres 2011: Der Luchs - KinderZEIT-Blog<\/title>\n<meta name=\"robots\" content=\"index, follow, max-snippet:-1, max-image-preview:large, max-video-preview:-1\" \/>\n<link rel=\"canonical\" href=\"https:\/\/blog.zeit.de\/kinderzeit\/2011\/01\/17\/das-wildtier-des-jahres-2011-der-luchs_8276\" \/>\n<meta property=\"og:locale\" content=\"de_DE\" \/>\n<meta property=\"og:type\" content=\"article\" \/>\n<meta property=\"og:title\" content=\"Das Wildtier des Jahres 2011: Der Luchs - KinderZEIT-Blog\" \/>\n<meta property=\"og:description\" content=\"Ein dickes, puscheliges Fell, gro\u00dfe schwarze Tupfen auf sandfarbenen Haaren, ein kurzer, dicker Schwanz und an Pinselenden erinnernde Ohren: So sieht er aus, der Luchs, der fr\u00fcher in unsere W\u00e4lder geh\u00f6rte wie Reh, Hase und Igel. Doch nun leben nur noch wenige Luchse richtig wild und frei im Wald. Um sie zu sch\u00fctzen und ihren [&hellip;]\" \/>\n<meta property=\"og:url\" content=\"https:\/\/blog.zeit.de\/kinderzeit\/2011\/01\/17\/das-wildtier-des-jahres-2011-der-luchs_8276\" \/>\n<meta property=\"og:site_name\" content=\"KinderZEIT-Blog\" \/>\n<meta property=\"article:published_time\" content=\"2011-01-17T10:26:53+00:00\" \/>\n<meta property=\"article:modified_time\" content=\"2011-01-21T09:15:35+00:00\" \/>\n<meta property=\"og:image\" content=\"https:\/\/blog.zeit.de\/kinderzeit\/files\/2011\/01\/luchs1-540x392.jpg\" \/>\n<meta name=\"author\" content=\"Redaktion KinderZEIT\" \/>\n<meta name=\"twitter:card\" content=\"summary_large_image\" \/>\n<meta name=\"twitter:label1\" content=\"Verfasst von\" \/>\n\t<meta name=\"twitter:data1\" content=\"Redaktion KinderZEIT\" \/>\n\t<meta name=\"twitter:label2\" content=\"Gesch\u00e4tzte Lesezeit\" \/>\n\t<meta name=\"twitter:data2\" content=\"2\u00a0Minuten\" \/>\n<script type=\"application\/ld+json\" class=\"yoast-schema-graph\">{\"@context\":\"https:\/\/schema.org\",\"@graph\":[{\"@type\":\"WebPage\",\"@id\":\"https:\/\/blog.zeit.de\/kinderzeit\/2011\/01\/17\/das-wildtier-des-jahres-2011-der-luchs_8276\",\"url\":\"https:\/\/blog.zeit.de\/kinderzeit\/2011\/01\/17\/das-wildtier-des-jahres-2011-der-luchs_8276\",\"name\":\"Das Wildtier des Jahres 2011: Der Luchs - KinderZEIT-Blog\",\"isPartOf\":{\"@id\":\"https:\/\/blog.zeit.de\/kinderzeit\/#website\"},\"datePublished\":\"2011-01-17T10:26:53+00:00\",\"dateModified\":\"2011-01-21T09:15:35+00:00\",\"author\":{\"@id\":\"https:\/\/blog.zeit.de\/kinderzeit\/#\/schema\/person\/49470446f328463e8ea80b00b7d5da9c\"},\"breadcrumb\":{\"@id\":\"https:\/\/blog.zeit.de\/kinderzeit\/2011\/01\/17\/das-wildtier-des-jahres-2011-der-luchs_8276#breadcrumb\"},\"inLanguage\":\"de\",\"potentialAction\":[{\"@type\":\"ReadAction\",\"target\":[\"https:\/\/blog.zeit.de\/kinderzeit\/2011\/01\/17\/das-wildtier-des-jahres-2011-der-luchs_8276\"]}]},{\"@type\":\"BreadcrumbList\",\"@id\":\"https:\/\/blog.zeit.de\/kinderzeit\/2011\/01\/17\/das-wildtier-des-jahres-2011-der-luchs_8276#breadcrumb\",\"itemListElement\":[{\"@type\":\"ListItem\",\"position\":1,\"name\":\"Startseite\",\"item\":\"https:\/\/blog.zeit.de\/kinderzeit\"},{\"@type\":\"ListItem\",\"position\":2,\"name\":\"Das Wildtier des Jahres 2011: Der Luchs\"}]},{\"@type\":\"WebSite\",\"@id\":\"https:\/\/blog.zeit.de\/kinderzeit\/#website\",\"url\":\"https:\/\/blog.zeit.de\/kinderzeit\/\",\"name\":\"KinderZEIT-Blog\",\"description\":\"Politik, Kultur und R\u00e4tsel f\u00fcr junge Leser\",\"potentialAction\":[{\"@type\":\"SearchAction\",\"target\":{\"@type\":\"EntryPoint\",\"urlTemplate\":\"https:\/\/blog.zeit.de\/kinderzeit\/?s={search_term_string}\"},\"query-input\":\"required name=search_term_string\"}],\"inLanguage\":\"de\"},{\"@type\":\"Person\",\"@id\":\"https:\/\/blog.zeit.de\/kinderzeit\/#\/schema\/person\/49470446f328463e8ea80b00b7d5da9c\",\"name\":\"Redaktion KinderZEIT\",\"image\":{\"@type\":\"ImageObject\",\"inLanguage\":\"de\",\"@id\":\"https:\/\/blog.zeit.de\/kinderzeit\/#\/schema\/person\/image\/\",\"url\":\"https:\/\/secure.gravatar.com\/avatar\/e613a4a2ad2bd6413584eec4b8dd51cb549f6f87f7a858de5437c6df45ca1659?s=96&d=mm&r=g\",\"contentUrl\":\"https:\/\/secure.gravatar.com\/avatar\/e613a4a2ad2bd6413584eec4b8dd51cb549f6f87f7a858de5437c6df45ca1659?s=96&d=mm&r=g\",\"caption\":\"Redaktion KinderZEIT\"},\"url\":\"https:\/\/blog.zeit.de\/kinderzeit\/author\/sandra-valeska-bruhns\"}]}<\/script>\n<!-- \/ Yoast SEO plugin. -->","yoast_head_json":{"title":"Das Wildtier des Jahres 2011: Der Luchs - KinderZEIT-Blog","robots":{"index":"index","follow":"follow","max-snippet":"max-snippet:-1","max-image-preview":"max-image-preview:large","max-video-preview":"max-video-preview:-1"},"canonical":"https:\/\/blog.zeit.de\/kinderzeit\/2011\/01\/17\/das-wildtier-des-jahres-2011-der-luchs_8276","og_locale":"de_DE","og_type":"article","og_title":"Das Wildtier des Jahres 2011: Der Luchs - KinderZEIT-Blog","og_description":"Ein dickes, puscheliges Fell, gro\u00dfe schwarze Tupfen auf sandfarbenen Haaren, ein kurzer, dicker Schwanz und an Pinselenden erinnernde Ohren: So sieht er aus, der Luchs, der fr\u00fcher in unsere W\u00e4lder geh\u00f6rte wie Reh, Hase und Igel. Doch nun leben nur noch wenige Luchse richtig wild und frei im Wald. Um sie zu sch\u00fctzen und ihren [&hellip;]","og_url":"https:\/\/blog.zeit.de\/kinderzeit\/2011\/01\/17\/das-wildtier-des-jahres-2011-der-luchs_8276","og_site_name":"KinderZEIT-Blog","article_published_time":"2011-01-17T10:26:53+00:00","article_modified_time":"2011-01-21T09:15:35+00:00","og_image":[{"url":"https:\/\/blog.zeit.de\/kinderzeit\/files\/2011\/01\/luchs1-540x392.jpg"}],"author":"Redaktion KinderZEIT","twitter_card":"summary_large_image","twitter_misc":{"Verfasst von":"Redaktion KinderZEIT","Gesch\u00e4tzte Lesezeit":"2\u00a0Minuten"},"schema":{"@context":"https:\/\/schema.org","@graph":[{"@type":"WebPage","@id":"https:\/\/blog.zeit.de\/kinderzeit\/2011\/01\/17\/das-wildtier-des-jahres-2011-der-luchs_8276","url":"https:\/\/blog.zeit.de\/kinderzeit\/2011\/01\/17\/das-wildtier-des-jahres-2011-der-luchs_8276","name":"Das Wildtier des Jahres 2011: Der Luchs - KinderZEIT-Blog","isPartOf":{"@id":"https:\/\/blog.zeit.de\/kinderzeit\/#website"},"datePublished":"2011-01-17T10:26:53+00:00","dateModified":"2011-01-21T09:15:35+00:00","author":{"@id":"https:\/\/blog.zeit.de\/kinderzeit\/#\/schema\/person\/49470446f328463e8ea80b00b7d5da9c"},"breadcrumb":{"@id":"https:\/\/blog.zeit.de\/kinderzeit\/2011\/01\/17\/das-wildtier-des-jahres-2011-der-luchs_8276#breadcrumb"},"inLanguage":"de","potentialAction":[{"@type":"ReadAction","target":["https:\/\/blog.zeit.de\/kinderzeit\/2011\/01\/17\/das-wildtier-des-jahres-2011-der-luchs_8276"]}]},{"@type":"BreadcrumbList","@id":"https:\/\/blog.zeit.de\/kinderzeit\/2011\/01\/17\/das-wildtier-des-jahres-2011-der-luchs_8276#breadcrumb","itemListElement":[{"@type":"ListItem","position":1,"name":"Startseite","item":"https:\/\/blog.zeit.de\/kinderzeit"},{"@type":"ListItem","position":2,"name":"Das Wildtier des Jahres 2011: Der Luchs"}]},{"@type":"WebSite","@id":"https:\/\/blog.zeit.de\/kinderzeit\/#website","url":"https:\/\/blog.zeit.de\/kinderzeit\/","name":"KinderZEIT-Blog","description":"Politik, Kultur und R\u00e4tsel f\u00fcr junge Leser","potentialAction":[{"@type":"SearchAction","target":{"@type":"EntryPoint","urlTemplate":"https:\/\/blog.zeit.de\/kinderzeit\/?s={search_term_string}"},"query-input":"required name=search_term_string"}],"inLanguage":"de"},{"@type":"Person","@id":"https:\/\/blog.zeit.de\/kinderzeit\/#\/schema\/person\/49470446f328463e8ea80b00b7d5da9c","name":"Redaktion KinderZEIT","image":{"@type":"ImageObject","inLanguage":"de","@id":"https:\/\/blog.zeit.de\/kinderzeit\/#\/schema\/person\/image\/","url":"https:\/\/secure.gravatar.com\/avatar\/e613a4a2ad2bd6413584eec4b8dd51cb549f6f87f7a858de5437c6df45ca1659?s=96&d=mm&r=g","contentUrl":"https:\/\/secure.gravatar.com\/avatar\/e613a4a2ad2bd6413584eec4b8dd51cb549f6f87f7a858de5437c6df45ca1659?s=96&d=mm&r=g","caption":"Redaktion KinderZEIT"},"url":"https:\/\/blog.zeit.de\/kinderzeit\/author\/sandra-valeska-bruhns"}]}},"jetpack_featured_media_url":"","jetpack_sharing_enabled":true,"_links":{"self":[{"href":"https:\/\/blog.zeit.de\/kinderzeit\/wp-json\/wp\/v2\/posts\/8276","targetHints":{"allow":["GET"]}}],"collection":[{"href":"https:\/\/blog.zeit.de\/kinderzeit\/wp-json\/wp\/v2\/posts"}],"about":[{"href":"https:\/\/blog.zeit.de\/kinderzeit\/wp-json\/wp\/v2\/types\/post"}],"author":[{"embeddable":true,"href":"https:\/\/blog.zeit.de\/kinderzeit\/wp-json\/wp\/v2\/users\/217"}],"replies":[{"embeddable":true,"href":"https:\/\/blog.zeit.de\/kinderzeit\/wp-json\/wp\/v2\/comments?post=8276"}],"version-history":[{"count":10,"href":"https:\/\/blog.zeit.de\/kinderzeit\/wp-json\/wp\/v2\/posts\/8276\/revisions"}],"predecessor-version":[{"id":8287,"href":"https:\/\/blog.zeit.de\/kinderzeit\/wp-json\/wp\/v2\/posts\/8276\/revisions\/8287"}],"wp:attachment":[{"href":"https:\/\/blog.zeit.de\/kinderzeit\/wp-json\/wp\/v2\/media?parent=8276"}],"wp:term":[{"taxonomy":"category","embeddable":true,"href":"https:\/\/blog.zeit.de\/kinderzeit\/wp-json\/wp\/v2\/categories?post=8276"},{"taxonomy":"post_tag","embeddable":true,"href":"https:\/\/blog.zeit.de\/kinderzeit\/wp-json\/wp\/v2\/tags?post=8276"}],"curies":[{"name":"wp","href":"https:\/\/api.w.org\/{rel}","templated":true}]}}