{"id":8493,"date":"2011-02-04T10:00:13","date_gmt":"2011-02-04T09:00:13","guid":{"rendered":"http:\/\/blog.zeit.de\/kinderzeit\/?p=8493"},"modified":"2011-02-03T11:09:27","modified_gmt":"2011-02-03T10:09:27","slug":"buchtipp-deutsche-gegen-turken-polen-gegen-araber","status":"publish","type":"post","link":"https:\/\/blog.zeit.de\/kinderzeit\/2011\/02\/04\/buchtipp-deutsche-gegen-turken-polen-gegen-araber_8493","title":{"rendered":"Buchtipp: Deutsche gegen T\u00fcrken? Polen gegen Araber?"},"content":{"rendered":"<p><figure id=\"attachment_8499\" aria-describedby=\"caption-attachment-8499\" style=\"width: 225px\" class=\"wp-caption alignleft\"><img loading=\"lazy\" decoding=\"async\" class=\"size-medium wp-image-8499\" title=\"Blutsbr\u00fcder_3D-35219\" src=\"https:\/\/blog.zeit.de\/kinderzeit\/files\/2011\/02\/Blutsbr\u00fcder_3D-35219-225x300.jpg\" alt=\"\" width=\"225\" height=\"300\" srcset=\"https:\/\/blog.zeit.de\/kinderzeit\/files\/2011\/02\/Blutsbr\u00fcder_3D-35219-225x300.jpg 225w, https:\/\/blog.zeit.de\/kinderzeit\/files\/2011\/02\/Blutsbr\u00fcder_3D-35219-405x540.jpg 405w, https:\/\/blog.zeit.de\/kinderzeit\/files\/2011\/02\/Blutsbr\u00fcder_3D-35219.jpg 1800w\" sizes=\"auto, (max-width: 225px) 100vw, 225px\" \/><figcaption id=\"caption-attachment-8499\" class=\"wp-caption-text\">Ravensburger Verlag<\/figcaption><\/figure><\/p>\n<p>Was Nazis sind, wisst Ihr. Aber ist jeder, der gegen Ausl\u00e4nder ist, auch gleich ein Nazi? Und was ist, wenn sich die Ausl\u00e4nder untereinander auch nicht leiden k\u00f6nnen? Wenn sich Gangs bilden aus Polen, T\u00fcrken und Russen? Dann entsteht ein Kampf der Jugendbanden mitten in unseren St\u00e4dten, der mit aller Macht ausgetragen wird. Ein Kampf, der eine tiefe Kluft zwischen Schulfreunde treiben kann. Und die m\u00fcssen sich dann entscheiden, auf welcher Seite sie stehen.<!--more--><\/p>\n<p>Was sich der Berliner Autor Michael Wildenhain f\u00fcr seinen Roman ausgedacht hat, ist erschreckend nah an der Wirklichkeit. In Vierteln wie dem Berliner Kreuzberg oder der Lenz-Siedlung in Hamburg. Jugendlich aus verschiedenen L\u00e4ndern, mit unterschiedlichen Sitten und Gebr\u00e4uchen aufgewachsen, sollen miteinander klarkommen. Aber statt Respekt und Toleranz gibt es Feindschaft und Hass.<\/p>\n<p>In dem Roman &#8222;Blutsbr\u00fcder&#8220; sind es die Freunde Darius und Hakan, die seit der Grundschule gemeinsam durch dick und d\u00fcnn gehen. Hakan, selbst T\u00fcrke, stellt auf einmal fest, dass die Probleme im Viertel gar nicht von den Nazis ausgehen, sondern von den gewaltbereiten T\u00fcrken. Die will er nun bek\u00e4mpfen. Aber Darius wei\u00df nicht, auf welche Seite er sich schlagen soll. Denn er will aus seinem bisherigen Leben ausbrechen. Raus aus der elterlichen Wohnung mit seinem Vater, der viel zu viel trinkt. Er will sein Abi machen, studieren, Zeit mit seiner Freundin verbringen. Doch seinen &#8222;Blutsbruder&#8220; Hakan kann er auch nicht im Stich lassen, als dessen Streit mit Emre brutal und gef\u00e4hrlich wird. Denn hier geht es um Ehre, Vertrauen, Verl\u00e4sslichkeit und Freundschaft.<\/p>\n<p>Michael Wildenhain wei\u00df, wovon er schreibt. Er lebt in Berlin, kennt die Jugendszene und ist alles andere als ein braver, unauff\u00e4lliger Schriftsteller, der sich nur ausdenkt, was er die Jugendlichen in seinen Romanen erleben l\u00e4sst. In seinen B\u00fcchern f\u00fcr Jugendliche schreibt er vor allem \u00fcber Jugendgewalt, Rechtsradikale und den &#8222;Deutschen Herbst&#8220; 1989, als in Berlin die Mauer, die die Stadt in zwei Teile trennte, durchbrochen wurde.<\/p>\n<p>Um sein neues Buch &#8222;Blutsbr\u00fcder&#8220; verstehen zu k\u00f6nnen, m\u00fcsst Ihr Euch nicht in Berlin auskennen. Die Geschichte von Hakan und Darius kann sich genauso gut in einer anderen deutschen Stadt zugetragen haben.<\/p>\n<p style=\"text-align: right;\"><em>svb<\/em><\/p>\n<p>Michael Wildenhain<br \/>\n<strong>Blutsbr\u00fcder<\/strong><br \/>\nRavensburger<br \/>\n2011, ab 12 Jahre<br \/>\n14,95 Euro<\/p>\n","protected":false},"excerpt":{"rendered":"<p>Was Nazis sind, wisst Ihr. Aber ist jeder, der gegen Ausl\u00e4nder ist, auch gleich ein Nazi? Und was ist, wenn sich die Ausl\u00e4nder untereinander auch nicht leiden k\u00f6nnen? Wenn sich Gangs bilden aus Polen, T\u00fcrken und Russen? Dann entsteht ein Kampf der Jugendbanden mitten in unseren St\u00e4dten, der mit aller Macht ausgetragen wird. Ein Kampf, [&hellip;]<\/p>\n","protected":false},"author":217,"featured_media":0,"comment_status":"open","ping_status":"closed","sticky":false,"template":"","format":"standard","meta":{"_jetpack_memberships_contains_paid_content":false,"footnotes":""},"categories":[1157,391],"tags":[9827,9824,8122,9829,9825,9826,9823,1709,9830],"class_list":["post-8493","post","type-post","status-publish","format-standard","hentry","category-buchtipp-hortipp-filmtipp-fernsehtipp","category-kinder","tag-autonome-szene","tag-blutsbruder-ravensburger","tag-bucher-fur-kinder","tag-jiugendbanden","tag-jugendgewalt","tag-kreuzberg","tag-michael-wildenhain","tag-nazis","tag-neuerscheinungen-januar-2011"],"yoast_head":"<!-- This site is optimized with the Yoast SEO plugin v21.0 - https:\/\/yoast.com\/wordpress\/plugins\/seo\/ -->\n<title>Buchtipp: Deutsche gegen T\u00fcrken? Polen gegen Araber? - KinderZEIT-Blog<\/title>\n<meta name=\"robots\" content=\"index, follow, max-snippet:-1, max-image-preview:large, max-video-preview:-1\" \/>\n<link rel=\"canonical\" href=\"https:\/\/blog.zeit.de\/kinderzeit\/2011\/02\/04\/buchtipp-deutsche-gegen-turken-polen-gegen-araber_8493\" \/>\n<meta property=\"og:locale\" content=\"de_DE\" \/>\n<meta property=\"og:type\" content=\"article\" \/>\n<meta property=\"og:title\" content=\"Buchtipp: Deutsche gegen T\u00fcrken? Polen gegen Araber? - KinderZEIT-Blog\" \/>\n<meta property=\"og:description\" content=\"Was Nazis sind, wisst Ihr. Aber ist jeder, der gegen Ausl\u00e4nder ist, auch gleich ein Nazi? Und was ist, wenn sich die Ausl\u00e4nder untereinander auch nicht leiden k\u00f6nnen? Wenn sich Gangs bilden aus Polen, T\u00fcrken und Russen? Dann entsteht ein Kampf der Jugendbanden mitten in unseren St\u00e4dten, der mit aller Macht ausgetragen wird. Ein Kampf, [&hellip;]\" \/>\n<meta property=\"og:url\" content=\"https:\/\/blog.zeit.de\/kinderzeit\/2011\/02\/04\/buchtipp-deutsche-gegen-turken-polen-gegen-araber_8493\" \/>\n<meta property=\"og:site_name\" content=\"KinderZEIT-Blog\" \/>\n<meta property=\"article:published_time\" content=\"2011-02-04T09:00:13+00:00\" \/>\n<meta property=\"article:modified_time\" content=\"2011-02-03T10:09:27+00:00\" \/>\n<meta name=\"author\" content=\"Redaktion KinderZEIT\" \/>\n<meta name=\"twitter:card\" content=\"summary_large_image\" \/>\n<meta name=\"twitter:label1\" content=\"Verfasst von\" \/>\n\t<meta name=\"twitter:data1\" content=\"Redaktion KinderZEIT\" \/>\n\t<meta name=\"twitter:label2\" content=\"Gesch\u00e4tzte Lesezeit\" \/>\n\t<meta name=\"twitter:data2\" content=\"2\u00a0Minuten\" \/>\n<script type=\"application\/ld+json\" class=\"yoast-schema-graph\">{\"@context\":\"https:\/\/schema.org\",\"@graph\":[{\"@type\":\"WebPage\",\"@id\":\"https:\/\/blog.zeit.de\/kinderzeit\/2011\/02\/04\/buchtipp-deutsche-gegen-turken-polen-gegen-araber_8493\",\"url\":\"https:\/\/blog.zeit.de\/kinderzeit\/2011\/02\/04\/buchtipp-deutsche-gegen-turken-polen-gegen-araber_8493\",\"name\":\"Buchtipp: Deutsche gegen T\u00fcrken? Polen gegen Araber? - KinderZEIT-Blog\",\"isPartOf\":{\"@id\":\"https:\/\/blog.zeit.de\/kinderzeit\/#website\"},\"datePublished\":\"2011-02-04T09:00:13+00:00\",\"dateModified\":\"2011-02-03T10:09:27+00:00\",\"author\":{\"@id\":\"https:\/\/blog.zeit.de\/kinderzeit\/#\/schema\/person\/49470446f328463e8ea80b00b7d5da9c\"},\"breadcrumb\":{\"@id\":\"https:\/\/blog.zeit.de\/kinderzeit\/2011\/02\/04\/buchtipp-deutsche-gegen-turken-polen-gegen-araber_8493#breadcrumb\"},\"inLanguage\":\"de\",\"potentialAction\":[{\"@type\":\"ReadAction\",\"target\":[\"https:\/\/blog.zeit.de\/kinderzeit\/2011\/02\/04\/buchtipp-deutsche-gegen-turken-polen-gegen-araber_8493\"]}]},{\"@type\":\"BreadcrumbList\",\"@id\":\"https:\/\/blog.zeit.de\/kinderzeit\/2011\/02\/04\/buchtipp-deutsche-gegen-turken-polen-gegen-araber_8493#breadcrumb\",\"itemListElement\":[{\"@type\":\"ListItem\",\"position\":1,\"name\":\"Startseite\",\"item\":\"https:\/\/blog.zeit.de\/kinderzeit\"},{\"@type\":\"ListItem\",\"position\":2,\"name\":\"Buchtipp: Deutsche gegen T\u00fcrken? Polen gegen Araber?\"}]},{\"@type\":\"WebSite\",\"@id\":\"https:\/\/blog.zeit.de\/kinderzeit\/#website\",\"url\":\"https:\/\/blog.zeit.de\/kinderzeit\/\",\"name\":\"KinderZEIT-Blog\",\"description\":\"Politik, Kultur und R\u00e4tsel f\u00fcr junge Leser\",\"potentialAction\":[{\"@type\":\"SearchAction\",\"target\":{\"@type\":\"EntryPoint\",\"urlTemplate\":\"https:\/\/blog.zeit.de\/kinderzeit\/?s={search_term_string}\"},\"query-input\":\"required name=search_term_string\"}],\"inLanguage\":\"de\"},{\"@type\":\"Person\",\"@id\":\"https:\/\/blog.zeit.de\/kinderzeit\/#\/schema\/person\/49470446f328463e8ea80b00b7d5da9c\",\"name\":\"Redaktion KinderZEIT\",\"image\":{\"@type\":\"ImageObject\",\"inLanguage\":\"de\",\"@id\":\"https:\/\/blog.zeit.de\/kinderzeit\/#\/schema\/person\/image\/\",\"url\":\"https:\/\/secure.gravatar.com\/avatar\/e613a4a2ad2bd6413584eec4b8dd51cb549f6f87f7a858de5437c6df45ca1659?s=96&d=mm&r=g\",\"contentUrl\":\"https:\/\/secure.gravatar.com\/avatar\/e613a4a2ad2bd6413584eec4b8dd51cb549f6f87f7a858de5437c6df45ca1659?s=96&d=mm&r=g\",\"caption\":\"Redaktion KinderZEIT\"},\"url\":\"https:\/\/blog.zeit.de\/kinderzeit\/author\/sandra-valeska-bruhns\"}]}<\/script>\n<!-- \/ Yoast SEO plugin. -->","yoast_head_json":{"title":"Buchtipp: Deutsche gegen T\u00fcrken? Polen gegen Araber? - KinderZEIT-Blog","robots":{"index":"index","follow":"follow","max-snippet":"max-snippet:-1","max-image-preview":"max-image-preview:large","max-video-preview":"max-video-preview:-1"},"canonical":"https:\/\/blog.zeit.de\/kinderzeit\/2011\/02\/04\/buchtipp-deutsche-gegen-turken-polen-gegen-araber_8493","og_locale":"de_DE","og_type":"article","og_title":"Buchtipp: Deutsche gegen T\u00fcrken? Polen gegen Araber? - KinderZEIT-Blog","og_description":"Was Nazis sind, wisst Ihr. Aber ist jeder, der gegen Ausl\u00e4nder ist, auch gleich ein Nazi? Und was ist, wenn sich die Ausl\u00e4nder untereinander auch nicht leiden k\u00f6nnen? Wenn sich Gangs bilden aus Polen, T\u00fcrken und Russen? Dann entsteht ein Kampf der Jugendbanden mitten in unseren St\u00e4dten, der mit aller Macht ausgetragen wird. Ein Kampf, [&hellip;]","og_url":"https:\/\/blog.zeit.de\/kinderzeit\/2011\/02\/04\/buchtipp-deutsche-gegen-turken-polen-gegen-araber_8493","og_site_name":"KinderZEIT-Blog","article_published_time":"2011-02-04T09:00:13+00:00","article_modified_time":"2011-02-03T10:09:27+00:00","author":"Redaktion KinderZEIT","twitter_card":"summary_large_image","twitter_misc":{"Verfasst von":"Redaktion KinderZEIT","Gesch\u00e4tzte Lesezeit":"2\u00a0Minuten"},"schema":{"@context":"https:\/\/schema.org","@graph":[{"@type":"WebPage","@id":"https:\/\/blog.zeit.de\/kinderzeit\/2011\/02\/04\/buchtipp-deutsche-gegen-turken-polen-gegen-araber_8493","url":"https:\/\/blog.zeit.de\/kinderzeit\/2011\/02\/04\/buchtipp-deutsche-gegen-turken-polen-gegen-araber_8493","name":"Buchtipp: Deutsche gegen T\u00fcrken? Polen gegen Araber? - KinderZEIT-Blog","isPartOf":{"@id":"https:\/\/blog.zeit.de\/kinderzeit\/#website"},"datePublished":"2011-02-04T09:00:13+00:00","dateModified":"2011-02-03T10:09:27+00:00","author":{"@id":"https:\/\/blog.zeit.de\/kinderzeit\/#\/schema\/person\/49470446f328463e8ea80b00b7d5da9c"},"breadcrumb":{"@id":"https:\/\/blog.zeit.de\/kinderzeit\/2011\/02\/04\/buchtipp-deutsche-gegen-turken-polen-gegen-araber_8493#breadcrumb"},"inLanguage":"de","potentialAction":[{"@type":"ReadAction","target":["https:\/\/blog.zeit.de\/kinderzeit\/2011\/02\/04\/buchtipp-deutsche-gegen-turken-polen-gegen-araber_8493"]}]},{"@type":"BreadcrumbList","@id":"https:\/\/blog.zeit.de\/kinderzeit\/2011\/02\/04\/buchtipp-deutsche-gegen-turken-polen-gegen-araber_8493#breadcrumb","itemListElement":[{"@type":"ListItem","position":1,"name":"Startseite","item":"https:\/\/blog.zeit.de\/kinderzeit"},{"@type":"ListItem","position":2,"name":"Buchtipp: Deutsche gegen T\u00fcrken? Polen gegen Araber?"}]},{"@type":"WebSite","@id":"https:\/\/blog.zeit.de\/kinderzeit\/#website","url":"https:\/\/blog.zeit.de\/kinderzeit\/","name":"KinderZEIT-Blog","description":"Politik, Kultur und R\u00e4tsel f\u00fcr junge Leser","potentialAction":[{"@type":"SearchAction","target":{"@type":"EntryPoint","urlTemplate":"https:\/\/blog.zeit.de\/kinderzeit\/?s={search_term_string}"},"query-input":"required name=search_term_string"}],"inLanguage":"de"},{"@type":"Person","@id":"https:\/\/blog.zeit.de\/kinderzeit\/#\/schema\/person\/49470446f328463e8ea80b00b7d5da9c","name":"Redaktion KinderZEIT","image":{"@type":"ImageObject","inLanguage":"de","@id":"https:\/\/blog.zeit.de\/kinderzeit\/#\/schema\/person\/image\/","url":"https:\/\/secure.gravatar.com\/avatar\/e613a4a2ad2bd6413584eec4b8dd51cb549f6f87f7a858de5437c6df45ca1659?s=96&d=mm&r=g","contentUrl":"https:\/\/secure.gravatar.com\/avatar\/e613a4a2ad2bd6413584eec4b8dd51cb549f6f87f7a858de5437c6df45ca1659?s=96&d=mm&r=g","caption":"Redaktion KinderZEIT"},"url":"https:\/\/blog.zeit.de\/kinderzeit\/author\/sandra-valeska-bruhns"}]}},"jetpack_featured_media_url":"","jetpack_sharing_enabled":true,"_links":{"self":[{"href":"https:\/\/blog.zeit.de\/kinderzeit\/wp-json\/wp\/v2\/posts\/8493","targetHints":{"allow":["GET"]}}],"collection":[{"href":"https:\/\/blog.zeit.de\/kinderzeit\/wp-json\/wp\/v2\/posts"}],"about":[{"href":"https:\/\/blog.zeit.de\/kinderzeit\/wp-json\/wp\/v2\/types\/post"}],"author":[{"embeddable":true,"href":"https:\/\/blog.zeit.de\/kinderzeit\/wp-json\/wp\/v2\/users\/217"}],"replies":[{"embeddable":true,"href":"https:\/\/blog.zeit.de\/kinderzeit\/wp-json\/wp\/v2\/comments?post=8493"}],"version-history":[{"count":11,"href":"https:\/\/blog.zeit.de\/kinderzeit\/wp-json\/wp\/v2\/posts\/8493\/revisions"}],"predecessor-version":[{"id":8505,"href":"https:\/\/blog.zeit.de\/kinderzeit\/wp-json\/wp\/v2\/posts\/8493\/revisions\/8505"}],"wp:attachment":[{"href":"https:\/\/blog.zeit.de\/kinderzeit\/wp-json\/wp\/v2\/media?parent=8493"}],"wp:term":[{"taxonomy":"category","embeddable":true,"href":"https:\/\/blog.zeit.de\/kinderzeit\/wp-json\/wp\/v2\/categories?post=8493"},{"taxonomy":"post_tag","embeddable":true,"href":"https:\/\/blog.zeit.de\/kinderzeit\/wp-json\/wp\/v2\/tags?post=8493"}],"curies":[{"name":"wp","href":"https:\/\/api.w.org\/{rel}","templated":true}]}}