{"id":9304,"date":"2011-05-03T10:00:09","date_gmt":"2011-05-03T08:00:09","guid":{"rendered":"http:\/\/blog.zeit.de\/kinderzeit\/?p=9304"},"modified":"2011-05-02T21:37:22","modified_gmt":"2011-05-02T19:37:22","slug":"gecko-vor-lesegeschichte-erdbeben-im-wasserglas","status":"publish","type":"post","link":"https:\/\/blog.zeit.de\/kinderzeit\/2011\/05\/03\/gecko-vor-lesegeschichte-erdbeben-im-wasserglas_9304","title":{"rendered":"Gecko (Vor-)lesegeschichte: Erdbeben im Wasserglas"},"content":{"rendered":"<p><a rel=\"attachment wp-att-9309\" href=\"https:\/\/blog.zeit.de\/kinderzeit\/2011\/05\/03\/gecko-vor-lesegeschichte-erdbeben-im-wasserglas_9304\/erdebeben1\"><img loading=\"lazy\" decoding=\"async\" class=\"alignleft size-full wp-image-9309\" title=\"erdebeben1\" src=\"https:\/\/blog.zeit.de\/kinderzeit\/files\/2011\/05\/erdebeben1.jpg\" alt=\"\" width=\"300\" height=\"176\" \/><\/a><\/p>\n<p><strong>Gecko<\/strong> ist ein tolles Magazin f\u00fcr Kinder. Ohne nervige Werbung,  daf\u00fcr mit sch\u00f6nen Kurzgeschichten und genau passenden Zeichnungen.<br \/>\nFast wie ein Bilderbuch, nur, dass Gecko auch noch ein paar Bastelideen  dabei hat. Diesmal haben wir f\u00fcr Euch eine ganz besondere Geschichte. Sie hei\u00dft <strong>&#8222;Erdbeben im Wasserglas&#8220;<\/strong> und ist so gut, dass\u00a0\u00a0 Gabriele Matzantke, die sich die Geschichte ausgedacht hat, daf\u00fcr mit dem Gecko Autorenpreis 2010 ausgezeichnet wurde. Ihre Geschichte \u00fcber einen alten, an Alzheimer erkrankten Opa und seinen Enkel, war die beste aus \u00fcber 100 Einsendungen! Im aktuellen Gecko und hier bei der KinderZEIT k\u00f6nnt Ihr sie nun lesen. Die Illustrationen sind von Nele Palmtag.<!--more--><\/p>\n<p><strong><em>Erdbeben im Wasserglas<\/em><\/strong><\/p>\n<p>\u00bbOpa ist alt und nicht mehr gesund. Er braucht jetzt unsere Hilfe\u00ab, hat Mama gesagt, als Opa Peter bei ihnen einzog. Das Zusammenleben mit seinem Gro\u00dfvater hat Paul sich anders vorgestellt. Krank sieht er gar nicht aus, nur alt. Allerdings verh\u00e4lt er sich neuerdings irgendwie komisch. Opa vergisst ganz viele Dinge, den Paul zum Beispiel. Morgens am Fr\u00fchst\u00fcckstisch ruft er: \u00bbGuten Morgen. Mein Name ist Peter Weber. Und wer bist du?\u00ab Dabei steht Opa auf, macht eine Verbeugung und reicht Paul die Hand.<\/p>\n<p>Ein Junge aus der Nachbarschaft denkt, dass Opa verr\u00fcckt ist, weil er sich auch an ihn nicht erinnert. \u00bbIst er nicht!\u00ab, schreit Paul w\u00fctend. Er mag nicht, wenn jemand so \u00fcber Opa redet.<\/p>\n<p><a rel=\"attachment wp-att-9310\" href=\"https:\/\/blog.zeit.de\/kinderzeit\/2011\/05\/03\/gecko-vor-lesegeschichte-erdbeben-im-wasserglas_9304\/erdbeben2\"><img loading=\"lazy\" decoding=\"async\" class=\"alignright size-full wp-image-9310\" title=\"erdbeben2\" src=\"https:\/\/blog.zeit.de\/kinderzeit\/files\/2011\/05\/erdbeben2.jpg\" alt=\"\" width=\"250\" height=\"267\" \/><\/a><\/p>\n<p>Dass Opa Peter einfach nur krank ist, ist schwer zu verstehen. Er sieht ja v\u00f6llig normal aus, wie Opas eben aussehen. Fr\u00fcher haben er und Paul viel gemeinsam unternommen bis Opa seltsam wurde. Immer wenn er Paul sieht, l\u00e4chelt er erfreut und fragt: \u00bbWer bist denn du?\u00ab oder \u00bbWie kommst du denn hierher?\u00ab<\/p>\n<p>Es ist ganz sch\u00f6n anstrengend, alles immer zu wiederholen. Opa vergisst sogar, was es zu Mittag gab, und das obwohl Mama ihm sein Lieblingsgericht, Schweinebraten mit Kl\u00f6\u00dfen, gekocht hat.<\/p>\n<p>Auf die Stra\u00dfe darf Opa nicht mehr alleine. Er findet den Heimweg nicht, weil er die Adresse vergisst. Manchmal merkt man gar nicht, dass er anders geworden ist. Beim Fu\u00dfballspielen im Garten mit Paul zum Beispiel. Dann ist Opa wie fr\u00fcher. Er lacht und erz\u00e4hlt von all seinen Freunden, und dass er mal Fu\u00dfballprofi werden wollte. Auch wie er sich zum ersten Mal verliebt hat, wei\u00df er noch ganz genau. \u00bbLeni war das sch\u00f6nste M\u00e4dchen weit und breit.\u00ab<\/p>\n<p>Dabei strahlt Opas Gesicht und er sieht gl\u00fccklich aus. Das mag Paul. Er fragt Mama: \u00bbWarum erinnert er sich genau an damals, aber nicht mehr an mich oder heute Morgen?\u00ab \u00bbSetz dich zu mir. Ich versuche mal, dir das zu erkl\u00e4ren.\u00ab<\/p>\n<p>\u00bbOpa hat eine Krankheit, die man Alzheimer nennt. Diese Krankheit l\u00e4sst ihn neue Erlebnisse vergessen. Ich zeig dir mal wie das funktioniert.\u00ab<\/p>\n<p><a rel=\"attachment wp-att-9320\" href=\"https:\/\/blog.zeit.de\/kinderzeit\/2011\/05\/03\/gecko-vor-lesegeschichte-erdbeben-im-wasserglas_9304\/erdbeben4-2\"><img loading=\"lazy\" decoding=\"async\" class=\"alignright size-full wp-image-9320\" title=\"erdbeben4\" src=\"https:\/\/blog.zeit.de\/kinderzeit\/files\/2011\/05\/erdbeben41.jpg\" alt=\"\" width=\"300\" height=\"327\" srcset=\"https:\/\/blog.zeit.de\/kinderzeit\/files\/2011\/05\/erdbeben41.jpg 300w, https:\/\/blog.zeit.de\/kinderzeit\/files\/2011\/05\/erdbeben41-275x300.jpg 275w\" sizes=\"auto, (max-width: 300px) 100vw, 300px\" \/><\/a><\/p>\n<p>Mama stellt ein Glas auf den Tisch und holt eine Flasche Wasser und einen Filzstift. Mit dem Stift malt sie drei Markierungen aufs Glas. Eine ist kurz \u00fcber dem Boden, eine in der Mitte und eine ganz oben am Rand. \u00bbStell dir vor, das Wasserglas ist Opas Kopf und das Wasser, das ich nun hineingie\u00dfe, sind seine Erinnerungen.\u00ab Sie f\u00fcllt das Glas bis zur unteren Markierung. \u00bbDas sind Opas Erinnerungen an seine Kindheit.\u00ab Dann sch\u00fcttet sie bis zur zweiten Markierung nach. Das Glas ist jetzt halbvoll. \u00bbDas sind seine Erinnerungen an die Jugend, wie er zum Beispiel als junger Mann Oma Leni kennenlernte.\u00ab Jetzt sch\u00fcttet sie das Glas randvoll bis zum oberen Strich. \u00bbHier sind all seine anderen Erinnerungen, und ganz oben sind die von heute.\u00ab<\/p>\n<p>\u00bbWas jetzt mit Opa passiert, ist wie ein Erdbeben im Wasserglas.\u00ab Mit der Hand umfasst Mama das Glas und bewegt es hin und her. Dabei kippt und wippt sie es ein wenig. Das Wasser schwappt aus dem Glas heraus. \u00bbSiehst du, was ich meine?\u00ab Paul nickt und h\u00f6rt weiter zu.<\/p>\n<p><a rel=\"attachment wp-att-9315\" href=\"https:\/\/blog.zeit.de\/kinderzeit\/2011\/05\/03\/gecko-vor-lesegeschichte-erdbeben-im-wasserglas_9304\/erdbeben5-2\"><img loading=\"lazy\" decoding=\"async\" class=\"alignleft size-full wp-image-9315\" title=\"erdbeben5\" src=\"https:\/\/blog.zeit.de\/kinderzeit\/files\/2011\/05\/erdbeben51.jpg\" alt=\"\" width=\"250\" height=\"262\" \/><\/a><\/p>\n<p>\u00bbDas Erdbeben im Wasserglas ist wie Opas Krankheit. Alles was oben ist und neu dazu kommt, wird fortgesp\u00fclt. Nur was weiter zur\u00fcck liegt, seine Kindheit und Jugend ist da geblieben so wie das Wasser unten im Glas. Er wei\u00df weder, dass er dein Opa ist, noch wer du bist. Weil er dich aber sehr gern hat, will er immer wieder aufs Neue mit dir befreundet sein.\u00ab<br \/>\nPaul schaut das Wasserglas nachdenklich an. Dann huscht ein Lachen \u00fcber sein Gesicht. \u00bbHab ich kapiert\u00ab, ruft er, klemmt seinen Fu\u00dfball unter den Arm und flitzt zu Opa.<\/p>\n<p>\u00bbHallo, du bist doch der Peter Weber, nicht wahr? Ich bin Paul. Wollen wir Fu\u00dfballspielen?\u00ab L\u00e4chelnd begr\u00fc\u00dft ihn Opa. \u00bbHallo Paul, freut mich dich kennen zu lernen. Wohnst du auch hier?\u00ab<\/p>\n<p>Paul nimmt Opas Hand. Sie gehen gemeinsam raus und Paul antwortet zufrieden: \u00bbJa. Ich wohne hier und ich hei\u00dfe auch Weber, genau wie du. Wollen wir Freunde sein?\u00ab<\/p>\n<p>Autorin <strong>Gabriele Matzantke <\/strong>lebt mit drei S\u00f6hnen, Kater \u00bbSchwabbel\u00ab und Katze \u00bbSheila\u00ab in K\u00f6ln. Mit elf Jahren beschloss sie: \u00bbIch werde einmal<br \/>\nmit Schreiben Geld verdienen.\u00ab Inzwischen hat sie sich ihren Kindheitswunsch erf\u00fcllt und ver\u00f6ffentlicht regelm\u00e4\u00dfig. 2010 erschien ihr erstes Kinderbuch beim Lingen Verlag. Momentan arbeitet sie an einem Jugendroman. Weitere Infos: http:\/\/matzantke.blogspot.com<\/p>\n<p><strong>Nele Palmtag<\/strong> lebt mit ihrer Familie in Hamburg ganz in der N\u00e4he des Hafens und kann manchmal beim Zeichnen die gro\u00dfen Schi\u2260e tuten<br \/>\nh\u00f6ren. Sie hat noch einen Opa, der ist schon fast 100 Jahre alt. Wenn sie ihn besuchen, freut er sich vor allem \u00fcber seine Urenkel, auch wenn er sie oft nicht wiedererkennt und nicht mal mehr mit ihnen UNO spielen kann. www.nelepalmtag.de<\/p>\n<p><a rel=\"attachment wp-att-9314\" href=\"https:\/\/blog.zeit.de\/kinderzeit\/2011\/05\/03\/gecko-vor-lesegeschichte-erdbeben-im-wasserglas_9304\/gecko23\"><img loading=\"lazy\" decoding=\"async\" class=\"alignleft size-full wp-image-9314\" title=\"gecko23\" src=\"https:\/\/blog.zeit.de\/kinderzeit\/files\/2011\/05\/gecko23.jpg\" alt=\"\" width=\"200\" height=\"229\" \/><\/a>Diese Geschichte und andere tolle Erz\u00e4hlungen kannst Du im neuen <a href=\"http:\/\/www.gecko-kinderzeitschrift.de\/\">&#8222;Gecko&#8220;<\/a> nachlesen. Dazu auch eine super Bastelidee. In Gecko steht, wie Ihr mit einer Wassermelone und Baiser ein essbares Gruselgebiss herstellen k\u00f6nnt.<\/p>\n<p><strong><em>Exklusiv f\u00fcr die Leser der KinderZEIT: <\/em><\/strong><\/p>\n<p><strong><em>Bei Bestellung eines Jahres- oder Geschenkabo erhalten Deine   Eltern 10 % Rabatt. Daf\u00fcr im Gecko-Warenkorb den  Aktionscode   &#8222;kinderzeit&#8220; eingeben.<\/em><\/strong><\/p>\n<p><strong><em>Wir w\u00fcnschen Euch viel Spa\u00df beim Lesen!<\/em><\/strong><\/p>\n","protected":false},"excerpt":{"rendered":"<p>Gecko ist ein tolles Magazin f\u00fcr Kinder. Ohne nervige Werbung, daf\u00fcr mit sch\u00f6nen Kurzgeschichten und genau passenden Zeichnungen. Fast wie ein Bilderbuch, nur, dass Gecko auch noch ein paar Bastelideen dabei hat. Diesmal haben wir f\u00fcr Euch eine ganz besondere Geschichte. Sie hei\u00dft &#8222;Erdbeben im Wasserglas&#8220; und ist so gut, dass\u00a0\u00a0 Gabriele Matzantke, die sich [&hellip;]<\/p>\n","protected":false},"author":217,"featured_media":0,"comment_status":"open","ping_status":"closed","sticky":false,"template":"","format":"standard","meta":{"_jetpack_memberships_contains_paid_content":false,"footnotes":""},"categories":[1157,2414,2287,391,892,986],"tags":[12168,12169,12172,30159,12167,12170,8022,12171,12166,888],"class_list":["post-9304","post","type-post","status-publish","format-standard","hentry","category-buchtipp-hortipp-filmtipp-fernsehtipp","category-gecko","category-geschichten-von-kindern","category-kinder","category-spielen-basteln-ratseln","category-vorlesegeschichten","tag-alzheimer","tag-demenz-erdbeben-im-wasserglas","tag-gabriele-matzantke","tag-gecko","tag-gecko-autorenwettbewerb-2010","tag-kindern-erklaren-was-alzheimer-ist","tag-magazin-fur-kinder","tag-nele-palmtag","tag-vorleseg","tag-vorlesegeschichte"],"yoast_head":"<!-- This site is optimized with the Yoast SEO plugin v21.0 - https:\/\/yoast.com\/wordpress\/plugins\/seo\/ -->\n<title>Gecko (Vor-)lesegeschichte: Erdbeben im Wasserglas - KinderZEIT-Blog<\/title>\n<meta name=\"robots\" content=\"index, follow, max-snippet:-1, max-image-preview:large, max-video-preview:-1\" \/>\n<link rel=\"canonical\" href=\"https:\/\/blog.zeit.de\/kinderzeit\/2011\/05\/03\/gecko-vor-lesegeschichte-erdbeben-im-wasserglas_9304\" \/>\n<meta property=\"og:locale\" content=\"de_DE\" \/>\n<meta property=\"og:type\" content=\"article\" \/>\n<meta property=\"og:title\" content=\"Gecko (Vor-)lesegeschichte: Erdbeben im Wasserglas - KinderZEIT-Blog\" \/>\n<meta property=\"og:description\" content=\"Gecko ist ein tolles Magazin f\u00fcr Kinder. Ohne nervige Werbung, daf\u00fcr mit sch\u00f6nen Kurzgeschichten und genau passenden Zeichnungen. Fast wie ein Bilderbuch, nur, dass Gecko auch noch ein paar Bastelideen dabei hat. Diesmal haben wir f\u00fcr Euch eine ganz besondere Geschichte. Sie hei\u00dft &#8222;Erdbeben im Wasserglas&#8220; und ist so gut, dass\u00a0\u00a0 Gabriele Matzantke, die sich [&hellip;]\" \/>\n<meta property=\"og:url\" content=\"https:\/\/blog.zeit.de\/kinderzeit\/2011\/05\/03\/gecko-vor-lesegeschichte-erdbeben-im-wasserglas_9304\" \/>\n<meta property=\"og:site_name\" content=\"KinderZEIT-Blog\" \/>\n<meta property=\"article:published_time\" content=\"2011-05-03T08:00:09+00:00\" \/>\n<meta property=\"article:modified_time\" content=\"2011-05-02T19:37:22+00:00\" \/>\n<meta property=\"og:image\" content=\"https:\/\/blog.zeit.de\/kinderzeit\/files\/2011\/05\/erdebeben1.jpg\" \/>\n<meta name=\"author\" content=\"Redaktion KinderZEIT\" \/>\n<meta name=\"twitter:card\" content=\"summary_large_image\" \/>\n<meta name=\"twitter:label1\" content=\"Verfasst von\" \/>\n\t<meta name=\"twitter:data1\" content=\"Redaktion KinderZEIT\" \/>\n\t<meta name=\"twitter:label2\" content=\"Gesch\u00e4tzte Lesezeit\" \/>\n\t<meta name=\"twitter:data2\" content=\"5\u00a0Minuten\" \/>\n<script type=\"application\/ld+json\" class=\"yoast-schema-graph\">{\"@context\":\"https:\/\/schema.org\",\"@graph\":[{\"@type\":\"WebPage\",\"@id\":\"https:\/\/blog.zeit.de\/kinderzeit\/2011\/05\/03\/gecko-vor-lesegeschichte-erdbeben-im-wasserglas_9304\",\"url\":\"https:\/\/blog.zeit.de\/kinderzeit\/2011\/05\/03\/gecko-vor-lesegeschichte-erdbeben-im-wasserglas_9304\",\"name\":\"Gecko (Vor-)lesegeschichte: Erdbeben im Wasserglas - KinderZEIT-Blog\",\"isPartOf\":{\"@id\":\"https:\/\/blog.zeit.de\/kinderzeit\/#website\"},\"datePublished\":\"2011-05-03T08:00:09+00:00\",\"dateModified\":\"2011-05-02T19:37:22+00:00\",\"author\":{\"@id\":\"https:\/\/blog.zeit.de\/kinderzeit\/#\/schema\/person\/49470446f328463e8ea80b00b7d5da9c\"},\"breadcrumb\":{\"@id\":\"https:\/\/blog.zeit.de\/kinderzeit\/2011\/05\/03\/gecko-vor-lesegeschichte-erdbeben-im-wasserglas_9304#breadcrumb\"},\"inLanguage\":\"de\",\"potentialAction\":[{\"@type\":\"ReadAction\",\"target\":[\"https:\/\/blog.zeit.de\/kinderzeit\/2011\/05\/03\/gecko-vor-lesegeschichte-erdbeben-im-wasserglas_9304\"]}]},{\"@type\":\"BreadcrumbList\",\"@id\":\"https:\/\/blog.zeit.de\/kinderzeit\/2011\/05\/03\/gecko-vor-lesegeschichte-erdbeben-im-wasserglas_9304#breadcrumb\",\"itemListElement\":[{\"@type\":\"ListItem\",\"position\":1,\"name\":\"Startseite\",\"item\":\"https:\/\/blog.zeit.de\/kinderzeit\"},{\"@type\":\"ListItem\",\"position\":2,\"name\":\"Gecko (Vor-)lesegeschichte: Erdbeben im Wasserglas\"}]},{\"@type\":\"WebSite\",\"@id\":\"https:\/\/blog.zeit.de\/kinderzeit\/#website\",\"url\":\"https:\/\/blog.zeit.de\/kinderzeit\/\",\"name\":\"KinderZEIT-Blog\",\"description\":\"Politik, Kultur und R\u00e4tsel f\u00fcr junge Leser\",\"potentialAction\":[{\"@type\":\"SearchAction\",\"target\":{\"@type\":\"EntryPoint\",\"urlTemplate\":\"https:\/\/blog.zeit.de\/kinderzeit\/?s={search_term_string}\"},\"query-input\":\"required name=search_term_string\"}],\"inLanguage\":\"de\"},{\"@type\":\"Person\",\"@id\":\"https:\/\/blog.zeit.de\/kinderzeit\/#\/schema\/person\/49470446f328463e8ea80b00b7d5da9c\",\"name\":\"Redaktion KinderZEIT\",\"image\":{\"@type\":\"ImageObject\",\"inLanguage\":\"de\",\"@id\":\"https:\/\/blog.zeit.de\/kinderzeit\/#\/schema\/person\/image\/\",\"url\":\"https:\/\/secure.gravatar.com\/avatar\/e613a4a2ad2bd6413584eec4b8dd51cb549f6f87f7a858de5437c6df45ca1659?s=96&d=mm&r=g\",\"contentUrl\":\"https:\/\/secure.gravatar.com\/avatar\/e613a4a2ad2bd6413584eec4b8dd51cb549f6f87f7a858de5437c6df45ca1659?s=96&d=mm&r=g\",\"caption\":\"Redaktion KinderZEIT\"},\"url\":\"https:\/\/blog.zeit.de\/kinderzeit\/author\/sandra-valeska-bruhns\"}]}<\/script>\n<!-- \/ Yoast SEO plugin. -->","yoast_head_json":{"title":"Gecko (Vor-)lesegeschichte: Erdbeben im Wasserglas - KinderZEIT-Blog","robots":{"index":"index","follow":"follow","max-snippet":"max-snippet:-1","max-image-preview":"max-image-preview:large","max-video-preview":"max-video-preview:-1"},"canonical":"https:\/\/blog.zeit.de\/kinderzeit\/2011\/05\/03\/gecko-vor-lesegeschichte-erdbeben-im-wasserglas_9304","og_locale":"de_DE","og_type":"article","og_title":"Gecko (Vor-)lesegeschichte: Erdbeben im Wasserglas - KinderZEIT-Blog","og_description":"Gecko ist ein tolles Magazin f\u00fcr Kinder. Ohne nervige Werbung, daf\u00fcr mit sch\u00f6nen Kurzgeschichten und genau passenden Zeichnungen. Fast wie ein Bilderbuch, nur, dass Gecko auch noch ein paar Bastelideen dabei hat. Diesmal haben wir f\u00fcr Euch eine ganz besondere Geschichte. Sie hei\u00dft &#8222;Erdbeben im Wasserglas&#8220; und ist so gut, dass\u00a0\u00a0 Gabriele Matzantke, die sich [&hellip;]","og_url":"https:\/\/blog.zeit.de\/kinderzeit\/2011\/05\/03\/gecko-vor-lesegeschichte-erdbeben-im-wasserglas_9304","og_site_name":"KinderZEIT-Blog","article_published_time":"2011-05-03T08:00:09+00:00","article_modified_time":"2011-05-02T19:37:22+00:00","og_image":[{"url":"https:\/\/blog.zeit.de\/kinderzeit\/files\/2011\/05\/erdebeben1.jpg"}],"author":"Redaktion KinderZEIT","twitter_card":"summary_large_image","twitter_misc":{"Verfasst von":"Redaktion KinderZEIT","Gesch\u00e4tzte Lesezeit":"5\u00a0Minuten"},"schema":{"@context":"https:\/\/schema.org","@graph":[{"@type":"WebPage","@id":"https:\/\/blog.zeit.de\/kinderzeit\/2011\/05\/03\/gecko-vor-lesegeschichte-erdbeben-im-wasserglas_9304","url":"https:\/\/blog.zeit.de\/kinderzeit\/2011\/05\/03\/gecko-vor-lesegeschichte-erdbeben-im-wasserglas_9304","name":"Gecko (Vor-)lesegeschichte: Erdbeben im Wasserglas - KinderZEIT-Blog","isPartOf":{"@id":"https:\/\/blog.zeit.de\/kinderzeit\/#website"},"datePublished":"2011-05-03T08:00:09+00:00","dateModified":"2011-05-02T19:37:22+00:00","author":{"@id":"https:\/\/blog.zeit.de\/kinderzeit\/#\/schema\/person\/49470446f328463e8ea80b00b7d5da9c"},"breadcrumb":{"@id":"https:\/\/blog.zeit.de\/kinderzeit\/2011\/05\/03\/gecko-vor-lesegeschichte-erdbeben-im-wasserglas_9304#breadcrumb"},"inLanguage":"de","potentialAction":[{"@type":"ReadAction","target":["https:\/\/blog.zeit.de\/kinderzeit\/2011\/05\/03\/gecko-vor-lesegeschichte-erdbeben-im-wasserglas_9304"]}]},{"@type":"BreadcrumbList","@id":"https:\/\/blog.zeit.de\/kinderzeit\/2011\/05\/03\/gecko-vor-lesegeschichte-erdbeben-im-wasserglas_9304#breadcrumb","itemListElement":[{"@type":"ListItem","position":1,"name":"Startseite","item":"https:\/\/blog.zeit.de\/kinderzeit"},{"@type":"ListItem","position":2,"name":"Gecko (Vor-)lesegeschichte: Erdbeben im Wasserglas"}]},{"@type":"WebSite","@id":"https:\/\/blog.zeit.de\/kinderzeit\/#website","url":"https:\/\/blog.zeit.de\/kinderzeit\/","name":"KinderZEIT-Blog","description":"Politik, Kultur und R\u00e4tsel f\u00fcr junge Leser","potentialAction":[{"@type":"SearchAction","target":{"@type":"EntryPoint","urlTemplate":"https:\/\/blog.zeit.de\/kinderzeit\/?s={search_term_string}"},"query-input":"required name=search_term_string"}],"inLanguage":"de"},{"@type":"Person","@id":"https:\/\/blog.zeit.de\/kinderzeit\/#\/schema\/person\/49470446f328463e8ea80b00b7d5da9c","name":"Redaktion KinderZEIT","image":{"@type":"ImageObject","inLanguage":"de","@id":"https:\/\/blog.zeit.de\/kinderzeit\/#\/schema\/person\/image\/","url":"https:\/\/secure.gravatar.com\/avatar\/e613a4a2ad2bd6413584eec4b8dd51cb549f6f87f7a858de5437c6df45ca1659?s=96&d=mm&r=g","contentUrl":"https:\/\/secure.gravatar.com\/avatar\/e613a4a2ad2bd6413584eec4b8dd51cb549f6f87f7a858de5437c6df45ca1659?s=96&d=mm&r=g","caption":"Redaktion KinderZEIT"},"url":"https:\/\/blog.zeit.de\/kinderzeit\/author\/sandra-valeska-bruhns"}]}},"jetpack_featured_media_url":"","jetpack_sharing_enabled":true,"_links":{"self":[{"href":"https:\/\/blog.zeit.de\/kinderzeit\/wp-json\/wp\/v2\/posts\/9304","targetHints":{"allow":["GET"]}}],"collection":[{"href":"https:\/\/blog.zeit.de\/kinderzeit\/wp-json\/wp\/v2\/posts"}],"about":[{"href":"https:\/\/blog.zeit.de\/kinderzeit\/wp-json\/wp\/v2\/types\/post"}],"author":[{"embeddable":true,"href":"https:\/\/blog.zeit.de\/kinderzeit\/wp-json\/wp\/v2\/users\/217"}],"replies":[{"embeddable":true,"href":"https:\/\/blog.zeit.de\/kinderzeit\/wp-json\/wp\/v2\/comments?post=9304"}],"version-history":[{"count":24,"href":"https:\/\/blog.zeit.de\/kinderzeit\/wp-json\/wp\/v2\/posts\/9304\/revisions"}],"predecessor-version":[{"id":9337,"href":"https:\/\/blog.zeit.de\/kinderzeit\/wp-json\/wp\/v2\/posts\/9304\/revisions\/9337"}],"wp:attachment":[{"href":"https:\/\/blog.zeit.de\/kinderzeit\/wp-json\/wp\/v2\/media?parent=9304"}],"wp:term":[{"taxonomy":"category","embeddable":true,"href":"https:\/\/blog.zeit.de\/kinderzeit\/wp-json\/wp\/v2\/categories?post=9304"},{"taxonomy":"post_tag","embeddable":true,"href":"https:\/\/blog.zeit.de\/kinderzeit\/wp-json\/wp\/v2\/tags?post=9304"}],"curies":[{"name":"wp","href":"https:\/\/api.w.org\/{rel}","templated":true}]}}