{"id":9974,"date":"2011-07-26T16:17:13","date_gmt":"2011-07-26T14:17:13","guid":{"rendered":"http:\/\/blog.zeit.de\/kinderzeit\/?p=9974"},"modified":"2011-07-26T16:21:14","modified_gmt":"2011-07-26T14:21:14","slug":"uberall-aliens","status":"publish","type":"post","link":"https:\/\/blog.zeit.de\/kinderzeit\/2011\/07\/26\/uberall-aliens_9974","title":{"rendered":"\u00dcberall Aliens"},"content":{"rendered":"<p><figure style=\"width: 180px\" class=\"wp-caption alignleft\"><img loading=\"lazy\" decoding=\"async\" src=\"https:\/\/blog.zeit.de\/kinderzeit\/files\/2011\/07\/ausserirdische-ferien-180xVar.jpg\" alt=\"\" title=\"die_wilden_huehner\" width=\"180\" height=\"280\" class=\"size-medium wp-image-9976\" \/><figcaption class=\"wp-caption-text\">\u00a9 Rowohlt Verlag<\/figcaption><\/figure><\/p>\n<p>Es sollte der erste Sommer sein, den Scrub zu Hause verbringt. Faulenzen, Freunde treffen und vor allem viel Basketball spielen, um es ins Schulteam zu schaffen \u2013 so hatte er sich die Ferien vorgestellt. Doch dann muss Scrubs Mutter gesch\u00e4ftlich verreisen, sein Vater ein neues Anwaltsb\u00fcro aufbauen \u2013 und so schicken sie den Sohn kurzerhand zur Gro\u00dfmutter. <\/p>\n<p>Die Oma, die Scrub noch nie getroffen hat, betreibt das \u00bbIntergalaktische Bed &amp; Breakfast\u00ab. Ein Haus, das \u00fcber und \u00fcber mit Sternen und Kometen bemalt ist und in dessen Vorgarten Raumschiffskulpturen stehen. Eine Herberge f\u00fcr verr\u00fcckte Weltraum-Fans, vermutet Scrub \u2013 und w\u00fcnscht sich fort. Doch was ihn dann bei seiner Oma erwartet, ist ein intergalaktisches Abenteuer!<!--more--><\/p>\n<p>Clete Barrett Smith<br \/>\n<strong>Au\u00dferirdische Ferien<\/strong><br \/>\nab 10 Jahren<br \/>\nRowohlt Verlag 2011; 12,99 Euro<\/p>\n","protected":false},"excerpt":{"rendered":"<p>Es sollte der erste Sommer sein, den Scrub zu Hause verbringt. Faulenzen, Freunde treffen und vor allem viel Basketball spielen, um es ins Schulteam zu schaffen \u2013 so hatte er sich die Ferien vorgestellt. Doch dann muss Scrubs Mutter gesch\u00e4ftlich verreisen, sein Vater ein neues Anwaltsb\u00fcro aufbauen \u2013 und so schicken sie den Sohn kurzerhand [&hellip;]<\/p>\n","protected":false},"author":182,"featured_media":0,"comment_status":"open","ping_status":"closed","sticky":false,"template":"","format":"standard","meta":{"_jetpack_memberships_contains_paid_content":false,"footnotes":""},"categories":[1157],"tags":[12580,12581,2384],"class_list":["post-9974","post","type-post","status-publish","format-standard","hentry","category-buchtipp-hortipp-filmtipp-fernsehtipp","tag-aliens","tag-ferien","tag-sommer"],"yoast_head":"<!-- This site is optimized with the Yoast SEO plugin v21.0 - https:\/\/yoast.com\/wordpress\/plugins\/seo\/ -->\n<title>\u00dcberall Aliens - KinderZEIT-Blog<\/title>\n<meta name=\"robots\" content=\"index, follow, max-snippet:-1, max-image-preview:large, max-video-preview:-1\" \/>\n<link rel=\"canonical\" href=\"https:\/\/blog.zeit.de\/kinderzeit\/2011\/07\/26\/uberall-aliens_9974\" \/>\n<meta property=\"og:locale\" content=\"de_DE\" \/>\n<meta property=\"og:type\" content=\"article\" \/>\n<meta property=\"og:title\" content=\"\u00dcberall Aliens - KinderZEIT-Blog\" \/>\n<meta property=\"og:description\" content=\"Es sollte der erste Sommer sein, den Scrub zu Hause verbringt. Faulenzen, Freunde treffen und vor allem viel Basketball spielen, um es ins Schulteam zu schaffen \u2013 so hatte er sich die Ferien vorgestellt. Doch dann muss Scrubs Mutter gesch\u00e4ftlich verreisen, sein Vater ein neues Anwaltsb\u00fcro aufbauen \u2013 und so schicken sie den Sohn kurzerhand [&hellip;]\" \/>\n<meta property=\"og:url\" content=\"https:\/\/blog.zeit.de\/kinderzeit\/2011\/07\/26\/uberall-aliens_9974\" \/>\n<meta property=\"og:site_name\" content=\"KinderZEIT-Blog\" \/>\n<meta property=\"article:published_time\" content=\"2011-07-26T14:17:13+00:00\" \/>\n<meta property=\"article:modified_time\" content=\"2011-07-26T14:21:14+00:00\" \/>\n<meta property=\"og:image\" content=\"https:\/\/blog.zeit.de\/kinderzeit\/files\/2011\/07\/ausserirdische-ferien-180xVar.jpg\" \/>\n<meta name=\"author\" content=\"Redaktion KinderZEIT\" \/>\n<meta name=\"twitter:card\" content=\"summary_large_image\" \/>\n<meta name=\"twitter:label1\" content=\"Verfasst von\" \/>\n\t<meta name=\"twitter:data1\" content=\"Redaktion KinderZEIT\" \/>\n\t<meta name=\"twitter:label2\" content=\"Gesch\u00e4tzte Lesezeit\" \/>\n\t<meta name=\"twitter:data2\" content=\"1\u00a0Minute\" \/>\n<script type=\"application\/ld+json\" class=\"yoast-schema-graph\">{\"@context\":\"https:\/\/schema.org\",\"@graph\":[{\"@type\":\"WebPage\",\"@id\":\"https:\/\/blog.zeit.de\/kinderzeit\/2011\/07\/26\/uberall-aliens_9974\",\"url\":\"https:\/\/blog.zeit.de\/kinderzeit\/2011\/07\/26\/uberall-aliens_9974\",\"name\":\"\u00dcberall Aliens - KinderZEIT-Blog\",\"isPartOf\":{\"@id\":\"https:\/\/blog.zeit.de\/kinderzeit\/#website\"},\"datePublished\":\"2011-07-26T14:17:13+00:00\",\"dateModified\":\"2011-07-26T14:21:14+00:00\",\"author\":{\"@id\":\"https:\/\/blog.zeit.de\/kinderzeit\/#\/schema\/person\/6e0d5a68bc7cd962fb05619f0ec7869c\"},\"breadcrumb\":{\"@id\":\"https:\/\/blog.zeit.de\/kinderzeit\/2011\/07\/26\/uberall-aliens_9974#breadcrumb\"},\"inLanguage\":\"de\",\"potentialAction\":[{\"@type\":\"ReadAction\",\"target\":[\"https:\/\/blog.zeit.de\/kinderzeit\/2011\/07\/26\/uberall-aliens_9974\"]}]},{\"@type\":\"BreadcrumbList\",\"@id\":\"https:\/\/blog.zeit.de\/kinderzeit\/2011\/07\/26\/uberall-aliens_9974#breadcrumb\",\"itemListElement\":[{\"@type\":\"ListItem\",\"position\":1,\"name\":\"Startseite\",\"item\":\"https:\/\/blog.zeit.de\/kinderzeit\"},{\"@type\":\"ListItem\",\"position\":2,\"name\":\"\u00dcberall Aliens\"}]},{\"@type\":\"WebSite\",\"@id\":\"https:\/\/blog.zeit.de\/kinderzeit\/#website\",\"url\":\"https:\/\/blog.zeit.de\/kinderzeit\/\",\"name\":\"KinderZEIT-Blog\",\"description\":\"Politik, Kultur und R\u00e4tsel f\u00fcr junge Leser\",\"potentialAction\":[{\"@type\":\"SearchAction\",\"target\":{\"@type\":\"EntryPoint\",\"urlTemplate\":\"https:\/\/blog.zeit.de\/kinderzeit\/?s={search_term_string}\"},\"query-input\":\"required name=search_term_string\"}],\"inLanguage\":\"de\"},{\"@type\":\"Person\",\"@id\":\"https:\/\/blog.zeit.de\/kinderzeit\/#\/schema\/person\/6e0d5a68bc7cd962fb05619f0ec7869c\",\"name\":\"Redaktion KinderZEIT\",\"image\":{\"@type\":\"ImageObject\",\"inLanguage\":\"de\",\"@id\":\"https:\/\/blog.zeit.de\/kinderzeit\/#\/schema\/person\/image\/\",\"url\":\"https:\/\/secure.gravatar.com\/avatar\/01961d03edfd521f933356966a7e7db36c1281b66ec7fb6d1013979dca8baef8?s=96&d=mm&r=g\",\"contentUrl\":\"https:\/\/secure.gravatar.com\/avatar\/01961d03edfd521f933356966a7e7db36c1281b66ec7fb6d1013979dca8baef8?s=96&d=mm&r=g\",\"caption\":\"Redaktion KinderZEIT\"},\"url\":\"https:\/\/blog.zeit.de\/kinderzeit\/author\/katrin-hoernlein\"}]}<\/script>\n<!-- \/ Yoast SEO plugin. -->","yoast_head_json":{"title":"\u00dcberall Aliens - KinderZEIT-Blog","robots":{"index":"index","follow":"follow","max-snippet":"max-snippet:-1","max-image-preview":"max-image-preview:large","max-video-preview":"max-video-preview:-1"},"canonical":"https:\/\/blog.zeit.de\/kinderzeit\/2011\/07\/26\/uberall-aliens_9974","og_locale":"de_DE","og_type":"article","og_title":"\u00dcberall Aliens - KinderZEIT-Blog","og_description":"Es sollte der erste Sommer sein, den Scrub zu Hause verbringt. Faulenzen, Freunde treffen und vor allem viel Basketball spielen, um es ins Schulteam zu schaffen \u2013 so hatte er sich die Ferien vorgestellt. Doch dann muss Scrubs Mutter gesch\u00e4ftlich verreisen, sein Vater ein neues Anwaltsb\u00fcro aufbauen \u2013 und so schicken sie den Sohn kurzerhand [&hellip;]","og_url":"https:\/\/blog.zeit.de\/kinderzeit\/2011\/07\/26\/uberall-aliens_9974","og_site_name":"KinderZEIT-Blog","article_published_time":"2011-07-26T14:17:13+00:00","article_modified_time":"2011-07-26T14:21:14+00:00","og_image":[{"url":"https:\/\/blog.zeit.de\/kinderzeit\/files\/2011\/07\/ausserirdische-ferien-180xVar.jpg"}],"author":"Redaktion KinderZEIT","twitter_card":"summary_large_image","twitter_misc":{"Verfasst von":"Redaktion KinderZEIT","Gesch\u00e4tzte Lesezeit":"1\u00a0Minute"},"schema":{"@context":"https:\/\/schema.org","@graph":[{"@type":"WebPage","@id":"https:\/\/blog.zeit.de\/kinderzeit\/2011\/07\/26\/uberall-aliens_9974","url":"https:\/\/blog.zeit.de\/kinderzeit\/2011\/07\/26\/uberall-aliens_9974","name":"\u00dcberall Aliens - KinderZEIT-Blog","isPartOf":{"@id":"https:\/\/blog.zeit.de\/kinderzeit\/#website"},"datePublished":"2011-07-26T14:17:13+00:00","dateModified":"2011-07-26T14:21:14+00:00","author":{"@id":"https:\/\/blog.zeit.de\/kinderzeit\/#\/schema\/person\/6e0d5a68bc7cd962fb05619f0ec7869c"},"breadcrumb":{"@id":"https:\/\/blog.zeit.de\/kinderzeit\/2011\/07\/26\/uberall-aliens_9974#breadcrumb"},"inLanguage":"de","potentialAction":[{"@type":"ReadAction","target":["https:\/\/blog.zeit.de\/kinderzeit\/2011\/07\/26\/uberall-aliens_9974"]}]},{"@type":"BreadcrumbList","@id":"https:\/\/blog.zeit.de\/kinderzeit\/2011\/07\/26\/uberall-aliens_9974#breadcrumb","itemListElement":[{"@type":"ListItem","position":1,"name":"Startseite","item":"https:\/\/blog.zeit.de\/kinderzeit"},{"@type":"ListItem","position":2,"name":"\u00dcberall Aliens"}]},{"@type":"WebSite","@id":"https:\/\/blog.zeit.de\/kinderzeit\/#website","url":"https:\/\/blog.zeit.de\/kinderzeit\/","name":"KinderZEIT-Blog","description":"Politik, Kultur und R\u00e4tsel f\u00fcr junge Leser","potentialAction":[{"@type":"SearchAction","target":{"@type":"EntryPoint","urlTemplate":"https:\/\/blog.zeit.de\/kinderzeit\/?s={search_term_string}"},"query-input":"required name=search_term_string"}],"inLanguage":"de"},{"@type":"Person","@id":"https:\/\/blog.zeit.de\/kinderzeit\/#\/schema\/person\/6e0d5a68bc7cd962fb05619f0ec7869c","name":"Redaktion KinderZEIT","image":{"@type":"ImageObject","inLanguage":"de","@id":"https:\/\/blog.zeit.de\/kinderzeit\/#\/schema\/person\/image\/","url":"https:\/\/secure.gravatar.com\/avatar\/01961d03edfd521f933356966a7e7db36c1281b66ec7fb6d1013979dca8baef8?s=96&d=mm&r=g","contentUrl":"https:\/\/secure.gravatar.com\/avatar\/01961d03edfd521f933356966a7e7db36c1281b66ec7fb6d1013979dca8baef8?s=96&d=mm&r=g","caption":"Redaktion KinderZEIT"},"url":"https:\/\/blog.zeit.de\/kinderzeit\/author\/katrin-hoernlein"}]}},"jetpack_featured_media_url":"","jetpack_sharing_enabled":true,"_links":{"self":[{"href":"https:\/\/blog.zeit.de\/kinderzeit\/wp-json\/wp\/v2\/posts\/9974","targetHints":{"allow":["GET"]}}],"collection":[{"href":"https:\/\/blog.zeit.de\/kinderzeit\/wp-json\/wp\/v2\/posts"}],"about":[{"href":"https:\/\/blog.zeit.de\/kinderzeit\/wp-json\/wp\/v2\/types\/post"}],"author":[{"embeddable":true,"href":"https:\/\/blog.zeit.de\/kinderzeit\/wp-json\/wp\/v2\/users\/182"}],"replies":[{"embeddable":true,"href":"https:\/\/blog.zeit.de\/kinderzeit\/wp-json\/wp\/v2\/comments?post=9974"}],"version-history":[{"count":13,"href":"https:\/\/blog.zeit.de\/kinderzeit\/wp-json\/wp\/v2\/posts\/9974\/revisions"}],"predecessor-version":[{"id":9987,"href":"https:\/\/blog.zeit.de\/kinderzeit\/wp-json\/wp\/v2\/posts\/9974\/revisions\/9987"}],"wp:attachment":[{"href":"https:\/\/blog.zeit.de\/kinderzeit\/wp-json\/wp\/v2\/media?parent=9974"}],"wp:term":[{"taxonomy":"category","embeddable":true,"href":"https:\/\/blog.zeit.de\/kinderzeit\/wp-json\/wp\/v2\/categories?post=9974"},{"taxonomy":"post_tag","embeddable":true,"href":"https:\/\/blog.zeit.de\/kinderzeit\/wp-json\/wp\/v2\/tags?post=9974"}],"curies":[{"name":"wp","href":"https:\/\/api.w.org\/{rel}","templated":true}]}}