{"id":105,"date":"2008-06-26T13:44:47","date_gmt":"2008-06-26T11:44:47","guid":{"rendered":"http:\/\/blog.zeit.de\/kongo\/?p=105"},"modified":"2008-06-26T13:44:47","modified_gmt":"2008-06-26T11:44:47","slug":"lubanga-bleibt-vorerst-in-haft","status":"publish","type":"post","link":"https:\/\/blog.zeit.de\/kongo\/2008\/06\/26\/lubanga-bleibt-vorerst-in-haft\/","title":{"rendered":"Lubanga bleibt vorerst in Haft"},"content":{"rendered":"<p>Thomas Lubanga bleibt vorerst hinter Gittern. Nachdem die erste Kammer des Internationalen Strafgerichtshofs (IStGh) am 13. Juni das Verfahren gegen den Kongolesen ausgesetzt hatte, schob sie eine Entscheidung \u00fcber seine Freilassung  am Dienstag erst einmal auf. Die Richter der Kammer werfen dem B\u00fcro von Chefankl\u00e4ger Luis Moreno-Ocampo vor,  entlastendes Beweismaterial  unter Verschluss zu halten. Der will gegen den Verfahrensstopp Widerspruch einlegen und hat den Opfern des ehemaligen Kriegsherrn versprochen, dass &#8222;Gerechtigkeit walten wird&#8220;. Ocampo glaubt, dass der Streit um das Beweismaterial in den n\u00e4chsten Wochen beigelegt wird, und der Prozess dann endlich im September beginnen kann. Lubanga sitzt seit M\u00e4rz 2005  in Haft.<\/p>\n<p>Ocampo, der sich in den achtziger Jahren bei der Strafverfolgung von Junta-Mitgliedern in seinem Heimatland Argentinien einen Namen gemacht hat, feiert diesen Monat sein f\u00fcnfj\u00e4hriges Amtsjubil\u00e4um beim IStGh. Eine <a href=\"http:\/\/www.crisisgroup.org\/home\/index.cfm?id=5481&amp;l=1\">Zwischenbilanz <\/a>seiner Arbeit zieht Nick Grono, Vize-Pr\u00e4sident der <a href=\"http:\/\/www.crisisgroup.org\/home\/\">International Crisis Group<\/a>. Die f\u00e4llt durchaus kritisch aus. Grono moniert, dass der IStGh Gefahr l\u00e4uft, zum &#8222;Gerichtshof f\u00fcr Afrika&#8220; reduziert zu werden, weil er bislang ausschlie\u00dflich in afrikanischen L\u00e4ndern ermittelt (Kongo, Uganda, Sudan, Zentralafrikanische Republik)<\/p>\n<p align=\"left\"><em>&#8222;The prosecutor is already conducting preliminary analyses of atrocities in Colombia and Afghanistan. If the evidence warrants it, he should launch proper investigations in these countries, particularly in Afghanistan where warlords, commanders and insurgents have continued to commit systematic abuses in recent years.&#8220;<\/em><\/p>\n<p>Au\u00dferdem erscheint ihm Ocampo zu zaghaft, wenn es um Anklagen gegen amtierende Machthaber geht. Mit Ausnahme des Falles Sudan richten sich die Ermittlungen des IStGh bislang ausschlie\u00dflich gegen ehemalige oder noch aktive Rebellenf\u00fchrer.<\/p>\n<p align=\"left\"><em>&#8222;If the court is to have the impact its founders hoped of it, it needs convictions of government leaders who abuse human rights. Such convictions give deterrence and delegitimisation a force that prosecutions of rebels do not. Just look at how the Slobodan Milosevic and Charles Taylor prosecutions have resonated around the world.&#8220;<\/em><\/p>\n","protected":false},"excerpt":{"rendered":"<p>Thomas Lubanga bleibt vorerst hinter Gittern. Nachdem die erste Kammer des Internationalen Strafgerichtshofs (IStGh) am 13. Juni das Verfahren gegen den Kongolesen ausgesetzt hatte, schob sie eine Entscheidung \u00fcber seine Freilassung am Dienstag erst einmal auf. Die Richter der Kammer werfen dem B\u00fcro von Chefankl\u00e4ger Luis Moreno-Ocampo vor, entlastendes Beweismaterial unter Verschluss zu halten. Der [&hellip;]<\/p>\n","protected":false},"author":56,"featured_media":0,"comment_status":"open","ping_status":"closed","sticky":false,"template":"","format":"standard","meta":{"footnotes":""},"categories":[179,180],"tags":[],"class_list":["post-105","post","type-post","status-publish","format-standard","hentry","category-demokratische-republik-kongo","category-internationale-strafjustiz"],"yoast_head":"<!-- This site is optimized with the Yoast SEO plugin v21.0 - https:\/\/yoast.com\/wordpress\/plugins\/seo\/ -->\n<title>Lubanga bleibt vorerst in Haft - B\u00f6hms Logbuch<\/title>\n<meta name=\"robots\" content=\"index, follow, max-snippet:-1, max-image-preview:large, max-video-preview:-1\" \/>\n<link rel=\"canonical\" href=\"https:\/\/blog.zeit.de\/kongo\/2008\/06\/26\/lubanga-bleibt-vorerst-in-haft\/\" \/>\n<meta property=\"og:locale\" content=\"de_DE\" \/>\n<meta property=\"og:type\" content=\"article\" \/>\n<meta property=\"og:title\" content=\"Lubanga bleibt vorerst in Haft - B\u00f6hms Logbuch\" \/>\n<meta property=\"og:description\" content=\"Thomas Lubanga bleibt vorerst hinter Gittern. Nachdem die erste Kammer des Internationalen Strafgerichtshofs (IStGh) am 13. Juni das Verfahren gegen den Kongolesen ausgesetzt hatte, schob sie eine Entscheidung \u00fcber seine Freilassung am Dienstag erst einmal auf. Die Richter der Kammer werfen dem B\u00fcro von Chefankl\u00e4ger Luis Moreno-Ocampo vor, entlastendes Beweismaterial unter Verschluss zu halten. Der [&hellip;]\" \/>\n<meta property=\"og:url\" content=\"https:\/\/blog.zeit.de\/kongo\/2008\/06\/26\/lubanga-bleibt-vorerst-in-haft\/\" \/>\n<meta property=\"og:site_name\" content=\"B\u00f6hms Logbuch\" \/>\n<meta property=\"article:published_time\" content=\"2008-06-26T11:44:47+00:00\" \/>\n<meta name=\"author\" content=\"Andrea B\u00f6hm\" \/>\n<meta name=\"twitter:card\" content=\"summary_large_image\" \/>\n<meta name=\"twitter:label1\" content=\"Geschrieben von\" \/>\n\t<meta name=\"twitter:data1\" content=\"Andrea B\u00f6hm\" \/>\n\t<meta name=\"twitter:label2\" content=\"Gesch\u00e4tzte Lesezeit\" \/>\n\t<meta name=\"twitter:data2\" content=\"2\u00a0Minuten\" \/>\n<script type=\"application\/ld+json\" class=\"yoast-schema-graph\">{\"@context\":\"https:\/\/schema.org\",\"@graph\":[{\"@type\":\"WebPage\",\"@id\":\"https:\/\/blog.zeit.de\/kongo\/2008\/06\/26\/lubanga-bleibt-vorerst-in-haft\/\",\"url\":\"https:\/\/blog.zeit.de\/kongo\/2008\/06\/26\/lubanga-bleibt-vorerst-in-haft\/\",\"name\":\"Lubanga bleibt vorerst in Haft - B\u00f6hms Logbuch\",\"isPartOf\":{\"@id\":\"https:\/\/blog.zeit.de\/kongo\/#website\"},\"datePublished\":\"2008-06-26T11:44:47+00:00\",\"dateModified\":\"2008-06-26T11:44:47+00:00\",\"author\":{\"@id\":\"https:\/\/blog.zeit.de\/kongo\/#\/schema\/person\/8e81295aad2a4133fd079a00d5889c53\"},\"breadcrumb\":{\"@id\":\"https:\/\/blog.zeit.de\/kongo\/2008\/06\/26\/lubanga-bleibt-vorerst-in-haft\/#breadcrumb\"},\"inLanguage\":\"de\",\"potentialAction\":[{\"@type\":\"ReadAction\",\"target\":[\"https:\/\/blog.zeit.de\/kongo\/2008\/06\/26\/lubanga-bleibt-vorerst-in-haft\/\"]}]},{\"@type\":\"BreadcrumbList\",\"@id\":\"https:\/\/blog.zeit.de\/kongo\/2008\/06\/26\/lubanga-bleibt-vorerst-in-haft\/#breadcrumb\",\"itemListElement\":[{\"@type\":\"ListItem\",\"position\":1,\"name\":\"Startseite\",\"item\":\"https:\/\/blog.zeit.de\/kongo\/\"},{\"@type\":\"ListItem\",\"position\":2,\"name\":\"Lubanga bleibt vorerst in Haft\"}]},{\"@type\":\"WebSite\",\"@id\":\"https:\/\/blog.zeit.de\/kongo\/#website\",\"url\":\"https:\/\/blog.zeit.de\/kongo\/\",\"name\":\"B\u00f6hms Logbuch\",\"description\":\"Von Kabul bis Kinshasa\",\"potentialAction\":[{\"@type\":\"SearchAction\",\"target\":{\"@type\":\"EntryPoint\",\"urlTemplate\":\"https:\/\/blog.zeit.de\/kongo\/?s={search_term_string}\"},\"query-input\":\"required name=search_term_string\"}],\"inLanguage\":\"de\"},{\"@type\":\"Person\",\"@id\":\"https:\/\/blog.zeit.de\/kongo\/#\/schema\/person\/8e81295aad2a4133fd079a00d5889c53\",\"name\":\"Andrea B\u00f6hm\",\"image\":{\"@type\":\"ImageObject\",\"inLanguage\":\"de\",\"@id\":\"https:\/\/blog.zeit.de\/kongo\/#\/schema\/person\/image\/\",\"url\":\"https:\/\/secure.gravatar.com\/avatar\/7b2f270f90084490fc5cb03eb7c82fe7a861182b7fa410f87081d5cc1be35b42?s=96&d=mm&r=g\",\"contentUrl\":\"https:\/\/secure.gravatar.com\/avatar\/7b2f270f90084490fc5cb03eb7c82fe7a861182b7fa410f87081d5cc1be35b42?s=96&d=mm&r=g\",\"caption\":\"Andrea B\u00f6hm\"},\"url\":\"https:\/\/blog.zeit.de\/kongo\/author\/andrea-boehm\/\"}]}<\/script>\n<!-- \/ Yoast SEO plugin. -->","yoast_head_json":{"title":"Lubanga bleibt vorerst in Haft - B\u00f6hms Logbuch","robots":{"index":"index","follow":"follow","max-snippet":"max-snippet:-1","max-image-preview":"max-image-preview:large","max-video-preview":"max-video-preview:-1"},"canonical":"https:\/\/blog.zeit.de\/kongo\/2008\/06\/26\/lubanga-bleibt-vorerst-in-haft\/","og_locale":"de_DE","og_type":"article","og_title":"Lubanga bleibt vorerst in Haft - B\u00f6hms Logbuch","og_description":"Thomas Lubanga bleibt vorerst hinter Gittern. Nachdem die erste Kammer des Internationalen Strafgerichtshofs (IStGh) am 13. Juni das Verfahren gegen den Kongolesen ausgesetzt hatte, schob sie eine Entscheidung \u00fcber seine Freilassung am Dienstag erst einmal auf. Die Richter der Kammer werfen dem B\u00fcro von Chefankl\u00e4ger Luis Moreno-Ocampo vor, entlastendes Beweismaterial unter Verschluss zu halten. Der [&hellip;]","og_url":"https:\/\/blog.zeit.de\/kongo\/2008\/06\/26\/lubanga-bleibt-vorerst-in-haft\/","og_site_name":"B\u00f6hms Logbuch","article_published_time":"2008-06-26T11:44:47+00:00","author":"Andrea B\u00f6hm","twitter_card":"summary_large_image","twitter_misc":{"Geschrieben von":"Andrea B\u00f6hm","Gesch\u00e4tzte Lesezeit":"2\u00a0Minuten"},"schema":{"@context":"https:\/\/schema.org","@graph":[{"@type":"WebPage","@id":"https:\/\/blog.zeit.de\/kongo\/2008\/06\/26\/lubanga-bleibt-vorerst-in-haft\/","url":"https:\/\/blog.zeit.de\/kongo\/2008\/06\/26\/lubanga-bleibt-vorerst-in-haft\/","name":"Lubanga bleibt vorerst in Haft - B\u00f6hms Logbuch","isPartOf":{"@id":"https:\/\/blog.zeit.de\/kongo\/#website"},"datePublished":"2008-06-26T11:44:47+00:00","dateModified":"2008-06-26T11:44:47+00:00","author":{"@id":"https:\/\/blog.zeit.de\/kongo\/#\/schema\/person\/8e81295aad2a4133fd079a00d5889c53"},"breadcrumb":{"@id":"https:\/\/blog.zeit.de\/kongo\/2008\/06\/26\/lubanga-bleibt-vorerst-in-haft\/#breadcrumb"},"inLanguage":"de","potentialAction":[{"@type":"ReadAction","target":["https:\/\/blog.zeit.de\/kongo\/2008\/06\/26\/lubanga-bleibt-vorerst-in-haft\/"]}]},{"@type":"BreadcrumbList","@id":"https:\/\/blog.zeit.de\/kongo\/2008\/06\/26\/lubanga-bleibt-vorerst-in-haft\/#breadcrumb","itemListElement":[{"@type":"ListItem","position":1,"name":"Startseite","item":"https:\/\/blog.zeit.de\/kongo\/"},{"@type":"ListItem","position":2,"name":"Lubanga bleibt vorerst in Haft"}]},{"@type":"WebSite","@id":"https:\/\/blog.zeit.de\/kongo\/#website","url":"https:\/\/blog.zeit.de\/kongo\/","name":"B\u00f6hms Logbuch","description":"Von Kabul bis Kinshasa","potentialAction":[{"@type":"SearchAction","target":{"@type":"EntryPoint","urlTemplate":"https:\/\/blog.zeit.de\/kongo\/?s={search_term_string}"},"query-input":"required name=search_term_string"}],"inLanguage":"de"},{"@type":"Person","@id":"https:\/\/blog.zeit.de\/kongo\/#\/schema\/person\/8e81295aad2a4133fd079a00d5889c53","name":"Andrea B\u00f6hm","image":{"@type":"ImageObject","inLanguage":"de","@id":"https:\/\/blog.zeit.de\/kongo\/#\/schema\/person\/image\/","url":"https:\/\/secure.gravatar.com\/avatar\/7b2f270f90084490fc5cb03eb7c82fe7a861182b7fa410f87081d5cc1be35b42?s=96&d=mm&r=g","contentUrl":"https:\/\/secure.gravatar.com\/avatar\/7b2f270f90084490fc5cb03eb7c82fe7a861182b7fa410f87081d5cc1be35b42?s=96&d=mm&r=g","caption":"Andrea B\u00f6hm"},"url":"https:\/\/blog.zeit.de\/kongo\/author\/andrea-boehm\/"}]}},"jetpack_featured_media_url":"","_links":{"self":[{"href":"https:\/\/blog.zeit.de\/kongo\/wp-json\/wp\/v2\/posts\/105","targetHints":{"allow":["GET"]}}],"collection":[{"href":"https:\/\/blog.zeit.de\/kongo\/wp-json\/wp\/v2\/posts"}],"about":[{"href":"https:\/\/blog.zeit.de\/kongo\/wp-json\/wp\/v2\/types\/post"}],"author":[{"embeddable":true,"href":"https:\/\/blog.zeit.de\/kongo\/wp-json\/wp\/v2\/users\/56"}],"replies":[{"embeddable":true,"href":"https:\/\/blog.zeit.de\/kongo\/wp-json\/wp\/v2\/comments?post=105"}],"version-history":[{"count":0,"href":"https:\/\/blog.zeit.de\/kongo\/wp-json\/wp\/v2\/posts\/105\/revisions"}],"wp:attachment":[{"href":"https:\/\/blog.zeit.de\/kongo\/wp-json\/wp\/v2\/media?parent=105"}],"wp:term":[{"taxonomy":"category","embeddable":true,"href":"https:\/\/blog.zeit.de\/kongo\/wp-json\/wp\/v2\/categories?post=105"},{"taxonomy":"post_tag","embeddable":true,"href":"https:\/\/blog.zeit.de\/kongo\/wp-json\/wp\/v2\/tags?post=105"}],"curies":[{"name":"wp","href":"https:\/\/api.w.org\/{rel}","templated":true}]}}