{"id":323,"date":"2009-08-31T13:37:58","date_gmt":"2009-08-31T11:37:58","guid":{"rendered":"http:\/\/blog.zeit.de\/kongo\/?p=312"},"modified":"2009-08-31T13:37:58","modified_gmt":"2009-08-31T11:37:58","slug":"better-news-from-congo-2","status":"publish","type":"post","link":"https:\/\/blog.zeit.de\/kongo\/2009\/08\/31\/better-news-from-congo-2\/","title":{"rendered":"Better News from Congo (2)"},"content":{"rendered":"<p>Genau gesagt, kommen die besseren Nachrichten nicht aus dem Kongo, sondern aus Berlin. Einige werden sich an den <a href=\"http:\/\/www.zeit.de\/2009\/32\/Milizenfuehrer-Mannheim?page=all\">ZEIT-Artikel<\/a> \u00fcber Ignace Murwanashyaka erinnern. Murwanashyaka ist Pr\u00e4sident der FDLR, jener Hutu-Miliz, die unter anderem von Hauptverantwortlichen des V\u00f6lkermords in Ruanda 1994 gef\u00fchrt wird und die seit ihrer Flucht in den Ostkongo dort die Bev\u00f6lkerung terrorisiert und Rohstoffe pl\u00fcndert.<\/p>\n<p>Der \u00fcber Interpol gesuchte Murwanashyaka lebt nicht im Kongo, sondern als Asylberechtigter in Deutschland. Von seinem Wohnsitz in Mannheim aus leitet er seit Jahren die FDLR und organisiert zusammen mit anderen Exil-Ruandern Unterst\u00fctzung aus dem Ausland. Er war mehrfach zu FDLR-Milizen im Ost-Kongo gereist und steht laut eines <a href=\"http:\/\/daccessdds.un.org\/doc\/UNDOC\/GEN\/N09\/341\/61\/PDF\/N0934161.pdf?OpenElement\">Untersuchungsberichtes<\/a> der UN in st\u00e4ndigem Kontakt mit FDLR-Kommandanten in den Kivu-Provinzen. UN-Experten kritisieren seit Jahren, dass westliche Regierung das Exil-Netzwerk der FDLR weitgehend ungest\u00f6rt schalten und walten lassen &#8211; zum Beispiel durch Finanztransaktionen oder durch Propganda mit Hilfe einer Website.<\/p>\n<p>Die ist nun seit Freitag nachmittag abgeschaltet. Die <a href=\"http:\/\/www.taz.de\/1\/politik\/afrika\/artikel\/1\/webseite-der-hutu-miliz-abgeschaltet\/\">taz <\/a>hatte sich die M\u00fche gemacht, beim verantwortlichen Server, der Firma OVH, nachzufragen, ob ihr eigentlich klar sei, wessen Seite sie da unter der Adresse fdlr.org hostet. Offenbar hatte OVH schon fr\u00fcher Informationen von den UN \u00fcber die Hutu-Miliz erhalten. Doch gegen\u00fcber der taz gab sich die Gesch\u00e4ftsleitung ahnungslos. &#8222;Kenntnis von diesem Kunden haben wir erst heute durch Sie erlangt&#8220;, schrieb sie an die Redaktion in Berlin. &#8222;Die Website fdlr.org haben wir vom Netz getrennt und dem Kunden fristlos gek\u00fcndigt.&#8220;<\/p>\n<p>Nein, ein vernichtender Schlag gegen die FDLR ist das nicht. Aber ein \u00fcberf\u00e4lliger Schritt, das zu tun, was UN-Experten seit Jahren von den Mitgliedsl\u00e4ndern fordern:  das Netzwerk der FDLR-Diaspora auszuhebeln.<\/p>\n<p>Was die Nachrichten aus dem Ostkongo angeht: die sind weiterhin schlecht. Die Milit\u00e4roffensive der kongolesischen Armee gegen die FDLR hat eine neue humanit\u00e4re Katastrophe ausgel\u00f6st. Beide Kampfparteien begehen horrende Verbrechen an der Zivilbev\u00f6lkerung. <a href=\"http:\/\/www.oxfam.org\/en\/pressroom\/pressrelease\/2009-08-11\/democratic-republic-congo-clinton-rape-justice\">NGOs<\/a> und <a href=\"http:\/\/www.crisisgroup.org\/home\/index.cfm?id=6209&amp;l=1&amp;m=1\">Kongo-Experten<\/a> sind sich l\u00e4ngst einig\u00a0 dar\u00fcber, dass &#8222;Operation Kimia II&#8220;, wie der Milit\u00e4reinsatz genannt wird, abgebrochen werden muss.<\/p>\n<p>Und was dann? Die <a href=\"http:\/\/www.crisisgroup.org\/home\/index.cfm?id=6209&amp;l=1&amp;m=1\">International Crisis Group<\/a> schl\u00e4gt eine Alternativstrategie vor: absolute Priorit\u00e4t des Schutzes von Zivilisten durch die UN und die Armee; ein neues Programm zur Demobilisierung und Entwaffnung vor allem j\u00fcngerer FDLR-Milizion\u00e4re, von denen viele offenbar die Nase voll haben vom bewaffneten Kampf; Angebote zur Umsiedlung in Drittl\u00e4nder f\u00fcr solche, die nicht am Genozid 1994 beteiligt waren, aber Angst vor einer R\u00fcckkehr nach Ruanda haben; und, last not least, Milit\u00e4reins\u00e4tze von professionell ausgebildeten (und bezahlten) Einheiten gegen den harten F\u00fchrungskern der FDLR.<\/p>\n<p>Was fehlt? Eigentlich nichts, au\u00dfer ein paar Millionen Dollar und dem politischen Willen von Berlin \u00fcber Br\u00fcssel bis Washington, diese Strategie auch umzusetzen.<\/p>\n","protected":false},"excerpt":{"rendered":"<p>Genau gesagt, kommen die besseren Nachrichten nicht aus dem Kongo, sondern aus Berlin. Einige werden sich an den ZEIT-Artikel \u00fcber Ignace Murwanashyaka erinnern. Murwanashyaka ist Pr\u00e4sident der FDLR, jener Hutu-Miliz, die unter anderem von Hauptverantwortlichen des V\u00f6lkermords in Ruanda 1994 gef\u00fchrt wird und die seit ihrer Flucht in den Ostkongo dort die Bev\u00f6lkerung terrorisiert und [&hellip;]<\/p>\n","protected":false},"author":56,"featured_media":0,"comment_status":"open","ping_status":"closed","sticky":false,"template":"","format":"standard","meta":{"footnotes":""},"categories":[179],"tags":[],"class_list":["post-323","post","type-post","status-publish","format-standard","hentry","category-demokratische-republik-kongo"],"yoast_head":"<!-- This site is optimized with the Yoast SEO plugin v21.0 - https:\/\/yoast.com\/wordpress\/plugins\/seo\/ -->\n<title>Better News from Congo (2) - B\u00f6hms Logbuch<\/title>\n<meta name=\"robots\" content=\"index, follow, max-snippet:-1, max-image-preview:large, max-video-preview:-1\" \/>\n<link rel=\"canonical\" href=\"https:\/\/blog.zeit.de\/kongo\/2009\/08\/31\/better-news-from-congo-2\/\" \/>\n<meta property=\"og:locale\" content=\"de_DE\" \/>\n<meta property=\"og:type\" content=\"article\" \/>\n<meta property=\"og:title\" content=\"Better News from Congo (2) - B\u00f6hms Logbuch\" \/>\n<meta property=\"og:description\" content=\"Genau gesagt, kommen die besseren Nachrichten nicht aus dem Kongo, sondern aus Berlin. Einige werden sich an den ZEIT-Artikel \u00fcber Ignace Murwanashyaka erinnern. Murwanashyaka ist Pr\u00e4sident der FDLR, jener Hutu-Miliz, die unter anderem von Hauptverantwortlichen des V\u00f6lkermords in Ruanda 1994 gef\u00fchrt wird und die seit ihrer Flucht in den Ostkongo dort die Bev\u00f6lkerung terrorisiert und [&hellip;]\" \/>\n<meta property=\"og:url\" content=\"https:\/\/blog.zeit.de\/kongo\/2009\/08\/31\/better-news-from-congo-2\/\" \/>\n<meta property=\"og:site_name\" content=\"B\u00f6hms Logbuch\" \/>\n<meta property=\"article:published_time\" content=\"2009-08-31T11:37:58+00:00\" \/>\n<meta name=\"author\" content=\"Andrea B\u00f6hm\" \/>\n<meta name=\"twitter:card\" content=\"summary_large_image\" \/>\n<meta name=\"twitter:label1\" content=\"Geschrieben von\" \/>\n\t<meta name=\"twitter:data1\" content=\"Andrea B\u00f6hm\" \/>\n\t<meta name=\"twitter:label2\" content=\"Gesch\u00e4tzte Lesezeit\" \/>\n\t<meta name=\"twitter:data2\" content=\"2\u00a0Minuten\" \/>\n<script type=\"application\/ld+json\" class=\"yoast-schema-graph\">{\"@context\":\"https:\/\/schema.org\",\"@graph\":[{\"@type\":\"WebPage\",\"@id\":\"https:\/\/blog.zeit.de\/kongo\/2009\/08\/31\/better-news-from-congo-2\/\",\"url\":\"https:\/\/blog.zeit.de\/kongo\/2009\/08\/31\/better-news-from-congo-2\/\",\"name\":\"Better News from Congo (2) - B\u00f6hms Logbuch\",\"isPartOf\":{\"@id\":\"https:\/\/blog.zeit.de\/kongo\/#website\"},\"datePublished\":\"2009-08-31T11:37:58+00:00\",\"dateModified\":\"2009-08-31T11:37:58+00:00\",\"author\":{\"@id\":\"https:\/\/blog.zeit.de\/kongo\/#\/schema\/person\/8e81295aad2a4133fd079a00d5889c53\"},\"breadcrumb\":{\"@id\":\"https:\/\/blog.zeit.de\/kongo\/2009\/08\/31\/better-news-from-congo-2\/#breadcrumb\"},\"inLanguage\":\"de\",\"potentialAction\":[{\"@type\":\"ReadAction\",\"target\":[\"https:\/\/blog.zeit.de\/kongo\/2009\/08\/31\/better-news-from-congo-2\/\"]}]},{\"@type\":\"BreadcrumbList\",\"@id\":\"https:\/\/blog.zeit.de\/kongo\/2009\/08\/31\/better-news-from-congo-2\/#breadcrumb\",\"itemListElement\":[{\"@type\":\"ListItem\",\"position\":1,\"name\":\"Startseite\",\"item\":\"https:\/\/blog.zeit.de\/kongo\/\"},{\"@type\":\"ListItem\",\"position\":2,\"name\":\"Better News from Congo (2)\"}]},{\"@type\":\"WebSite\",\"@id\":\"https:\/\/blog.zeit.de\/kongo\/#website\",\"url\":\"https:\/\/blog.zeit.de\/kongo\/\",\"name\":\"B\u00f6hms Logbuch\",\"description\":\"Von Kabul bis Kinshasa\",\"potentialAction\":[{\"@type\":\"SearchAction\",\"target\":{\"@type\":\"EntryPoint\",\"urlTemplate\":\"https:\/\/blog.zeit.de\/kongo\/?s={search_term_string}\"},\"query-input\":\"required name=search_term_string\"}],\"inLanguage\":\"de\"},{\"@type\":\"Person\",\"@id\":\"https:\/\/blog.zeit.de\/kongo\/#\/schema\/person\/8e81295aad2a4133fd079a00d5889c53\",\"name\":\"Andrea B\u00f6hm\",\"image\":{\"@type\":\"ImageObject\",\"inLanguage\":\"de\",\"@id\":\"https:\/\/blog.zeit.de\/kongo\/#\/schema\/person\/image\/\",\"url\":\"https:\/\/secure.gravatar.com\/avatar\/7b2f270f90084490fc5cb03eb7c82fe7a861182b7fa410f87081d5cc1be35b42?s=96&d=mm&r=g\",\"contentUrl\":\"https:\/\/secure.gravatar.com\/avatar\/7b2f270f90084490fc5cb03eb7c82fe7a861182b7fa410f87081d5cc1be35b42?s=96&d=mm&r=g\",\"caption\":\"Andrea B\u00f6hm\"},\"url\":\"https:\/\/blog.zeit.de\/kongo\/author\/andrea-boehm\/\"}]}<\/script>\n<!-- \/ Yoast SEO plugin. -->","yoast_head_json":{"title":"Better News from Congo (2) - B\u00f6hms Logbuch","robots":{"index":"index","follow":"follow","max-snippet":"max-snippet:-1","max-image-preview":"max-image-preview:large","max-video-preview":"max-video-preview:-1"},"canonical":"https:\/\/blog.zeit.de\/kongo\/2009\/08\/31\/better-news-from-congo-2\/","og_locale":"de_DE","og_type":"article","og_title":"Better News from Congo (2) - B\u00f6hms Logbuch","og_description":"Genau gesagt, kommen die besseren Nachrichten nicht aus dem Kongo, sondern aus Berlin. Einige werden sich an den ZEIT-Artikel \u00fcber Ignace Murwanashyaka erinnern. Murwanashyaka ist Pr\u00e4sident der FDLR, jener Hutu-Miliz, die unter anderem von Hauptverantwortlichen des V\u00f6lkermords in Ruanda 1994 gef\u00fchrt wird und die seit ihrer Flucht in den Ostkongo dort die Bev\u00f6lkerung terrorisiert und [&hellip;]","og_url":"https:\/\/blog.zeit.de\/kongo\/2009\/08\/31\/better-news-from-congo-2\/","og_site_name":"B\u00f6hms Logbuch","article_published_time":"2009-08-31T11:37:58+00:00","author":"Andrea B\u00f6hm","twitter_card":"summary_large_image","twitter_misc":{"Geschrieben von":"Andrea B\u00f6hm","Gesch\u00e4tzte Lesezeit":"2\u00a0Minuten"},"schema":{"@context":"https:\/\/schema.org","@graph":[{"@type":"WebPage","@id":"https:\/\/blog.zeit.de\/kongo\/2009\/08\/31\/better-news-from-congo-2\/","url":"https:\/\/blog.zeit.de\/kongo\/2009\/08\/31\/better-news-from-congo-2\/","name":"Better News from Congo (2) - B\u00f6hms Logbuch","isPartOf":{"@id":"https:\/\/blog.zeit.de\/kongo\/#website"},"datePublished":"2009-08-31T11:37:58+00:00","dateModified":"2009-08-31T11:37:58+00:00","author":{"@id":"https:\/\/blog.zeit.de\/kongo\/#\/schema\/person\/8e81295aad2a4133fd079a00d5889c53"},"breadcrumb":{"@id":"https:\/\/blog.zeit.de\/kongo\/2009\/08\/31\/better-news-from-congo-2\/#breadcrumb"},"inLanguage":"de","potentialAction":[{"@type":"ReadAction","target":["https:\/\/blog.zeit.de\/kongo\/2009\/08\/31\/better-news-from-congo-2\/"]}]},{"@type":"BreadcrumbList","@id":"https:\/\/blog.zeit.de\/kongo\/2009\/08\/31\/better-news-from-congo-2\/#breadcrumb","itemListElement":[{"@type":"ListItem","position":1,"name":"Startseite","item":"https:\/\/blog.zeit.de\/kongo\/"},{"@type":"ListItem","position":2,"name":"Better News from Congo (2)"}]},{"@type":"WebSite","@id":"https:\/\/blog.zeit.de\/kongo\/#website","url":"https:\/\/blog.zeit.de\/kongo\/","name":"B\u00f6hms Logbuch","description":"Von Kabul bis Kinshasa","potentialAction":[{"@type":"SearchAction","target":{"@type":"EntryPoint","urlTemplate":"https:\/\/blog.zeit.de\/kongo\/?s={search_term_string}"},"query-input":"required name=search_term_string"}],"inLanguage":"de"},{"@type":"Person","@id":"https:\/\/blog.zeit.de\/kongo\/#\/schema\/person\/8e81295aad2a4133fd079a00d5889c53","name":"Andrea B\u00f6hm","image":{"@type":"ImageObject","inLanguage":"de","@id":"https:\/\/blog.zeit.de\/kongo\/#\/schema\/person\/image\/","url":"https:\/\/secure.gravatar.com\/avatar\/7b2f270f90084490fc5cb03eb7c82fe7a861182b7fa410f87081d5cc1be35b42?s=96&d=mm&r=g","contentUrl":"https:\/\/secure.gravatar.com\/avatar\/7b2f270f90084490fc5cb03eb7c82fe7a861182b7fa410f87081d5cc1be35b42?s=96&d=mm&r=g","caption":"Andrea B\u00f6hm"},"url":"https:\/\/blog.zeit.de\/kongo\/author\/andrea-boehm\/"}]}},"jetpack_featured_media_url":"","_links":{"self":[{"href":"https:\/\/blog.zeit.de\/kongo\/wp-json\/wp\/v2\/posts\/323","targetHints":{"allow":["GET"]}}],"collection":[{"href":"https:\/\/blog.zeit.de\/kongo\/wp-json\/wp\/v2\/posts"}],"about":[{"href":"https:\/\/blog.zeit.de\/kongo\/wp-json\/wp\/v2\/types\/post"}],"author":[{"embeddable":true,"href":"https:\/\/blog.zeit.de\/kongo\/wp-json\/wp\/v2\/users\/56"}],"replies":[{"embeddable":true,"href":"https:\/\/blog.zeit.de\/kongo\/wp-json\/wp\/v2\/comments?post=323"}],"version-history":[{"count":0,"href":"https:\/\/blog.zeit.de\/kongo\/wp-json\/wp\/v2\/posts\/323\/revisions"}],"wp:attachment":[{"href":"https:\/\/blog.zeit.de\/kongo\/wp-json\/wp\/v2\/media?parent=323"}],"wp:term":[{"taxonomy":"category","embeddable":true,"href":"https:\/\/blog.zeit.de\/kongo\/wp-json\/wp\/v2\/categories?post=323"},{"taxonomy":"post_tag","embeddable":true,"href":"https:\/\/blog.zeit.de\/kongo\/wp-json\/wp\/v2\/tags?post=323"}],"curies":[{"name":"wp","href":"https:\/\/api.w.org\/{rel}","templated":true}]}}