{"id":419,"date":"2009-10-09T21:27:21","date_gmt":"2009-10-09T19:27:21","guid":{"rendered":"http:\/\/blog.zeit.de\/kongo\/?p=419"},"modified":"2009-10-09T21:27:21","modified_gmt":"2009-10-09T19:27:21","slug":"neues-uber-ignace-m","status":"publish","type":"post","link":"https:\/\/blog.zeit.de\/kongo\/2009\/10\/09\/neues-uber-ignace-m\/","title":{"rendered":"Neues \u00fcber Ignace M."},"content":{"rendered":"<p>Eine Leseempfehlung: die taz ver\u00f6ffentlicht in ihrer Wochenendausgabe eine ausf\u00fchrliche <a href=\"http:\/\/www.taz.de\/1\/politik\/afrika\/artikel\/1\/die-befehle-kommen-aus-deutschland\/\">Recherche<\/a> \u00fcber die Hutu-Miliz FDLR und ihren Pr\u00e4sidenten <a href=\"http:\/\/www.interpol.com\/public\/Data\/Wanted\/Notices\/Data\/2008\/92\/2008_24392.asp\">Ignace Murwanashyaka<\/a>, der in Deutschland als anerkannter Fl\u00fcchtling lebt.<\/p>\n<p>Die anhaltenden Kriegsverbrechen der FDLR im Ostkongo sind ausf\u00fchrlich <a href=\"http:\/\/www.hrw.org\/en\/news\/2009\/02\/13\/dr-congo-rwandan-rebels-slaughter-over-100-civilians\">dokumentiert<\/a>, ebenso der Umstand, dass zahlreiche F\u00fchrungsmitglieder zu den Hauptt\u00e4tern des Genozids von Hutu an rund 800.000 Tutsi 1994 in Ruanda z\u00e4hlen. <a href=\"http:\/\/daccess-ods.un.org\/TMP\/6136902.html\">UN-Experten<\/a> haben zudem das Netzwerk der FDLR-Exilanten in Europa und Nordamerika durchleuchtet. Bleibt die Frage, die wir Anfang August auch in der<a href=\"http:\/\/www.zeit.de\/2009\/32\/Milizenfuehrer-Mannheim?page=2\"> ZEIT<\/a> gestellt haben: Warum wird Murwanashyaka nicht angeklagt? Warum hat er immer noch den Status eines anerkannten politischen Fl\u00fcchtlings inne?<\/p>\n<p>Weil es bislang angeblich nicht gen\u00fcgend Beweise gibt, um der FDLR konkrete Verbrechen und Murwanashyaka eine direkte Verantwortung nachzuweisen. Laut taz finden sich aber durchaus Zeugen: in Ruanda unter Aussteigern, also ehemaligen FDLR-Offizieren, die mit Hilfe der UN demobilisiert und in ihre Heimat zur\u00fcckgebracht worden sind:<\/p>\n<p><em>&#8222;Offiziere der milit\u00e4rischen F\u00fchrung best\u00e4tigen: Alle wichtigen Entscheidungen &#8211; ob die FDLR sich zum Angriff wappnet oder zur\u00fcckzieht, welche Allianzen sie mit kongolesischen Truppen eingeht &#8211; werden in Deutschland getroffen, unter Murwanashyakas Codename &#8222;Mihigo&#8220;. Die UN-Mission im Kongo verf\u00fcgt \u00fcber einen Funkspruch der FDLR vom M\u00e4rz, der die aktuelle Terrorstrategie der Miliz darlegt, seit sie von Kongos Armee aktiv bek\u00e4mpft wird: &#8222;Versorgungsoperationen durch Schl\u00e4ge gegen die Armee, um Munition und Waffen zu erbeuten, sowie gegen Krankenh\u00e4user und Gesundheitszentren vorgehen, um Medikamente zu erbeuten&#8220;, werden darin befohlen, und auch: &#8222;Die Bev\u00f6lkerung angreifen, um eine humanit\u00e4re Katastrophe zu verursachen.&#8220;<\/em><\/p>\n<p>H\u00f6rt sich nach nach recht handfestem Beweismaterial an.<\/p>\n","protected":false},"excerpt":{"rendered":"<p>Eine Leseempfehlung: die taz ver\u00f6ffentlicht in ihrer Wochenendausgabe eine ausf\u00fchrliche Recherche \u00fcber die Hutu-Miliz FDLR und ihren Pr\u00e4sidenten Ignace Murwanashyaka, der in Deutschland als anerkannter Fl\u00fcchtling lebt. Die anhaltenden Kriegsverbrechen der FDLR im Ostkongo sind ausf\u00fchrlich dokumentiert, ebenso der Umstand, dass zahlreiche F\u00fchrungsmitglieder zu den Hauptt\u00e4tern des Genozids von Hutu an rund 800.000 Tutsi 1994 [&hellip;]<\/p>\n","protected":false},"author":56,"featured_media":0,"comment_status":"open","ping_status":"closed","sticky":false,"template":"","format":"standard","meta":{"footnotes":""},"categories":[179],"tags":[],"class_list":["post-419","post","type-post","status-publish","format-standard","hentry","category-demokratische-republik-kongo"],"yoast_head":"<!-- This site is optimized with the Yoast SEO plugin v21.0 - https:\/\/yoast.com\/wordpress\/plugins\/seo\/ -->\n<title>Neues \u00fcber Ignace M.  - B\u00f6hms Logbuch<\/title>\n<meta name=\"robots\" content=\"index, follow, max-snippet:-1, max-image-preview:large, max-video-preview:-1\" \/>\n<link rel=\"canonical\" href=\"https:\/\/blog.zeit.de\/kongo\/2009\/10\/09\/neues-uber-ignace-m\/\" \/>\n<meta property=\"og:locale\" content=\"de_DE\" \/>\n<meta property=\"og:type\" content=\"article\" \/>\n<meta property=\"og:title\" content=\"Neues \u00fcber Ignace M.  - B\u00f6hms Logbuch\" \/>\n<meta property=\"og:description\" content=\"Eine Leseempfehlung: die taz ver\u00f6ffentlicht in ihrer Wochenendausgabe eine ausf\u00fchrliche Recherche \u00fcber die Hutu-Miliz FDLR und ihren Pr\u00e4sidenten Ignace Murwanashyaka, der in Deutschland als anerkannter Fl\u00fcchtling lebt. Die anhaltenden Kriegsverbrechen der FDLR im Ostkongo sind ausf\u00fchrlich dokumentiert, ebenso der Umstand, dass zahlreiche F\u00fchrungsmitglieder zu den Hauptt\u00e4tern des Genozids von Hutu an rund 800.000 Tutsi 1994 [&hellip;]\" \/>\n<meta property=\"og:url\" content=\"https:\/\/blog.zeit.de\/kongo\/2009\/10\/09\/neues-uber-ignace-m\/\" \/>\n<meta property=\"og:site_name\" content=\"B\u00f6hms Logbuch\" \/>\n<meta property=\"article:published_time\" content=\"2009-10-09T19:27:21+00:00\" \/>\n<meta name=\"author\" content=\"Andrea B\u00f6hm\" \/>\n<meta name=\"twitter:card\" content=\"summary_large_image\" \/>\n<meta name=\"twitter:label1\" content=\"Geschrieben von\" \/>\n\t<meta name=\"twitter:data1\" content=\"Andrea B\u00f6hm\" \/>\n\t<meta name=\"twitter:label2\" content=\"Gesch\u00e4tzte Lesezeit\" \/>\n\t<meta name=\"twitter:data2\" content=\"1\u00a0Minute\" \/>\n<script type=\"application\/ld+json\" class=\"yoast-schema-graph\">{\"@context\":\"https:\/\/schema.org\",\"@graph\":[{\"@type\":\"WebPage\",\"@id\":\"https:\/\/blog.zeit.de\/kongo\/2009\/10\/09\/neues-uber-ignace-m\/\",\"url\":\"https:\/\/blog.zeit.de\/kongo\/2009\/10\/09\/neues-uber-ignace-m\/\",\"name\":\"Neues \u00fcber Ignace M. - B\u00f6hms Logbuch\",\"isPartOf\":{\"@id\":\"https:\/\/blog.zeit.de\/kongo\/#website\"},\"datePublished\":\"2009-10-09T19:27:21+00:00\",\"dateModified\":\"2009-10-09T19:27:21+00:00\",\"author\":{\"@id\":\"https:\/\/blog.zeit.de\/kongo\/#\/schema\/person\/8e81295aad2a4133fd079a00d5889c53\"},\"breadcrumb\":{\"@id\":\"https:\/\/blog.zeit.de\/kongo\/2009\/10\/09\/neues-uber-ignace-m\/#breadcrumb\"},\"inLanguage\":\"de\",\"potentialAction\":[{\"@type\":\"ReadAction\",\"target\":[\"https:\/\/blog.zeit.de\/kongo\/2009\/10\/09\/neues-uber-ignace-m\/\"]}]},{\"@type\":\"BreadcrumbList\",\"@id\":\"https:\/\/blog.zeit.de\/kongo\/2009\/10\/09\/neues-uber-ignace-m\/#breadcrumb\",\"itemListElement\":[{\"@type\":\"ListItem\",\"position\":1,\"name\":\"Startseite\",\"item\":\"https:\/\/blog.zeit.de\/kongo\/\"},{\"@type\":\"ListItem\",\"position\":2,\"name\":\"Neues \u00fcber Ignace M.\"}]},{\"@type\":\"WebSite\",\"@id\":\"https:\/\/blog.zeit.de\/kongo\/#website\",\"url\":\"https:\/\/blog.zeit.de\/kongo\/\",\"name\":\"B\u00f6hms Logbuch\",\"description\":\"Von Kabul bis Kinshasa\",\"potentialAction\":[{\"@type\":\"SearchAction\",\"target\":{\"@type\":\"EntryPoint\",\"urlTemplate\":\"https:\/\/blog.zeit.de\/kongo\/?s={search_term_string}\"},\"query-input\":\"required name=search_term_string\"}],\"inLanguage\":\"de\"},{\"@type\":\"Person\",\"@id\":\"https:\/\/blog.zeit.de\/kongo\/#\/schema\/person\/8e81295aad2a4133fd079a00d5889c53\",\"name\":\"Andrea B\u00f6hm\",\"image\":{\"@type\":\"ImageObject\",\"inLanguage\":\"de\",\"@id\":\"https:\/\/blog.zeit.de\/kongo\/#\/schema\/person\/image\/\",\"url\":\"https:\/\/secure.gravatar.com\/avatar\/7b2f270f90084490fc5cb03eb7c82fe7a861182b7fa410f87081d5cc1be35b42?s=96&d=mm&r=g\",\"contentUrl\":\"https:\/\/secure.gravatar.com\/avatar\/7b2f270f90084490fc5cb03eb7c82fe7a861182b7fa410f87081d5cc1be35b42?s=96&d=mm&r=g\",\"caption\":\"Andrea B\u00f6hm\"},\"url\":\"https:\/\/blog.zeit.de\/kongo\/author\/andrea-boehm\/\"}]}<\/script>\n<!-- \/ Yoast SEO plugin. -->","yoast_head_json":{"title":"Neues \u00fcber Ignace M.  - B\u00f6hms Logbuch","robots":{"index":"index","follow":"follow","max-snippet":"max-snippet:-1","max-image-preview":"max-image-preview:large","max-video-preview":"max-video-preview:-1"},"canonical":"https:\/\/blog.zeit.de\/kongo\/2009\/10\/09\/neues-uber-ignace-m\/","og_locale":"de_DE","og_type":"article","og_title":"Neues \u00fcber Ignace M.  - B\u00f6hms Logbuch","og_description":"Eine Leseempfehlung: die taz ver\u00f6ffentlicht in ihrer Wochenendausgabe eine ausf\u00fchrliche Recherche \u00fcber die Hutu-Miliz FDLR und ihren Pr\u00e4sidenten Ignace Murwanashyaka, der in Deutschland als anerkannter Fl\u00fcchtling lebt. Die anhaltenden Kriegsverbrechen der FDLR im Ostkongo sind ausf\u00fchrlich dokumentiert, ebenso der Umstand, dass zahlreiche F\u00fchrungsmitglieder zu den Hauptt\u00e4tern des Genozids von Hutu an rund 800.000 Tutsi 1994 [&hellip;]","og_url":"https:\/\/blog.zeit.de\/kongo\/2009\/10\/09\/neues-uber-ignace-m\/","og_site_name":"B\u00f6hms Logbuch","article_published_time":"2009-10-09T19:27:21+00:00","author":"Andrea B\u00f6hm","twitter_card":"summary_large_image","twitter_misc":{"Geschrieben von":"Andrea B\u00f6hm","Gesch\u00e4tzte Lesezeit":"1\u00a0Minute"},"schema":{"@context":"https:\/\/schema.org","@graph":[{"@type":"WebPage","@id":"https:\/\/blog.zeit.de\/kongo\/2009\/10\/09\/neues-uber-ignace-m\/","url":"https:\/\/blog.zeit.de\/kongo\/2009\/10\/09\/neues-uber-ignace-m\/","name":"Neues \u00fcber Ignace M. - B\u00f6hms Logbuch","isPartOf":{"@id":"https:\/\/blog.zeit.de\/kongo\/#website"},"datePublished":"2009-10-09T19:27:21+00:00","dateModified":"2009-10-09T19:27:21+00:00","author":{"@id":"https:\/\/blog.zeit.de\/kongo\/#\/schema\/person\/8e81295aad2a4133fd079a00d5889c53"},"breadcrumb":{"@id":"https:\/\/blog.zeit.de\/kongo\/2009\/10\/09\/neues-uber-ignace-m\/#breadcrumb"},"inLanguage":"de","potentialAction":[{"@type":"ReadAction","target":["https:\/\/blog.zeit.de\/kongo\/2009\/10\/09\/neues-uber-ignace-m\/"]}]},{"@type":"BreadcrumbList","@id":"https:\/\/blog.zeit.de\/kongo\/2009\/10\/09\/neues-uber-ignace-m\/#breadcrumb","itemListElement":[{"@type":"ListItem","position":1,"name":"Startseite","item":"https:\/\/blog.zeit.de\/kongo\/"},{"@type":"ListItem","position":2,"name":"Neues \u00fcber Ignace M."}]},{"@type":"WebSite","@id":"https:\/\/blog.zeit.de\/kongo\/#website","url":"https:\/\/blog.zeit.de\/kongo\/","name":"B\u00f6hms Logbuch","description":"Von Kabul bis Kinshasa","potentialAction":[{"@type":"SearchAction","target":{"@type":"EntryPoint","urlTemplate":"https:\/\/blog.zeit.de\/kongo\/?s={search_term_string}"},"query-input":"required name=search_term_string"}],"inLanguage":"de"},{"@type":"Person","@id":"https:\/\/blog.zeit.de\/kongo\/#\/schema\/person\/8e81295aad2a4133fd079a00d5889c53","name":"Andrea B\u00f6hm","image":{"@type":"ImageObject","inLanguage":"de","@id":"https:\/\/blog.zeit.de\/kongo\/#\/schema\/person\/image\/","url":"https:\/\/secure.gravatar.com\/avatar\/7b2f270f90084490fc5cb03eb7c82fe7a861182b7fa410f87081d5cc1be35b42?s=96&d=mm&r=g","contentUrl":"https:\/\/secure.gravatar.com\/avatar\/7b2f270f90084490fc5cb03eb7c82fe7a861182b7fa410f87081d5cc1be35b42?s=96&d=mm&r=g","caption":"Andrea B\u00f6hm"},"url":"https:\/\/blog.zeit.de\/kongo\/author\/andrea-boehm\/"}]}},"jetpack_featured_media_url":"","_links":{"self":[{"href":"https:\/\/blog.zeit.de\/kongo\/wp-json\/wp\/v2\/posts\/419","targetHints":{"allow":["GET"]}}],"collection":[{"href":"https:\/\/blog.zeit.de\/kongo\/wp-json\/wp\/v2\/posts"}],"about":[{"href":"https:\/\/blog.zeit.de\/kongo\/wp-json\/wp\/v2\/types\/post"}],"author":[{"embeddable":true,"href":"https:\/\/blog.zeit.de\/kongo\/wp-json\/wp\/v2\/users\/56"}],"replies":[{"embeddable":true,"href":"https:\/\/blog.zeit.de\/kongo\/wp-json\/wp\/v2\/comments?post=419"}],"version-history":[{"count":0,"href":"https:\/\/blog.zeit.de\/kongo\/wp-json\/wp\/v2\/posts\/419\/revisions"}],"wp:attachment":[{"href":"https:\/\/blog.zeit.de\/kongo\/wp-json\/wp\/v2\/media?parent=419"}],"wp:term":[{"taxonomy":"category","embeddable":true,"href":"https:\/\/blog.zeit.de\/kongo\/wp-json\/wp\/v2\/categories?post=419"},{"taxonomy":"post_tag","embeddable":true,"href":"https:\/\/blog.zeit.de\/kongo\/wp-json\/wp\/v2\/tags?post=419"}],"curies":[{"name":"wp","href":"https:\/\/api.w.org\/{rel}","templated":true}]}}