{"id":42,"date":"2007-05-12T10:57:35","date_gmt":"2007-05-12T08:57:35","guid":{"rendered":"http:\/\/blog.zeit.de\/kongo\/?p=42"},"modified":"2007-05-12T10:57:35","modified_gmt":"2007-05-12T08:57:35","slug":"in-eigener-sache","status":"publish","type":"post","link":"https:\/\/blog.zeit.de\/kongo\/2007\/05\/12\/in-eigener-sache\/","title":{"rendered":"In eigener Sache"},"content":{"rendered":"<p>Den werten Leserinnen und Lesern wird es aufgefallen sein: Aus dem Kongo-Blog ist B\u00f6hm\u2019s Logbuch geworden. Keine Sorge, der Kongo bleibt weiter Thema. Aber k\u00fcnftig wird es an dieser Stelle nicht nur Reiseberichte aus Kinshasa, Bukavu oder Kamituga geben, sondern auch aus Serbien, Sierra Leone, Liberia, Kosovo \u2013 und wo immer sonst ich mich herumtreibe. Au\u00dferdem bietet das Logbuch Berichte und Kommentare zu aktuellen au\u00dfenpolitischen Ereignissen. Viel Spa\u00df beim Lesen.<\/p>\n","protected":false},"excerpt":{"rendered":"<p>Den werten Leserinnen und Lesern wird es aufgefallen sein: Aus dem Kongo-Blog ist B\u00f6hm\u2019s Logbuch geworden. Keine Sorge, der Kongo bleibt weiter Thema. Aber k\u00fcnftig wird es an dieser Stelle nicht nur Reiseberichte aus Kinshasa, Bukavu oder Kamituga geben, sondern auch aus Serbien, Sierra Leone, Liberia, Kosovo \u2013 und wo immer sonst ich mich herumtreibe. [&hellip;]<\/p>\n","protected":false},"author":56,"featured_media":0,"comment_status":"open","ping_status":"closed","sticky":false,"template":"","format":"standard","meta":{"footnotes":""},"categories":[6],"tags":[],"class_list":["post-42","post","type-post","status-publish","format-standard","hentry","category-nicht-kategorisiert"],"yoast_head":"<!-- This site is optimized with the Yoast SEO plugin v21.0 - https:\/\/yoast.com\/wordpress\/plugins\/seo\/ -->\n<title>In eigener Sache - B\u00f6hms Logbuch<\/title>\n<meta name=\"robots\" content=\"index, follow, max-snippet:-1, max-image-preview:large, max-video-preview:-1\" \/>\n<link rel=\"canonical\" href=\"https:\/\/blog.zeit.de\/kongo\/2007\/05\/12\/in-eigener-sache\/\" \/>\n<meta property=\"og:locale\" content=\"de_DE\" \/>\n<meta property=\"og:type\" content=\"article\" \/>\n<meta property=\"og:title\" content=\"In eigener Sache - B\u00f6hms Logbuch\" \/>\n<meta property=\"og:description\" content=\"Den werten Leserinnen und Lesern wird es aufgefallen sein: Aus dem Kongo-Blog ist B\u00f6hm\u2019s Logbuch geworden. Keine Sorge, der Kongo bleibt weiter Thema. Aber k\u00fcnftig wird es an dieser Stelle nicht nur Reiseberichte aus Kinshasa, Bukavu oder Kamituga geben, sondern auch aus Serbien, Sierra Leone, Liberia, Kosovo \u2013 und wo immer sonst ich mich herumtreibe. [&hellip;]\" \/>\n<meta property=\"og:url\" content=\"https:\/\/blog.zeit.de\/kongo\/2007\/05\/12\/in-eigener-sache\/\" \/>\n<meta property=\"og:site_name\" content=\"B\u00f6hms Logbuch\" \/>\n<meta property=\"article:published_time\" content=\"2007-05-12T08:57:35+00:00\" \/>\n<meta name=\"author\" content=\"Andrea B\u00f6hm\" \/>\n<meta name=\"twitter:card\" content=\"summary_large_image\" \/>\n<meta name=\"twitter:label1\" content=\"Geschrieben von\" \/>\n\t<meta name=\"twitter:data1\" content=\"Andrea B\u00f6hm\" \/>\n<script type=\"application\/ld+json\" class=\"yoast-schema-graph\">{\"@context\":\"https:\/\/schema.org\",\"@graph\":[{\"@type\":\"WebPage\",\"@id\":\"https:\/\/blog.zeit.de\/kongo\/2007\/05\/12\/in-eigener-sache\/\",\"url\":\"https:\/\/blog.zeit.de\/kongo\/2007\/05\/12\/in-eigener-sache\/\",\"name\":\"In eigener Sache - B\u00f6hms Logbuch\",\"isPartOf\":{\"@id\":\"https:\/\/blog.zeit.de\/kongo\/#website\"},\"datePublished\":\"2007-05-12T08:57:35+00:00\",\"dateModified\":\"2007-05-12T08:57:35+00:00\",\"author\":{\"@id\":\"https:\/\/blog.zeit.de\/kongo\/#\/schema\/person\/8e81295aad2a4133fd079a00d5889c53\"},\"breadcrumb\":{\"@id\":\"https:\/\/blog.zeit.de\/kongo\/2007\/05\/12\/in-eigener-sache\/#breadcrumb\"},\"inLanguage\":\"de\",\"potentialAction\":[{\"@type\":\"ReadAction\",\"target\":[\"https:\/\/blog.zeit.de\/kongo\/2007\/05\/12\/in-eigener-sache\/\"]}]},{\"@type\":\"BreadcrumbList\",\"@id\":\"https:\/\/blog.zeit.de\/kongo\/2007\/05\/12\/in-eigener-sache\/#breadcrumb\",\"itemListElement\":[{\"@type\":\"ListItem\",\"position\":1,\"name\":\"Startseite\",\"item\":\"https:\/\/blog.zeit.de\/kongo\/\"},{\"@type\":\"ListItem\",\"position\":2,\"name\":\"In eigener Sache\"}]},{\"@type\":\"WebSite\",\"@id\":\"https:\/\/blog.zeit.de\/kongo\/#website\",\"url\":\"https:\/\/blog.zeit.de\/kongo\/\",\"name\":\"B\u00f6hms Logbuch\",\"description\":\"Von Kabul bis Kinshasa\",\"potentialAction\":[{\"@type\":\"SearchAction\",\"target\":{\"@type\":\"EntryPoint\",\"urlTemplate\":\"https:\/\/blog.zeit.de\/kongo\/?s={search_term_string}\"},\"query-input\":\"required name=search_term_string\"}],\"inLanguage\":\"de\"},{\"@type\":\"Person\",\"@id\":\"https:\/\/blog.zeit.de\/kongo\/#\/schema\/person\/8e81295aad2a4133fd079a00d5889c53\",\"name\":\"Andrea B\u00f6hm\",\"image\":{\"@type\":\"ImageObject\",\"inLanguage\":\"de\",\"@id\":\"https:\/\/blog.zeit.de\/kongo\/#\/schema\/person\/image\/\",\"url\":\"https:\/\/secure.gravatar.com\/avatar\/7b2f270f90084490fc5cb03eb7c82fe7a861182b7fa410f87081d5cc1be35b42?s=96&d=mm&r=g\",\"contentUrl\":\"https:\/\/secure.gravatar.com\/avatar\/7b2f270f90084490fc5cb03eb7c82fe7a861182b7fa410f87081d5cc1be35b42?s=96&d=mm&r=g\",\"caption\":\"Andrea B\u00f6hm\"},\"url\":\"https:\/\/blog.zeit.de\/kongo\/author\/andrea-boehm\/\"}]}<\/script>\n<!-- \/ Yoast SEO plugin. -->","yoast_head_json":{"title":"In eigener Sache - B\u00f6hms Logbuch","robots":{"index":"index","follow":"follow","max-snippet":"max-snippet:-1","max-image-preview":"max-image-preview:large","max-video-preview":"max-video-preview:-1"},"canonical":"https:\/\/blog.zeit.de\/kongo\/2007\/05\/12\/in-eigener-sache\/","og_locale":"de_DE","og_type":"article","og_title":"In eigener Sache - B\u00f6hms Logbuch","og_description":"Den werten Leserinnen und Lesern wird es aufgefallen sein: Aus dem Kongo-Blog ist B\u00f6hm\u2019s Logbuch geworden. Keine Sorge, der Kongo bleibt weiter Thema. Aber k\u00fcnftig wird es an dieser Stelle nicht nur Reiseberichte aus Kinshasa, Bukavu oder Kamituga geben, sondern auch aus Serbien, Sierra Leone, Liberia, Kosovo \u2013 und wo immer sonst ich mich herumtreibe. [&hellip;]","og_url":"https:\/\/blog.zeit.de\/kongo\/2007\/05\/12\/in-eigener-sache\/","og_site_name":"B\u00f6hms Logbuch","article_published_time":"2007-05-12T08:57:35+00:00","author":"Andrea B\u00f6hm","twitter_card":"summary_large_image","twitter_misc":{"Geschrieben von":"Andrea B\u00f6hm"},"schema":{"@context":"https:\/\/schema.org","@graph":[{"@type":"WebPage","@id":"https:\/\/blog.zeit.de\/kongo\/2007\/05\/12\/in-eigener-sache\/","url":"https:\/\/blog.zeit.de\/kongo\/2007\/05\/12\/in-eigener-sache\/","name":"In eigener Sache - B\u00f6hms Logbuch","isPartOf":{"@id":"https:\/\/blog.zeit.de\/kongo\/#website"},"datePublished":"2007-05-12T08:57:35+00:00","dateModified":"2007-05-12T08:57:35+00:00","author":{"@id":"https:\/\/blog.zeit.de\/kongo\/#\/schema\/person\/8e81295aad2a4133fd079a00d5889c53"},"breadcrumb":{"@id":"https:\/\/blog.zeit.de\/kongo\/2007\/05\/12\/in-eigener-sache\/#breadcrumb"},"inLanguage":"de","potentialAction":[{"@type":"ReadAction","target":["https:\/\/blog.zeit.de\/kongo\/2007\/05\/12\/in-eigener-sache\/"]}]},{"@type":"BreadcrumbList","@id":"https:\/\/blog.zeit.de\/kongo\/2007\/05\/12\/in-eigener-sache\/#breadcrumb","itemListElement":[{"@type":"ListItem","position":1,"name":"Startseite","item":"https:\/\/blog.zeit.de\/kongo\/"},{"@type":"ListItem","position":2,"name":"In eigener Sache"}]},{"@type":"WebSite","@id":"https:\/\/blog.zeit.de\/kongo\/#website","url":"https:\/\/blog.zeit.de\/kongo\/","name":"B\u00f6hms Logbuch","description":"Von Kabul bis Kinshasa","potentialAction":[{"@type":"SearchAction","target":{"@type":"EntryPoint","urlTemplate":"https:\/\/blog.zeit.de\/kongo\/?s={search_term_string}"},"query-input":"required name=search_term_string"}],"inLanguage":"de"},{"@type":"Person","@id":"https:\/\/blog.zeit.de\/kongo\/#\/schema\/person\/8e81295aad2a4133fd079a00d5889c53","name":"Andrea B\u00f6hm","image":{"@type":"ImageObject","inLanguage":"de","@id":"https:\/\/blog.zeit.de\/kongo\/#\/schema\/person\/image\/","url":"https:\/\/secure.gravatar.com\/avatar\/7b2f270f90084490fc5cb03eb7c82fe7a861182b7fa410f87081d5cc1be35b42?s=96&d=mm&r=g","contentUrl":"https:\/\/secure.gravatar.com\/avatar\/7b2f270f90084490fc5cb03eb7c82fe7a861182b7fa410f87081d5cc1be35b42?s=96&d=mm&r=g","caption":"Andrea B\u00f6hm"},"url":"https:\/\/blog.zeit.de\/kongo\/author\/andrea-boehm\/"}]}},"jetpack_featured_media_url":"","_links":{"self":[{"href":"https:\/\/blog.zeit.de\/kongo\/wp-json\/wp\/v2\/posts\/42","targetHints":{"allow":["GET"]}}],"collection":[{"href":"https:\/\/blog.zeit.de\/kongo\/wp-json\/wp\/v2\/posts"}],"about":[{"href":"https:\/\/blog.zeit.de\/kongo\/wp-json\/wp\/v2\/types\/post"}],"author":[{"embeddable":true,"href":"https:\/\/blog.zeit.de\/kongo\/wp-json\/wp\/v2\/users\/56"}],"replies":[{"embeddable":true,"href":"https:\/\/blog.zeit.de\/kongo\/wp-json\/wp\/v2\/comments?post=42"}],"version-history":[{"count":0,"href":"https:\/\/blog.zeit.de\/kongo\/wp-json\/wp\/v2\/posts\/42\/revisions"}],"wp:attachment":[{"href":"https:\/\/blog.zeit.de\/kongo\/wp-json\/wp\/v2\/media?parent=42"}],"wp:term":[{"taxonomy":"category","embeddable":true,"href":"https:\/\/blog.zeit.de\/kongo\/wp-json\/wp\/v2\/categories?post=42"},{"taxonomy":"post_tag","embeddable":true,"href":"https:\/\/blog.zeit.de\/kongo\/wp-json\/wp\/v2\/tags?post=42"}],"curies":[{"name":"wp","href":"https:\/\/api.w.org\/{rel}","templated":true}]}}