{"id":5,"date":"2006-07-22T11:44:09","date_gmt":"2006-07-22T09:44:09","guid":{"rendered":"http:\/\/blog.zeit.de\/kongo\/?p=5"},"modified":"2006-07-22T11:44:09","modified_gmt":"2006-07-22T09:44:09","slug":"der-major-von-kamituga","status":"publish","type":"post","link":"https:\/\/blog.zeit.de\/kongo\/2006\/07\/22\/der-major-von-kamituga\/","title":{"rendered":"Der Major von Kamituga"},"content":{"rendered":"<p>Der Major hat uns einbestellt. Major Amuli Civiri ist der stellvertretende Kommandant der 122. Brigade der kongolesischen Armee in Kamituga und dem umliegenden Distrikt. Blauhelme der UN haben sich hier noch nie blicken lassen. Damit ist der Major der rangh\u00f6chste Milit\u00e4r in der Stadt.<\/p>\n<p>Weil sich nun weder der Kandidat Kibala noch die deutsche Journalistin sofort nach ihrer Ankunft vorgestellt haben, ist er indigniert. Jetzt gibt es ein Problem: Kibala ist am Tag zuvor mit dem Motorrad \u201eschnell mal\u201c in die 30 Kilometer entfernte Nachbarstadt Mwenga gefahren, um Plakate aufzuh\u00e4ngen und sich mit den traditionellen Oberh\u00e4uptern zu treffen. Seither ist er verschwunden, auch per Handy nicht zu erreichen. Also muss ich allein zum H\u00f6flichkeitsbesuch.<\/p>\n<p>Major Civiri sitzt mit Drei-Tage-Bart und \u201eNew York-Yankee\u201c-T-Shirt auf der Veranda seines Hauptquartiers, vor sich ein Tisch mit metallenem Aktenkoffer, zwei Handys und einem R\u00f6hrchen Vitamintabletten. Unterw\u00fcrfig dreinblickende H\u00e4ndler aus Kamituga dr\u00e4ngen sich wie Pr\u00fcflinge auf einer Holzbank. Sie wollen mit dem Major ins Gesch\u00e4ft kommen. Der verscheucht sie nun mit einer Handbewegung und einem Redeschwall auf Kisuahili und studiert eingehend die deutsche Telefonnummer auf meiner Visitenkarte, \u201efalls ich Sie mal anrufen muss\u201c. Das hat mir gerade noch gefehlt.<\/p>\n<p>Civiris 122. Brigade soll die Bev\u00f6lkerung in Mwenga vor Hutu-Milizen sch\u00fctzen. Gemeint sind jene Resttruppen der Interahamwe, die 1994 den V\u00f6lkermord an den Tutsi in Ruanda ausf\u00fchrten, dann in den Kongo flohen und damit das Land in einen Teufelskreis aus Pl\u00fcnderz\u00fcgen und Kriegen st\u00fcrzten. Weiter oben im Norden sind einige dieser Milizen durch Blauhelm-Truppen der UN aufgerieben worden, andere sind nach Amnestieangebote nach Ruanda zur\u00fcckgekehrt. Wieder andere sind geblieben und haben sich nach zw\u00f6lf Jahren in den W\u00e4ldern zu ausgefuchsten Buschk\u00e4mpfern entwickelt, die sich immer wieder mit Kindersoldaten aus der Region verst\u00e4rken. \u201eIch leite gezielte Operationen gegen den Feind. Das ist gef\u00e4hrlich, aber erfolgreich\u201c, sagt der Major. Seine Handys klingeln ununterbrochen, was mir die Gelegenheit gibt, sein \u201eHauptquartier\u201c genauer zu betrachten. In seinem Garten haben seine nachgeordneten Offiziere f\u00fcr sich und ihre Familien Grash\u00fctten aufgebaut. Seine Gefreiten sind teils in Abbruchh\u00e4usern \u00fcber die Stadt verteilt, teils auf den Strassen in die umliegenden Kleinst\u00e4dte postiert, wo sie an Barrikaden Wegezoll verlangen. Ich spreche, als beide Handys f\u00fcr einen Moment ruhen, ganz sachte die altbekannten Probleme der kongolesischen Armee an, die seit dem Kriegsende 2003 aus Angeh\u00f6rigen aller Kampfparteien zusammengestoppelt wird: dass der Sold f\u00fcr die Soldaten oft schon in Kinshasa in den Taschen der Gener\u00e4le verschwindet, dass es zunehmend \u201eProbleme mit der Disziplin\u201c gebe, was eine sehr galante Umschreibung f\u00fcr Pl\u00fcnderungen und Vergewaltigungen ist. \u201eKeine Sorge\u201c, sagt Major Civiri, \u201edas haben wir jetzt alles im Griff.\u201c Die B\u00fcrger von Kamituga, allen voran die Frauen, sehen das anders.<\/p>\n<p>Bevor das Gespr\u00e4ch einen unerfreulichen Verlauf nehmen kann, dreht Major Civiri den Spie\u00df um und fragt mich aus.<br \/>\n\u201eWird Kandidat Kibala auch in Kamituga bleiben, wenn er die Wahl verliert?\u201c<br \/>\n\u201eDas m\u00fcssen Sie Herrn Kibala fragen.\u201c<br \/>\n\u201eIch habe n\u00e4mlich beschlossen, ihn zu unterst\u00fctzen.\u201c<br \/>\n\u201eDas wird ihn sicher freuen\u201c, sage ich. \u201eAber Soldaten d\u00fcrfen doch gar nicht w\u00e4hlen?\u201c<br \/>\n\u201eStimmt, wir sind politisch v\u00f6llig neutral. Aber unsere Frauen d\u00fcrfen w\u00e4hlen. Au\u00dferdem kommunizieren wir t\u00e4glich mit der Bev\u00f6lkerung und k\u00f6nnen durchaus mitteilen, welche Kandidaten wir uns w\u00fcnschen.\u201c<br \/>\nAha. Ich bedanke mich f\u00fcr das Gespr\u00e4ch, und der Major wendet sich wieder seinen Gesch\u00e4ften zu.<\/p>\n<p>Jean Claude Kibala taucht an diesem Abend lange nach Einbruch der Dunkelheit wieder auf \u2013 von oben bis unten mit Schlamm besprenkelt und kurz davor, im Stehen einzuschlafen. Als ich ihm den Dialog mit Major Civiri wiedergebe, sagt er nur: \u201eUm Gottes Willen&#8230;\u201c<\/p>\n<p>Seine Mini-Delegation, bestehend aus drei Motorr\u00e4dern und sechs M\u00e4nnern sieht aus, als h\u00e4tten sie die Rallye Paris-Dakar absolviert. Sie mussten nach einem Regenguss in Mwenga \u00fcbernachten und haben \u00fcber sechs Stunden f\u00fcr die 30 Kilometer R\u00fcckfahrt gebraucht. In der Nacht war ein Haus keine hundert Meter neben ihrer Unterkunft von Hutu-Milizen gepl\u00fcndert worden. Keine Toten, keine Verletzten, keine Vergewaltigten, \u201e aber\u201c, sagt Kibala, \u201ealles total ausger\u00e4umt.\u201c Er selbst habe noch nicht einmal etwas geh\u00f6rt. \u201eIch war so m\u00fcde, ich habe einfach nur gepennt.\u201c<\/p>\n","protected":false},"excerpt":{"rendered":"<p>Der Major hat uns einbestellt. Major Amuli Civiri ist der stellvertretende Kommandant der 122. Brigade der kongolesischen Armee in Kamituga und dem umliegenden Distrikt. Blauhelme der UN haben sich hier noch nie blicken lassen. Damit ist der Major der rangh\u00f6chste Milit\u00e4r in der Stadt. Weil sich nun weder der Kandidat Kibala noch die deutsche Journalistin [&hellip;]<\/p>\n","protected":false},"author":56,"featured_media":0,"comment_status":"open","ping_status":"closed","sticky":false,"template":"","format":"standard","meta":{"footnotes":""},"categories":[194],"tags":[],"class_list":["post-5","post","type-post","status-publish","format-standard","hentry","category-wahl-in-kongo"],"yoast_head":"<!-- This site is optimized with the Yoast SEO plugin v21.0 - https:\/\/yoast.com\/wordpress\/plugins\/seo\/ -->\n<title>Der Major von Kamituga - B\u00f6hms Logbuch<\/title>\n<meta name=\"robots\" content=\"index, follow, max-snippet:-1, max-image-preview:large, max-video-preview:-1\" \/>\n<link rel=\"canonical\" href=\"https:\/\/blog.zeit.de\/kongo\/2006\/07\/22\/der-major-von-kamituga\/\" \/>\n<meta property=\"og:locale\" content=\"de_DE\" \/>\n<meta property=\"og:type\" content=\"article\" \/>\n<meta property=\"og:title\" content=\"Der Major von Kamituga - B\u00f6hms Logbuch\" \/>\n<meta property=\"og:description\" content=\"Der Major hat uns einbestellt. Major Amuli Civiri ist der stellvertretende Kommandant der 122. Brigade der kongolesischen Armee in Kamituga und dem umliegenden Distrikt. Blauhelme der UN haben sich hier noch nie blicken lassen. Damit ist der Major der rangh\u00f6chste Milit\u00e4r in der Stadt. Weil sich nun weder der Kandidat Kibala noch die deutsche Journalistin [&hellip;]\" \/>\n<meta property=\"og:url\" content=\"https:\/\/blog.zeit.de\/kongo\/2006\/07\/22\/der-major-von-kamituga\/\" \/>\n<meta property=\"og:site_name\" content=\"B\u00f6hms Logbuch\" \/>\n<meta property=\"article:published_time\" content=\"2006-07-22T09:44:09+00:00\" \/>\n<meta name=\"author\" content=\"Andrea B\u00f6hm\" \/>\n<meta name=\"twitter:card\" content=\"summary_large_image\" \/>\n<meta name=\"twitter:label1\" content=\"Geschrieben von\" \/>\n\t<meta name=\"twitter:data1\" content=\"Andrea B\u00f6hm\" \/>\n\t<meta name=\"twitter:label2\" content=\"Gesch\u00e4tzte Lesezeit\" \/>\n\t<meta name=\"twitter:data2\" content=\"4\u00a0Minuten\" \/>\n<script type=\"application\/ld+json\" class=\"yoast-schema-graph\">{\"@context\":\"https:\/\/schema.org\",\"@graph\":[{\"@type\":\"WebPage\",\"@id\":\"https:\/\/blog.zeit.de\/kongo\/2006\/07\/22\/der-major-von-kamituga\/\",\"url\":\"https:\/\/blog.zeit.de\/kongo\/2006\/07\/22\/der-major-von-kamituga\/\",\"name\":\"Der Major von Kamituga - B\u00f6hms Logbuch\",\"isPartOf\":{\"@id\":\"https:\/\/blog.zeit.de\/kongo\/#website\"},\"datePublished\":\"2006-07-22T09:44:09+00:00\",\"dateModified\":\"2006-07-22T09:44:09+00:00\",\"author\":{\"@id\":\"https:\/\/blog.zeit.de\/kongo\/#\/schema\/person\/8e81295aad2a4133fd079a00d5889c53\"},\"breadcrumb\":{\"@id\":\"https:\/\/blog.zeit.de\/kongo\/2006\/07\/22\/der-major-von-kamituga\/#breadcrumb\"},\"inLanguage\":\"de\",\"potentialAction\":[{\"@type\":\"ReadAction\",\"target\":[\"https:\/\/blog.zeit.de\/kongo\/2006\/07\/22\/der-major-von-kamituga\/\"]}]},{\"@type\":\"BreadcrumbList\",\"@id\":\"https:\/\/blog.zeit.de\/kongo\/2006\/07\/22\/der-major-von-kamituga\/#breadcrumb\",\"itemListElement\":[{\"@type\":\"ListItem\",\"position\":1,\"name\":\"Startseite\",\"item\":\"https:\/\/blog.zeit.de\/kongo\/\"},{\"@type\":\"ListItem\",\"position\":2,\"name\":\"Der Major von Kamituga\"}]},{\"@type\":\"WebSite\",\"@id\":\"https:\/\/blog.zeit.de\/kongo\/#website\",\"url\":\"https:\/\/blog.zeit.de\/kongo\/\",\"name\":\"B\u00f6hms Logbuch\",\"description\":\"Von Kabul bis Kinshasa\",\"potentialAction\":[{\"@type\":\"SearchAction\",\"target\":{\"@type\":\"EntryPoint\",\"urlTemplate\":\"https:\/\/blog.zeit.de\/kongo\/?s={search_term_string}\"},\"query-input\":\"required name=search_term_string\"}],\"inLanguage\":\"de\"},{\"@type\":\"Person\",\"@id\":\"https:\/\/blog.zeit.de\/kongo\/#\/schema\/person\/8e81295aad2a4133fd079a00d5889c53\",\"name\":\"Andrea B\u00f6hm\",\"image\":{\"@type\":\"ImageObject\",\"inLanguage\":\"de\",\"@id\":\"https:\/\/blog.zeit.de\/kongo\/#\/schema\/person\/image\/\",\"url\":\"https:\/\/secure.gravatar.com\/avatar\/7b2f270f90084490fc5cb03eb7c82fe7a861182b7fa410f87081d5cc1be35b42?s=96&d=mm&r=g\",\"contentUrl\":\"https:\/\/secure.gravatar.com\/avatar\/7b2f270f90084490fc5cb03eb7c82fe7a861182b7fa410f87081d5cc1be35b42?s=96&d=mm&r=g\",\"caption\":\"Andrea B\u00f6hm\"},\"url\":\"https:\/\/blog.zeit.de\/kongo\/author\/andrea-boehm\/\"}]}<\/script>\n<!-- \/ Yoast SEO plugin. -->","yoast_head_json":{"title":"Der Major von Kamituga - B\u00f6hms Logbuch","robots":{"index":"index","follow":"follow","max-snippet":"max-snippet:-1","max-image-preview":"max-image-preview:large","max-video-preview":"max-video-preview:-1"},"canonical":"https:\/\/blog.zeit.de\/kongo\/2006\/07\/22\/der-major-von-kamituga\/","og_locale":"de_DE","og_type":"article","og_title":"Der Major von Kamituga - B\u00f6hms Logbuch","og_description":"Der Major hat uns einbestellt. Major Amuli Civiri ist der stellvertretende Kommandant der 122. Brigade der kongolesischen Armee in Kamituga und dem umliegenden Distrikt. Blauhelme der UN haben sich hier noch nie blicken lassen. Damit ist der Major der rangh\u00f6chste Milit\u00e4r in der Stadt. Weil sich nun weder der Kandidat Kibala noch die deutsche Journalistin [&hellip;]","og_url":"https:\/\/blog.zeit.de\/kongo\/2006\/07\/22\/der-major-von-kamituga\/","og_site_name":"B\u00f6hms Logbuch","article_published_time":"2006-07-22T09:44:09+00:00","author":"Andrea B\u00f6hm","twitter_card":"summary_large_image","twitter_misc":{"Geschrieben von":"Andrea B\u00f6hm","Gesch\u00e4tzte Lesezeit":"4\u00a0Minuten"},"schema":{"@context":"https:\/\/schema.org","@graph":[{"@type":"WebPage","@id":"https:\/\/blog.zeit.de\/kongo\/2006\/07\/22\/der-major-von-kamituga\/","url":"https:\/\/blog.zeit.de\/kongo\/2006\/07\/22\/der-major-von-kamituga\/","name":"Der Major von Kamituga - B\u00f6hms Logbuch","isPartOf":{"@id":"https:\/\/blog.zeit.de\/kongo\/#website"},"datePublished":"2006-07-22T09:44:09+00:00","dateModified":"2006-07-22T09:44:09+00:00","author":{"@id":"https:\/\/blog.zeit.de\/kongo\/#\/schema\/person\/8e81295aad2a4133fd079a00d5889c53"},"breadcrumb":{"@id":"https:\/\/blog.zeit.de\/kongo\/2006\/07\/22\/der-major-von-kamituga\/#breadcrumb"},"inLanguage":"de","potentialAction":[{"@type":"ReadAction","target":["https:\/\/blog.zeit.de\/kongo\/2006\/07\/22\/der-major-von-kamituga\/"]}]},{"@type":"BreadcrumbList","@id":"https:\/\/blog.zeit.de\/kongo\/2006\/07\/22\/der-major-von-kamituga\/#breadcrumb","itemListElement":[{"@type":"ListItem","position":1,"name":"Startseite","item":"https:\/\/blog.zeit.de\/kongo\/"},{"@type":"ListItem","position":2,"name":"Der Major von Kamituga"}]},{"@type":"WebSite","@id":"https:\/\/blog.zeit.de\/kongo\/#website","url":"https:\/\/blog.zeit.de\/kongo\/","name":"B\u00f6hms Logbuch","description":"Von Kabul bis Kinshasa","potentialAction":[{"@type":"SearchAction","target":{"@type":"EntryPoint","urlTemplate":"https:\/\/blog.zeit.de\/kongo\/?s={search_term_string}"},"query-input":"required name=search_term_string"}],"inLanguage":"de"},{"@type":"Person","@id":"https:\/\/blog.zeit.de\/kongo\/#\/schema\/person\/8e81295aad2a4133fd079a00d5889c53","name":"Andrea B\u00f6hm","image":{"@type":"ImageObject","inLanguage":"de","@id":"https:\/\/blog.zeit.de\/kongo\/#\/schema\/person\/image\/","url":"https:\/\/secure.gravatar.com\/avatar\/7b2f270f90084490fc5cb03eb7c82fe7a861182b7fa410f87081d5cc1be35b42?s=96&d=mm&r=g","contentUrl":"https:\/\/secure.gravatar.com\/avatar\/7b2f270f90084490fc5cb03eb7c82fe7a861182b7fa410f87081d5cc1be35b42?s=96&d=mm&r=g","caption":"Andrea B\u00f6hm"},"url":"https:\/\/blog.zeit.de\/kongo\/author\/andrea-boehm\/"}]}},"jetpack_featured_media_url":"","_links":{"self":[{"href":"https:\/\/blog.zeit.de\/kongo\/wp-json\/wp\/v2\/posts\/5","targetHints":{"allow":["GET"]}}],"collection":[{"href":"https:\/\/blog.zeit.de\/kongo\/wp-json\/wp\/v2\/posts"}],"about":[{"href":"https:\/\/blog.zeit.de\/kongo\/wp-json\/wp\/v2\/types\/post"}],"author":[{"embeddable":true,"href":"https:\/\/blog.zeit.de\/kongo\/wp-json\/wp\/v2\/users\/56"}],"replies":[{"embeddable":true,"href":"https:\/\/blog.zeit.de\/kongo\/wp-json\/wp\/v2\/comments?post=5"}],"version-history":[{"count":0,"href":"https:\/\/blog.zeit.de\/kongo\/wp-json\/wp\/v2\/posts\/5\/revisions"}],"wp:attachment":[{"href":"https:\/\/blog.zeit.de\/kongo\/wp-json\/wp\/v2\/media?parent=5"}],"wp:term":[{"taxonomy":"category","embeddable":true,"href":"https:\/\/blog.zeit.de\/kongo\/wp-json\/wp\/v2\/categories?post=5"},{"taxonomy":"post_tag","embeddable":true,"href":"https:\/\/blog.zeit.de\/kongo\/wp-json\/wp\/v2\/tags?post=5"}],"curies":[{"name":"wp","href":"https:\/\/api.w.org\/{rel}","templated":true}]}}