{"id":55,"date":"2007-07-20T18:32:44","date_gmt":"2007-07-20T16:32:44","guid":{"rendered":"http:\/\/blog.zeit.de\/kongo\/?p=55"},"modified":"2007-07-20T18:32:44","modified_gmt":"2007-07-20T16:32:44","slug":"keine-milde-fur-sierra-leones-kriegsverbrecher","status":"publish","type":"post","link":"https:\/\/blog.zeit.de\/kongo\/2007\/07\/20\/keine-milde-fur-sierra-leones-kriegsverbrecher\/","title":{"rendered":"Keine Milde f\u00fcr Sierra Leones Kriegsverbrecher"},"content":{"rendered":"<p>Zur Milde sahen die Richter keinen Grund. 50 Jahre Haft \u2013 so lautet die Strafe des internationalen Sondergerichts f\u00fcr Sierra Leone f\u00fcr Alex Tamba Brima und Santigie Borbor Kanu, der dritte Angeklagte Brima Bazzy Kamara erhielt 45 Jahre. Die drei geh\u00f6ren zu den Anf\u00fchrern des \u201eArmed Forces Revolutionary Council\u201c (AFRC), einer Gruppe von Putschisten, die 1997 in der sierraleonischen Hauptstadt Freetown die Regierung st\u00fcrzte und dann mit den Rebellen der \u201eRevolutionary United Front\u201c (RUF) ein Duo des Terrors gegen die Zivilbev\u00f6lkerung bildete.<\/p>\n<p>Wie in diesem <a href=\"https:\/\/blog.zeit.de\/kongo\/?p=51\">Blog<\/a> berichtet, hatte das Sondergericht die drei bereits im Juni wegen Kriegsverbrechen und Verbrechen in die Menschlichkeit in elf F\u00e4llen schuldig gesprochen \u2013 darunter Massenvergewaltigung, Sklaverei und, zum ersten Mal in der Geschichte der internationalen Strafjustiz, Rekrutierung von Kindersoldaten. Die vorsitzende Richterin Julia Sebutinde, die auch den Prozess gegen Charles Taylor leitet, konnte bei der Strafzumessung keine mildernden Umst\u00e4nde finden. Keiner der Angeklagten, heisst es in der Begr\u00fcndung, habe auch nur die geringste Reue gezeigt.<br \/>\nDass die drei Berufung einlegen werden, gilt als h\u00f6chstwahrscheinlich, und solange bleiben sie weiter im Gerichtsgef\u00e4ngnis in Freetown inhaftiert.<\/p>\n<p>Sollten die Urteile best\u00e4tigt werden, beginnt die Suche nach einem Haftplatz im Ausland. Die nationalen Gef\u00e4ngnisse in Sierra Leone befinden sich in einem katastrophalen Zustand, sowohl in Bezug auf die Sicherheitsvorkehrungen, als auch auf die  Versorgung der Gefangenen. Die drei in einer \u00fcberf\u00fcllten Zelle ohne angemessene Nahrung dahinsiechen zu lassen, w\u00e4re zwar durchaus im Sinne der tausenden von Opfern, die die AFRC und die RUF hinterlassen haben. Aber Rachsucht, und sei sie noch so verst\u00e4ndlich, l\u00e4sst sich nun einmal nicht mit dem V\u00f6lkerstrafrecht vereinbaren. Also werden Brima, Kanu und Kamara ihre Strafe wom\u00f6glich in Schweden oder \u00d6sterreich absitzen. Mit beiden L\u00e4ndern hat das Sondergericht in Sierra Leone Abkommen zur \u00dcbernahme von rechtskr\u00e4ftig Verurteilten abgeschlossen. (Genauso verfahren auch die UN-Tribunale f\u00fcr Ruanda und das ehemalige Jugoslawien mit ihren Verurteilten).<br \/>\nIn Freetown wird unterdessen weiterverhandelt und beraten. Der Prozess gegen drei Anf\u00fchrer der RUF dauert noch an. Im Verfahren gegen f\u00fchrende Mitglieder regierungstreuer B\u00fcrgermilizen wird wohl in den n\u00e4chsten Wochen ein Urteil ergehen.<\/p>\n<p>Bleibt nat\u00fcrlich noch der Prozess gegen Charles Taylor, den ehemaligen Pr\u00e4sidenten Liberias und mutmasslichen Finanzier, Ausr\u00fcster und Mitbegr\u00fcnder der RUF. Taylor hat inzwischen einen neuen Anwalt. Das Mandat hat der britische Anwalt Courtenay Griffiths \u00fcbernommen. Der in Jamaica geborene Jurist hat sich in Gro\u00dfbritannien unter anderem in Prozessen gegen die IRA einen Namen gemacht. Als erste Amtshandlung will Griffiths einen erneuten Verhandlungsaufschub durchsetzen.<br \/>\nDer Prozess, der aus Sicherheitsgr\u00fcnden nach Den Haag verlegt worden ist, sollte eigentlich am 20. August fortgesetzt werden. Aber bis dahin, sagt Griffiths, k\u00f6nnten er und sein Team sich unm\u00f6glich in die Gerichtsakten eingearbeitet haben. Vor Herbstbeginn d\u00fcrfte also im Fall Taylor nichts vorangehen.<br \/>\nSollte der Ex-Pr\u00e4sident \u00fcbrigens verurteilt werden, w\u00fcrde er seine Haftstrafe in Gro\u00dfbritannien absitzen.<\/p>\n","protected":false},"excerpt":{"rendered":"<p>Zur Milde sahen die Richter keinen Grund. 50 Jahre Haft \u2013 so lautet die Strafe des internationalen Sondergerichts f\u00fcr Sierra Leone f\u00fcr Alex Tamba Brima und Santigie Borbor Kanu, der dritte Angeklagte Brima Bazzy Kamara erhielt 45 Jahre. Die drei geh\u00f6ren zu den Anf\u00fchrern des \u201eArmed Forces Revolutionary Council\u201c (AFRC), einer Gruppe von Putschisten, die [&hellip;]<\/p>\n","protected":false},"author":56,"featured_media":0,"comment_status":"open","ping_status":"closed","sticky":false,"template":"","format":"standard","meta":{"footnotes":""},"categories":[180,190],"tags":[],"class_list":["post-55","post","type-post","status-publish","format-standard","hentry","category-internationale-strafjustiz","category-sierra-leone"],"yoast_head":"<!-- This site is optimized with the Yoast SEO plugin v21.0 - https:\/\/yoast.com\/wordpress\/plugins\/seo\/ -->\n<title>Keine Milde f\u00fcr Sierra Leones Kriegsverbrecher - B\u00f6hms Logbuch<\/title>\n<meta name=\"robots\" content=\"index, follow, max-snippet:-1, max-image-preview:large, max-video-preview:-1\" \/>\n<link rel=\"canonical\" href=\"https:\/\/blog.zeit.de\/kongo\/2007\/07\/20\/keine-milde-fur-sierra-leones-kriegsverbrecher\/\" \/>\n<meta property=\"og:locale\" content=\"de_DE\" \/>\n<meta property=\"og:type\" content=\"article\" \/>\n<meta property=\"og:title\" content=\"Keine Milde f\u00fcr Sierra Leones Kriegsverbrecher - B\u00f6hms Logbuch\" \/>\n<meta property=\"og:description\" content=\"Zur Milde sahen die Richter keinen Grund. 50 Jahre Haft \u2013 so lautet die Strafe des internationalen Sondergerichts f\u00fcr Sierra Leone f\u00fcr Alex Tamba Brima und Santigie Borbor Kanu, der dritte Angeklagte Brima Bazzy Kamara erhielt 45 Jahre. Die drei geh\u00f6ren zu den Anf\u00fchrern des \u201eArmed Forces Revolutionary Council\u201c (AFRC), einer Gruppe von Putschisten, die [&hellip;]\" \/>\n<meta property=\"og:url\" content=\"https:\/\/blog.zeit.de\/kongo\/2007\/07\/20\/keine-milde-fur-sierra-leones-kriegsverbrecher\/\" \/>\n<meta property=\"og:site_name\" content=\"B\u00f6hms Logbuch\" \/>\n<meta property=\"article:published_time\" content=\"2007-07-20T16:32:44+00:00\" \/>\n<meta name=\"author\" content=\"Andrea B\u00f6hm\" \/>\n<meta name=\"twitter:card\" content=\"summary_large_image\" \/>\n<meta name=\"twitter:label1\" content=\"Geschrieben von\" \/>\n\t<meta name=\"twitter:data1\" content=\"Andrea B\u00f6hm\" \/>\n\t<meta name=\"twitter:label2\" content=\"Gesch\u00e4tzte Lesezeit\" \/>\n\t<meta name=\"twitter:data2\" content=\"2\u00a0Minuten\" \/>\n<script type=\"application\/ld+json\" class=\"yoast-schema-graph\">{\"@context\":\"https:\/\/schema.org\",\"@graph\":[{\"@type\":\"WebPage\",\"@id\":\"https:\/\/blog.zeit.de\/kongo\/2007\/07\/20\/keine-milde-fur-sierra-leones-kriegsverbrecher\/\",\"url\":\"https:\/\/blog.zeit.de\/kongo\/2007\/07\/20\/keine-milde-fur-sierra-leones-kriegsverbrecher\/\",\"name\":\"Keine Milde f\u00fcr Sierra Leones Kriegsverbrecher - B\u00f6hms Logbuch\",\"isPartOf\":{\"@id\":\"https:\/\/blog.zeit.de\/kongo\/#website\"},\"datePublished\":\"2007-07-20T16:32:44+00:00\",\"dateModified\":\"2007-07-20T16:32:44+00:00\",\"author\":{\"@id\":\"https:\/\/blog.zeit.de\/kongo\/#\/schema\/person\/8e81295aad2a4133fd079a00d5889c53\"},\"breadcrumb\":{\"@id\":\"https:\/\/blog.zeit.de\/kongo\/2007\/07\/20\/keine-milde-fur-sierra-leones-kriegsverbrecher\/#breadcrumb\"},\"inLanguage\":\"de\",\"potentialAction\":[{\"@type\":\"ReadAction\",\"target\":[\"https:\/\/blog.zeit.de\/kongo\/2007\/07\/20\/keine-milde-fur-sierra-leones-kriegsverbrecher\/\"]}]},{\"@type\":\"BreadcrumbList\",\"@id\":\"https:\/\/blog.zeit.de\/kongo\/2007\/07\/20\/keine-milde-fur-sierra-leones-kriegsverbrecher\/#breadcrumb\",\"itemListElement\":[{\"@type\":\"ListItem\",\"position\":1,\"name\":\"Startseite\",\"item\":\"https:\/\/blog.zeit.de\/kongo\/\"},{\"@type\":\"ListItem\",\"position\":2,\"name\":\"Keine Milde f\u00fcr Sierra Leones Kriegsverbrecher\"}]},{\"@type\":\"WebSite\",\"@id\":\"https:\/\/blog.zeit.de\/kongo\/#website\",\"url\":\"https:\/\/blog.zeit.de\/kongo\/\",\"name\":\"B\u00f6hms Logbuch\",\"description\":\"Von Kabul bis Kinshasa\",\"potentialAction\":[{\"@type\":\"SearchAction\",\"target\":{\"@type\":\"EntryPoint\",\"urlTemplate\":\"https:\/\/blog.zeit.de\/kongo\/?s={search_term_string}\"},\"query-input\":\"required name=search_term_string\"}],\"inLanguage\":\"de\"},{\"@type\":\"Person\",\"@id\":\"https:\/\/blog.zeit.de\/kongo\/#\/schema\/person\/8e81295aad2a4133fd079a00d5889c53\",\"name\":\"Andrea B\u00f6hm\",\"image\":{\"@type\":\"ImageObject\",\"inLanguage\":\"de\",\"@id\":\"https:\/\/blog.zeit.de\/kongo\/#\/schema\/person\/image\/\",\"url\":\"https:\/\/secure.gravatar.com\/avatar\/7b2f270f90084490fc5cb03eb7c82fe7a861182b7fa410f87081d5cc1be35b42?s=96&d=mm&r=g\",\"contentUrl\":\"https:\/\/secure.gravatar.com\/avatar\/7b2f270f90084490fc5cb03eb7c82fe7a861182b7fa410f87081d5cc1be35b42?s=96&d=mm&r=g\",\"caption\":\"Andrea B\u00f6hm\"},\"url\":\"https:\/\/blog.zeit.de\/kongo\/author\/andrea-boehm\/\"}]}<\/script>\n<!-- \/ Yoast SEO plugin. -->","yoast_head_json":{"title":"Keine Milde f\u00fcr Sierra Leones Kriegsverbrecher - B\u00f6hms Logbuch","robots":{"index":"index","follow":"follow","max-snippet":"max-snippet:-1","max-image-preview":"max-image-preview:large","max-video-preview":"max-video-preview:-1"},"canonical":"https:\/\/blog.zeit.de\/kongo\/2007\/07\/20\/keine-milde-fur-sierra-leones-kriegsverbrecher\/","og_locale":"de_DE","og_type":"article","og_title":"Keine Milde f\u00fcr Sierra Leones Kriegsverbrecher - B\u00f6hms Logbuch","og_description":"Zur Milde sahen die Richter keinen Grund. 50 Jahre Haft \u2013 so lautet die Strafe des internationalen Sondergerichts f\u00fcr Sierra Leone f\u00fcr Alex Tamba Brima und Santigie Borbor Kanu, der dritte Angeklagte Brima Bazzy Kamara erhielt 45 Jahre. Die drei geh\u00f6ren zu den Anf\u00fchrern des \u201eArmed Forces Revolutionary Council\u201c (AFRC), einer Gruppe von Putschisten, die [&hellip;]","og_url":"https:\/\/blog.zeit.de\/kongo\/2007\/07\/20\/keine-milde-fur-sierra-leones-kriegsverbrecher\/","og_site_name":"B\u00f6hms Logbuch","article_published_time":"2007-07-20T16:32:44+00:00","author":"Andrea B\u00f6hm","twitter_card":"summary_large_image","twitter_misc":{"Geschrieben von":"Andrea B\u00f6hm","Gesch\u00e4tzte Lesezeit":"2\u00a0Minuten"},"schema":{"@context":"https:\/\/schema.org","@graph":[{"@type":"WebPage","@id":"https:\/\/blog.zeit.de\/kongo\/2007\/07\/20\/keine-milde-fur-sierra-leones-kriegsverbrecher\/","url":"https:\/\/blog.zeit.de\/kongo\/2007\/07\/20\/keine-milde-fur-sierra-leones-kriegsverbrecher\/","name":"Keine Milde f\u00fcr Sierra Leones Kriegsverbrecher - B\u00f6hms Logbuch","isPartOf":{"@id":"https:\/\/blog.zeit.de\/kongo\/#website"},"datePublished":"2007-07-20T16:32:44+00:00","dateModified":"2007-07-20T16:32:44+00:00","author":{"@id":"https:\/\/blog.zeit.de\/kongo\/#\/schema\/person\/8e81295aad2a4133fd079a00d5889c53"},"breadcrumb":{"@id":"https:\/\/blog.zeit.de\/kongo\/2007\/07\/20\/keine-milde-fur-sierra-leones-kriegsverbrecher\/#breadcrumb"},"inLanguage":"de","potentialAction":[{"@type":"ReadAction","target":["https:\/\/blog.zeit.de\/kongo\/2007\/07\/20\/keine-milde-fur-sierra-leones-kriegsverbrecher\/"]}]},{"@type":"BreadcrumbList","@id":"https:\/\/blog.zeit.de\/kongo\/2007\/07\/20\/keine-milde-fur-sierra-leones-kriegsverbrecher\/#breadcrumb","itemListElement":[{"@type":"ListItem","position":1,"name":"Startseite","item":"https:\/\/blog.zeit.de\/kongo\/"},{"@type":"ListItem","position":2,"name":"Keine Milde f\u00fcr Sierra Leones Kriegsverbrecher"}]},{"@type":"WebSite","@id":"https:\/\/blog.zeit.de\/kongo\/#website","url":"https:\/\/blog.zeit.de\/kongo\/","name":"B\u00f6hms Logbuch","description":"Von Kabul bis Kinshasa","potentialAction":[{"@type":"SearchAction","target":{"@type":"EntryPoint","urlTemplate":"https:\/\/blog.zeit.de\/kongo\/?s={search_term_string}"},"query-input":"required name=search_term_string"}],"inLanguage":"de"},{"@type":"Person","@id":"https:\/\/blog.zeit.de\/kongo\/#\/schema\/person\/8e81295aad2a4133fd079a00d5889c53","name":"Andrea B\u00f6hm","image":{"@type":"ImageObject","inLanguage":"de","@id":"https:\/\/blog.zeit.de\/kongo\/#\/schema\/person\/image\/","url":"https:\/\/secure.gravatar.com\/avatar\/7b2f270f90084490fc5cb03eb7c82fe7a861182b7fa410f87081d5cc1be35b42?s=96&d=mm&r=g","contentUrl":"https:\/\/secure.gravatar.com\/avatar\/7b2f270f90084490fc5cb03eb7c82fe7a861182b7fa410f87081d5cc1be35b42?s=96&d=mm&r=g","caption":"Andrea B\u00f6hm"},"url":"https:\/\/blog.zeit.de\/kongo\/author\/andrea-boehm\/"}]}},"jetpack_featured_media_url":"","_links":{"self":[{"href":"https:\/\/blog.zeit.de\/kongo\/wp-json\/wp\/v2\/posts\/55","targetHints":{"allow":["GET"]}}],"collection":[{"href":"https:\/\/blog.zeit.de\/kongo\/wp-json\/wp\/v2\/posts"}],"about":[{"href":"https:\/\/blog.zeit.de\/kongo\/wp-json\/wp\/v2\/types\/post"}],"author":[{"embeddable":true,"href":"https:\/\/blog.zeit.de\/kongo\/wp-json\/wp\/v2\/users\/56"}],"replies":[{"embeddable":true,"href":"https:\/\/blog.zeit.de\/kongo\/wp-json\/wp\/v2\/comments?post=55"}],"version-history":[{"count":0,"href":"https:\/\/blog.zeit.de\/kongo\/wp-json\/wp\/v2\/posts\/55\/revisions"}],"wp:attachment":[{"href":"https:\/\/blog.zeit.de\/kongo\/wp-json\/wp\/v2\/media?parent=55"}],"wp:term":[{"taxonomy":"category","embeddable":true,"href":"https:\/\/blog.zeit.de\/kongo\/wp-json\/wp\/v2\/categories?post=55"},{"taxonomy":"post_tag","embeddable":true,"href":"https:\/\/blog.zeit.de\/kongo\/wp-json\/wp\/v2\/tags?post=55"}],"curies":[{"name":"wp","href":"https:\/\/api.w.org\/{rel}","templated":true}]}}