{"id":65,"date":"2007-10-24T16:48:45","date_gmt":"2007-10-24T14:48:45","guid":{"rendered":"http:\/\/blog.zeit.de\/kongo\/?p=65"},"modified":"2007-10-24T16:48:45","modified_gmt":"2007-10-24T14:48:45","slug":"der-ewige-krieg-in-den-kivus","status":"publish","type":"post","link":"https:\/\/blog.zeit.de\/kongo\/2007\/10\/24\/der-ewige-krieg-in-den-kivus\/","title":{"rendered":"Der ewige Krieg in den Kivus"},"content":{"rendered":"<p>Wohl nirgendwo sonst im Kongo hatten die Menschen so viele Hoffnungen in die Pr\u00e4sidentschaftswahlen gesetzt wie in den beiden Kivu-Provinzen. Denn nirgendwo sonst hatten die beiden Kriege im Land so viel Verheerung angerichtet. Am 29. Oktober j\u00e4hrt sich zum ersten Mal die Pr\u00e4sidentenwahl, aus der Joseph Kabila nach einigen nicht nur verbalen Konfrontationen mit Widersacher Jean-Pierre Bemba als Sieger hervorging. Aber die Hoffnung auf Frieden und Neuanfang wurde im Osten des Landes bitter entt\u00e4uscht.<\/p>\n<p>Vor allem Nord-Kivu kommt nicht zur Ruhe, wo sich seit Monaten K\u00e4mpfer des Tutsi-Generals Laurent Nkunda mit Einheiten der kongolesischen Armee (FARDC) und den Hutu-Milizen der FDLR (Demokratische Front zur Befreiung Ruandas) liefern. Bei letzteren handelt es sich um durchaus noch schlagkr\u00e4ftige Reste jener Interahamwe, die 1994 den V\u00f6lkermord an den Tutsi in Ruanda ver\u00fcbten und danach \u00fcber die Grenze in den Ost-Kongo geflohen sind.<\/p>\n<p>In ihrem j\u00fcngsten Bericht <a href=\"http:\/\/hrw.org\/english\/docs\/2007\/10\/22\/congo17143.htm\">&#8222;Renewed Crisis in North Kivu&#8220;<\/a> dokumentiert die Menschenrechtsorganisation &#8222;Human Rights Watch&#8220; sehr klar und eindringlich die Hintergr\u00fcnde dieses Konflikts und die verheerenden Auswirkungen auf die Zivilbev\u00f6lkerung. M\u00e4nner, Frauen und Kinder werden wahllos massakriert, ihr Besitz gepl\u00fcndert, Kinder werden als Soldaten rekrutiert und die Zahl der Vergewaltigungen &#8211; ohnehin schon ein Riesenprobelm in der Region &#8211; ist offenbar weiter gestiegen.<\/p>\n<p>In den vergangenen Wochen haben auch hochrangige UN-Vertreter auf die massive Gewalt gegen Frauen in beiden Kivu-Provinzen  hingewiesen. Tats\u00e4chlich registrieren Hilfsorganisationen wie &#8222;\u00c4rzte ohne Grenzen&#8220; einen deutlichen Anstieg von zum Teil schwer verletzten Vergewaltigungsopfern. Auch die beiden Krankenh\u00e4user in der Region, die sich auf die Behandlung von vergewaltigten Frauen und M\u00e4nnern spezialisiert haben, das Panzi-Hospital in Bukavu und die Klinik der Organisation DOCS in Goma, sind offenbar \u00fcberlaufen.<br \/>\nDie Blauhelm-Truppen der UN, die derzeit in h\u00f6chst heikler Auslegung ihres Mandats die marodierende Armee gegen Rebellen unterst\u00fctzt, hat au\u00dferhalb der gr\u00f6\u00dferen St\u00e4dte wenig zum Schutz der Zivilbev\u00f6lkerung beizutragen. In S\u00fcd-Kivu bieten Blauhelme nachts wenigstens etwas Schutz f\u00fcr die terrorisierte Bev\u00f6lkerung: Sie stellen sich mit ihren Panzerfahrzeugen in Waldlichtungen auf und lassen die Scheinwerfer an, in deren Lichtkegel dann hunderte von Dorfbewohnern die Nacht verbringen.<br \/>\nEin Ende der K\u00e4mpfe im Norden ist momentan nicht abzusehen &#8211; und so bleibt f\u00fcr&#8217;s erste nur die ern\u00fcchternde Feststellung, dass (halbwegs) erfolgreiche Wahlen noch lange keinen Frieden bringen.<\/p>\n","protected":false},"excerpt":{"rendered":"<p>Wohl nirgendwo sonst im Kongo hatten die Menschen so viele Hoffnungen in die Pr\u00e4sidentschaftswahlen gesetzt wie in den beiden Kivu-Provinzen. Denn nirgendwo sonst hatten die beiden Kriege im Land so viel Verheerung angerichtet. Am 29. Oktober j\u00e4hrt sich zum ersten Mal die Pr\u00e4sidentenwahl, aus der Joseph Kabila nach einigen nicht nur verbalen Konfrontationen mit Widersacher [&hellip;]<\/p>\n","protected":false},"author":56,"featured_media":0,"comment_status":"open","ping_status":"closed","sticky":false,"template":"","format":"standard","meta":{"footnotes":""},"categories":[179],"tags":[],"class_list":["post-65","post","type-post","status-publish","format-standard","hentry","category-demokratische-republik-kongo"],"yoast_head":"<!-- This site is optimized with the Yoast SEO plugin v21.0 - https:\/\/yoast.com\/wordpress\/plugins\/seo\/ -->\n<title>Der ewige Krieg in den Kivus - B\u00f6hms Logbuch<\/title>\n<meta name=\"robots\" content=\"index, follow, max-snippet:-1, max-image-preview:large, max-video-preview:-1\" \/>\n<link rel=\"canonical\" href=\"https:\/\/blog.zeit.de\/kongo\/2007\/10\/24\/der-ewige-krieg-in-den-kivus\/\" \/>\n<meta property=\"og:locale\" content=\"de_DE\" \/>\n<meta property=\"og:type\" content=\"article\" \/>\n<meta property=\"og:title\" content=\"Der ewige Krieg in den Kivus - B\u00f6hms Logbuch\" \/>\n<meta property=\"og:description\" content=\"Wohl nirgendwo sonst im Kongo hatten die Menschen so viele Hoffnungen in die Pr\u00e4sidentschaftswahlen gesetzt wie in den beiden Kivu-Provinzen. Denn nirgendwo sonst hatten die beiden Kriege im Land so viel Verheerung angerichtet. Am 29. Oktober j\u00e4hrt sich zum ersten Mal die Pr\u00e4sidentenwahl, aus der Joseph Kabila nach einigen nicht nur verbalen Konfrontationen mit Widersacher [&hellip;]\" \/>\n<meta property=\"og:url\" content=\"https:\/\/blog.zeit.de\/kongo\/2007\/10\/24\/der-ewige-krieg-in-den-kivus\/\" \/>\n<meta property=\"og:site_name\" content=\"B\u00f6hms Logbuch\" \/>\n<meta property=\"article:published_time\" content=\"2007-10-24T14:48:45+00:00\" \/>\n<meta name=\"author\" content=\"Andrea B\u00f6hm\" \/>\n<meta name=\"twitter:card\" content=\"summary_large_image\" \/>\n<meta name=\"twitter:label1\" content=\"Geschrieben von\" \/>\n\t<meta name=\"twitter:data1\" content=\"Andrea B\u00f6hm\" \/>\n\t<meta name=\"twitter:label2\" content=\"Gesch\u00e4tzte Lesezeit\" \/>\n\t<meta name=\"twitter:data2\" content=\"2\u00a0Minuten\" \/>\n<script type=\"application\/ld+json\" class=\"yoast-schema-graph\">{\"@context\":\"https:\/\/schema.org\",\"@graph\":[{\"@type\":\"WebPage\",\"@id\":\"https:\/\/blog.zeit.de\/kongo\/2007\/10\/24\/der-ewige-krieg-in-den-kivus\/\",\"url\":\"https:\/\/blog.zeit.de\/kongo\/2007\/10\/24\/der-ewige-krieg-in-den-kivus\/\",\"name\":\"Der ewige Krieg in den Kivus - B\u00f6hms Logbuch\",\"isPartOf\":{\"@id\":\"https:\/\/blog.zeit.de\/kongo\/#website\"},\"datePublished\":\"2007-10-24T14:48:45+00:00\",\"dateModified\":\"2007-10-24T14:48:45+00:00\",\"author\":{\"@id\":\"https:\/\/blog.zeit.de\/kongo\/#\/schema\/person\/8e81295aad2a4133fd079a00d5889c53\"},\"breadcrumb\":{\"@id\":\"https:\/\/blog.zeit.de\/kongo\/2007\/10\/24\/der-ewige-krieg-in-den-kivus\/#breadcrumb\"},\"inLanguage\":\"de\",\"potentialAction\":[{\"@type\":\"ReadAction\",\"target\":[\"https:\/\/blog.zeit.de\/kongo\/2007\/10\/24\/der-ewige-krieg-in-den-kivus\/\"]}]},{\"@type\":\"BreadcrumbList\",\"@id\":\"https:\/\/blog.zeit.de\/kongo\/2007\/10\/24\/der-ewige-krieg-in-den-kivus\/#breadcrumb\",\"itemListElement\":[{\"@type\":\"ListItem\",\"position\":1,\"name\":\"Startseite\",\"item\":\"https:\/\/blog.zeit.de\/kongo\/\"},{\"@type\":\"ListItem\",\"position\":2,\"name\":\"Der ewige Krieg in den Kivus\"}]},{\"@type\":\"WebSite\",\"@id\":\"https:\/\/blog.zeit.de\/kongo\/#website\",\"url\":\"https:\/\/blog.zeit.de\/kongo\/\",\"name\":\"B\u00f6hms Logbuch\",\"description\":\"Von Kabul bis Kinshasa\",\"potentialAction\":[{\"@type\":\"SearchAction\",\"target\":{\"@type\":\"EntryPoint\",\"urlTemplate\":\"https:\/\/blog.zeit.de\/kongo\/?s={search_term_string}\"},\"query-input\":\"required name=search_term_string\"}],\"inLanguage\":\"de\"},{\"@type\":\"Person\",\"@id\":\"https:\/\/blog.zeit.de\/kongo\/#\/schema\/person\/8e81295aad2a4133fd079a00d5889c53\",\"name\":\"Andrea B\u00f6hm\",\"image\":{\"@type\":\"ImageObject\",\"inLanguage\":\"de\",\"@id\":\"https:\/\/blog.zeit.de\/kongo\/#\/schema\/person\/image\/\",\"url\":\"https:\/\/secure.gravatar.com\/avatar\/7b2f270f90084490fc5cb03eb7c82fe7a861182b7fa410f87081d5cc1be35b42?s=96&d=mm&r=g\",\"contentUrl\":\"https:\/\/secure.gravatar.com\/avatar\/7b2f270f90084490fc5cb03eb7c82fe7a861182b7fa410f87081d5cc1be35b42?s=96&d=mm&r=g\",\"caption\":\"Andrea B\u00f6hm\"},\"url\":\"https:\/\/blog.zeit.de\/kongo\/author\/andrea-boehm\/\"}]}<\/script>\n<!-- \/ Yoast SEO plugin. -->","yoast_head_json":{"title":"Der ewige Krieg in den Kivus - B\u00f6hms Logbuch","robots":{"index":"index","follow":"follow","max-snippet":"max-snippet:-1","max-image-preview":"max-image-preview:large","max-video-preview":"max-video-preview:-1"},"canonical":"https:\/\/blog.zeit.de\/kongo\/2007\/10\/24\/der-ewige-krieg-in-den-kivus\/","og_locale":"de_DE","og_type":"article","og_title":"Der ewige Krieg in den Kivus - B\u00f6hms Logbuch","og_description":"Wohl nirgendwo sonst im Kongo hatten die Menschen so viele Hoffnungen in die Pr\u00e4sidentschaftswahlen gesetzt wie in den beiden Kivu-Provinzen. Denn nirgendwo sonst hatten die beiden Kriege im Land so viel Verheerung angerichtet. Am 29. Oktober j\u00e4hrt sich zum ersten Mal die Pr\u00e4sidentenwahl, aus der Joseph Kabila nach einigen nicht nur verbalen Konfrontationen mit Widersacher [&hellip;]","og_url":"https:\/\/blog.zeit.de\/kongo\/2007\/10\/24\/der-ewige-krieg-in-den-kivus\/","og_site_name":"B\u00f6hms Logbuch","article_published_time":"2007-10-24T14:48:45+00:00","author":"Andrea B\u00f6hm","twitter_card":"summary_large_image","twitter_misc":{"Geschrieben von":"Andrea B\u00f6hm","Gesch\u00e4tzte Lesezeit":"2\u00a0Minuten"},"schema":{"@context":"https:\/\/schema.org","@graph":[{"@type":"WebPage","@id":"https:\/\/blog.zeit.de\/kongo\/2007\/10\/24\/der-ewige-krieg-in-den-kivus\/","url":"https:\/\/blog.zeit.de\/kongo\/2007\/10\/24\/der-ewige-krieg-in-den-kivus\/","name":"Der ewige Krieg in den Kivus - B\u00f6hms Logbuch","isPartOf":{"@id":"https:\/\/blog.zeit.de\/kongo\/#website"},"datePublished":"2007-10-24T14:48:45+00:00","dateModified":"2007-10-24T14:48:45+00:00","author":{"@id":"https:\/\/blog.zeit.de\/kongo\/#\/schema\/person\/8e81295aad2a4133fd079a00d5889c53"},"breadcrumb":{"@id":"https:\/\/blog.zeit.de\/kongo\/2007\/10\/24\/der-ewige-krieg-in-den-kivus\/#breadcrumb"},"inLanguage":"de","potentialAction":[{"@type":"ReadAction","target":["https:\/\/blog.zeit.de\/kongo\/2007\/10\/24\/der-ewige-krieg-in-den-kivus\/"]}]},{"@type":"BreadcrumbList","@id":"https:\/\/blog.zeit.de\/kongo\/2007\/10\/24\/der-ewige-krieg-in-den-kivus\/#breadcrumb","itemListElement":[{"@type":"ListItem","position":1,"name":"Startseite","item":"https:\/\/blog.zeit.de\/kongo\/"},{"@type":"ListItem","position":2,"name":"Der ewige Krieg in den Kivus"}]},{"@type":"WebSite","@id":"https:\/\/blog.zeit.de\/kongo\/#website","url":"https:\/\/blog.zeit.de\/kongo\/","name":"B\u00f6hms Logbuch","description":"Von Kabul bis Kinshasa","potentialAction":[{"@type":"SearchAction","target":{"@type":"EntryPoint","urlTemplate":"https:\/\/blog.zeit.de\/kongo\/?s={search_term_string}"},"query-input":"required name=search_term_string"}],"inLanguage":"de"},{"@type":"Person","@id":"https:\/\/blog.zeit.de\/kongo\/#\/schema\/person\/8e81295aad2a4133fd079a00d5889c53","name":"Andrea B\u00f6hm","image":{"@type":"ImageObject","inLanguage":"de","@id":"https:\/\/blog.zeit.de\/kongo\/#\/schema\/person\/image\/","url":"https:\/\/secure.gravatar.com\/avatar\/7b2f270f90084490fc5cb03eb7c82fe7a861182b7fa410f87081d5cc1be35b42?s=96&d=mm&r=g","contentUrl":"https:\/\/secure.gravatar.com\/avatar\/7b2f270f90084490fc5cb03eb7c82fe7a861182b7fa410f87081d5cc1be35b42?s=96&d=mm&r=g","caption":"Andrea B\u00f6hm"},"url":"https:\/\/blog.zeit.de\/kongo\/author\/andrea-boehm\/"}]}},"jetpack_featured_media_url":"","_links":{"self":[{"href":"https:\/\/blog.zeit.de\/kongo\/wp-json\/wp\/v2\/posts\/65","targetHints":{"allow":["GET"]}}],"collection":[{"href":"https:\/\/blog.zeit.de\/kongo\/wp-json\/wp\/v2\/posts"}],"about":[{"href":"https:\/\/blog.zeit.de\/kongo\/wp-json\/wp\/v2\/types\/post"}],"author":[{"embeddable":true,"href":"https:\/\/blog.zeit.de\/kongo\/wp-json\/wp\/v2\/users\/56"}],"replies":[{"embeddable":true,"href":"https:\/\/blog.zeit.de\/kongo\/wp-json\/wp\/v2\/comments?post=65"}],"version-history":[{"count":0,"href":"https:\/\/blog.zeit.de\/kongo\/wp-json\/wp\/v2\/posts\/65\/revisions"}],"wp:attachment":[{"href":"https:\/\/blog.zeit.de\/kongo\/wp-json\/wp\/v2\/media?parent=65"}],"wp:term":[{"taxonomy":"category","embeddable":true,"href":"https:\/\/blog.zeit.de\/kongo\/wp-json\/wp\/v2\/categories?post=65"},{"taxonomy":"post_tag","embeddable":true,"href":"https:\/\/blog.zeit.de\/kongo\/wp-json\/wp\/v2\/tags?post=65"}],"curies":[{"name":"wp","href":"https:\/\/api.w.org\/{rel}","templated":true}]}}