{"id":79,"date":"2008-02-08T19:33:04","date_gmt":"2008-02-08T17:33:04","guid":{"rendered":"http:\/\/blog.zeit.de\/kongo\/?p=79"},"modified":"2008-02-08T19:33:04","modified_gmt":"2008-02-08T17:33:04","slug":"und-da-waren-es-schon-drei-wieder-ein-rebellenfuhrer-aus-dem-kongo-nach-den-haag-uberstellt","status":"publish","type":"post","link":"https:\/\/blog.zeit.de\/kongo\/2008\/02\/08\/und-da-waren-es-schon-drei-wieder-ein-rebellenfuhrer-aus-dem-kongo-nach-den-haag-uberstellt\/","title":{"rendered":"&#8230;und da waren es schon drei &#8211; wieder ein Rebellenf\u00fchrer aus dem Kongo nach Den Haag \u00fcberstellt"},"content":{"rendered":"<p><!--StartFragment--><\/p>\n<p class=\"MsoNormal\" style=\"margin-right: 113.1pt; line-height: 150%\">Langsam, ganz langsam f\u00fcllt sich der Zellenblock des\u00a0<a href=\"http:\/\/www.icc-cpi.int\/\">Internationalen Strafgerichtshofs<\/a>\u00a0(IStGh) in Den Haag. Gestern traf der\u00a0<a href=\"https:\/\/blog.zeit.de\/kongo\/?p=64\">dritte<\/a>\u00a0Untersuchungsh\u00e4ftling ein: Mathieu Ngudjolo Chui, ein ehemaliger Kriegsherr aus dem Bezirk Ituri im Nordosten des Kongo. In der Anklageschrift, die vom Gericht noch best\u00e4tigt werden muss, werden Ngudjolo Kriegsverbrechen und Verbrechen gegen die Menschlichkeit vorgeworfen \u2013 darunter Rekrutierung von Kindersoldaten, sexuelle Versklavung und Angriffe gegen die Zivilbev\u00f6lkerung. Ngudjolo war<span>\u00a0 <\/span>Stabschef<span>\u00a0 <\/span>der \u201eFront f\u00fcr Nationale Integration\u201c (FNI), einer \u00fcberwiegend aus Angeh\u00f6rigen der Lendu bestehenden Miliz. Deren Krieg gegen bewaffnete Gruppen der Hema fielen zwischen 1999 und 2003 mindestens 50.000 Menschen zum Opfer.<\/p>\n<p class=\"MsoNormal\" style=\"margin-right: 113.1pt; line-height: 150%\">Beim Hofgang im Den Haager Gef\u00e4ngnis kann sich Ngudjolo nun mit einem ehemaligen Erzfeind unterhalten.\u00a0<a href=\"http:\/\/www.trial-ch.org\/de\/trial-watch\/profil\/db\/facts\/thomas_lubanga-dyilo_294.html\">Thomas Lubanga<\/a>, ehemals Chef der gegnerischen Hema-Milizen, sitzt seit M\u00e4rz 2006 in Den Haag, angeklagt der Rekrutierung von Kindersoldaten. Sein Prozess, der erste des IStGh \u00fcberhaupt, soll am 31. M\u00e4rz beginnen. Beobachter rechnen allerdings mit weiteren Verz\u00f6gerungen.<\/p>\n<p class=\"MsoNormal\" style=\"margin-right: 113.1pt; line-height: 150%\">Im Fall Ngudjolo sind vor allem seine Biografie und die Umst\u00e4nde seiner Auslieferung ungew\u00f6hnlich. Im Oktober 2003, als der Krieg zwischen Hema und Lendu beendet war, wurde Ngudjolo von UN-Blauhelmen verhaftet, von der Regierung in Kinshasa der Kriegsverbrechen beschuldigt und ins ber\u00fcchtigte Makala Gef\u00e4ngnis von Kinshasa verlegt. Dort brach er aus, tauchte 2005 wieder in Ituri auf, um prompt eine neue Rebellentruppe zu gr\u00fcnden \u2013 dieses Mal mit dem klangvollen Namen \u201eKongolesische Revolution\u00e4re Bewegung\u201c (MRC).<\/p>\n<p class=\"MsoNormal\" style=\"margin-right: 113.1pt; line-height: 150%\">Offiziell war der Krieg in Ituri zu diesem Zeitpunkt l\u00e4ngst beendet, und die immer wieder auftauchenden neuen Milizen durfte man eher unter der Rubrik \u201eKarrieresprung f\u00fcr Banditen\u201c verbuchen. Denn nur wer schie\u00dft, pl\u00fcndert und raubt, so die traurige Lehre aus den Kongo-Kriegen, hat Aussicht, sich in \u201eFriedensverhandlungen\u201c einen hohen Regierungs- oder Armeeposten zu ergattern. Und tats\u00e4chlich ging die Regierung in Kinshasa mit diversen Anf\u00fchrern im Dezember 2006 einen Deal ein: Schluss mit den Raubz\u00fcgen, als Gegenleistung sollte das Fu\u00dfvolk der Rebellen entweder demobilisiert oder in die nationale Armee integriert, die Rebellenf\u00fchrer selbst mit hohen Offiziersr\u00e4ngen ausgestattet werden. So wurde aus dem Kriegsherrn und Gangster Mathieu Ngudjolo Choi ein Oberst der kongolesischen Armee. Es hatte, so schien es, genau das bekommen, was er wollte.<\/p>\n<p class=\"MsoNormal\" style=\"margin-right: 113.1pt; line-height: 150%\">Im November 2007 r\u00fcckte Ngudjolo zusammen mit zwei anderen ehemaligen Warlords, Cobra Matata und Peter Karim, in Kinshasa zur milit\u00e4rischen Fortbildung ein. Was er zu diesem Zeitung noch nicht wusste: Seit Juli 2007 lag in Den Haag ein versiegelter Haftbefehl gegen ihn.\u00a0Man kann vermuten, dass der Ankl\u00e4ger beim IStGh, der Argentinier Luis Moreno-Ocampo, den Haftbefehl auf Wunsch der Regierung in Kinshasa und der UN-Mission im Kongo einige Monate ruhen lie\u00df, um die Entwaffnung der Milizen nicht zu gef\u00e4hrden. Am 7. Februar machte der IStGh den Haftbefehl \u00f6ffentlich. Wenige Stunden sp\u00e4ter sa\u00df Ngudjolo in Handschellen in einem Flugzeug nach Den Haag.<\/p>\n<p class=\"MsoNormal\" style=\"margin-right: 113.1pt; line-height: 150%\">Seine Kollegen Matata und Karim d\u00fcrften derzeit also ziemlich nerv\u00f6s in ihren Kasernen in Kinshasa sitzen \u2013 obwohl bislang nichts daraufhin deutet, dass auch gegen sie Haftbefehle vorliegen. Kongolesische Menschenrechtsaktivisten haben Ngudjolos Festnahme nat\u00fcrlich begr\u00fc\u00dft. Und\u00a0<a href=\"http:\/\/www.hrw.org\">Human Rights Watch<\/a>, deren Kongo-Berichte einiges zu den Gerichtsermittlungen beigetragen haben, fordert nun die kongolesische Regierung auf, Matata und Karim wegen Kriegsverbrechen vor ein nationales Gericht zu stellen. Da allerdings tauchen zwei Probleme auch: Kongos Strafjustiz ist nur punktuell funktionst\u00fcchtig. Und wenn Matata und Karim tats\u00e4chlich auf der Anklagebank landen sollten, k\u00f6nnte das auch Folgen f\u00fcr hohe Regierungsmitglieder im In-und Ausland haben. Einer der ehemaligen Unterst\u00fctzer der FNI in Ituri, Mbusa Nyamwisi, ist heute Au\u00dfenminister des Kongo. Und zu ihren wichtigsten milit\u00e4rischen Komplizen z\u00e4hlte seinerzeit die ugandische Armee, deren h\u00f6chste Offiziere den Krieg nach Kr\u00e4ften nutzten, um Rohstoffe in Ituri zu pl\u00fcndern. Womit man dann schon nahe an der Familie des ugandischen Pr\u00e4sidenten Museveni ist.<\/p>\n<p class=\"MsoNormal\" style=\"margin-right: 113.1pt; line-height: 150%\">Einen solchen Drang zur Aufkl\u00e4rung werden vermutlich kein kongolesischer Staatsanwalt und kein Gericht versp\u00fcren. Aber Moreno-Ocampo, der Chefankl\u00e4ger des IStGh, hat erneut versprochen, sich endlich den Hinterm\u00e4nnern und Finanziers dieses Krieges zu widmen. Man darf gespannt sein, ob in seinen Kongo- Akten irgendwann auch ein Haftbefehl gegen einen amtierenden Minister auftaucht. Dann wird die Frage der Festnahme wirklich spannend.<\/p>\n<p class=\"MsoNormal\" style=\"margin-right: 113.1pt; line-height: 150%\">\u00a0<o:p><\/o:p><\/p>\n<p class=\"MsoNormal\" style=\"margin-right: 113.1pt; line-height: 150%\">\u00a0<o:p><\/o:p><\/p>\n<p class=\"MsoNormal\" style=\"margin-right: 113.1pt; line-height: 150%\">\u00a0<o:p><\/o:p><\/p>\n<p class=\"MsoNormal\" style=\"margin-right: 113.1pt; line-height: 150%\">\u00a0<o:p><\/o:p><\/p>\n<p class=\"MsoNormal\" style=\"margin-right: 113.1pt; line-height: 150%\">\u00a0<o:p><\/o:p><\/p>\n<p class=\"MsoNormal\" style=\"margin-right: 113.1pt; line-height: 150%\"><span>\u00a0<\/span><\/p>\n<p><!--EndFragment--><\/p>\n","protected":false},"excerpt":{"rendered":"<p>Langsam, ganz langsam f\u00fcllt sich der Zellenblock des\u00a0Internationalen Strafgerichtshofs\u00a0(IStGh) in Den Haag. Gestern traf der\u00a0dritte\u00a0Untersuchungsh\u00e4ftling ein: Mathieu Ngudjolo Chui, ein ehemaliger Kriegsherr aus dem Bezirk Ituri im Nordosten des Kongo. In der Anklageschrift, die vom Gericht noch best\u00e4tigt werden muss, werden Ngudjolo Kriegsverbrechen und Verbrechen gegen die Menschlichkeit vorgeworfen \u2013 darunter Rekrutierung von Kindersoldaten, sexuelle [&hellip;]<\/p>\n","protected":false},"author":56,"featured_media":0,"comment_status":"open","ping_status":"closed","sticky":false,"template":"","format":"standard","meta":{"footnotes":""},"categories":[179,180],"tags":[],"class_list":["post-79","post","type-post","status-publish","format-standard","hentry","category-demokratische-republik-kongo","category-internationale-strafjustiz"],"yoast_head":"<!-- This site is optimized with the Yoast SEO plugin v21.0 - https:\/\/yoast.com\/wordpress\/plugins\/seo\/ -->\n<title>...und da waren es schon drei - wieder ein Rebellenf\u00fchrer aus dem Kongo nach Den Haag \u00fcberstellt - B\u00f6hms Logbuch<\/title>\n<meta name=\"robots\" content=\"index, follow, max-snippet:-1, max-image-preview:large, max-video-preview:-1\" \/>\n<link rel=\"canonical\" href=\"https:\/\/blog.zeit.de\/kongo\/2008\/02\/08\/und-da-waren-es-schon-drei-wieder-ein-rebellenfuhrer-aus-dem-kongo-nach-den-haag-uberstellt\/\" \/>\n<meta property=\"og:locale\" content=\"de_DE\" \/>\n<meta property=\"og:type\" content=\"article\" \/>\n<meta property=\"og:title\" content=\"...und da waren es schon drei - wieder ein Rebellenf\u00fchrer aus dem Kongo nach Den Haag \u00fcberstellt - B\u00f6hms Logbuch\" \/>\n<meta property=\"og:description\" content=\"Langsam, ganz langsam f\u00fcllt sich der Zellenblock des\u00a0Internationalen Strafgerichtshofs\u00a0(IStGh) in Den Haag. Gestern traf der\u00a0dritte\u00a0Untersuchungsh\u00e4ftling ein: Mathieu Ngudjolo Chui, ein ehemaliger Kriegsherr aus dem Bezirk Ituri im Nordosten des Kongo. In der Anklageschrift, die vom Gericht noch best\u00e4tigt werden muss, werden Ngudjolo Kriegsverbrechen und Verbrechen gegen die Menschlichkeit vorgeworfen \u2013 darunter Rekrutierung von Kindersoldaten, sexuelle [&hellip;]\" \/>\n<meta property=\"og:url\" content=\"https:\/\/blog.zeit.de\/kongo\/2008\/02\/08\/und-da-waren-es-schon-drei-wieder-ein-rebellenfuhrer-aus-dem-kongo-nach-den-haag-uberstellt\/\" \/>\n<meta property=\"og:site_name\" content=\"B\u00f6hms Logbuch\" \/>\n<meta property=\"article:published_time\" content=\"2008-02-08T17:33:04+00:00\" \/>\n<meta name=\"author\" content=\"Andrea B\u00f6hm\" \/>\n<meta name=\"twitter:card\" content=\"summary_large_image\" \/>\n<meta name=\"twitter:label1\" content=\"Geschrieben von\" \/>\n\t<meta name=\"twitter:data1\" content=\"Andrea B\u00f6hm\" \/>\n\t<meta name=\"twitter:label2\" content=\"Gesch\u00e4tzte Lesezeit\" \/>\n\t<meta name=\"twitter:data2\" content=\"3\u00a0Minuten\" \/>\n<script type=\"application\/ld+json\" class=\"yoast-schema-graph\">{\"@context\":\"https:\/\/schema.org\",\"@graph\":[{\"@type\":\"WebPage\",\"@id\":\"https:\/\/blog.zeit.de\/kongo\/2008\/02\/08\/und-da-waren-es-schon-drei-wieder-ein-rebellenfuhrer-aus-dem-kongo-nach-den-haag-uberstellt\/\",\"url\":\"https:\/\/blog.zeit.de\/kongo\/2008\/02\/08\/und-da-waren-es-schon-drei-wieder-ein-rebellenfuhrer-aus-dem-kongo-nach-den-haag-uberstellt\/\",\"name\":\"...und da waren es schon drei - wieder ein Rebellenf\u00fchrer aus dem Kongo nach Den Haag \u00fcberstellt - B\u00f6hms Logbuch\",\"isPartOf\":{\"@id\":\"https:\/\/blog.zeit.de\/kongo\/#website\"},\"datePublished\":\"2008-02-08T17:33:04+00:00\",\"dateModified\":\"2008-02-08T17:33:04+00:00\",\"author\":{\"@id\":\"https:\/\/blog.zeit.de\/kongo\/#\/schema\/person\/8e81295aad2a4133fd079a00d5889c53\"},\"breadcrumb\":{\"@id\":\"https:\/\/blog.zeit.de\/kongo\/2008\/02\/08\/und-da-waren-es-schon-drei-wieder-ein-rebellenfuhrer-aus-dem-kongo-nach-den-haag-uberstellt\/#breadcrumb\"},\"inLanguage\":\"de\",\"potentialAction\":[{\"@type\":\"ReadAction\",\"target\":[\"https:\/\/blog.zeit.de\/kongo\/2008\/02\/08\/und-da-waren-es-schon-drei-wieder-ein-rebellenfuhrer-aus-dem-kongo-nach-den-haag-uberstellt\/\"]}]},{\"@type\":\"BreadcrumbList\",\"@id\":\"https:\/\/blog.zeit.de\/kongo\/2008\/02\/08\/und-da-waren-es-schon-drei-wieder-ein-rebellenfuhrer-aus-dem-kongo-nach-den-haag-uberstellt\/#breadcrumb\",\"itemListElement\":[{\"@type\":\"ListItem\",\"position\":1,\"name\":\"Startseite\",\"item\":\"https:\/\/blog.zeit.de\/kongo\/\"},{\"@type\":\"ListItem\",\"position\":2,\"name\":\"&#8230;und da waren es schon drei &#8211; wieder ein Rebellenf\u00fchrer aus dem Kongo nach Den Haag \u00fcberstellt\"}]},{\"@type\":\"WebSite\",\"@id\":\"https:\/\/blog.zeit.de\/kongo\/#website\",\"url\":\"https:\/\/blog.zeit.de\/kongo\/\",\"name\":\"B\u00f6hms Logbuch\",\"description\":\"Von Kabul bis Kinshasa\",\"potentialAction\":[{\"@type\":\"SearchAction\",\"target\":{\"@type\":\"EntryPoint\",\"urlTemplate\":\"https:\/\/blog.zeit.de\/kongo\/?s={search_term_string}\"},\"query-input\":\"required name=search_term_string\"}],\"inLanguage\":\"de\"},{\"@type\":\"Person\",\"@id\":\"https:\/\/blog.zeit.de\/kongo\/#\/schema\/person\/8e81295aad2a4133fd079a00d5889c53\",\"name\":\"Andrea B\u00f6hm\",\"image\":{\"@type\":\"ImageObject\",\"inLanguage\":\"de\",\"@id\":\"https:\/\/blog.zeit.de\/kongo\/#\/schema\/person\/image\/\",\"url\":\"https:\/\/secure.gravatar.com\/avatar\/7b2f270f90084490fc5cb03eb7c82fe7a861182b7fa410f87081d5cc1be35b42?s=96&d=mm&r=g\",\"contentUrl\":\"https:\/\/secure.gravatar.com\/avatar\/7b2f270f90084490fc5cb03eb7c82fe7a861182b7fa410f87081d5cc1be35b42?s=96&d=mm&r=g\",\"caption\":\"Andrea B\u00f6hm\"},\"url\":\"https:\/\/blog.zeit.de\/kongo\/author\/andrea-boehm\/\"}]}<\/script>\n<!-- \/ Yoast SEO plugin. -->","yoast_head_json":{"title":"...und da waren es schon drei - wieder ein Rebellenf\u00fchrer aus dem Kongo nach Den Haag \u00fcberstellt - B\u00f6hms Logbuch","robots":{"index":"index","follow":"follow","max-snippet":"max-snippet:-1","max-image-preview":"max-image-preview:large","max-video-preview":"max-video-preview:-1"},"canonical":"https:\/\/blog.zeit.de\/kongo\/2008\/02\/08\/und-da-waren-es-schon-drei-wieder-ein-rebellenfuhrer-aus-dem-kongo-nach-den-haag-uberstellt\/","og_locale":"de_DE","og_type":"article","og_title":"...und da waren es schon drei - wieder ein Rebellenf\u00fchrer aus dem Kongo nach Den Haag \u00fcberstellt - B\u00f6hms Logbuch","og_description":"Langsam, ganz langsam f\u00fcllt sich der Zellenblock des\u00a0Internationalen Strafgerichtshofs\u00a0(IStGh) in Den Haag. Gestern traf der\u00a0dritte\u00a0Untersuchungsh\u00e4ftling ein: Mathieu Ngudjolo Chui, ein ehemaliger Kriegsherr aus dem Bezirk Ituri im Nordosten des Kongo. In der Anklageschrift, die vom Gericht noch best\u00e4tigt werden muss, werden Ngudjolo Kriegsverbrechen und Verbrechen gegen die Menschlichkeit vorgeworfen \u2013 darunter Rekrutierung von Kindersoldaten, sexuelle [&hellip;]","og_url":"https:\/\/blog.zeit.de\/kongo\/2008\/02\/08\/und-da-waren-es-schon-drei-wieder-ein-rebellenfuhrer-aus-dem-kongo-nach-den-haag-uberstellt\/","og_site_name":"B\u00f6hms Logbuch","article_published_time":"2008-02-08T17:33:04+00:00","author":"Andrea B\u00f6hm","twitter_card":"summary_large_image","twitter_misc":{"Geschrieben von":"Andrea B\u00f6hm","Gesch\u00e4tzte Lesezeit":"3\u00a0Minuten"},"schema":{"@context":"https:\/\/schema.org","@graph":[{"@type":"WebPage","@id":"https:\/\/blog.zeit.de\/kongo\/2008\/02\/08\/und-da-waren-es-schon-drei-wieder-ein-rebellenfuhrer-aus-dem-kongo-nach-den-haag-uberstellt\/","url":"https:\/\/blog.zeit.de\/kongo\/2008\/02\/08\/und-da-waren-es-schon-drei-wieder-ein-rebellenfuhrer-aus-dem-kongo-nach-den-haag-uberstellt\/","name":"...und da waren es schon drei - wieder ein Rebellenf\u00fchrer aus dem Kongo nach Den Haag \u00fcberstellt - B\u00f6hms Logbuch","isPartOf":{"@id":"https:\/\/blog.zeit.de\/kongo\/#website"},"datePublished":"2008-02-08T17:33:04+00:00","dateModified":"2008-02-08T17:33:04+00:00","author":{"@id":"https:\/\/blog.zeit.de\/kongo\/#\/schema\/person\/8e81295aad2a4133fd079a00d5889c53"},"breadcrumb":{"@id":"https:\/\/blog.zeit.de\/kongo\/2008\/02\/08\/und-da-waren-es-schon-drei-wieder-ein-rebellenfuhrer-aus-dem-kongo-nach-den-haag-uberstellt\/#breadcrumb"},"inLanguage":"de","potentialAction":[{"@type":"ReadAction","target":["https:\/\/blog.zeit.de\/kongo\/2008\/02\/08\/und-da-waren-es-schon-drei-wieder-ein-rebellenfuhrer-aus-dem-kongo-nach-den-haag-uberstellt\/"]}]},{"@type":"BreadcrumbList","@id":"https:\/\/blog.zeit.de\/kongo\/2008\/02\/08\/und-da-waren-es-schon-drei-wieder-ein-rebellenfuhrer-aus-dem-kongo-nach-den-haag-uberstellt\/#breadcrumb","itemListElement":[{"@type":"ListItem","position":1,"name":"Startseite","item":"https:\/\/blog.zeit.de\/kongo\/"},{"@type":"ListItem","position":2,"name":"&#8230;und da waren es schon drei &#8211; wieder ein Rebellenf\u00fchrer aus dem Kongo nach Den Haag \u00fcberstellt"}]},{"@type":"WebSite","@id":"https:\/\/blog.zeit.de\/kongo\/#website","url":"https:\/\/blog.zeit.de\/kongo\/","name":"B\u00f6hms Logbuch","description":"Von Kabul bis Kinshasa","potentialAction":[{"@type":"SearchAction","target":{"@type":"EntryPoint","urlTemplate":"https:\/\/blog.zeit.de\/kongo\/?s={search_term_string}"},"query-input":"required name=search_term_string"}],"inLanguage":"de"},{"@type":"Person","@id":"https:\/\/blog.zeit.de\/kongo\/#\/schema\/person\/8e81295aad2a4133fd079a00d5889c53","name":"Andrea B\u00f6hm","image":{"@type":"ImageObject","inLanguage":"de","@id":"https:\/\/blog.zeit.de\/kongo\/#\/schema\/person\/image\/","url":"https:\/\/secure.gravatar.com\/avatar\/7b2f270f90084490fc5cb03eb7c82fe7a861182b7fa410f87081d5cc1be35b42?s=96&d=mm&r=g","contentUrl":"https:\/\/secure.gravatar.com\/avatar\/7b2f270f90084490fc5cb03eb7c82fe7a861182b7fa410f87081d5cc1be35b42?s=96&d=mm&r=g","caption":"Andrea B\u00f6hm"},"url":"https:\/\/blog.zeit.de\/kongo\/author\/andrea-boehm\/"}]}},"jetpack_featured_media_url":"","_links":{"self":[{"href":"https:\/\/blog.zeit.de\/kongo\/wp-json\/wp\/v2\/posts\/79","targetHints":{"allow":["GET"]}}],"collection":[{"href":"https:\/\/blog.zeit.de\/kongo\/wp-json\/wp\/v2\/posts"}],"about":[{"href":"https:\/\/blog.zeit.de\/kongo\/wp-json\/wp\/v2\/types\/post"}],"author":[{"embeddable":true,"href":"https:\/\/blog.zeit.de\/kongo\/wp-json\/wp\/v2\/users\/56"}],"replies":[{"embeddable":true,"href":"https:\/\/blog.zeit.de\/kongo\/wp-json\/wp\/v2\/comments?post=79"}],"version-history":[{"count":0,"href":"https:\/\/blog.zeit.de\/kongo\/wp-json\/wp\/v2\/posts\/79\/revisions"}],"wp:attachment":[{"href":"https:\/\/blog.zeit.de\/kongo\/wp-json\/wp\/v2\/media?parent=79"}],"wp:term":[{"taxonomy":"category","embeddable":true,"href":"https:\/\/blog.zeit.de\/kongo\/wp-json\/wp\/v2\/categories?post=79"},{"taxonomy":"post_tag","embeddable":true,"href":"https:\/\/blog.zeit.de\/kongo\/wp-json\/wp\/v2\/tags?post=79"}],"curies":[{"name":"wp","href":"https:\/\/api.w.org\/{rel}","templated":true}]}}