{"id":1066,"date":"2010-08-18T10:21:14","date_gmt":"2010-08-18T08:21:14","guid":{"rendered":"http:\/\/blog.zeit.de\/kulturkampf\/?p=1066"},"modified":"2010-08-19T12:06:18","modified_gmt":"2010-08-19T10:06:18","slug":"wenn-autoren-zu-verlegern-werden","status":"publish","type":"post","link":"https:\/\/blog.zeit.de\/kulturkampf\/2010\/08\/18\/wenn-autoren-zu-verlegern-werden\/","title":{"rendered":"Wenn Autoren zu Verlegern werden"},"content":{"rendered":"<p>Weitgehend unbemerkt hat sich in den letzten Jahren auf dem Buchmarkt der USA eine kleine Revolution ereignet: Es werden inzwischen mehr als doppelt so viele B\u00fccher jenseits der traditionellen Verlage ver\u00f6ffentlicht als noch vor drei Jahren.<\/p>\n<p>Zahlen zu dieser Entwicklung in den Jahren 2002 bis 2009 (prognostiziert) liefert der US-amerikanische Bibliografie-Informationsdienst Bowker, in der folgenden Grafik \u00fcbersichtlich aufbereitet. Bowker unterscheidet dabei zwischen traditionellem und nicht-traditionellem Publishing, wobei letzteres vor allem Print-on-Demand-Angebote sind, also die Titel erst nach der Bestellung ausgedruckt werden. (F\u00fcr eine statische Ansicht w\u00e4hlt man oben rechts den Button &#8222;S\u00e4ulendiagramm&#8220; und dr\u00fcckt dann den Play-Button):<br \/>\n<script src=\"https:\/\/spreadsheets0.google.com\/gpub?url=http%3A%2F%2Foj0ijfii34kccq3ioto7mdspc7r2s7o9-ss-opensocial.googleusercontent.com%2Fgadgets%2Fifr%3Fup__table_query_url%3Dhttps%253A%252F%252Fspreadsheets0.google.com%252Ftq%253Frange%253DA10%25253AC25%2526gid%253D0%2526headers%253D-1%2526key%253D0ApeJXS7PCJA9dGJxaWxYUVVTZGdYTHBPWWxQYTl5UUE%2526pub%253D1%26up_title%3DBowker%253A%2520Entwicklung%2520des%2520nicht-traditionellen%2520Publishings%2520im%2520US-Markt%26up_initialstate%26up__table_query_refresh_interval%3D300%26url%3Dhttp%253A%252F%252Fwww.google.com%252Fig%252Fmodules%252Fmotionchart.xml%26container%3Dspreadsheets&amp;height=300&amp;width=540\"><\/script><\/p>\n<p>\u00c4hnliche Zahlen gibt es f\u00fcr Deutschland nicht, weil der B\u00f6rsenverein des deutschen Buchhandels solche Statistiken nicht erhebt. Anzunehmen ist, dass sich der Markt hierulande \u00e4hnlich entwickelt, nur leicht zeitversetzt.<\/p>\n<p>Das liegt zum einen daran, dass immer mehr Internetplattformen diese Dienste f\u00fcr Autoren anbieten. Der Gro\u00dfteil bietet Print-on-Demand, zunehmend geh\u00f6ren aber auch E-Books dazu. Und vor allem im E-Book-Bereich sind die Autorenprovisionen mindestens doppelt so hoch wie im Print-Bereich.<\/p>\n<p>In den USA hat vor allem Amazon das Gesch\u00e4ft mit den E-Books aufgemischt \u2013 mit einer Autorentantieme von 70 Prozent. Sie gilt allerdings bislang nur f\u00fcr US-Autoren, die ihr Buch bei Amazon zu einem H\u00f6chstpreis von maximal 9,99 Dollar anbieten. Dieses 9,99-Dollar-Diktat von Amazon bestimmt den amerikanischen E-Book-Markt ma\u00dfgeblich \u2013 und f\u00fchrt anders als in Deutschland, wo Verlage sich etwa bei Libreka noch in m\u00fchsamen Preisfindungsprozessen befinden, zu erstaunlichen Abverk\u00e4ufen: Amazon verkauft inzwischen fast doppelt so viele E-Books wie <span style=\"text-decoration: line-through;\">Printwerke<\/span> gebundene B\u00fccher.<\/p>\n<p>F\u00fcr die deutschen Verlage ist die Buchpreisbindung noch eine Art Rettungsanker \u2013 verhindert sie doch, dass ein Anbieter sich einen G\u00fcnstigst-Preis ausbedingen kann. Ebenfalls profitieren sie davon, dass Amazon, Apple sowie etliche E-Book-Reader ihre Kataloge noch nicht f\u00fcr einen automatischen Datentransfer seitens der Self-Publishing-Plattformen ge\u00f6ffnet haben.<\/p>\n<p>Dieser momentane Stillstand ist allerdings nur eine Art Schonfrist: Immer mehr Autoren machen sich angesichts der lukrativen Tantiemen im E-Book-Markt auf die Suche nach Selbstvermarktungs-M\u00f6glichkeiten. Den Verlagen droht also Ungemach von beiden Seiten, sowohl von den Autoren als auch von den H\u00e4ndlern.<\/p>\n<p>Chancen und Vorteile haben die Verlage, was das Marketing betrifft. Das gilt bei der drohenden Titelschwemme nur umso mehr. Autoren wird es kaum gen\u00fcgen, eine Website zum Buch oder einen Twitter-Account zu f\u00fchren. Verlage k\u00f6nnten Autoren hier mit Rundum-Paketen unterst\u00fctzen \u2013 von der kollaborativen Manuskripterstellung, \u00fcber ein professionelle Publishing \u00fcber Mediengrenzen hinweg bis hin zu neuen, innovativen Vermarktungsmodellen.<\/p>\n","protected":false},"excerpt":{"rendered":"<p>Weitgehend unbemerkt hat sich in den letzten drei Jahren auf dem US-amerikanischen Buchmarkt eine kleine Revolution ereignet: Es werden inzwischen mehr als doppelt so viele B\u00fccher jenseits der traditionellen Verlagsschiene ver\u00f6ffentlicht.<\/p>\n","protected":false},"author":218,"featured_media":0,"comment_status":"open","ping_status":"closed","sticky":false,"template":"","format":"standard","meta":{"footnotes":""},"categories":[1279],"tags":[2490,1111],"class_list":["post-1066","post","type-post","status-publish","format-standard","hentry","category-medienzukunft","tag-e-books","tag-verlage"],"yoast_head":"<!-- This site is optimized with the Yoast SEO plugin v21.0 - https:\/\/yoast.com\/wordpress\/plugins\/seo\/ -->\n<title>Wenn Autoren zu Verlegern werden - Kulturkampf<\/title>\n<meta name=\"robots\" content=\"index, follow, max-snippet:-1, max-image-preview:large, max-video-preview:-1\" \/>\n<link rel=\"canonical\" href=\"https:\/\/blog.zeit.de\/kulturkampf\/2010\/08\/18\/wenn-autoren-zu-verlegern-werden\/\" \/>\n<meta property=\"og:locale\" content=\"de_DE\" \/>\n<meta property=\"og:type\" content=\"article\" \/>\n<meta property=\"og:title\" content=\"Wenn Autoren zu Verlegern werden - Kulturkampf\" \/>\n<meta property=\"og:description\" content=\"Weitgehend unbemerkt hat sich in den letzten drei Jahren auf dem US-amerikanischen Buchmarkt eine kleine Revolution ereignet: Es werden inzwischen mehr als doppelt so viele B\u00fccher jenseits der traditionellen Verlagsschiene ver\u00f6ffentlicht.\" \/>\n<meta property=\"og:url\" content=\"https:\/\/blog.zeit.de\/kulturkampf\/2010\/08\/18\/wenn-autoren-zu-verlegern-werden\/\" \/>\n<meta property=\"og:site_name\" content=\"Kulturkampf\" \/>\n<meta property=\"article:published_time\" content=\"2010-08-18T08:21:14+00:00\" \/>\n<meta property=\"article:modified_time\" content=\"2010-08-19T10:06:18+00:00\" \/>\n<meta name=\"author\" content=\"Christiane Schulzki-Haddouti\" \/>\n<meta name=\"twitter:card\" content=\"summary_large_image\" \/>\n<meta name=\"twitter:label1\" content=\"Geschrieben von\" \/>\n\t<meta name=\"twitter:data1\" content=\"Christiane Schulzki-Haddouti\" \/>\n\t<meta name=\"twitter:label2\" content=\"Gesch\u00e4tzte Lesezeit\" \/>\n\t<meta name=\"twitter:data2\" content=\"2\u00a0Minuten\" \/>\n<script type=\"application\/ld+json\" class=\"yoast-schema-graph\">{\"@context\":\"https:\/\/schema.org\",\"@graph\":[{\"@type\":\"WebPage\",\"@id\":\"https:\/\/blog.zeit.de\/kulturkampf\/2010\/08\/18\/wenn-autoren-zu-verlegern-werden\/\",\"url\":\"https:\/\/blog.zeit.de\/kulturkampf\/2010\/08\/18\/wenn-autoren-zu-verlegern-werden\/\",\"name\":\"Wenn Autoren zu Verlegern werden - Kulturkampf\",\"isPartOf\":{\"@id\":\"https:\/\/blog.zeit.de\/kulturkampf\/#website\"},\"datePublished\":\"2010-08-18T08:21:14+00:00\",\"dateModified\":\"2010-08-19T10:06:18+00:00\",\"author\":{\"@id\":\"https:\/\/blog.zeit.de\/kulturkampf\/#\/schema\/person\/b4eb764366884539204225e2dbc5a5c6\"},\"breadcrumb\":{\"@id\":\"https:\/\/blog.zeit.de\/kulturkampf\/2010\/08\/18\/wenn-autoren-zu-verlegern-werden\/#breadcrumb\"},\"inLanguage\":\"de\",\"potentialAction\":[{\"@type\":\"ReadAction\",\"target\":[\"https:\/\/blog.zeit.de\/kulturkampf\/2010\/08\/18\/wenn-autoren-zu-verlegern-werden\/\"]}]},{\"@type\":\"BreadcrumbList\",\"@id\":\"https:\/\/blog.zeit.de\/kulturkampf\/2010\/08\/18\/wenn-autoren-zu-verlegern-werden\/#breadcrumb\",\"itemListElement\":[{\"@type\":\"ListItem\",\"position\":1,\"name\":\"Startseite\",\"item\":\"https:\/\/blog.zeit.de\/kulturkampf\/\"},{\"@type\":\"ListItem\",\"position\":2,\"name\":\"Wenn Autoren zu Verlegern werden\"}]},{\"@type\":\"WebSite\",\"@id\":\"https:\/\/blog.zeit.de\/kulturkampf\/#website\",\"url\":\"https:\/\/blog.zeit.de\/kulturkampf\/\",\"name\":\"Kulturkampf\",\"description\":\"Online und Offline - \u00fcber das Leben in zwei Welten\",\"potentialAction\":[{\"@type\":\"SearchAction\",\"target\":{\"@type\":\"EntryPoint\",\"urlTemplate\":\"https:\/\/blog.zeit.de\/kulturkampf\/?s={search_term_string}\"},\"query-input\":\"required name=search_term_string\"}],\"inLanguage\":\"de\"},{\"@type\":\"Person\",\"@id\":\"https:\/\/blog.zeit.de\/kulturkampf\/#\/schema\/person\/b4eb764366884539204225e2dbc5a5c6\",\"name\":\"Christiane Schulzki-Haddouti\",\"image\":{\"@type\":\"ImageObject\",\"inLanguage\":\"de\",\"@id\":\"https:\/\/blog.zeit.de\/kulturkampf\/#\/schema\/person\/image\/\",\"url\":\"https:\/\/secure.gravatar.com\/avatar\/600c9c5d86bdb9b02c616a1c35365d6bde8b38acbe5aab179c7a93897c727ef0?s=96&d=mm&r=g\",\"contentUrl\":\"https:\/\/secure.gravatar.com\/avatar\/600c9c5d86bdb9b02c616a1c35365d6bde8b38acbe5aab179c7a93897c727ef0?s=96&d=mm&r=g\",\"caption\":\"Christiane Schulzki-Haddouti\"},\"sameAs\":[\"http:\/\/blog.kooptech.de\/\"],\"url\":\"https:\/\/blog.zeit.de\/kulturkampf\/author\/christiane-schulzki-haddouti\/\"}]}<\/script>\n<!-- \/ Yoast SEO plugin. -->","yoast_head_json":{"title":"Wenn Autoren zu Verlegern werden - Kulturkampf","robots":{"index":"index","follow":"follow","max-snippet":"max-snippet:-1","max-image-preview":"max-image-preview:large","max-video-preview":"max-video-preview:-1"},"canonical":"https:\/\/blog.zeit.de\/kulturkampf\/2010\/08\/18\/wenn-autoren-zu-verlegern-werden\/","og_locale":"de_DE","og_type":"article","og_title":"Wenn Autoren zu Verlegern werden - Kulturkampf","og_description":"Weitgehend unbemerkt hat sich in den letzten drei Jahren auf dem US-amerikanischen Buchmarkt eine kleine Revolution ereignet: Es werden inzwischen mehr als doppelt so viele B\u00fccher jenseits der traditionellen Verlagsschiene ver\u00f6ffentlicht.","og_url":"https:\/\/blog.zeit.de\/kulturkampf\/2010\/08\/18\/wenn-autoren-zu-verlegern-werden\/","og_site_name":"Kulturkampf","article_published_time":"2010-08-18T08:21:14+00:00","article_modified_time":"2010-08-19T10:06:18+00:00","author":"Christiane Schulzki-Haddouti","twitter_card":"summary_large_image","twitter_misc":{"Geschrieben von":"Christiane Schulzki-Haddouti","Gesch\u00e4tzte Lesezeit":"2\u00a0Minuten"},"schema":{"@context":"https:\/\/schema.org","@graph":[{"@type":"WebPage","@id":"https:\/\/blog.zeit.de\/kulturkampf\/2010\/08\/18\/wenn-autoren-zu-verlegern-werden\/","url":"https:\/\/blog.zeit.de\/kulturkampf\/2010\/08\/18\/wenn-autoren-zu-verlegern-werden\/","name":"Wenn Autoren zu Verlegern werden - Kulturkampf","isPartOf":{"@id":"https:\/\/blog.zeit.de\/kulturkampf\/#website"},"datePublished":"2010-08-18T08:21:14+00:00","dateModified":"2010-08-19T10:06:18+00:00","author":{"@id":"https:\/\/blog.zeit.de\/kulturkampf\/#\/schema\/person\/b4eb764366884539204225e2dbc5a5c6"},"breadcrumb":{"@id":"https:\/\/blog.zeit.de\/kulturkampf\/2010\/08\/18\/wenn-autoren-zu-verlegern-werden\/#breadcrumb"},"inLanguage":"de","potentialAction":[{"@type":"ReadAction","target":["https:\/\/blog.zeit.de\/kulturkampf\/2010\/08\/18\/wenn-autoren-zu-verlegern-werden\/"]}]},{"@type":"BreadcrumbList","@id":"https:\/\/blog.zeit.de\/kulturkampf\/2010\/08\/18\/wenn-autoren-zu-verlegern-werden\/#breadcrumb","itemListElement":[{"@type":"ListItem","position":1,"name":"Startseite","item":"https:\/\/blog.zeit.de\/kulturkampf\/"},{"@type":"ListItem","position":2,"name":"Wenn Autoren zu Verlegern werden"}]},{"@type":"WebSite","@id":"https:\/\/blog.zeit.de\/kulturkampf\/#website","url":"https:\/\/blog.zeit.de\/kulturkampf\/","name":"Kulturkampf","description":"Online und Offline - \u00fcber das Leben in zwei Welten","potentialAction":[{"@type":"SearchAction","target":{"@type":"EntryPoint","urlTemplate":"https:\/\/blog.zeit.de\/kulturkampf\/?s={search_term_string}"},"query-input":"required name=search_term_string"}],"inLanguage":"de"},{"@type":"Person","@id":"https:\/\/blog.zeit.de\/kulturkampf\/#\/schema\/person\/b4eb764366884539204225e2dbc5a5c6","name":"Christiane Schulzki-Haddouti","image":{"@type":"ImageObject","inLanguage":"de","@id":"https:\/\/blog.zeit.de\/kulturkampf\/#\/schema\/person\/image\/","url":"https:\/\/secure.gravatar.com\/avatar\/600c9c5d86bdb9b02c616a1c35365d6bde8b38acbe5aab179c7a93897c727ef0?s=96&d=mm&r=g","contentUrl":"https:\/\/secure.gravatar.com\/avatar\/600c9c5d86bdb9b02c616a1c35365d6bde8b38acbe5aab179c7a93897c727ef0?s=96&d=mm&r=g","caption":"Christiane Schulzki-Haddouti"},"sameAs":["http:\/\/blog.kooptech.de\/"],"url":"https:\/\/blog.zeit.de\/kulturkampf\/author\/christiane-schulzki-haddouti\/"}]}},"jetpack_featured_media_url":"","_links":{"self":[{"href":"https:\/\/blog.zeit.de\/kulturkampf\/wp-json\/wp\/v2\/posts\/1066","targetHints":{"allow":["GET"]}}],"collection":[{"href":"https:\/\/blog.zeit.de\/kulturkampf\/wp-json\/wp\/v2\/posts"}],"about":[{"href":"https:\/\/blog.zeit.de\/kulturkampf\/wp-json\/wp\/v2\/types\/post"}],"author":[{"embeddable":true,"href":"https:\/\/blog.zeit.de\/kulturkampf\/wp-json\/wp\/v2\/users\/218"}],"replies":[{"embeddable":true,"href":"https:\/\/blog.zeit.de\/kulturkampf\/wp-json\/wp\/v2\/comments?post=1066"}],"version-history":[{"count":0,"href":"https:\/\/blog.zeit.de\/kulturkampf\/wp-json\/wp\/v2\/posts\/1066\/revisions"}],"wp:attachment":[{"href":"https:\/\/blog.zeit.de\/kulturkampf\/wp-json\/wp\/v2\/media?parent=1066"}],"wp:term":[{"taxonomy":"category","embeddable":true,"href":"https:\/\/blog.zeit.de\/kulturkampf\/wp-json\/wp\/v2\/categories?post=1066"},{"taxonomy":"post_tag","embeddable":true,"href":"https:\/\/blog.zeit.de\/kulturkampf\/wp-json\/wp\/v2\/tags?post=1066"}],"curies":[{"name":"wp","href":"https:\/\/api.w.org\/{rel}","templated":true}]}}