{"id":1174,"date":"2010-09-15T15:27:35","date_gmt":"2010-09-15T13:27:35","guid":{"rendered":"http:\/\/blog.zeit.de\/kulturkampf\/?p=1174"},"modified":"2010-09-15T18:13:48","modified_gmt":"2010-09-15T16:13:48","slug":"bucher-mit-erweiterten-ansichten","status":"publish","type":"post","link":"https:\/\/blog.zeit.de\/kulturkampf\/2010\/09\/15\/bucher-mit-erweiterten-ansichten\/","title":{"rendered":"B\u00fccher mit erweiterten Ansichten"},"content":{"rendered":"<p>Die Frankfurter Buchmesse naht und mit ihr schwillt wieder die Zahl der Ver\u00f6ffentlichung zu den neuesten Trends in der Buchbranche an. Vor allem im E-Book-Bereich tut sich einiges &#8211; Stichw\u00f6rter sind hier &#8222;enhanced e-book&#8220; oder &#8222;enriched e-book&#8220;. Darunter versteht man in der Regel E-Books, die nicht mehr aus PDFs bestehen, sondern mit multimedialen und interaktiven Elementen erweitert wurden.<\/p>\n<p>Interessant ist das vor allem dann, wenn man keine schwarz-wei\u00dfen E-Reader, sondern farbige Multifunktionsreader wie das iPad verwenden. Wie man sich das vorstellen darf, zeigte vor einiger Zeit bereits &#8222;Alice im Wunderland&#8220;:<\/p>\n<p><object classid=\"clsid:d27cdb6e-ae6d-11cf-96b8-444553540000\" width=\"640\" height=\"385\" codebase=\"http:\/\/download.macromedia.com\/pub\/shockwave\/cabs\/flash\/swflash.cab#version=6,0,40,0\"><param name=\"allowFullScreen\" value=\"true\" \/><param name=\"allowscriptaccess\" value=\"always\" \/><param name=\"src\" value=\"http:\/\/www.youtube.com\/v\/gew68Qj5kxw?fs=1&amp;hl=de_DE\" \/><param name=\"allowfullscreen\" value=\"true\" \/><\/object><\/p>\n<p>Dass den Animationen keine Grenzen gesetzt sind, zeigt das Pop-Up-&#8222;Rumpelstilzchen&#8220; von IdealBinary:<\/p>\n<p><object classid=\"clsid:d27cdb6e-ae6d-11cf-96b8-444553540000\" width=\"640\" height=\"385\" codebase=\"http:\/\/download.macromedia.com\/pub\/shockwave\/cabs\/flash\/swflash.cab#version=6,0,40,0\"><param name=\"allowFullScreen\" value=\"true\" \/><param name=\"allowscriptaccess\" value=\"always\" \/><param name=\"src\" value=\"http:\/\/www.youtube.com\/v\/9mLR1F4ISmI?fs=1&amp;hl=de_DE\" \/><param name=\"allowfullscreen\" value=\"true\" \/><\/object><\/p>\n<p>Man beachte hier: Der dunkle Hintergrund, der die Animation wirkungsvoll in Szene setzt &#8211; und die dramatische Musik. Das Buch als Handkino sozusagen.<\/p>\n<p>Nicht an Pop-Ups, aber an den herk\u00f6mmlichen CD-Rom-Umsetzungen von Kinderb\u00fcchern orientiert sich die &#8222;Die Burg in der Ritterzeit&#8220;:<\/p>\n<p><object classid=\"clsid:d27cdb6e-ae6d-11cf-96b8-444553540000\" width=\"480\" height=\"385\" codebase=\"http:\/\/download.macromedia.com\/pub\/shockwave\/cabs\/flash\/swflash.cab#version=6,0,40,0\"><param name=\"allowFullScreen\" value=\"true\" \/><param name=\"allowscriptaccess\" value=\"always\" \/><param name=\"src\" value=\"http:\/\/www.youtube.com\/v\/woy8x052laM?fs=1&amp;hl=de_DE\" \/><param name=\"allowfullscreen\" value=\"true\" \/><\/object><\/p>\n<p>Der neueste Trend ist aber &#8222;Augmented Reality&#8220;. Welche Bereiche bieten sich hier am ehesten an? Nat\u00fcrlich Wissensb\u00fccher f\u00fcr Kinder &#8211; am Besten mit einem gewissen Gruseleffekt:<\/p>\n<p><object classid=\"clsid:d27cdb6e-ae6d-11cf-96b8-444553540000\" width=\"480\" height=\"385\" codebase=\"http:\/\/download.macromedia.com\/pub\/shockwave\/cabs\/flash\/swflash.cab#version=6,0,40,0\"><param name=\"allowFullScreen\" value=\"true\" \/><param name=\"allowscriptaccess\" value=\"always\" \/><param name=\"src\" value=\"http:\/\/www.youtube.com\/v\/L4GApt6co4w?fs=1&amp;hl=de_DE\" \/><param name=\"allowfullscreen\" value=\"true\" \/><\/object><\/p>\n","protected":false},"excerpt":{"rendered":"<p>Die Frankfurter Buchmesse naht und mit ihr schwillt wieder die Zahl der Ver\u00f6ffentlichung zu den neuesten Trends in der Buchbranche an. Vor allem im E-Book-Bereich tut sich einiges &#8211; Stichw\u00f6rter sind hier &#8222;enhanced e-book&#8220; oder &#8222;enriched e-book&#8220;. Darunter versteht man in der Regel E-Books, die nicht mehr aus PDFs bestehen, sondern mit multimedialen und interaktiven [&hellip;]<\/p>\n","protected":false},"author":218,"featured_media":0,"comment_status":"open","ping_status":"closed","sticky":false,"template":"","format":"standard","meta":{"footnotes":""},"categories":[2027],"tags":[2655,735,2490],"class_list":["post-1174","post","type-post","status-publish","format-standard","hentry","category-spielkinder","tag-augmented-reality","tag-bucher","tag-e-books"],"yoast_head":"<!-- This site is optimized with the Yoast SEO plugin v21.0 - https:\/\/yoast.com\/wordpress\/plugins\/seo\/ -->\n<title>B\u00fccher mit erweiterten Ansichten - Kulturkampf<\/title>\n<meta name=\"robots\" content=\"index, follow, max-snippet:-1, max-image-preview:large, max-video-preview:-1\" \/>\n<link rel=\"canonical\" href=\"https:\/\/blog.zeit.de\/kulturkampf\/2010\/09\/15\/bucher-mit-erweiterten-ansichten\/\" \/>\n<meta property=\"og:locale\" content=\"de_DE\" \/>\n<meta property=\"og:type\" content=\"article\" \/>\n<meta property=\"og:title\" content=\"B\u00fccher mit erweiterten Ansichten - Kulturkampf\" \/>\n<meta property=\"og:description\" content=\"Die Frankfurter Buchmesse naht und mit ihr schwillt wieder die Zahl der Ver\u00f6ffentlichung zu den neuesten Trends in der Buchbranche an. Vor allem im E-Book-Bereich tut sich einiges &#8211; Stichw\u00f6rter sind hier &#8222;enhanced e-book&#8220; oder &#8222;enriched e-book&#8220;. Darunter versteht man in der Regel E-Books, die nicht mehr aus PDFs bestehen, sondern mit multimedialen und interaktiven [&hellip;]\" \/>\n<meta property=\"og:url\" content=\"https:\/\/blog.zeit.de\/kulturkampf\/2010\/09\/15\/bucher-mit-erweiterten-ansichten\/\" \/>\n<meta property=\"og:site_name\" content=\"Kulturkampf\" \/>\n<meta property=\"article:published_time\" content=\"2010-09-15T13:27:35+00:00\" \/>\n<meta property=\"article:modified_time\" content=\"2010-09-15T16:13:48+00:00\" \/>\n<meta name=\"author\" content=\"Christiane Schulzki-Haddouti\" \/>\n<meta name=\"twitter:card\" content=\"summary_large_image\" \/>\n<meta name=\"twitter:label1\" content=\"Geschrieben von\" \/>\n\t<meta name=\"twitter:data1\" content=\"Christiane Schulzki-Haddouti\" \/>\n\t<meta name=\"twitter:label2\" content=\"Gesch\u00e4tzte Lesezeit\" \/>\n\t<meta name=\"twitter:data2\" content=\"1\u00a0Minute\" \/>\n<script type=\"application\/ld+json\" class=\"yoast-schema-graph\">{\"@context\":\"https:\/\/schema.org\",\"@graph\":[{\"@type\":\"WebPage\",\"@id\":\"https:\/\/blog.zeit.de\/kulturkampf\/2010\/09\/15\/bucher-mit-erweiterten-ansichten\/\",\"url\":\"https:\/\/blog.zeit.de\/kulturkampf\/2010\/09\/15\/bucher-mit-erweiterten-ansichten\/\",\"name\":\"B\u00fccher mit erweiterten Ansichten - Kulturkampf\",\"isPartOf\":{\"@id\":\"https:\/\/blog.zeit.de\/kulturkampf\/#website\"},\"datePublished\":\"2010-09-15T13:27:35+00:00\",\"dateModified\":\"2010-09-15T16:13:48+00:00\",\"author\":{\"@id\":\"https:\/\/blog.zeit.de\/kulturkampf\/#\/schema\/person\/b4eb764366884539204225e2dbc5a5c6\"},\"breadcrumb\":{\"@id\":\"https:\/\/blog.zeit.de\/kulturkampf\/2010\/09\/15\/bucher-mit-erweiterten-ansichten\/#breadcrumb\"},\"inLanguage\":\"de\",\"potentialAction\":[{\"@type\":\"ReadAction\",\"target\":[\"https:\/\/blog.zeit.de\/kulturkampf\/2010\/09\/15\/bucher-mit-erweiterten-ansichten\/\"]}]},{\"@type\":\"BreadcrumbList\",\"@id\":\"https:\/\/blog.zeit.de\/kulturkampf\/2010\/09\/15\/bucher-mit-erweiterten-ansichten\/#breadcrumb\",\"itemListElement\":[{\"@type\":\"ListItem\",\"position\":1,\"name\":\"Startseite\",\"item\":\"https:\/\/blog.zeit.de\/kulturkampf\/\"},{\"@type\":\"ListItem\",\"position\":2,\"name\":\"B\u00fccher mit erweiterten Ansichten\"}]},{\"@type\":\"WebSite\",\"@id\":\"https:\/\/blog.zeit.de\/kulturkampf\/#website\",\"url\":\"https:\/\/blog.zeit.de\/kulturkampf\/\",\"name\":\"Kulturkampf\",\"description\":\"Online und Offline - \u00fcber das Leben in zwei Welten\",\"potentialAction\":[{\"@type\":\"SearchAction\",\"target\":{\"@type\":\"EntryPoint\",\"urlTemplate\":\"https:\/\/blog.zeit.de\/kulturkampf\/?s={search_term_string}\"},\"query-input\":\"required name=search_term_string\"}],\"inLanguage\":\"de\"},{\"@type\":\"Person\",\"@id\":\"https:\/\/blog.zeit.de\/kulturkampf\/#\/schema\/person\/b4eb764366884539204225e2dbc5a5c6\",\"name\":\"Christiane Schulzki-Haddouti\",\"image\":{\"@type\":\"ImageObject\",\"inLanguage\":\"de\",\"@id\":\"https:\/\/blog.zeit.de\/kulturkampf\/#\/schema\/person\/image\/\",\"url\":\"https:\/\/secure.gravatar.com\/avatar\/600c9c5d86bdb9b02c616a1c35365d6bde8b38acbe5aab179c7a93897c727ef0?s=96&d=mm&r=g\",\"contentUrl\":\"https:\/\/secure.gravatar.com\/avatar\/600c9c5d86bdb9b02c616a1c35365d6bde8b38acbe5aab179c7a93897c727ef0?s=96&d=mm&r=g\",\"caption\":\"Christiane Schulzki-Haddouti\"},\"sameAs\":[\"http:\/\/blog.kooptech.de\/\"],\"url\":\"https:\/\/blog.zeit.de\/kulturkampf\/author\/christiane-schulzki-haddouti\/\"}]}<\/script>\n<!-- \/ Yoast SEO plugin. -->","yoast_head_json":{"title":"B\u00fccher mit erweiterten Ansichten - Kulturkampf","robots":{"index":"index","follow":"follow","max-snippet":"max-snippet:-1","max-image-preview":"max-image-preview:large","max-video-preview":"max-video-preview:-1"},"canonical":"https:\/\/blog.zeit.de\/kulturkampf\/2010\/09\/15\/bucher-mit-erweiterten-ansichten\/","og_locale":"de_DE","og_type":"article","og_title":"B\u00fccher mit erweiterten Ansichten - Kulturkampf","og_description":"Die Frankfurter Buchmesse naht und mit ihr schwillt wieder die Zahl der Ver\u00f6ffentlichung zu den neuesten Trends in der Buchbranche an. Vor allem im E-Book-Bereich tut sich einiges &#8211; Stichw\u00f6rter sind hier &#8222;enhanced e-book&#8220; oder &#8222;enriched e-book&#8220;. Darunter versteht man in der Regel E-Books, die nicht mehr aus PDFs bestehen, sondern mit multimedialen und interaktiven [&hellip;]","og_url":"https:\/\/blog.zeit.de\/kulturkampf\/2010\/09\/15\/bucher-mit-erweiterten-ansichten\/","og_site_name":"Kulturkampf","article_published_time":"2010-09-15T13:27:35+00:00","article_modified_time":"2010-09-15T16:13:48+00:00","author":"Christiane Schulzki-Haddouti","twitter_card":"summary_large_image","twitter_misc":{"Geschrieben von":"Christiane Schulzki-Haddouti","Gesch\u00e4tzte Lesezeit":"1\u00a0Minute"},"schema":{"@context":"https:\/\/schema.org","@graph":[{"@type":"WebPage","@id":"https:\/\/blog.zeit.de\/kulturkampf\/2010\/09\/15\/bucher-mit-erweiterten-ansichten\/","url":"https:\/\/blog.zeit.de\/kulturkampf\/2010\/09\/15\/bucher-mit-erweiterten-ansichten\/","name":"B\u00fccher mit erweiterten Ansichten - Kulturkampf","isPartOf":{"@id":"https:\/\/blog.zeit.de\/kulturkampf\/#website"},"datePublished":"2010-09-15T13:27:35+00:00","dateModified":"2010-09-15T16:13:48+00:00","author":{"@id":"https:\/\/blog.zeit.de\/kulturkampf\/#\/schema\/person\/b4eb764366884539204225e2dbc5a5c6"},"breadcrumb":{"@id":"https:\/\/blog.zeit.de\/kulturkampf\/2010\/09\/15\/bucher-mit-erweiterten-ansichten\/#breadcrumb"},"inLanguage":"de","potentialAction":[{"@type":"ReadAction","target":["https:\/\/blog.zeit.de\/kulturkampf\/2010\/09\/15\/bucher-mit-erweiterten-ansichten\/"]}]},{"@type":"BreadcrumbList","@id":"https:\/\/blog.zeit.de\/kulturkampf\/2010\/09\/15\/bucher-mit-erweiterten-ansichten\/#breadcrumb","itemListElement":[{"@type":"ListItem","position":1,"name":"Startseite","item":"https:\/\/blog.zeit.de\/kulturkampf\/"},{"@type":"ListItem","position":2,"name":"B\u00fccher mit erweiterten Ansichten"}]},{"@type":"WebSite","@id":"https:\/\/blog.zeit.de\/kulturkampf\/#website","url":"https:\/\/blog.zeit.de\/kulturkampf\/","name":"Kulturkampf","description":"Online und Offline - \u00fcber das Leben in zwei Welten","potentialAction":[{"@type":"SearchAction","target":{"@type":"EntryPoint","urlTemplate":"https:\/\/blog.zeit.de\/kulturkampf\/?s={search_term_string}"},"query-input":"required name=search_term_string"}],"inLanguage":"de"},{"@type":"Person","@id":"https:\/\/blog.zeit.de\/kulturkampf\/#\/schema\/person\/b4eb764366884539204225e2dbc5a5c6","name":"Christiane Schulzki-Haddouti","image":{"@type":"ImageObject","inLanguage":"de","@id":"https:\/\/blog.zeit.de\/kulturkampf\/#\/schema\/person\/image\/","url":"https:\/\/secure.gravatar.com\/avatar\/600c9c5d86bdb9b02c616a1c35365d6bde8b38acbe5aab179c7a93897c727ef0?s=96&d=mm&r=g","contentUrl":"https:\/\/secure.gravatar.com\/avatar\/600c9c5d86bdb9b02c616a1c35365d6bde8b38acbe5aab179c7a93897c727ef0?s=96&d=mm&r=g","caption":"Christiane Schulzki-Haddouti"},"sameAs":["http:\/\/blog.kooptech.de\/"],"url":"https:\/\/blog.zeit.de\/kulturkampf\/author\/christiane-schulzki-haddouti\/"}]}},"jetpack_featured_media_url":"","_links":{"self":[{"href":"https:\/\/blog.zeit.de\/kulturkampf\/wp-json\/wp\/v2\/posts\/1174","targetHints":{"allow":["GET"]}}],"collection":[{"href":"https:\/\/blog.zeit.de\/kulturkampf\/wp-json\/wp\/v2\/posts"}],"about":[{"href":"https:\/\/blog.zeit.de\/kulturkampf\/wp-json\/wp\/v2\/types\/post"}],"author":[{"embeddable":true,"href":"https:\/\/blog.zeit.de\/kulturkampf\/wp-json\/wp\/v2\/users\/218"}],"replies":[{"embeddable":true,"href":"https:\/\/blog.zeit.de\/kulturkampf\/wp-json\/wp\/v2\/comments?post=1174"}],"version-history":[{"count":0,"href":"https:\/\/blog.zeit.de\/kulturkampf\/wp-json\/wp\/v2\/posts\/1174\/revisions"}],"wp:attachment":[{"href":"https:\/\/blog.zeit.de\/kulturkampf\/wp-json\/wp\/v2\/media?parent=1174"}],"wp:term":[{"taxonomy":"category","embeddable":true,"href":"https:\/\/blog.zeit.de\/kulturkampf\/wp-json\/wp\/v2\/categories?post=1174"},{"taxonomy":"post_tag","embeddable":true,"href":"https:\/\/blog.zeit.de\/kulturkampf\/wp-json\/wp\/v2\/tags?post=1174"}],"curies":[{"name":"wp","href":"https:\/\/api.w.org\/{rel}","templated":true}]}}