{"id":1198,"date":"2010-09-24T15:40:39","date_gmt":"2010-09-24T13:40:39","guid":{"rendered":"http:\/\/blog.zeit.de\/kulturkampf\/?p=1198"},"modified":"2010-09-24T15:43:18","modified_gmt":"2010-09-24T13:43:18","slug":"transparente-wahlurne-in-strassburg","status":"publish","type":"post","link":"https:\/\/blog.zeit.de\/kulturkampf\/2010\/09\/24\/transparente-wahlurne-in-strassburg\/","title":{"rendered":"Transparente Wahlurne in Strassburg"},"content":{"rendered":"<p>In der EU wird darum gerungen, das Urheberrecht zu versch\u00e4rfen. Der j\u00fcngste Vorsto\u00df hierzu war der <a href=\"http:\/\/www.europarl.europa.eu\/sides\/getDoc.do?pubRef=-\/\/EP\/\/TEXT+TA+P7-TA-2010-0340+0+DOC+XML+V0\/\/DE&amp;language=DE\">Bericht der konservativen Abgeordneten Marielle Gallo<\/a>. Er zielt <a href=\"http:\/\/www.laquadrature.net\/en\/gallo-report-adopted-a-stab-in-the-back-of-citizens-freedoms\">unter anderem<\/a> darauf ab, das Filesharing zu kriminalisieren. Vorgestern erhielt er im EU-Parlament eine klare Mehrheit mit 328 Ja-Stimmen, 245 Nein- Stimmungen und 81 Enthaltungen. Die Alternativvorschl\u00e4ge seitens der Sozialdemokraten und Gr\u00fcnen sowie der Liberalen fielen durch.<\/p>\n<p>Der Bericht ist \u00fcbrigens nicht rechtsverbindlich, gibt jedoch eine politische Linie f\u00fcr k\u00fcnftige Entscheidungen vor. Interessant ist daher, dass sich einige konservative und liberale Abgeordnete bei der Abstimmung nicht an die Parteilinie hielten. Vielleicht weil sie \u00a0den Bericht auch als Stimmungsbarometer f\u00fcr Internetsperren nach franz\u00f6sischem Muster auffassten. Diese Unterschiede im Stimmverhalten in den Parteien\u00a0<a href=\"http:\/\/www.abgeordnetenwatch.de\/index.php?cmd=106&amp;show=abstimmungsverhalten&amp;id=299&amp;filter=53173#abst_verhalten\">dokumentiert Abgeordnetenwatch<\/a> auf sehr \u00fcbersichtliche Weise f\u00fcr die deutschen Abgeordneten.<\/p>\n<p>Praktisch ist dabei die M\u00f6glichkeit, das Wahlverhalten der Abgeordneten aus dem eigenen Bundesland stammenden Abgeordneten abzufragen. \u00a0Die Abfrage funktioniert \u00fcber Postleitzahlen. <a href=\"http:\/\/www.abgeordnetenwatch.de\/index.php?cmd=106&amp;show=abstimmungsverhalten&amp;id=299&amp;filter=53173#abst_verhalten\">F\u00fcr NRW etwa finden sich <\/a>zwei\u00a0CDU-Abgeordnete und ein FDP-Abgeordneter, die sich enthalten haben.<\/p>\n<p>Diese durchsichtige Wahlurne, die \u00fcber eine automatische Auswertung in Form von Infografiken und Abfragem\u00f6glichkeiten erm\u00f6glicht wird, ist wertvoll, da es so etwas auf der Website des Parlaments leider nicht gibt. Es w\u00e4re eine sch\u00f6ne Sache, wenn Abgeordnetenwatch dies regelm\u00e4\u00dfig vielleicht f\u00fcr das gesamte EU-Parlament organisieren k\u00f6nnte.<\/p>\n","protected":false},"excerpt":{"rendered":"<p>In der EU wird darum gerungen, das Urheberrecht zu versch\u00e4rfen. Der j\u00fcngste Vorsto\u00df hierzu war der Bericht der konservativen Abgeordneten Marielle Gallo. Er zielt unter anderem darauf ab, das Filesharing zu kriminalisieren. Vorgestern erhielt er im EU-Parlament eine klare Mehrheit mit 328 Ja-Stimmen, 245 Nein- Stimmungen und 81 Enthaltungen. Die Alternativvorschl\u00e4ge seitens der Sozialdemokraten und [&hellip;]<\/p>\n","protected":false},"author":218,"featured_media":0,"comment_status":"open","ping_status":"closed","sticky":false,"template":"","format":"standard","meta":{"footnotes":""},"categories":[1],"tags":[2686,2203,1011],"class_list":["post-1198","post","type-post","status-publish","format-standard","hentry","category-allgemein","tag-eu-parlament","tag-open-data","tag-urheberrecht"],"yoast_head":"<!-- This site is optimized with the Yoast SEO plugin v21.0 - https:\/\/yoast.com\/wordpress\/plugins\/seo\/ -->\n<title>Transparente Wahlurne in Strassburg - Kulturkampf<\/title>\n<meta name=\"robots\" content=\"index, follow, max-snippet:-1, max-image-preview:large, max-video-preview:-1\" \/>\n<link rel=\"canonical\" href=\"https:\/\/blog.zeit.de\/kulturkampf\/2010\/09\/24\/transparente-wahlurne-in-strassburg\/\" \/>\n<meta property=\"og:locale\" content=\"de_DE\" \/>\n<meta property=\"og:type\" content=\"article\" \/>\n<meta property=\"og:title\" content=\"Transparente Wahlurne in Strassburg - Kulturkampf\" \/>\n<meta property=\"og:description\" content=\"In der EU wird darum gerungen, das Urheberrecht zu versch\u00e4rfen. Der j\u00fcngste Vorsto\u00df hierzu war der Bericht der konservativen Abgeordneten Marielle Gallo. Er zielt unter anderem darauf ab, das Filesharing zu kriminalisieren. Vorgestern erhielt er im EU-Parlament eine klare Mehrheit mit 328 Ja-Stimmen, 245 Nein- Stimmungen und 81 Enthaltungen. Die Alternativvorschl\u00e4ge seitens der Sozialdemokraten und [&hellip;]\" \/>\n<meta property=\"og:url\" content=\"https:\/\/blog.zeit.de\/kulturkampf\/2010\/09\/24\/transparente-wahlurne-in-strassburg\/\" \/>\n<meta property=\"og:site_name\" content=\"Kulturkampf\" \/>\n<meta property=\"article:published_time\" content=\"2010-09-24T13:40:39+00:00\" \/>\n<meta property=\"article:modified_time\" content=\"2010-09-24T13:43:18+00:00\" \/>\n<meta name=\"author\" content=\"Christiane Schulzki-Haddouti\" \/>\n<meta name=\"twitter:card\" content=\"summary_large_image\" \/>\n<meta name=\"twitter:label1\" content=\"Geschrieben von\" \/>\n\t<meta name=\"twitter:data1\" content=\"Christiane Schulzki-Haddouti\" \/>\n\t<meta name=\"twitter:label2\" content=\"Gesch\u00e4tzte Lesezeit\" \/>\n\t<meta name=\"twitter:data2\" content=\"1\u00a0Minute\" \/>\n<script type=\"application\/ld+json\" class=\"yoast-schema-graph\">{\"@context\":\"https:\/\/schema.org\",\"@graph\":[{\"@type\":\"WebPage\",\"@id\":\"https:\/\/blog.zeit.de\/kulturkampf\/2010\/09\/24\/transparente-wahlurne-in-strassburg\/\",\"url\":\"https:\/\/blog.zeit.de\/kulturkampf\/2010\/09\/24\/transparente-wahlurne-in-strassburg\/\",\"name\":\"Transparente Wahlurne in Strassburg - Kulturkampf\",\"isPartOf\":{\"@id\":\"https:\/\/blog.zeit.de\/kulturkampf\/#website\"},\"datePublished\":\"2010-09-24T13:40:39+00:00\",\"dateModified\":\"2010-09-24T13:43:18+00:00\",\"author\":{\"@id\":\"https:\/\/blog.zeit.de\/kulturkampf\/#\/schema\/person\/b4eb764366884539204225e2dbc5a5c6\"},\"breadcrumb\":{\"@id\":\"https:\/\/blog.zeit.de\/kulturkampf\/2010\/09\/24\/transparente-wahlurne-in-strassburg\/#breadcrumb\"},\"inLanguage\":\"de\",\"potentialAction\":[{\"@type\":\"ReadAction\",\"target\":[\"https:\/\/blog.zeit.de\/kulturkampf\/2010\/09\/24\/transparente-wahlurne-in-strassburg\/\"]}]},{\"@type\":\"BreadcrumbList\",\"@id\":\"https:\/\/blog.zeit.de\/kulturkampf\/2010\/09\/24\/transparente-wahlurne-in-strassburg\/#breadcrumb\",\"itemListElement\":[{\"@type\":\"ListItem\",\"position\":1,\"name\":\"Startseite\",\"item\":\"https:\/\/blog.zeit.de\/kulturkampf\/\"},{\"@type\":\"ListItem\",\"position\":2,\"name\":\"Transparente Wahlurne in Strassburg\"}]},{\"@type\":\"WebSite\",\"@id\":\"https:\/\/blog.zeit.de\/kulturkampf\/#website\",\"url\":\"https:\/\/blog.zeit.de\/kulturkampf\/\",\"name\":\"Kulturkampf\",\"description\":\"Online und Offline - \u00fcber das Leben in zwei Welten\",\"potentialAction\":[{\"@type\":\"SearchAction\",\"target\":{\"@type\":\"EntryPoint\",\"urlTemplate\":\"https:\/\/blog.zeit.de\/kulturkampf\/?s={search_term_string}\"},\"query-input\":\"required name=search_term_string\"}],\"inLanguage\":\"de\"},{\"@type\":\"Person\",\"@id\":\"https:\/\/blog.zeit.de\/kulturkampf\/#\/schema\/person\/b4eb764366884539204225e2dbc5a5c6\",\"name\":\"Christiane Schulzki-Haddouti\",\"image\":{\"@type\":\"ImageObject\",\"inLanguage\":\"de\",\"@id\":\"https:\/\/blog.zeit.de\/kulturkampf\/#\/schema\/person\/image\/\",\"url\":\"https:\/\/secure.gravatar.com\/avatar\/600c9c5d86bdb9b02c616a1c35365d6bde8b38acbe5aab179c7a93897c727ef0?s=96&d=mm&r=g\",\"contentUrl\":\"https:\/\/secure.gravatar.com\/avatar\/600c9c5d86bdb9b02c616a1c35365d6bde8b38acbe5aab179c7a93897c727ef0?s=96&d=mm&r=g\",\"caption\":\"Christiane Schulzki-Haddouti\"},\"sameAs\":[\"http:\/\/blog.kooptech.de\/\"],\"url\":\"https:\/\/blog.zeit.de\/kulturkampf\/author\/christiane-schulzki-haddouti\/\"}]}<\/script>\n<!-- \/ Yoast SEO plugin. -->","yoast_head_json":{"title":"Transparente Wahlurne in Strassburg - Kulturkampf","robots":{"index":"index","follow":"follow","max-snippet":"max-snippet:-1","max-image-preview":"max-image-preview:large","max-video-preview":"max-video-preview:-1"},"canonical":"https:\/\/blog.zeit.de\/kulturkampf\/2010\/09\/24\/transparente-wahlurne-in-strassburg\/","og_locale":"de_DE","og_type":"article","og_title":"Transparente Wahlurne in Strassburg - Kulturkampf","og_description":"In der EU wird darum gerungen, das Urheberrecht zu versch\u00e4rfen. Der j\u00fcngste Vorsto\u00df hierzu war der Bericht der konservativen Abgeordneten Marielle Gallo. Er zielt unter anderem darauf ab, das Filesharing zu kriminalisieren. Vorgestern erhielt er im EU-Parlament eine klare Mehrheit mit 328 Ja-Stimmen, 245 Nein- Stimmungen und 81 Enthaltungen. Die Alternativvorschl\u00e4ge seitens der Sozialdemokraten und [&hellip;]","og_url":"https:\/\/blog.zeit.de\/kulturkampf\/2010\/09\/24\/transparente-wahlurne-in-strassburg\/","og_site_name":"Kulturkampf","article_published_time":"2010-09-24T13:40:39+00:00","article_modified_time":"2010-09-24T13:43:18+00:00","author":"Christiane Schulzki-Haddouti","twitter_card":"summary_large_image","twitter_misc":{"Geschrieben von":"Christiane Schulzki-Haddouti","Gesch\u00e4tzte Lesezeit":"1\u00a0Minute"},"schema":{"@context":"https:\/\/schema.org","@graph":[{"@type":"WebPage","@id":"https:\/\/blog.zeit.de\/kulturkampf\/2010\/09\/24\/transparente-wahlurne-in-strassburg\/","url":"https:\/\/blog.zeit.de\/kulturkampf\/2010\/09\/24\/transparente-wahlurne-in-strassburg\/","name":"Transparente Wahlurne in Strassburg - Kulturkampf","isPartOf":{"@id":"https:\/\/blog.zeit.de\/kulturkampf\/#website"},"datePublished":"2010-09-24T13:40:39+00:00","dateModified":"2010-09-24T13:43:18+00:00","author":{"@id":"https:\/\/blog.zeit.de\/kulturkampf\/#\/schema\/person\/b4eb764366884539204225e2dbc5a5c6"},"breadcrumb":{"@id":"https:\/\/blog.zeit.de\/kulturkampf\/2010\/09\/24\/transparente-wahlurne-in-strassburg\/#breadcrumb"},"inLanguage":"de","potentialAction":[{"@type":"ReadAction","target":["https:\/\/blog.zeit.de\/kulturkampf\/2010\/09\/24\/transparente-wahlurne-in-strassburg\/"]}]},{"@type":"BreadcrumbList","@id":"https:\/\/blog.zeit.de\/kulturkampf\/2010\/09\/24\/transparente-wahlurne-in-strassburg\/#breadcrumb","itemListElement":[{"@type":"ListItem","position":1,"name":"Startseite","item":"https:\/\/blog.zeit.de\/kulturkampf\/"},{"@type":"ListItem","position":2,"name":"Transparente Wahlurne in Strassburg"}]},{"@type":"WebSite","@id":"https:\/\/blog.zeit.de\/kulturkampf\/#website","url":"https:\/\/blog.zeit.de\/kulturkampf\/","name":"Kulturkampf","description":"Online und Offline - \u00fcber das Leben in zwei Welten","potentialAction":[{"@type":"SearchAction","target":{"@type":"EntryPoint","urlTemplate":"https:\/\/blog.zeit.de\/kulturkampf\/?s={search_term_string}"},"query-input":"required name=search_term_string"}],"inLanguage":"de"},{"@type":"Person","@id":"https:\/\/blog.zeit.de\/kulturkampf\/#\/schema\/person\/b4eb764366884539204225e2dbc5a5c6","name":"Christiane Schulzki-Haddouti","image":{"@type":"ImageObject","inLanguage":"de","@id":"https:\/\/blog.zeit.de\/kulturkampf\/#\/schema\/person\/image\/","url":"https:\/\/secure.gravatar.com\/avatar\/600c9c5d86bdb9b02c616a1c35365d6bde8b38acbe5aab179c7a93897c727ef0?s=96&d=mm&r=g","contentUrl":"https:\/\/secure.gravatar.com\/avatar\/600c9c5d86bdb9b02c616a1c35365d6bde8b38acbe5aab179c7a93897c727ef0?s=96&d=mm&r=g","caption":"Christiane Schulzki-Haddouti"},"sameAs":["http:\/\/blog.kooptech.de\/"],"url":"https:\/\/blog.zeit.de\/kulturkampf\/author\/christiane-schulzki-haddouti\/"}]}},"jetpack_featured_media_url":"","_links":{"self":[{"href":"https:\/\/blog.zeit.de\/kulturkampf\/wp-json\/wp\/v2\/posts\/1198","targetHints":{"allow":["GET"]}}],"collection":[{"href":"https:\/\/blog.zeit.de\/kulturkampf\/wp-json\/wp\/v2\/posts"}],"about":[{"href":"https:\/\/blog.zeit.de\/kulturkampf\/wp-json\/wp\/v2\/types\/post"}],"author":[{"embeddable":true,"href":"https:\/\/blog.zeit.de\/kulturkampf\/wp-json\/wp\/v2\/users\/218"}],"replies":[{"embeddable":true,"href":"https:\/\/blog.zeit.de\/kulturkampf\/wp-json\/wp\/v2\/comments?post=1198"}],"version-history":[{"count":0,"href":"https:\/\/blog.zeit.de\/kulturkampf\/wp-json\/wp\/v2\/posts\/1198\/revisions"}],"wp:attachment":[{"href":"https:\/\/blog.zeit.de\/kulturkampf\/wp-json\/wp\/v2\/media?parent=1198"}],"wp:term":[{"taxonomy":"category","embeddable":true,"href":"https:\/\/blog.zeit.de\/kulturkampf\/wp-json\/wp\/v2\/categories?post=1198"},{"taxonomy":"post_tag","embeddable":true,"href":"https:\/\/blog.zeit.de\/kulturkampf\/wp-json\/wp\/v2\/tags?post=1198"}],"curies":[{"name":"wp","href":"https:\/\/api.w.org\/{rel}","templated":true}]}}