{"id":1448,"date":"2010-12-31T08:48:10","date_gmt":"2010-12-31T07:48:10","guid":{"rendered":"http:\/\/blog.zeit.de\/kulturkampf\/?p=1448"},"modified":"2010-12-29T18:04:50","modified_gmt":"2010-12-29T17:04:50","slug":"der-verdrahtete-planet","status":"publish","type":"post","link":"https:\/\/blog.zeit.de\/kulturkampf\/2010\/12\/31\/der-verdrahtete-planet\/","title":{"rendered":"Der verdrahtete Planet"},"content":{"rendered":"<p>Als das World Wide Web noch relativ jung war, ver\u00f6ffentlichte Neal Stephenson in Wired eine phantastische Reportage \u00fcber die Geschichte der Seekabel: <a href=\"http:\/\/www.wired.com\/wired\/archive\/4.12\/ffglass_pr.html\">Wired Earth Mother Board<\/a>. Sie inspirierte zahlreiche Autoren zu \u00e4hnlichen Geschichten \u00fcber die Physis des Internet. Ausgedruckt k\u00f6nnte sie ein kleines B\u00fcchlein ergeben &#8211; und die Lekt\u00fcre ist auch heute noch empfehlenswert.<\/p>\n<p><a href=\"https:\/\/blog.zeit.de\/kulturkampf\/files\/2010\/12\/CableMap.png\"><img loading=\"lazy\" decoding=\"async\" class=\"alignnone size-full wp-image-1449\" title=\"CableMap\" src=\"https:\/\/blog.zeit.de\/kulturkampf\/files\/2010\/12\/CableMap.png\" alt=\"\" width=\"501\" height=\"430\" srcset=\"https:\/\/blog.zeit.de\/kulturkampf\/files\/2010\/12\/CableMap.png 501w, https:\/\/blog.zeit.de\/kulturkampf\/files\/2010\/12\/CableMap-300x257.png 300w\" sizes=\"auto, (max-width: 501px) 100vw, 501px\" \/><\/a><\/p>\n<p>Wahrscheinlich wird man auch nur nach dieser Lekt\u00fcre sich wirklich fasziniert \u00fcber die <a href=\"http:\/\/www.cablemap.info\/\">digitale Kabelkarte<\/a> von Greg Mahlknecht beugen k\u00f6nnen. Wie wichtig diese Kabel f\u00fcr die weltweite Kommunikation sind, zeigte erst k\u00fcrzlich eine geleakte<a href=\"http:\/\/www.diigo.com\/bookmark\/http:\/\/www.wikileaks.ch\/cable\/2009\/02\/09STATE15113.html?tab=people&amp;uname=kooptech\"> Depesche des US-Au\u00dfenministeriums \u00fcber kritische Infrastrukturen<\/a>: Verf\u00fcgte ein Land \u00fcber eine Seekabel-Anlandestelle, wurde diese gelistet. Die Anlandestellen gelten als die empfindlichsten Stellen des globalen Datenverkehrs. Doch auch an vergleichsweise flachen Stellen auf dem Meeresboden sind die Kabel nicht gesch\u00fctzt. Wer Stephenson gelesen hat, wei\u00df, dass auch Anker und Schleppnetze seit \u00fcber 100 Jahren regelm\u00e4\u00dfig f\u00fcr Ungemach sorgen. Hier die beiden Anlandepunkte in Deutschland:<\/p>\n<p><a href=\"https:\/\/blog.zeit.de\/kulturkampf\/files\/2010\/12\/CableMap2.png\"><img loading=\"lazy\" decoding=\"async\" class=\"alignnone size-full wp-image-1450\" title=\"CableMap2\" src=\"https:\/\/blog.zeit.de\/kulturkampf\/files\/2010\/12\/CableMap2.png\" alt=\"\" width=\"501\" height=\"574\" srcset=\"https:\/\/blog.zeit.de\/kulturkampf\/files\/2010\/12\/CableMap2.png 501w, https:\/\/blog.zeit.de\/kulturkampf\/files\/2010\/12\/CableMap2-261x300.png 261w\" sizes=\"auto, (max-width: 501px) 100vw, 501px\" \/><\/a><\/p>\n","protected":false},"excerpt":{"rendered":"<p>Als das World Wide Web noch relativ jung war, ver\u00f6ffentlichte Neal Stephenson in Wired eine phantastische Reportage \u00fcber die Geschichte der Seekabel: Wired Earth Mother Board. Sie inspirierte zahlreiche Autoren zu \u00e4hnlichen Geschichten \u00fcber die Physis des Internet. Ausgedruckt k\u00f6nnte sie ein kleines B\u00fcchlein ergeben &#8211; und die Lekt\u00fcre ist auch heute noch empfehlenswert. Wahrscheinlich [&hellip;]<\/p>\n","protected":false},"author":218,"featured_media":0,"comment_status":"open","ping_status":"closed","sticky":false,"template":"","format":"standard","meta":{"footnotes":""},"categories":[1269],"tags":[82,6697,1148],"class_list":["post-1448","post","type-post","status-publish","format-standard","hentry","category-netzwerker","tag-internet","tag-seekabel","tag-wikileaks"],"yoast_head":"<!-- This site is optimized with the Yoast SEO plugin v21.0 - https:\/\/yoast.com\/wordpress\/plugins\/seo\/ -->\n<title>Der verdrahtete Planet - Kulturkampf<\/title>\n<meta name=\"robots\" content=\"index, follow, max-snippet:-1, max-image-preview:large, max-video-preview:-1\" \/>\n<link rel=\"canonical\" href=\"https:\/\/blog.zeit.de\/kulturkampf\/2010\/12\/31\/der-verdrahtete-planet\/\" \/>\n<meta property=\"og:locale\" content=\"de_DE\" \/>\n<meta property=\"og:type\" content=\"article\" \/>\n<meta property=\"og:title\" content=\"Der verdrahtete Planet - Kulturkampf\" \/>\n<meta property=\"og:description\" content=\"Als das World Wide Web noch relativ jung war, ver\u00f6ffentlichte Neal Stephenson in Wired eine phantastische Reportage \u00fcber die Geschichte der Seekabel: Wired Earth Mother Board. Sie inspirierte zahlreiche Autoren zu \u00e4hnlichen Geschichten \u00fcber die Physis des Internet. Ausgedruckt k\u00f6nnte sie ein kleines B\u00fcchlein ergeben &#8211; und die Lekt\u00fcre ist auch heute noch empfehlenswert. Wahrscheinlich [&hellip;]\" \/>\n<meta property=\"og:url\" content=\"https:\/\/blog.zeit.de\/kulturkampf\/2010\/12\/31\/der-verdrahtete-planet\/\" \/>\n<meta property=\"og:site_name\" content=\"Kulturkampf\" \/>\n<meta property=\"article:published_time\" content=\"2010-12-31T07:48:10+00:00\" \/>\n<meta property=\"article:modified_time\" content=\"2010-12-29T17:04:50+00:00\" \/>\n<meta property=\"og:image\" content=\"https:\/\/blog.zeit.de\/kulturkampf\/files\/2010\/12\/CableMap.png\" \/>\n<meta name=\"author\" content=\"Christiane Schulzki-Haddouti\" \/>\n<meta name=\"twitter:card\" content=\"summary_large_image\" \/>\n<meta name=\"twitter:label1\" content=\"Geschrieben von\" \/>\n\t<meta name=\"twitter:data1\" content=\"Christiane Schulzki-Haddouti\" \/>\n\t<meta name=\"twitter:label2\" content=\"Gesch\u00e4tzte Lesezeit\" \/>\n\t<meta name=\"twitter:data2\" content=\"1\u00a0Minute\" \/>\n<script type=\"application\/ld+json\" class=\"yoast-schema-graph\">{\"@context\":\"https:\/\/schema.org\",\"@graph\":[{\"@type\":\"WebPage\",\"@id\":\"https:\/\/blog.zeit.de\/kulturkampf\/2010\/12\/31\/der-verdrahtete-planet\/\",\"url\":\"https:\/\/blog.zeit.de\/kulturkampf\/2010\/12\/31\/der-verdrahtete-planet\/\",\"name\":\"Der verdrahtete Planet - Kulturkampf\",\"isPartOf\":{\"@id\":\"https:\/\/blog.zeit.de\/kulturkampf\/#website\"},\"datePublished\":\"2010-12-31T07:48:10+00:00\",\"dateModified\":\"2010-12-29T17:04:50+00:00\",\"author\":{\"@id\":\"https:\/\/blog.zeit.de\/kulturkampf\/#\/schema\/person\/b4eb764366884539204225e2dbc5a5c6\"},\"breadcrumb\":{\"@id\":\"https:\/\/blog.zeit.de\/kulturkampf\/2010\/12\/31\/der-verdrahtete-planet\/#breadcrumb\"},\"inLanguage\":\"de\",\"potentialAction\":[{\"@type\":\"ReadAction\",\"target\":[\"https:\/\/blog.zeit.de\/kulturkampf\/2010\/12\/31\/der-verdrahtete-planet\/\"]}]},{\"@type\":\"BreadcrumbList\",\"@id\":\"https:\/\/blog.zeit.de\/kulturkampf\/2010\/12\/31\/der-verdrahtete-planet\/#breadcrumb\",\"itemListElement\":[{\"@type\":\"ListItem\",\"position\":1,\"name\":\"Startseite\",\"item\":\"https:\/\/blog.zeit.de\/kulturkampf\/\"},{\"@type\":\"ListItem\",\"position\":2,\"name\":\"Der verdrahtete Planet\"}]},{\"@type\":\"WebSite\",\"@id\":\"https:\/\/blog.zeit.de\/kulturkampf\/#website\",\"url\":\"https:\/\/blog.zeit.de\/kulturkampf\/\",\"name\":\"Kulturkampf\",\"description\":\"Online und Offline - \u00fcber das Leben in zwei Welten\",\"potentialAction\":[{\"@type\":\"SearchAction\",\"target\":{\"@type\":\"EntryPoint\",\"urlTemplate\":\"https:\/\/blog.zeit.de\/kulturkampf\/?s={search_term_string}\"},\"query-input\":\"required name=search_term_string\"}],\"inLanguage\":\"de\"},{\"@type\":\"Person\",\"@id\":\"https:\/\/blog.zeit.de\/kulturkampf\/#\/schema\/person\/b4eb764366884539204225e2dbc5a5c6\",\"name\":\"Christiane Schulzki-Haddouti\",\"image\":{\"@type\":\"ImageObject\",\"inLanguage\":\"de\",\"@id\":\"https:\/\/blog.zeit.de\/kulturkampf\/#\/schema\/person\/image\/\",\"url\":\"https:\/\/secure.gravatar.com\/avatar\/600c9c5d86bdb9b02c616a1c35365d6bde8b38acbe5aab179c7a93897c727ef0?s=96&d=mm&r=g\",\"contentUrl\":\"https:\/\/secure.gravatar.com\/avatar\/600c9c5d86bdb9b02c616a1c35365d6bde8b38acbe5aab179c7a93897c727ef0?s=96&d=mm&r=g\",\"caption\":\"Christiane Schulzki-Haddouti\"},\"sameAs\":[\"http:\/\/blog.kooptech.de\/\"],\"url\":\"https:\/\/blog.zeit.de\/kulturkampf\/author\/christiane-schulzki-haddouti\/\"}]}<\/script>\n<!-- \/ Yoast SEO plugin. -->","yoast_head_json":{"title":"Der verdrahtete Planet - Kulturkampf","robots":{"index":"index","follow":"follow","max-snippet":"max-snippet:-1","max-image-preview":"max-image-preview:large","max-video-preview":"max-video-preview:-1"},"canonical":"https:\/\/blog.zeit.de\/kulturkampf\/2010\/12\/31\/der-verdrahtete-planet\/","og_locale":"de_DE","og_type":"article","og_title":"Der verdrahtete Planet - Kulturkampf","og_description":"Als das World Wide Web noch relativ jung war, ver\u00f6ffentlichte Neal Stephenson in Wired eine phantastische Reportage \u00fcber die Geschichte der Seekabel: Wired Earth Mother Board. Sie inspirierte zahlreiche Autoren zu \u00e4hnlichen Geschichten \u00fcber die Physis des Internet. Ausgedruckt k\u00f6nnte sie ein kleines B\u00fcchlein ergeben &#8211; und die Lekt\u00fcre ist auch heute noch empfehlenswert. Wahrscheinlich [&hellip;]","og_url":"https:\/\/blog.zeit.de\/kulturkampf\/2010\/12\/31\/der-verdrahtete-planet\/","og_site_name":"Kulturkampf","article_published_time":"2010-12-31T07:48:10+00:00","article_modified_time":"2010-12-29T17:04:50+00:00","og_image":[{"url":"https:\/\/blog.zeit.de\/kulturkampf\/files\/2010\/12\/CableMap.png"}],"author":"Christiane Schulzki-Haddouti","twitter_card":"summary_large_image","twitter_misc":{"Geschrieben von":"Christiane Schulzki-Haddouti","Gesch\u00e4tzte Lesezeit":"1\u00a0Minute"},"schema":{"@context":"https:\/\/schema.org","@graph":[{"@type":"WebPage","@id":"https:\/\/blog.zeit.de\/kulturkampf\/2010\/12\/31\/der-verdrahtete-planet\/","url":"https:\/\/blog.zeit.de\/kulturkampf\/2010\/12\/31\/der-verdrahtete-planet\/","name":"Der verdrahtete Planet - Kulturkampf","isPartOf":{"@id":"https:\/\/blog.zeit.de\/kulturkampf\/#website"},"datePublished":"2010-12-31T07:48:10+00:00","dateModified":"2010-12-29T17:04:50+00:00","author":{"@id":"https:\/\/blog.zeit.de\/kulturkampf\/#\/schema\/person\/b4eb764366884539204225e2dbc5a5c6"},"breadcrumb":{"@id":"https:\/\/blog.zeit.de\/kulturkampf\/2010\/12\/31\/der-verdrahtete-planet\/#breadcrumb"},"inLanguage":"de","potentialAction":[{"@type":"ReadAction","target":["https:\/\/blog.zeit.de\/kulturkampf\/2010\/12\/31\/der-verdrahtete-planet\/"]}]},{"@type":"BreadcrumbList","@id":"https:\/\/blog.zeit.de\/kulturkampf\/2010\/12\/31\/der-verdrahtete-planet\/#breadcrumb","itemListElement":[{"@type":"ListItem","position":1,"name":"Startseite","item":"https:\/\/blog.zeit.de\/kulturkampf\/"},{"@type":"ListItem","position":2,"name":"Der verdrahtete Planet"}]},{"@type":"WebSite","@id":"https:\/\/blog.zeit.de\/kulturkampf\/#website","url":"https:\/\/blog.zeit.de\/kulturkampf\/","name":"Kulturkampf","description":"Online und Offline - \u00fcber das Leben in zwei Welten","potentialAction":[{"@type":"SearchAction","target":{"@type":"EntryPoint","urlTemplate":"https:\/\/blog.zeit.de\/kulturkampf\/?s={search_term_string}"},"query-input":"required name=search_term_string"}],"inLanguage":"de"},{"@type":"Person","@id":"https:\/\/blog.zeit.de\/kulturkampf\/#\/schema\/person\/b4eb764366884539204225e2dbc5a5c6","name":"Christiane Schulzki-Haddouti","image":{"@type":"ImageObject","inLanguage":"de","@id":"https:\/\/blog.zeit.de\/kulturkampf\/#\/schema\/person\/image\/","url":"https:\/\/secure.gravatar.com\/avatar\/600c9c5d86bdb9b02c616a1c35365d6bde8b38acbe5aab179c7a93897c727ef0?s=96&d=mm&r=g","contentUrl":"https:\/\/secure.gravatar.com\/avatar\/600c9c5d86bdb9b02c616a1c35365d6bde8b38acbe5aab179c7a93897c727ef0?s=96&d=mm&r=g","caption":"Christiane Schulzki-Haddouti"},"sameAs":["http:\/\/blog.kooptech.de\/"],"url":"https:\/\/blog.zeit.de\/kulturkampf\/author\/christiane-schulzki-haddouti\/"}]}},"jetpack_featured_media_url":"","_links":{"self":[{"href":"https:\/\/blog.zeit.de\/kulturkampf\/wp-json\/wp\/v2\/posts\/1448","targetHints":{"allow":["GET"]}}],"collection":[{"href":"https:\/\/blog.zeit.de\/kulturkampf\/wp-json\/wp\/v2\/posts"}],"about":[{"href":"https:\/\/blog.zeit.de\/kulturkampf\/wp-json\/wp\/v2\/types\/post"}],"author":[{"embeddable":true,"href":"https:\/\/blog.zeit.de\/kulturkampf\/wp-json\/wp\/v2\/users\/218"}],"replies":[{"embeddable":true,"href":"https:\/\/blog.zeit.de\/kulturkampf\/wp-json\/wp\/v2\/comments?post=1448"}],"version-history":[{"count":1,"href":"https:\/\/blog.zeit.de\/kulturkampf\/wp-json\/wp\/v2\/posts\/1448\/revisions"}],"predecessor-version":[{"id":1451,"href":"https:\/\/blog.zeit.de\/kulturkampf\/wp-json\/wp\/v2\/posts\/1448\/revisions\/1451"}],"wp:attachment":[{"href":"https:\/\/blog.zeit.de\/kulturkampf\/wp-json\/wp\/v2\/media?parent=1448"}],"wp:term":[{"taxonomy":"category","embeddable":true,"href":"https:\/\/blog.zeit.de\/kulturkampf\/wp-json\/wp\/v2\/categories?post=1448"},{"taxonomy":"post_tag","embeddable":true,"href":"https:\/\/blog.zeit.de\/kulturkampf\/wp-json\/wp\/v2\/tags?post=1448"}],"curies":[{"name":"wp","href":"https:\/\/api.w.org\/{rel}","templated":true}]}}