{"id":1474,"date":"2011-02-04T17:21:35","date_gmt":"2011-02-04T16:21:35","guid":{"rendered":"http:\/\/blog.zeit.de\/kulturkampf\/?p=1474"},"modified":"2011-02-04T17:29:58","modified_gmt":"2011-02-04T16:29:58","slug":"live-aus-kairo","status":"publish","type":"post","link":"https:\/\/blog.zeit.de\/kulturkampf\/2011\/02\/04\/live-aus-kairo\/","title":{"rendered":"Live aus Kairo"},"content":{"rendered":"<p>Immer wieder ist von der so genannten Facebook-Revolution in Tunesien und \u00c4gypten zu lesen. \u00dcber das \u00e4gyptische Staatsfernsehen wurde jetzt die <a href=\"http:\/\/www.facebook.com\/MasrFirst\">Pro-Mubarak-Fanseite &#8222;Egypt First&#8220; <\/a>promoted. Offenbar versucht das Regime nun eine Gegen-Kampagne \u00fcber das bislang diffamierte Soziale Netzwerk zu starten. Rund 20.000 Fans haben sich bereits eingefunden. Etwa 30-mal so viele Fans haben sich hingegen f\u00fcr einen <a href=\"http:\/\/www.facebook.com\/event.php?eid=126197157451259\">virtuellen Demonstrationszug<\/a> angemeldet.<\/p>\n<p>Wesentlich interessanter ist jedoch, wie sich verschiedene arabische Fernsehsender positionieren, die hier \u00fcber Arabsat zu sehen sind. Und vermutlich hat das Fernsehen w\u00e4hrend der Tage des Netzausfalls eine wesentlich gr\u00f6\u00dfere Rolle gespielt als das Netz.<\/p>\n<p>Das \u00e4gyptische Staatsfernsehen ist dabei eine Art Temperaturf\u00fchler der aktuellen Politik Mubaraks. Am Wochenende etwa, als Al Jazeera den \u00fcberf\u00fcllten Tahrir-Platz fast pausenlos im Visier hatte, zeigt der Sender menschenleere Stra\u00dfen. Nachrichtensprecher z\u00e4hlten derweil die \u00f6konomischen Einbu\u00dfen auf, die die Demonstrationen verursacht hatten. An \u00f6ffentlichen Orten wie Caf\u00e9s darf \u00fcbrigens nur das Staatsfernsehen gezeigt werden, aber das wird auch wenig n\u00fctzen, wenn auf der Stra\u00dfe vor dem Caf\u00e9 die Transparente und Fahnen geschwungen werden und zu Hause Al Jazeera l\u00e4uft.<\/p>\n<p>Heute kam der Staatssender nicht mehr umhin, auch Bilder vom Tahrir-Platz zu zeigen. Das Bild war dabei derart ausgesucht, dass es eine relativ ruhige, durch Geb\u00e4ude eingerahmte Menschenmenge zeigte. Ganz anders Al Jazeera: Immer wieder Zooms auf m\u00f6glicherweise interessante Bewegungen in der Menschenmasse sowie auf das Milit\u00e4r. Dabei verzichtet der Sender anders als die BBC meist darauf, die Gesichter der Kommentatoren einzublenden.<\/p>\n<p>In diesem Zusammenhang ist es bemerkenswert, dass ARD und ZDF sich heute nach tagelanger Unterberichterstattung dazu durchgerungen haben, Teile der Berichterstattung\u00a0des Senders Al Arabia zu <a href=\"http:\/\/www.heute.de\/\">\u00fcbernehmen<\/a>. Dazu sollte man wissen, dass der Sender aus Dubai in der arabischen Welt als Konkurrenz zu Al Jazeera gesehen wird. Finanziert von saudischen Investoren gilt er als relativ konservativ: Allzu unverbl\u00fcmte Kritik hatten Arabiens Alleinherrscher von diesem Sender bislang nicht zu bef\u00fcrchten. Gesch\u00e4tzt wird er aber wohl auch von westlichen Staaten, da er den politischen Status-Quo st\u00fctzt.<\/p>\n<p>In der aktuellen Berichterstattung \u00fcber die Proteste in \u00c4gypten gibt es denn\u00a0auch einen interessanten Unterschied zu Al Jazeera: Wie das \u00e4gyptische Staatsfernsehen verweisen die Kommentatoren von Al Arabia immer wieder auf die Position der Mubarak-Regierung. Die Kommentare \u00fcbernehmen unsere \u00f6ffentlich-rechtlichen Berichterstatter \u00fcbrigens nicht, nur die Bilder.<\/p>\n<p>Eine interessante Alternative zu Al Dschasira und BBC ist der britische Sender ANB (Arabic News Broadcast), der ebenfalls eine stundenlange Live-Schalte nach Kairo unterh\u00e4lt. Vielleicht ist es auch erw\u00e4hnenswert, dass die revolution\u00e4ren Ereignisse in anderen arabisch-sprachigen Staatssendern \u00e4hnlich wie bei ARD und ZDF eine eher untergeordnete Rolle spielen. Nur zuf\u00e4llig sind einzelne Berichterstattungen zu sehen. Im marokkanischen Staatsfernsehen war aber immerhin heute Nachmittag eine rege Live-Talkshow zum Thema zu sehen.<\/p>\n","protected":false},"excerpt":{"rendered":"<p>Immer wieder ist von der so genannten Facebook-Revolution in Tunesien und \u00c4gypten zu lesen. \u00dcber das \u00e4gyptische Staatsfernsehen wurde jetzt die Pro-Mubarak-Fanseite &#8222;Egypt First&#8220; promoted. Offenbar versucht das Regime nun eine Gegen-Kampagne \u00fcber das bislang diffamierte Soziale Netzwerk zu starten. Rund 20.000 Fans haben sich bereits eingefunden. Etwa 30-mal so viele Fans haben sich hingegen [&hellip;]<\/p>\n","protected":false},"author":218,"featured_media":0,"comment_status":"open","ping_status":"closed","sticky":false,"template":"","format":"standard","meta":{"footnotes":""},"categories":[1279],"tags":[],"class_list":["post-1474","post","type-post","status-publish","format-standard","hentry","category-medienzukunft"],"yoast_head":"<!-- This site is optimized with the Yoast SEO plugin v21.0 - https:\/\/yoast.com\/wordpress\/plugins\/seo\/ -->\n<title>Live aus Kairo - Kulturkampf<\/title>\n<meta name=\"robots\" content=\"index, follow, max-snippet:-1, max-image-preview:large, max-video-preview:-1\" \/>\n<link rel=\"canonical\" href=\"https:\/\/blog.zeit.de\/kulturkampf\/2011\/02\/04\/live-aus-kairo\/\" \/>\n<meta property=\"og:locale\" content=\"de_DE\" \/>\n<meta property=\"og:type\" content=\"article\" \/>\n<meta property=\"og:title\" content=\"Live aus Kairo - Kulturkampf\" \/>\n<meta property=\"og:description\" content=\"Immer wieder ist von der so genannten Facebook-Revolution in Tunesien und \u00c4gypten zu lesen. \u00dcber das \u00e4gyptische Staatsfernsehen wurde jetzt die Pro-Mubarak-Fanseite &#8222;Egypt First&#8220; promoted. Offenbar versucht das Regime nun eine Gegen-Kampagne \u00fcber das bislang diffamierte Soziale Netzwerk zu starten. Rund 20.000 Fans haben sich bereits eingefunden. Etwa 30-mal so viele Fans haben sich hingegen [&hellip;]\" \/>\n<meta property=\"og:url\" content=\"https:\/\/blog.zeit.de\/kulturkampf\/2011\/02\/04\/live-aus-kairo\/\" \/>\n<meta property=\"og:site_name\" content=\"Kulturkampf\" \/>\n<meta property=\"article:published_time\" content=\"2011-02-04T16:21:35+00:00\" \/>\n<meta property=\"article:modified_time\" content=\"2011-02-04T16:29:58+00:00\" \/>\n<meta name=\"author\" content=\"Christiane Schulzki-Haddouti\" \/>\n<meta name=\"twitter:card\" content=\"summary_large_image\" \/>\n<meta name=\"twitter:label1\" content=\"Geschrieben von\" \/>\n\t<meta name=\"twitter:data1\" content=\"Christiane Schulzki-Haddouti\" \/>\n\t<meta name=\"twitter:label2\" content=\"Gesch\u00e4tzte Lesezeit\" \/>\n\t<meta name=\"twitter:data2\" content=\"2\u00a0Minuten\" \/>\n<script type=\"application\/ld+json\" class=\"yoast-schema-graph\">{\"@context\":\"https:\/\/schema.org\",\"@graph\":[{\"@type\":\"WebPage\",\"@id\":\"https:\/\/blog.zeit.de\/kulturkampf\/2011\/02\/04\/live-aus-kairo\/\",\"url\":\"https:\/\/blog.zeit.de\/kulturkampf\/2011\/02\/04\/live-aus-kairo\/\",\"name\":\"Live aus Kairo - Kulturkampf\",\"isPartOf\":{\"@id\":\"https:\/\/blog.zeit.de\/kulturkampf\/#website\"},\"datePublished\":\"2011-02-04T16:21:35+00:00\",\"dateModified\":\"2011-02-04T16:29:58+00:00\",\"author\":{\"@id\":\"https:\/\/blog.zeit.de\/kulturkampf\/#\/schema\/person\/b4eb764366884539204225e2dbc5a5c6\"},\"breadcrumb\":{\"@id\":\"https:\/\/blog.zeit.de\/kulturkampf\/2011\/02\/04\/live-aus-kairo\/#breadcrumb\"},\"inLanguage\":\"de\",\"potentialAction\":[{\"@type\":\"ReadAction\",\"target\":[\"https:\/\/blog.zeit.de\/kulturkampf\/2011\/02\/04\/live-aus-kairo\/\"]}]},{\"@type\":\"BreadcrumbList\",\"@id\":\"https:\/\/blog.zeit.de\/kulturkampf\/2011\/02\/04\/live-aus-kairo\/#breadcrumb\",\"itemListElement\":[{\"@type\":\"ListItem\",\"position\":1,\"name\":\"Startseite\",\"item\":\"https:\/\/blog.zeit.de\/kulturkampf\/\"},{\"@type\":\"ListItem\",\"position\":2,\"name\":\"Live aus Kairo\"}]},{\"@type\":\"WebSite\",\"@id\":\"https:\/\/blog.zeit.de\/kulturkampf\/#website\",\"url\":\"https:\/\/blog.zeit.de\/kulturkampf\/\",\"name\":\"Kulturkampf\",\"description\":\"Online und Offline - \u00fcber das Leben in zwei Welten\",\"potentialAction\":[{\"@type\":\"SearchAction\",\"target\":{\"@type\":\"EntryPoint\",\"urlTemplate\":\"https:\/\/blog.zeit.de\/kulturkampf\/?s={search_term_string}\"},\"query-input\":\"required name=search_term_string\"}],\"inLanguage\":\"de\"},{\"@type\":\"Person\",\"@id\":\"https:\/\/blog.zeit.de\/kulturkampf\/#\/schema\/person\/b4eb764366884539204225e2dbc5a5c6\",\"name\":\"Christiane Schulzki-Haddouti\",\"image\":{\"@type\":\"ImageObject\",\"inLanguage\":\"de\",\"@id\":\"https:\/\/blog.zeit.de\/kulturkampf\/#\/schema\/person\/image\/\",\"url\":\"https:\/\/secure.gravatar.com\/avatar\/600c9c5d86bdb9b02c616a1c35365d6bde8b38acbe5aab179c7a93897c727ef0?s=96&d=mm&r=g\",\"contentUrl\":\"https:\/\/secure.gravatar.com\/avatar\/600c9c5d86bdb9b02c616a1c35365d6bde8b38acbe5aab179c7a93897c727ef0?s=96&d=mm&r=g\",\"caption\":\"Christiane Schulzki-Haddouti\"},\"sameAs\":[\"http:\/\/blog.kooptech.de\/\"],\"url\":\"https:\/\/blog.zeit.de\/kulturkampf\/author\/christiane-schulzki-haddouti\/\"}]}<\/script>\n<!-- \/ Yoast SEO plugin. -->","yoast_head_json":{"title":"Live aus Kairo - Kulturkampf","robots":{"index":"index","follow":"follow","max-snippet":"max-snippet:-1","max-image-preview":"max-image-preview:large","max-video-preview":"max-video-preview:-1"},"canonical":"https:\/\/blog.zeit.de\/kulturkampf\/2011\/02\/04\/live-aus-kairo\/","og_locale":"de_DE","og_type":"article","og_title":"Live aus Kairo - Kulturkampf","og_description":"Immer wieder ist von der so genannten Facebook-Revolution in Tunesien und \u00c4gypten zu lesen. \u00dcber das \u00e4gyptische Staatsfernsehen wurde jetzt die Pro-Mubarak-Fanseite &#8222;Egypt First&#8220; promoted. Offenbar versucht das Regime nun eine Gegen-Kampagne \u00fcber das bislang diffamierte Soziale Netzwerk zu starten. Rund 20.000 Fans haben sich bereits eingefunden. Etwa 30-mal so viele Fans haben sich hingegen [&hellip;]","og_url":"https:\/\/blog.zeit.de\/kulturkampf\/2011\/02\/04\/live-aus-kairo\/","og_site_name":"Kulturkampf","article_published_time":"2011-02-04T16:21:35+00:00","article_modified_time":"2011-02-04T16:29:58+00:00","author":"Christiane Schulzki-Haddouti","twitter_card":"summary_large_image","twitter_misc":{"Geschrieben von":"Christiane Schulzki-Haddouti","Gesch\u00e4tzte Lesezeit":"2\u00a0Minuten"},"schema":{"@context":"https:\/\/schema.org","@graph":[{"@type":"WebPage","@id":"https:\/\/blog.zeit.de\/kulturkampf\/2011\/02\/04\/live-aus-kairo\/","url":"https:\/\/blog.zeit.de\/kulturkampf\/2011\/02\/04\/live-aus-kairo\/","name":"Live aus Kairo - Kulturkampf","isPartOf":{"@id":"https:\/\/blog.zeit.de\/kulturkampf\/#website"},"datePublished":"2011-02-04T16:21:35+00:00","dateModified":"2011-02-04T16:29:58+00:00","author":{"@id":"https:\/\/blog.zeit.de\/kulturkampf\/#\/schema\/person\/b4eb764366884539204225e2dbc5a5c6"},"breadcrumb":{"@id":"https:\/\/blog.zeit.de\/kulturkampf\/2011\/02\/04\/live-aus-kairo\/#breadcrumb"},"inLanguage":"de","potentialAction":[{"@type":"ReadAction","target":["https:\/\/blog.zeit.de\/kulturkampf\/2011\/02\/04\/live-aus-kairo\/"]}]},{"@type":"BreadcrumbList","@id":"https:\/\/blog.zeit.de\/kulturkampf\/2011\/02\/04\/live-aus-kairo\/#breadcrumb","itemListElement":[{"@type":"ListItem","position":1,"name":"Startseite","item":"https:\/\/blog.zeit.de\/kulturkampf\/"},{"@type":"ListItem","position":2,"name":"Live aus Kairo"}]},{"@type":"WebSite","@id":"https:\/\/blog.zeit.de\/kulturkampf\/#website","url":"https:\/\/blog.zeit.de\/kulturkampf\/","name":"Kulturkampf","description":"Online und Offline - \u00fcber das Leben in zwei Welten","potentialAction":[{"@type":"SearchAction","target":{"@type":"EntryPoint","urlTemplate":"https:\/\/blog.zeit.de\/kulturkampf\/?s={search_term_string}"},"query-input":"required name=search_term_string"}],"inLanguage":"de"},{"@type":"Person","@id":"https:\/\/blog.zeit.de\/kulturkampf\/#\/schema\/person\/b4eb764366884539204225e2dbc5a5c6","name":"Christiane Schulzki-Haddouti","image":{"@type":"ImageObject","inLanguage":"de","@id":"https:\/\/blog.zeit.de\/kulturkampf\/#\/schema\/person\/image\/","url":"https:\/\/secure.gravatar.com\/avatar\/600c9c5d86bdb9b02c616a1c35365d6bde8b38acbe5aab179c7a93897c727ef0?s=96&d=mm&r=g","contentUrl":"https:\/\/secure.gravatar.com\/avatar\/600c9c5d86bdb9b02c616a1c35365d6bde8b38acbe5aab179c7a93897c727ef0?s=96&d=mm&r=g","caption":"Christiane Schulzki-Haddouti"},"sameAs":["http:\/\/blog.kooptech.de\/"],"url":"https:\/\/blog.zeit.de\/kulturkampf\/author\/christiane-schulzki-haddouti\/"}]}},"jetpack_featured_media_url":"","_links":{"self":[{"href":"https:\/\/blog.zeit.de\/kulturkampf\/wp-json\/wp\/v2\/posts\/1474","targetHints":{"allow":["GET"]}}],"collection":[{"href":"https:\/\/blog.zeit.de\/kulturkampf\/wp-json\/wp\/v2\/posts"}],"about":[{"href":"https:\/\/blog.zeit.de\/kulturkampf\/wp-json\/wp\/v2\/types\/post"}],"author":[{"embeddable":true,"href":"https:\/\/blog.zeit.de\/kulturkampf\/wp-json\/wp\/v2\/users\/218"}],"replies":[{"embeddable":true,"href":"https:\/\/blog.zeit.de\/kulturkampf\/wp-json\/wp\/v2\/comments?post=1474"}],"version-history":[{"count":5,"href":"https:\/\/blog.zeit.de\/kulturkampf\/wp-json\/wp\/v2\/posts\/1474\/revisions"}],"predecessor-version":[{"id":1476,"href":"https:\/\/blog.zeit.de\/kulturkampf\/wp-json\/wp\/v2\/posts\/1474\/revisions\/1476"}],"wp:attachment":[{"href":"https:\/\/blog.zeit.de\/kulturkampf\/wp-json\/wp\/v2\/media?parent=1474"}],"wp:term":[{"taxonomy":"category","embeddable":true,"href":"https:\/\/blog.zeit.de\/kulturkampf\/wp-json\/wp\/v2\/categories?post=1474"},{"taxonomy":"post_tag","embeddable":true,"href":"https:\/\/blog.zeit.de\/kulturkampf\/wp-json\/wp\/v2\/tags?post=1474"}],"curies":[{"name":"wp","href":"https:\/\/api.w.org\/{rel}","templated":true}]}}