{"id":1523,"date":"2011-03-05T15:31:24","date_gmt":"2011-03-05T14:31:24","guid":{"rendered":"http:\/\/blog.zeit.de\/kulturkampf\/?p=1523"},"modified":"2011-03-05T15:53:09","modified_gmt":"2011-03-05T14:53:09","slug":"sorgen-um-bit-ly-in-revolutionaren-zeiten","status":"publish","type":"post","link":"https:\/\/blog.zeit.de\/kulturkampf\/2011\/03\/05\/sorgen-um-bit-ly-in-revolutionaren-zeiten\/","title":{"rendered":"Sorgen um bit.ly in revolution\u00e4ren Zeiten"},"content":{"rendered":"<p>In den USA <a href=\"http:\/\/techland.time.com\/2011\/02\/23\/if-libya-falls-what-happens-to-all-those-twitter-bit-ly-links\/\">sorgen<\/a> <a href=\"http:\/\/www.nj.com\/business\/index.ssf\/2011\/03\/revolution_and_reliability_col.html\">sich<\/a> <a href=\"http:\/\/techland.time.com\/2010\/10\/06\/sites-finding-out-that-libyan-government-controls-your-ly-domains\/\">einige<\/a> <a href=\"http:\/\/www.readwriteweb.com\/archives\/what_happens_to_ly_domains_when_libya_shuts_down_t.php\">Internetkenner<\/a> um den beliebten URL-Abk\u00fcrzungsdienst bit.ly. Die Endung -ly nutzt n\u00e4mlich die libysche L\u00e4nder-Domain, die in der Hand der Regierung ist. Muammar Gaddafi k\u00f6nnte theoretisch bit.ly erpressen. Auch eine neue Regierung k\u00f6nnte neue Regeln f\u00fcr die Verwendung der .ly-Domain aufstellen, die Gesch\u00e4ften abtr\u00e4glich sein k\u00f6nnte. Ein nationaler Blackout nach \u00e4gyptischem Vorbild h\u00e4tte aber wohl keine Auswirkungen, da die f\u00fcnf bit.ly-Server in den USA und Europa stehen.<\/p>\n<p>Bald k\u00f6nnte die Abh\u00e4ngigkeit von einzelnen Regierungen obsolet sein, da die Internetverwaltung ICANN noch in diesem Jahr Unternehmen und zivilgesellschaftlichen Organisationen die M\u00f6glichkeit <a href=\"http:\/\/techland.time.com\/2011\/03\/05\/icann-vs-the-world\/\">einr\u00e4umen<\/a> wird, neue Top-Level-Domains wie etwa .auto oder .revolution zu beantragen. Nicht diskutiert wird jedoch die ebenfalls in diesem Jahr anstehende Entscheidung \u00fcber die Verl\u00e4ngerung des Vertrags zwischen ICANN und dem US-Handelsministerium. So wurde wohl die wikileaks.org-Domain auf politischen Druck hin deaktiviert. Doch offenbar scheint man die Kontrolle der US-Regierung \u00fcber die Domain-Verwaltung nicht aufgeben zu wollen, da die Entscheidung \u00fcber Top-Level-Domains unter dem UNO-Dach noch kontroverser werden d\u00fcrfte.<\/p>\n","protected":false},"excerpt":{"rendered":"<p>In den USA sorgen sich einige Internetkenner um den beliebten URL-Abk\u00fcrzungsdienst bit.ly. Die Endung -ly nutzt n\u00e4mlich die libysche L\u00e4nder-Domain, die in der Hand der Regierung ist. Muammar Gaddafi k\u00f6nnte theoretisch bit.ly erpressen. Auch eine neue Regierung k\u00f6nnte neue Regeln f\u00fcr die Verwendung der .ly-Domain aufstellen, die Gesch\u00e4ften abtr\u00e4glich sein k\u00f6nnte. Ein nationaler Blackout nach [&hellip;]<\/p>\n","protected":false},"author":218,"featured_media":0,"comment_status":"open","ping_status":"closed","sticky":false,"template":"","format":"standard","meta":{"footnotes":""},"categories":[1269],"tags":[6705,10700],"class_list":["post-1523","post","type-post","status-publish","format-standard","hentry","category-netzwerker","tag-icann","tag-libyen"],"yoast_head":"<!-- This site is optimized with the Yoast SEO plugin v21.0 - https:\/\/yoast.com\/wordpress\/plugins\/seo\/ -->\n<title>Sorgen um bit.ly in revolution\u00e4ren Zeiten - Kulturkampf<\/title>\n<meta name=\"robots\" content=\"index, follow, max-snippet:-1, max-image-preview:large, max-video-preview:-1\" \/>\n<link rel=\"canonical\" href=\"https:\/\/blog.zeit.de\/kulturkampf\/2011\/03\/05\/sorgen-um-bit-ly-in-revolutionaren-zeiten\/\" \/>\n<meta property=\"og:locale\" content=\"de_DE\" \/>\n<meta property=\"og:type\" content=\"article\" \/>\n<meta property=\"og:title\" content=\"Sorgen um bit.ly in revolution\u00e4ren Zeiten - Kulturkampf\" \/>\n<meta property=\"og:description\" content=\"In den USA sorgen sich einige Internetkenner um den beliebten URL-Abk\u00fcrzungsdienst bit.ly. Die Endung -ly nutzt n\u00e4mlich die libysche L\u00e4nder-Domain, die in der Hand der Regierung ist. Muammar Gaddafi k\u00f6nnte theoretisch bit.ly erpressen. Auch eine neue Regierung k\u00f6nnte neue Regeln f\u00fcr die Verwendung der .ly-Domain aufstellen, die Gesch\u00e4ften abtr\u00e4glich sein k\u00f6nnte. Ein nationaler Blackout nach [&hellip;]\" \/>\n<meta property=\"og:url\" content=\"https:\/\/blog.zeit.de\/kulturkampf\/2011\/03\/05\/sorgen-um-bit-ly-in-revolutionaren-zeiten\/\" \/>\n<meta property=\"og:site_name\" content=\"Kulturkampf\" \/>\n<meta property=\"article:published_time\" content=\"2011-03-05T14:31:24+00:00\" \/>\n<meta property=\"article:modified_time\" content=\"2011-03-05T14:53:09+00:00\" \/>\n<meta name=\"author\" content=\"Christiane Schulzki-Haddouti\" \/>\n<meta name=\"twitter:card\" content=\"summary_large_image\" \/>\n<meta name=\"twitter:label1\" content=\"Geschrieben von\" \/>\n\t<meta name=\"twitter:data1\" content=\"Christiane Schulzki-Haddouti\" \/>\n\t<meta name=\"twitter:label2\" content=\"Gesch\u00e4tzte Lesezeit\" \/>\n\t<meta name=\"twitter:data2\" content=\"1\u00a0Minute\" \/>\n<script type=\"application\/ld+json\" class=\"yoast-schema-graph\">{\"@context\":\"https:\/\/schema.org\",\"@graph\":[{\"@type\":\"WebPage\",\"@id\":\"https:\/\/blog.zeit.de\/kulturkampf\/2011\/03\/05\/sorgen-um-bit-ly-in-revolutionaren-zeiten\/\",\"url\":\"https:\/\/blog.zeit.de\/kulturkampf\/2011\/03\/05\/sorgen-um-bit-ly-in-revolutionaren-zeiten\/\",\"name\":\"Sorgen um bit.ly in revolution\u00e4ren Zeiten - Kulturkampf\",\"isPartOf\":{\"@id\":\"https:\/\/blog.zeit.de\/kulturkampf\/#website\"},\"datePublished\":\"2011-03-05T14:31:24+00:00\",\"dateModified\":\"2011-03-05T14:53:09+00:00\",\"author\":{\"@id\":\"https:\/\/blog.zeit.de\/kulturkampf\/#\/schema\/person\/b4eb764366884539204225e2dbc5a5c6\"},\"breadcrumb\":{\"@id\":\"https:\/\/blog.zeit.de\/kulturkampf\/2011\/03\/05\/sorgen-um-bit-ly-in-revolutionaren-zeiten\/#breadcrumb\"},\"inLanguage\":\"de\",\"potentialAction\":[{\"@type\":\"ReadAction\",\"target\":[\"https:\/\/blog.zeit.de\/kulturkampf\/2011\/03\/05\/sorgen-um-bit-ly-in-revolutionaren-zeiten\/\"]}]},{\"@type\":\"BreadcrumbList\",\"@id\":\"https:\/\/blog.zeit.de\/kulturkampf\/2011\/03\/05\/sorgen-um-bit-ly-in-revolutionaren-zeiten\/#breadcrumb\",\"itemListElement\":[{\"@type\":\"ListItem\",\"position\":1,\"name\":\"Startseite\",\"item\":\"https:\/\/blog.zeit.de\/kulturkampf\/\"},{\"@type\":\"ListItem\",\"position\":2,\"name\":\"Sorgen um bit.ly in revolution\u00e4ren Zeiten\"}]},{\"@type\":\"WebSite\",\"@id\":\"https:\/\/blog.zeit.de\/kulturkampf\/#website\",\"url\":\"https:\/\/blog.zeit.de\/kulturkampf\/\",\"name\":\"Kulturkampf\",\"description\":\"Online und Offline - \u00fcber das Leben in zwei Welten\",\"potentialAction\":[{\"@type\":\"SearchAction\",\"target\":{\"@type\":\"EntryPoint\",\"urlTemplate\":\"https:\/\/blog.zeit.de\/kulturkampf\/?s={search_term_string}\"},\"query-input\":\"required name=search_term_string\"}],\"inLanguage\":\"de\"},{\"@type\":\"Person\",\"@id\":\"https:\/\/blog.zeit.de\/kulturkampf\/#\/schema\/person\/b4eb764366884539204225e2dbc5a5c6\",\"name\":\"Christiane Schulzki-Haddouti\",\"image\":{\"@type\":\"ImageObject\",\"inLanguage\":\"de\",\"@id\":\"https:\/\/blog.zeit.de\/kulturkampf\/#\/schema\/person\/image\/\",\"url\":\"https:\/\/secure.gravatar.com\/avatar\/600c9c5d86bdb9b02c616a1c35365d6bde8b38acbe5aab179c7a93897c727ef0?s=96&d=mm&r=g\",\"contentUrl\":\"https:\/\/secure.gravatar.com\/avatar\/600c9c5d86bdb9b02c616a1c35365d6bde8b38acbe5aab179c7a93897c727ef0?s=96&d=mm&r=g\",\"caption\":\"Christiane Schulzki-Haddouti\"},\"sameAs\":[\"http:\/\/blog.kooptech.de\/\"],\"url\":\"https:\/\/blog.zeit.de\/kulturkampf\/author\/christiane-schulzki-haddouti\/\"}]}<\/script>\n<!-- \/ Yoast SEO plugin. -->","yoast_head_json":{"title":"Sorgen um bit.ly in revolution\u00e4ren Zeiten - Kulturkampf","robots":{"index":"index","follow":"follow","max-snippet":"max-snippet:-1","max-image-preview":"max-image-preview:large","max-video-preview":"max-video-preview:-1"},"canonical":"https:\/\/blog.zeit.de\/kulturkampf\/2011\/03\/05\/sorgen-um-bit-ly-in-revolutionaren-zeiten\/","og_locale":"de_DE","og_type":"article","og_title":"Sorgen um bit.ly in revolution\u00e4ren Zeiten - Kulturkampf","og_description":"In den USA sorgen sich einige Internetkenner um den beliebten URL-Abk\u00fcrzungsdienst bit.ly. Die Endung -ly nutzt n\u00e4mlich die libysche L\u00e4nder-Domain, die in der Hand der Regierung ist. Muammar Gaddafi k\u00f6nnte theoretisch bit.ly erpressen. Auch eine neue Regierung k\u00f6nnte neue Regeln f\u00fcr die Verwendung der .ly-Domain aufstellen, die Gesch\u00e4ften abtr\u00e4glich sein k\u00f6nnte. Ein nationaler Blackout nach [&hellip;]","og_url":"https:\/\/blog.zeit.de\/kulturkampf\/2011\/03\/05\/sorgen-um-bit-ly-in-revolutionaren-zeiten\/","og_site_name":"Kulturkampf","article_published_time":"2011-03-05T14:31:24+00:00","article_modified_time":"2011-03-05T14:53:09+00:00","author":"Christiane Schulzki-Haddouti","twitter_card":"summary_large_image","twitter_misc":{"Geschrieben von":"Christiane Schulzki-Haddouti","Gesch\u00e4tzte Lesezeit":"1\u00a0Minute"},"schema":{"@context":"https:\/\/schema.org","@graph":[{"@type":"WebPage","@id":"https:\/\/blog.zeit.de\/kulturkampf\/2011\/03\/05\/sorgen-um-bit-ly-in-revolutionaren-zeiten\/","url":"https:\/\/blog.zeit.de\/kulturkampf\/2011\/03\/05\/sorgen-um-bit-ly-in-revolutionaren-zeiten\/","name":"Sorgen um bit.ly in revolution\u00e4ren Zeiten - Kulturkampf","isPartOf":{"@id":"https:\/\/blog.zeit.de\/kulturkampf\/#website"},"datePublished":"2011-03-05T14:31:24+00:00","dateModified":"2011-03-05T14:53:09+00:00","author":{"@id":"https:\/\/blog.zeit.de\/kulturkampf\/#\/schema\/person\/b4eb764366884539204225e2dbc5a5c6"},"breadcrumb":{"@id":"https:\/\/blog.zeit.de\/kulturkampf\/2011\/03\/05\/sorgen-um-bit-ly-in-revolutionaren-zeiten\/#breadcrumb"},"inLanguage":"de","potentialAction":[{"@type":"ReadAction","target":["https:\/\/blog.zeit.de\/kulturkampf\/2011\/03\/05\/sorgen-um-bit-ly-in-revolutionaren-zeiten\/"]}]},{"@type":"BreadcrumbList","@id":"https:\/\/blog.zeit.de\/kulturkampf\/2011\/03\/05\/sorgen-um-bit-ly-in-revolutionaren-zeiten\/#breadcrumb","itemListElement":[{"@type":"ListItem","position":1,"name":"Startseite","item":"https:\/\/blog.zeit.de\/kulturkampf\/"},{"@type":"ListItem","position":2,"name":"Sorgen um bit.ly in revolution\u00e4ren Zeiten"}]},{"@type":"WebSite","@id":"https:\/\/blog.zeit.de\/kulturkampf\/#website","url":"https:\/\/blog.zeit.de\/kulturkampf\/","name":"Kulturkampf","description":"Online und Offline - \u00fcber das Leben in zwei Welten","potentialAction":[{"@type":"SearchAction","target":{"@type":"EntryPoint","urlTemplate":"https:\/\/blog.zeit.de\/kulturkampf\/?s={search_term_string}"},"query-input":"required name=search_term_string"}],"inLanguage":"de"},{"@type":"Person","@id":"https:\/\/blog.zeit.de\/kulturkampf\/#\/schema\/person\/b4eb764366884539204225e2dbc5a5c6","name":"Christiane Schulzki-Haddouti","image":{"@type":"ImageObject","inLanguage":"de","@id":"https:\/\/blog.zeit.de\/kulturkampf\/#\/schema\/person\/image\/","url":"https:\/\/secure.gravatar.com\/avatar\/600c9c5d86bdb9b02c616a1c35365d6bde8b38acbe5aab179c7a93897c727ef0?s=96&d=mm&r=g","contentUrl":"https:\/\/secure.gravatar.com\/avatar\/600c9c5d86bdb9b02c616a1c35365d6bde8b38acbe5aab179c7a93897c727ef0?s=96&d=mm&r=g","caption":"Christiane Schulzki-Haddouti"},"sameAs":["http:\/\/blog.kooptech.de\/"],"url":"https:\/\/blog.zeit.de\/kulturkampf\/author\/christiane-schulzki-haddouti\/"}]}},"jetpack_featured_media_url":"","_links":{"self":[{"href":"https:\/\/blog.zeit.de\/kulturkampf\/wp-json\/wp\/v2\/posts\/1523","targetHints":{"allow":["GET"]}}],"collection":[{"href":"https:\/\/blog.zeit.de\/kulturkampf\/wp-json\/wp\/v2\/posts"}],"about":[{"href":"https:\/\/blog.zeit.de\/kulturkampf\/wp-json\/wp\/v2\/types\/post"}],"author":[{"embeddable":true,"href":"https:\/\/blog.zeit.de\/kulturkampf\/wp-json\/wp\/v2\/users\/218"}],"replies":[{"embeddable":true,"href":"https:\/\/blog.zeit.de\/kulturkampf\/wp-json\/wp\/v2\/comments?post=1523"}],"version-history":[{"count":3,"href":"https:\/\/blog.zeit.de\/kulturkampf\/wp-json\/wp\/v2\/posts\/1523\/revisions"}],"predecessor-version":[{"id":1525,"href":"https:\/\/blog.zeit.de\/kulturkampf\/wp-json\/wp\/v2\/posts\/1523\/revisions\/1525"}],"wp:attachment":[{"href":"https:\/\/blog.zeit.de\/kulturkampf\/wp-json\/wp\/v2\/media?parent=1523"}],"wp:term":[{"taxonomy":"category","embeddable":true,"href":"https:\/\/blog.zeit.de\/kulturkampf\/wp-json\/wp\/v2\/categories?post=1523"},{"taxonomy":"post_tag","embeddable":true,"href":"https:\/\/blog.zeit.de\/kulturkampf\/wp-json\/wp\/v2\/tags?post=1523"}],"curies":[{"name":"wp","href":"https:\/\/api.w.org\/{rel}","templated":true}]}}