{"id":160,"date":"2009-10-26T17:36:31","date_gmt":"2009-10-26T15:36:31","guid":{"rendered":"http:\/\/blog.zeit.de\/kulturkampf\/?p=160"},"modified":"2009-10-26T17:36:31","modified_gmt":"2009-10-26T15:36:31","slug":"wo-bleibt-die-versprochene-internetrepublik","status":"publish","type":"post","link":"https:\/\/blog.zeit.de\/kulturkampf\/2009\/10\/26\/wo-bleibt-die-versprochene-internetrepublik\/","title":{"rendered":"Wo bleibt die versprochene Internetrepublik?"},"content":{"rendered":"<p>Union und FDP haben ihren Koalitionsvertrag verhandelt und dieser steht schon im Netz. Auf 124 Seiten Text kommt das Wort Internet sogar 32x vor. Das ist mehr als in fr\u00fcheren Koalitionsvertr\u00e4gen. Und doch entt\u00e4uscht das Ergebnis. Der Koalitionsvertrag liest sich rund um das Thema Netzpolitik wie die Fortf\u00fchrung der Politik der letzten Jahre mit ein paar Justierungen. <\/p>\n<p><img loading=\"lazy\" decoding=\"async\" src=\"https:\/\/blog.zeit.de\/kulturkampf\/files\/2009\/10\/koalitionsvertrag_internet-300x202.jpg\" alt=\"koalitionsvertrag_internet\" title=\"koalitionsvertrag_internet\" width=\"300\" height=\"202\" class=\"alignnone size-medium wp-image-159\" srcset=\"https:\/\/blog.zeit.de\/kulturkampf\/files\/2009\/10\/koalitionsvertrag_internet-300x202.jpg 300w, https:\/\/blog.zeit.de\/kulturkampf\/files\/2009\/10\/koalitionsvertrag_internet.jpg 827w\" sizes=\"auto, (max-width: 300px) 100vw, 300px\" \/><br \/>\n(<a href=\"http:\/\/metaroll.posterous.com\/das-internetkapitel-des-koalitionsvertrags-al\">Tagcloud via Metaroll<\/a>)<\/p>\n<p>Einzige \u00dcberraschung: Das Zugangserschwerungsgesetz soll ein Jahr ausgesetzt werden, in dem Zeitraum soll die dazu errichtete Netzzensur-Infrastruktur auch nicht genutzt werden. Unklar bleibt bisher, ob die Bundesregierung die Netzzensur-Pl\u00e4ne auf internationaler Ebene weiter vorantreibt, oder ihr Engagement f\u00fcr den Zeitraum ebenfalls auf Eis legt. Beim Urheberrecht sieht es gar nach einer Radikalisierung aus. Die Rechteindustrie freut sich bereits, dass nahezu ihr gesamter Forderungskatalog von der neuen Regierung umgesetzt werden wird.<\/p>\n<p>Viele Forderungen im Koalitionsvertrag sind austauschbar: Etwas mehr eGovernment, offene Standards in der Verwaltung und mehr Breitbandinternet auf dem Land. Das wollte schon jede Regierung in diesem Jahrzehnt. <\/p>\n<p>Das Lesen des Koalitionsvertrages l\u00f6st keine Begeisterungsst\u00fcrme aus. Man sieht an ihm, wie unwichtig das Thema Netzpolitik immer noch in der deutschen Politik ist. Wo ist die Vision? Was sind die neuen Ideen dieser Koalition? Was sind die konkreten Netzpolitik-Projekte, die begeistern? W\u00e4hrend in Finnland ein &#8222;Recht auf Breitband&#8220; eingef\u00fchrt wird und in den USA sich die Regierung durch OpenGovernment offener und transparenter macht, freuen wir uns auf die DE-Mail und hoffen, dass die elektronische Krankenakte kaputt evaluiert wird. Und m\u00fcssen f\u00fcrchten, dass der neue Innenminister ziemlich schnell seine Forderung nach Verkehrsregeln im Internet umsetzen wird.<\/p>\n<p>So wird das nichts mit der versprochenen Internetrepublik, die von der FDP im Wahlkampf ausgerufen wurde.<\/p>\n<p>Ansonsten gilt, was Kai Biermann schon auf Zeit.de geschrieben hat: <a href=\"http:\/\/www.zeit.de\/digital\/internet\/2009-10\/internet-datenschutz-koalitionsvertrag?page=1\">Angst vor dem Netz bleibt der Tenor.<\/a><\/p>\n","protected":false},"excerpt":{"rendered":"<p>Union und FDP haben ihren Koalitionsvertrag verhandelt und dieser steht schon im Netz. Auf 124 Seiten Text kommt das Wort Internet sogar 32x vor. Das ist mehr als in fr\u00fcheren Koalitionsvertr\u00e4gen. Und doch entt\u00e4uscht das Ergebnis. Der Koalitionsvertrag liest sich rund um das Thema Netzpolitik wie die Fortf\u00fchrung der Politik der letzten Jahre mit ein [&hellip;]<\/p>\n","protected":false},"author":143,"featured_media":0,"comment_status":"open","ping_status":"closed","sticky":false,"template":"","format":"standard","meta":{"footnotes":""},"categories":[1],"tags":[1071,1072,983],"class_list":["post-160","post","type-post","status-publish","format-standard","hentry","category-allgemein","tag-bundesregierung","tag-koalitionsvertrag","tag-netzpolitik"],"yoast_head":"<!-- This site is optimized with the Yoast SEO plugin v21.0 - https:\/\/yoast.com\/wordpress\/plugins\/seo\/ -->\n<title>Wo bleibt die versprochene Internetrepublik? - Kulturkampf<\/title>\n<meta name=\"robots\" content=\"index, follow, max-snippet:-1, max-image-preview:large, max-video-preview:-1\" \/>\n<link rel=\"canonical\" href=\"https:\/\/blog.zeit.de\/kulturkampf\/2009\/10\/26\/wo-bleibt-die-versprochene-internetrepublik\/\" \/>\n<meta property=\"og:locale\" content=\"de_DE\" \/>\n<meta property=\"og:type\" content=\"article\" \/>\n<meta property=\"og:title\" content=\"Wo bleibt die versprochene Internetrepublik? - Kulturkampf\" \/>\n<meta property=\"og:description\" content=\"Union und FDP haben ihren Koalitionsvertrag verhandelt und dieser steht schon im Netz. Auf 124 Seiten Text kommt das Wort Internet sogar 32x vor. Das ist mehr als in fr\u00fcheren Koalitionsvertr\u00e4gen. Und doch entt\u00e4uscht das Ergebnis. Der Koalitionsvertrag liest sich rund um das Thema Netzpolitik wie die Fortf\u00fchrung der Politik der letzten Jahre mit ein [&hellip;]\" \/>\n<meta property=\"og:url\" content=\"https:\/\/blog.zeit.de\/kulturkampf\/2009\/10\/26\/wo-bleibt-die-versprochene-internetrepublik\/\" \/>\n<meta property=\"og:site_name\" content=\"Kulturkampf\" \/>\n<meta property=\"article:published_time\" content=\"2009-10-26T15:36:31+00:00\" \/>\n<meta property=\"og:image\" content=\"https:\/\/blog.zeit.de\/kulturkampf\/files\/2009\/10\/koalitionsvertrag_internet-300x202.jpg\" \/>\n<meta name=\"author\" content=\"Markus Beckedahl\" \/>\n<meta name=\"twitter:card\" content=\"summary_large_image\" \/>\n<meta name=\"twitter:label1\" content=\"Geschrieben von\" \/>\n\t<meta name=\"twitter:data1\" content=\"Markus Beckedahl\" \/>\n\t<meta name=\"twitter:label2\" content=\"Gesch\u00e4tzte Lesezeit\" \/>\n\t<meta name=\"twitter:data2\" content=\"1\u00a0Minute\" \/>\n<script type=\"application\/ld+json\" class=\"yoast-schema-graph\">{\"@context\":\"https:\/\/schema.org\",\"@graph\":[{\"@type\":\"WebPage\",\"@id\":\"https:\/\/blog.zeit.de\/kulturkampf\/2009\/10\/26\/wo-bleibt-die-versprochene-internetrepublik\/\",\"url\":\"https:\/\/blog.zeit.de\/kulturkampf\/2009\/10\/26\/wo-bleibt-die-versprochene-internetrepublik\/\",\"name\":\"Wo bleibt die versprochene Internetrepublik? - Kulturkampf\",\"isPartOf\":{\"@id\":\"https:\/\/blog.zeit.de\/kulturkampf\/#website\"},\"datePublished\":\"2009-10-26T15:36:31+00:00\",\"dateModified\":\"2009-10-26T15:36:31+00:00\",\"author\":{\"@id\":\"https:\/\/blog.zeit.de\/kulturkampf\/#\/schema\/person\/f8fa2860d485193509ba4da8708f3e40\"},\"breadcrumb\":{\"@id\":\"https:\/\/blog.zeit.de\/kulturkampf\/2009\/10\/26\/wo-bleibt-die-versprochene-internetrepublik\/#breadcrumb\"},\"inLanguage\":\"de\",\"potentialAction\":[{\"@type\":\"ReadAction\",\"target\":[\"https:\/\/blog.zeit.de\/kulturkampf\/2009\/10\/26\/wo-bleibt-die-versprochene-internetrepublik\/\"]}]},{\"@type\":\"BreadcrumbList\",\"@id\":\"https:\/\/blog.zeit.de\/kulturkampf\/2009\/10\/26\/wo-bleibt-die-versprochene-internetrepublik\/#breadcrumb\",\"itemListElement\":[{\"@type\":\"ListItem\",\"position\":1,\"name\":\"Startseite\",\"item\":\"https:\/\/blog.zeit.de\/kulturkampf\/\"},{\"@type\":\"ListItem\",\"position\":2,\"name\":\"Wo bleibt die versprochene Internetrepublik?\"}]},{\"@type\":\"WebSite\",\"@id\":\"https:\/\/blog.zeit.de\/kulturkampf\/#website\",\"url\":\"https:\/\/blog.zeit.de\/kulturkampf\/\",\"name\":\"Kulturkampf\",\"description\":\"Online und Offline - \u00fcber das Leben in zwei Welten\",\"potentialAction\":[{\"@type\":\"SearchAction\",\"target\":{\"@type\":\"EntryPoint\",\"urlTemplate\":\"https:\/\/blog.zeit.de\/kulturkampf\/?s={search_term_string}\"},\"query-input\":\"required name=search_term_string\"}],\"inLanguage\":\"de\"},{\"@type\":\"Person\",\"@id\":\"https:\/\/blog.zeit.de\/kulturkampf\/#\/schema\/person\/f8fa2860d485193509ba4da8708f3e40\",\"name\":\"Markus Beckedahl\",\"image\":{\"@type\":\"ImageObject\",\"inLanguage\":\"de\",\"@id\":\"https:\/\/blog.zeit.de\/kulturkampf\/#\/schema\/person\/image\/\",\"url\":\"https:\/\/secure.gravatar.com\/avatar\/bc181120cae002f9bb494c84fe1e20d8ac1c133d42b0a53cba55d3c9c33be057?s=96&d=mm&r=g\",\"contentUrl\":\"https:\/\/secure.gravatar.com\/avatar\/bc181120cae002f9bb494c84fe1e20d8ac1c133d42b0a53cba55d3c9c33be057?s=96&d=mm&r=g\",\"caption\":\"Markus Beckedahl\"},\"url\":\"https:\/\/blog.zeit.de\/kulturkampf\/author\/markus-beckedahl\/\"}]}<\/script>\n<!-- \/ Yoast SEO plugin. -->","yoast_head_json":{"title":"Wo bleibt die versprochene Internetrepublik? - Kulturkampf","robots":{"index":"index","follow":"follow","max-snippet":"max-snippet:-1","max-image-preview":"max-image-preview:large","max-video-preview":"max-video-preview:-1"},"canonical":"https:\/\/blog.zeit.de\/kulturkampf\/2009\/10\/26\/wo-bleibt-die-versprochene-internetrepublik\/","og_locale":"de_DE","og_type":"article","og_title":"Wo bleibt die versprochene Internetrepublik? - Kulturkampf","og_description":"Union und FDP haben ihren Koalitionsvertrag verhandelt und dieser steht schon im Netz. Auf 124 Seiten Text kommt das Wort Internet sogar 32x vor. Das ist mehr als in fr\u00fcheren Koalitionsvertr\u00e4gen. Und doch entt\u00e4uscht das Ergebnis. Der Koalitionsvertrag liest sich rund um das Thema Netzpolitik wie die Fortf\u00fchrung der Politik der letzten Jahre mit ein [&hellip;]","og_url":"https:\/\/blog.zeit.de\/kulturkampf\/2009\/10\/26\/wo-bleibt-die-versprochene-internetrepublik\/","og_site_name":"Kulturkampf","article_published_time":"2009-10-26T15:36:31+00:00","og_image":[{"url":"https:\/\/blog.zeit.de\/kulturkampf\/files\/2009\/10\/koalitionsvertrag_internet-300x202.jpg"}],"author":"Markus Beckedahl","twitter_card":"summary_large_image","twitter_misc":{"Geschrieben von":"Markus Beckedahl","Gesch\u00e4tzte Lesezeit":"1\u00a0Minute"},"schema":{"@context":"https:\/\/schema.org","@graph":[{"@type":"WebPage","@id":"https:\/\/blog.zeit.de\/kulturkampf\/2009\/10\/26\/wo-bleibt-die-versprochene-internetrepublik\/","url":"https:\/\/blog.zeit.de\/kulturkampf\/2009\/10\/26\/wo-bleibt-die-versprochene-internetrepublik\/","name":"Wo bleibt die versprochene Internetrepublik? - Kulturkampf","isPartOf":{"@id":"https:\/\/blog.zeit.de\/kulturkampf\/#website"},"datePublished":"2009-10-26T15:36:31+00:00","dateModified":"2009-10-26T15:36:31+00:00","author":{"@id":"https:\/\/blog.zeit.de\/kulturkampf\/#\/schema\/person\/f8fa2860d485193509ba4da8708f3e40"},"breadcrumb":{"@id":"https:\/\/blog.zeit.de\/kulturkampf\/2009\/10\/26\/wo-bleibt-die-versprochene-internetrepublik\/#breadcrumb"},"inLanguage":"de","potentialAction":[{"@type":"ReadAction","target":["https:\/\/blog.zeit.de\/kulturkampf\/2009\/10\/26\/wo-bleibt-die-versprochene-internetrepublik\/"]}]},{"@type":"BreadcrumbList","@id":"https:\/\/blog.zeit.de\/kulturkampf\/2009\/10\/26\/wo-bleibt-die-versprochene-internetrepublik\/#breadcrumb","itemListElement":[{"@type":"ListItem","position":1,"name":"Startseite","item":"https:\/\/blog.zeit.de\/kulturkampf\/"},{"@type":"ListItem","position":2,"name":"Wo bleibt die versprochene Internetrepublik?"}]},{"@type":"WebSite","@id":"https:\/\/blog.zeit.de\/kulturkampf\/#website","url":"https:\/\/blog.zeit.de\/kulturkampf\/","name":"Kulturkampf","description":"Online und Offline - \u00fcber das Leben in zwei Welten","potentialAction":[{"@type":"SearchAction","target":{"@type":"EntryPoint","urlTemplate":"https:\/\/blog.zeit.de\/kulturkampf\/?s={search_term_string}"},"query-input":"required name=search_term_string"}],"inLanguage":"de"},{"@type":"Person","@id":"https:\/\/blog.zeit.de\/kulturkampf\/#\/schema\/person\/f8fa2860d485193509ba4da8708f3e40","name":"Markus Beckedahl","image":{"@type":"ImageObject","inLanguage":"de","@id":"https:\/\/blog.zeit.de\/kulturkampf\/#\/schema\/person\/image\/","url":"https:\/\/secure.gravatar.com\/avatar\/bc181120cae002f9bb494c84fe1e20d8ac1c133d42b0a53cba55d3c9c33be057?s=96&d=mm&r=g","contentUrl":"https:\/\/secure.gravatar.com\/avatar\/bc181120cae002f9bb494c84fe1e20d8ac1c133d42b0a53cba55d3c9c33be057?s=96&d=mm&r=g","caption":"Markus Beckedahl"},"url":"https:\/\/blog.zeit.de\/kulturkampf\/author\/markus-beckedahl\/"}]}},"jetpack_featured_media_url":"","_links":{"self":[{"href":"https:\/\/blog.zeit.de\/kulturkampf\/wp-json\/wp\/v2\/posts\/160","targetHints":{"allow":["GET"]}}],"collection":[{"href":"https:\/\/blog.zeit.de\/kulturkampf\/wp-json\/wp\/v2\/posts"}],"about":[{"href":"https:\/\/blog.zeit.de\/kulturkampf\/wp-json\/wp\/v2\/types\/post"}],"author":[{"embeddable":true,"href":"https:\/\/blog.zeit.de\/kulturkampf\/wp-json\/wp\/v2\/users\/143"}],"replies":[{"embeddable":true,"href":"https:\/\/blog.zeit.de\/kulturkampf\/wp-json\/wp\/v2\/comments?post=160"}],"version-history":[{"count":0,"href":"https:\/\/blog.zeit.de\/kulturkampf\/wp-json\/wp\/v2\/posts\/160\/revisions"}],"wp:attachment":[{"href":"https:\/\/blog.zeit.de\/kulturkampf\/wp-json\/wp\/v2\/media?parent=160"}],"wp:term":[{"taxonomy":"category","embeddable":true,"href":"https:\/\/blog.zeit.de\/kulturkampf\/wp-json\/wp\/v2\/categories?post=160"},{"taxonomy":"post_tag","embeddable":true,"href":"https:\/\/blog.zeit.de\/kulturkampf\/wp-json\/wp\/v2\/tags?post=160"}],"curies":[{"name":"wp","href":"https:\/\/api.w.org\/{rel}","templated":true}]}}