{"id":1609,"date":"2011-04-29T18:06:46","date_gmt":"2011-04-29T16:06:46","guid":{"rendered":"http:\/\/blog.zeit.de\/kulturkampf\/?p=1609"},"modified":"2011-05-07T10:44:16","modified_gmt":"2011-05-07T08:44:16","slug":"zwischenbericht-fur-die-enquete-kommission-enttauscht","status":"publish","type":"post","link":"https:\/\/blog.zeit.de\/kulturkampf\/2011\/04\/29\/zwischenbericht-fur-die-enquete-kommission-enttauscht\/","title":{"rendered":"Zwischenbericht f\u00fcr die Enquete-Kommission entt\u00e4uscht"},"content":{"rendered":"<p>Der <a href=\"http:\/\/dip21.bundestag.de\/dip21\/btd\/17\/056\/1705625.pdf\">Zwischenbericht<\/a> f\u00fcr die Enquete-Kommission &#8222;Internet und digitale Gesellschaft&#8220; wurde heute online ver\u00f6ffentlicht. Er befasst sich mit den vier Themen &#8222;Netzneutralit\u00e4t&#8220;, &#8222;Datenschutz&#8220;, &#8222;Urheberrecht&#8220; und &#8222;Medienkompetenz&#8220; &#8211; und ist lediglich 20 Seiten lang &#8211; inclusive Titel- und Leerseiten sowie Anhang.<\/p>\n<p>Abgesehen davon, dass der 18. Experte, die Netz\u00f6ffentlichkeit, sich mangels einer einsatzf\u00e4higen technischen L\u00f6sung bislang nicht ausreichend \u00e4u\u00dfern konnte, fehlt das Wesentlichste: Die Schlussfolgerungen, die die Abgeordneten gezogen haben. Zu allen vier Themen hei\u00dft es, die Handlungsempfehlungen w\u00fcrden erst noch erarbeitet.<\/p>\n<p>Aber auch der Bericht \u00fcber das, was man bislang gelernt hat, ist \u00e4u\u00dferst d\u00fcnn: Viele Worte \u00fcber Vorgehensweise und Verfahren, wenig Worte \u00fcber Inhalte. Zum Thema &#8222;Netzneutralit\u00e4t&#8220; wird das, was man aus den Expertenanh\u00f6rungen gelernt hat, sogar lapidar in dem Satz &#8222;Die gewonnenen Erkenntnisse fanden Eingang in die inhaltliche Arbeit der Projektgruppe.&#8220; zusammengefasst.<\/p>\n<p>Die Inhalte selbst werden so neutral wiedergegeben, dass kaum zu erkennen ist, wo es \u00fcberhaupt etwas zu diskutieren gibt. Es ist also nur eine Art inhaltliche Gliederung des k\u00fcnftigen Berichts, die hier konfliktfrei referiert wird. Unterschiedliche Positionen werden nur formelhaft angedeutet: &#8222;Es zeichnet sich aber ab, dass es inhaltliche Punkte\u00a0gibt, die grunds\u00e4tzlich strittig bleiben. &#8222;<\/p>\n<p>Das ist entt\u00e4uschend &#8211; vergleicht man dies mit dem Tempo, den die Ethikkommission zum Thema Atomkraft einschlagen will: Sie will innerhalb von drei Monaten zu Schlussfolgerungen kommen. Die Internet-Enqu\u00eate hatte wesentlich mehr Zeit. Zu erwarten war eigentlich ein Abschluss der vier Themen. Wie die restlichen Themen noch ohne eine zeitliche Verl\u00e4ngerung zu bew\u00e4ltigen sind, ist fraglich.<\/p>\n<p>P.S. Der Bundestag dokumentiert auf dieser <a href=\"http:\/\/www.bundestag.de\/internetenquete\/Netzmonitoring\/index.jsp\">Webseite<\/a> die Resonanz auf die Enqu\u00eate.<\/p>\n","protected":false},"excerpt":{"rendered":"<p>Der Zwischenbericht f\u00fcr die Enquete-Kommission &#8222;Internet und digitale Gesellschaft&#8220; wurde heute online ver\u00f6ffentlicht. Er befasst sich mit den vier Themen &#8222;Netzneutralit\u00e4t&#8220;, &#8222;Datenschutz&#8220;, &#8222;Urheberrecht&#8220; und &#8222;Medienkompetenz&#8220; &#8211; und ist lediglich 20 Seiten lang &#8211; inclusive Titel- und Leerseiten sowie Anhang. Abgesehen davon, dass der 18. Experte, die Netz\u00f6ffentlichkeit, sich mangels einer einsatzf\u00e4higen technischen L\u00f6sung bislang nicht [&hellip;]<\/p>\n","protected":false},"author":218,"featured_media":0,"comment_status":"open","ping_status":"closed","sticky":false,"template":"","format":"standard","meta":{"footnotes":""},"categories":[1],"tags":[],"class_list":["post-1609","post","type-post","status-publish","format-standard","hentry","category-allgemein"],"yoast_head":"<!-- This site is optimized with the Yoast SEO plugin v21.0 - https:\/\/yoast.com\/wordpress\/plugins\/seo\/ -->\n<title>Zwischenbericht f\u00fcr die Enquete-Kommission entt\u00e4uscht - Kulturkampf<\/title>\n<meta name=\"robots\" content=\"index, follow, max-snippet:-1, max-image-preview:large, max-video-preview:-1\" \/>\n<link rel=\"canonical\" href=\"https:\/\/blog.zeit.de\/kulturkampf\/2011\/04\/29\/zwischenbericht-fur-die-enquete-kommission-enttauscht\/\" \/>\n<meta property=\"og:locale\" content=\"de_DE\" \/>\n<meta property=\"og:type\" content=\"article\" \/>\n<meta property=\"og:title\" content=\"Zwischenbericht f\u00fcr die Enquete-Kommission entt\u00e4uscht - Kulturkampf\" \/>\n<meta property=\"og:description\" content=\"Der Zwischenbericht f\u00fcr die Enquete-Kommission &#8222;Internet und digitale Gesellschaft&#8220; wurde heute online ver\u00f6ffentlicht. Er befasst sich mit den vier Themen &#8222;Netzneutralit\u00e4t&#8220;, &#8222;Datenschutz&#8220;, &#8222;Urheberrecht&#8220; und &#8222;Medienkompetenz&#8220; &#8211; und ist lediglich 20 Seiten lang &#8211; inclusive Titel- und Leerseiten sowie Anhang. Abgesehen davon, dass der 18. Experte, die Netz\u00f6ffentlichkeit, sich mangels einer einsatzf\u00e4higen technischen L\u00f6sung bislang nicht [&hellip;]\" \/>\n<meta property=\"og:url\" content=\"https:\/\/blog.zeit.de\/kulturkampf\/2011\/04\/29\/zwischenbericht-fur-die-enquete-kommission-enttauscht\/\" \/>\n<meta property=\"og:site_name\" content=\"Kulturkampf\" \/>\n<meta property=\"article:published_time\" content=\"2011-04-29T16:06:46+00:00\" \/>\n<meta property=\"article:modified_time\" content=\"2011-05-07T08:44:16+00:00\" \/>\n<meta name=\"author\" content=\"Christiane Schulzki-Haddouti\" \/>\n<meta name=\"twitter:card\" content=\"summary_large_image\" \/>\n<meta name=\"twitter:label1\" content=\"Geschrieben von\" \/>\n\t<meta name=\"twitter:data1\" content=\"Christiane Schulzki-Haddouti\" \/>\n\t<meta name=\"twitter:label2\" content=\"Gesch\u00e4tzte Lesezeit\" \/>\n\t<meta name=\"twitter:data2\" content=\"1\u00a0Minute\" \/>\n<script type=\"application\/ld+json\" class=\"yoast-schema-graph\">{\"@context\":\"https:\/\/schema.org\",\"@graph\":[{\"@type\":\"WebPage\",\"@id\":\"https:\/\/blog.zeit.de\/kulturkampf\/2011\/04\/29\/zwischenbericht-fur-die-enquete-kommission-enttauscht\/\",\"url\":\"https:\/\/blog.zeit.de\/kulturkampf\/2011\/04\/29\/zwischenbericht-fur-die-enquete-kommission-enttauscht\/\",\"name\":\"Zwischenbericht f\u00fcr die Enquete-Kommission entt\u00e4uscht - Kulturkampf\",\"isPartOf\":{\"@id\":\"https:\/\/blog.zeit.de\/kulturkampf\/#website\"},\"datePublished\":\"2011-04-29T16:06:46+00:00\",\"dateModified\":\"2011-05-07T08:44:16+00:00\",\"author\":{\"@id\":\"https:\/\/blog.zeit.de\/kulturkampf\/#\/schema\/person\/b4eb764366884539204225e2dbc5a5c6\"},\"breadcrumb\":{\"@id\":\"https:\/\/blog.zeit.de\/kulturkampf\/2011\/04\/29\/zwischenbericht-fur-die-enquete-kommission-enttauscht\/#breadcrumb\"},\"inLanguage\":\"de\",\"potentialAction\":[{\"@type\":\"ReadAction\",\"target\":[\"https:\/\/blog.zeit.de\/kulturkampf\/2011\/04\/29\/zwischenbericht-fur-die-enquete-kommission-enttauscht\/\"]}]},{\"@type\":\"BreadcrumbList\",\"@id\":\"https:\/\/blog.zeit.de\/kulturkampf\/2011\/04\/29\/zwischenbericht-fur-die-enquete-kommission-enttauscht\/#breadcrumb\",\"itemListElement\":[{\"@type\":\"ListItem\",\"position\":1,\"name\":\"Startseite\",\"item\":\"https:\/\/blog.zeit.de\/kulturkampf\/\"},{\"@type\":\"ListItem\",\"position\":2,\"name\":\"Zwischenbericht f\u00fcr die Enquete-Kommission entt\u00e4uscht\"}]},{\"@type\":\"WebSite\",\"@id\":\"https:\/\/blog.zeit.de\/kulturkampf\/#website\",\"url\":\"https:\/\/blog.zeit.de\/kulturkampf\/\",\"name\":\"Kulturkampf\",\"description\":\"Online und Offline - \u00fcber das Leben in zwei Welten\",\"potentialAction\":[{\"@type\":\"SearchAction\",\"target\":{\"@type\":\"EntryPoint\",\"urlTemplate\":\"https:\/\/blog.zeit.de\/kulturkampf\/?s={search_term_string}\"},\"query-input\":\"required name=search_term_string\"}],\"inLanguage\":\"de\"},{\"@type\":\"Person\",\"@id\":\"https:\/\/blog.zeit.de\/kulturkampf\/#\/schema\/person\/b4eb764366884539204225e2dbc5a5c6\",\"name\":\"Christiane Schulzki-Haddouti\",\"image\":{\"@type\":\"ImageObject\",\"inLanguage\":\"de\",\"@id\":\"https:\/\/blog.zeit.de\/kulturkampf\/#\/schema\/person\/image\/\",\"url\":\"https:\/\/secure.gravatar.com\/avatar\/600c9c5d86bdb9b02c616a1c35365d6bde8b38acbe5aab179c7a93897c727ef0?s=96&d=mm&r=g\",\"contentUrl\":\"https:\/\/secure.gravatar.com\/avatar\/600c9c5d86bdb9b02c616a1c35365d6bde8b38acbe5aab179c7a93897c727ef0?s=96&d=mm&r=g\",\"caption\":\"Christiane Schulzki-Haddouti\"},\"sameAs\":[\"http:\/\/blog.kooptech.de\/\"],\"url\":\"https:\/\/blog.zeit.de\/kulturkampf\/author\/christiane-schulzki-haddouti\/\"}]}<\/script>\n<!-- \/ Yoast SEO plugin. -->","yoast_head_json":{"title":"Zwischenbericht f\u00fcr die Enquete-Kommission entt\u00e4uscht - Kulturkampf","robots":{"index":"index","follow":"follow","max-snippet":"max-snippet:-1","max-image-preview":"max-image-preview:large","max-video-preview":"max-video-preview:-1"},"canonical":"https:\/\/blog.zeit.de\/kulturkampf\/2011\/04\/29\/zwischenbericht-fur-die-enquete-kommission-enttauscht\/","og_locale":"de_DE","og_type":"article","og_title":"Zwischenbericht f\u00fcr die Enquete-Kommission entt\u00e4uscht - Kulturkampf","og_description":"Der Zwischenbericht f\u00fcr die Enquete-Kommission &#8222;Internet und digitale Gesellschaft&#8220; wurde heute online ver\u00f6ffentlicht. Er befasst sich mit den vier Themen &#8222;Netzneutralit\u00e4t&#8220;, &#8222;Datenschutz&#8220;, &#8222;Urheberrecht&#8220; und &#8222;Medienkompetenz&#8220; &#8211; und ist lediglich 20 Seiten lang &#8211; inclusive Titel- und Leerseiten sowie Anhang. Abgesehen davon, dass der 18. Experte, die Netz\u00f6ffentlichkeit, sich mangels einer einsatzf\u00e4higen technischen L\u00f6sung bislang nicht [&hellip;]","og_url":"https:\/\/blog.zeit.de\/kulturkampf\/2011\/04\/29\/zwischenbericht-fur-die-enquete-kommission-enttauscht\/","og_site_name":"Kulturkampf","article_published_time":"2011-04-29T16:06:46+00:00","article_modified_time":"2011-05-07T08:44:16+00:00","author":"Christiane Schulzki-Haddouti","twitter_card":"summary_large_image","twitter_misc":{"Geschrieben von":"Christiane Schulzki-Haddouti","Gesch\u00e4tzte Lesezeit":"1\u00a0Minute"},"schema":{"@context":"https:\/\/schema.org","@graph":[{"@type":"WebPage","@id":"https:\/\/blog.zeit.de\/kulturkampf\/2011\/04\/29\/zwischenbericht-fur-die-enquete-kommission-enttauscht\/","url":"https:\/\/blog.zeit.de\/kulturkampf\/2011\/04\/29\/zwischenbericht-fur-die-enquete-kommission-enttauscht\/","name":"Zwischenbericht f\u00fcr die Enquete-Kommission entt\u00e4uscht - Kulturkampf","isPartOf":{"@id":"https:\/\/blog.zeit.de\/kulturkampf\/#website"},"datePublished":"2011-04-29T16:06:46+00:00","dateModified":"2011-05-07T08:44:16+00:00","author":{"@id":"https:\/\/blog.zeit.de\/kulturkampf\/#\/schema\/person\/b4eb764366884539204225e2dbc5a5c6"},"breadcrumb":{"@id":"https:\/\/blog.zeit.de\/kulturkampf\/2011\/04\/29\/zwischenbericht-fur-die-enquete-kommission-enttauscht\/#breadcrumb"},"inLanguage":"de","potentialAction":[{"@type":"ReadAction","target":["https:\/\/blog.zeit.de\/kulturkampf\/2011\/04\/29\/zwischenbericht-fur-die-enquete-kommission-enttauscht\/"]}]},{"@type":"BreadcrumbList","@id":"https:\/\/blog.zeit.de\/kulturkampf\/2011\/04\/29\/zwischenbericht-fur-die-enquete-kommission-enttauscht\/#breadcrumb","itemListElement":[{"@type":"ListItem","position":1,"name":"Startseite","item":"https:\/\/blog.zeit.de\/kulturkampf\/"},{"@type":"ListItem","position":2,"name":"Zwischenbericht f\u00fcr die Enquete-Kommission entt\u00e4uscht"}]},{"@type":"WebSite","@id":"https:\/\/blog.zeit.de\/kulturkampf\/#website","url":"https:\/\/blog.zeit.de\/kulturkampf\/","name":"Kulturkampf","description":"Online und Offline - \u00fcber das Leben in zwei Welten","potentialAction":[{"@type":"SearchAction","target":{"@type":"EntryPoint","urlTemplate":"https:\/\/blog.zeit.de\/kulturkampf\/?s={search_term_string}"},"query-input":"required name=search_term_string"}],"inLanguage":"de"},{"@type":"Person","@id":"https:\/\/blog.zeit.de\/kulturkampf\/#\/schema\/person\/b4eb764366884539204225e2dbc5a5c6","name":"Christiane Schulzki-Haddouti","image":{"@type":"ImageObject","inLanguage":"de","@id":"https:\/\/blog.zeit.de\/kulturkampf\/#\/schema\/person\/image\/","url":"https:\/\/secure.gravatar.com\/avatar\/600c9c5d86bdb9b02c616a1c35365d6bde8b38acbe5aab179c7a93897c727ef0?s=96&d=mm&r=g","contentUrl":"https:\/\/secure.gravatar.com\/avatar\/600c9c5d86bdb9b02c616a1c35365d6bde8b38acbe5aab179c7a93897c727ef0?s=96&d=mm&r=g","caption":"Christiane Schulzki-Haddouti"},"sameAs":["http:\/\/blog.kooptech.de\/"],"url":"https:\/\/blog.zeit.de\/kulturkampf\/author\/christiane-schulzki-haddouti\/"}]}},"jetpack_featured_media_url":"","_links":{"self":[{"href":"https:\/\/blog.zeit.de\/kulturkampf\/wp-json\/wp\/v2\/posts\/1609","targetHints":{"allow":["GET"]}}],"collection":[{"href":"https:\/\/blog.zeit.de\/kulturkampf\/wp-json\/wp\/v2\/posts"}],"about":[{"href":"https:\/\/blog.zeit.de\/kulturkampf\/wp-json\/wp\/v2\/types\/post"}],"author":[{"embeddable":true,"href":"https:\/\/blog.zeit.de\/kulturkampf\/wp-json\/wp\/v2\/users\/218"}],"replies":[{"embeddable":true,"href":"https:\/\/blog.zeit.de\/kulturkampf\/wp-json\/wp\/v2\/comments?post=1609"}],"version-history":[{"count":3,"href":"https:\/\/blog.zeit.de\/kulturkampf\/wp-json\/wp\/v2\/posts\/1609\/revisions"}],"predecessor-version":[{"id":1612,"href":"https:\/\/blog.zeit.de\/kulturkampf\/wp-json\/wp\/v2\/posts\/1609\/revisions\/1612"}],"wp:attachment":[{"href":"https:\/\/blog.zeit.de\/kulturkampf\/wp-json\/wp\/v2\/media?parent=1609"}],"wp:term":[{"taxonomy":"category","embeddable":true,"href":"https:\/\/blog.zeit.de\/kulturkampf\/wp-json\/wp\/v2\/categories?post=1609"},{"taxonomy":"post_tag","embeddable":true,"href":"https:\/\/blog.zeit.de\/kulturkampf\/wp-json\/wp\/v2\/tags?post=1609"}],"curies":[{"name":"wp","href":"https:\/\/api.w.org\/{rel}","templated":true}]}}