{"id":1613,"date":"2011-05-08T19:35:39","date_gmt":"2011-05-08T17:35:39","guid":{"rendered":"http:\/\/blog.zeit.de\/kulturkampf\/?p=1613"},"modified":"2011-05-09T08:50:27","modified_gmt":"2011-05-09T06:50:27","slug":"die-macht-eines-einzigen-tweets","status":"publish","type":"post","link":"https:\/\/blog.zeit.de\/kulturkampf\/2011\/05\/08\/die-macht-eines-einzigen-tweets\/","title":{"rendered":"Die Macht eines einzigen Tweets"},"content":{"rendered":"<p>Keine Geschichte wie diese Twittermeldung \u00a0machte wohl in letzter Zeit so viel Aufheben wie die des Todes von\u00a0Osama Bin Laden in diesem kleinen Tweet von\u00a0<a href=\"http:\/\/twitter.com\/#!\/keithurbahn\" target=\"_blank\">Keith Urbahn<\/a>, dem B\u00fcroleiter des ehemaligen US-Verteidigungsministers Donald Rumsfeld. In binnen nur zwei Minuten gab es rund 300 Reaktionen auf diesen Tweet. Grund war wohl, dass Urbahn in seinem Followerkreis eine hohe Reputation genie\u00dft und die Nachricht f\u00fcr glaubhaft eingestuft wurde.<\/p>\n<p><a href=\"https:\/\/blog.zeit.de\/kulturkampf\/files\/2011\/05\/BinLaden-twitter-ku.png\"><img loading=\"lazy\" decoding=\"async\" class=\"aligncenter size-full wp-image-1615\" title=\"BinLaden-twitter-ku\" src=\"https:\/\/blog.zeit.de\/kulturkampf\/files\/2011\/05\/BinLaden-twitter-ku.png\" alt=\"\" width=\"530\" height=\"143\" srcset=\"https:\/\/blog.zeit.de\/kulturkampf\/files\/2011\/05\/BinLaden-twitter-ku.png 530w, https:\/\/blog.zeit.de\/kulturkampf\/files\/2011\/05\/BinLaden-twitter-ku-300x80.png 300w\" sizes=\"auto, (max-width: 530px) 100vw, 530px\" \/><\/a>Die New Yorker Firma Social Flow hat 15 Mio. Tweets<a href=\"http:\/\/blog.socialflow.com\/post\/5246404319\/breaking-bin-laden-visualizing-the-power-of-a-single\" target=\"_blank\"> analysiert<\/a> und die dabei entstandene Visualisierung zeigt, wie die Nachricht einschlug &#8211; und\u00a0<a href=\"http:\/\/twitter.com\/#!\/brianstelter\" target=\"_blank\">Brian Stelter<\/a>, der Digitale-Medien-Reporter der\u00a0<em>New York Times,<\/em> dabei keine unwesentliche Rolle spielte. Nicht unwesentlich d\u00fcrfte die hohe Followerzahl von Stelter gewesen sein: \u00dcber 55.000. Die Protagonisten der klassischen Medien k\u00f6nnen also auch in den sozialen Medien eine wichtige Multiplikationsrolle spielen. (<a href=\"http:\/\/www.zeit.de\/digital\/internet\/2011-05\/osama-twitter\">B\u00fcrgerjournalisten nat\u00fcrlich auch<\/a>.)<\/p>\n<p style=\"text-align: center;\"><a href=\"https:\/\/blog.zeit.de\/kulturkampf\/files\/2011\/05\/BinLaden-twitter.png\"><img decoding=\"async\" class=\"aligncenter size-full wp-image-1614\" title=\"BinLaden-twitter\" src=\"https:\/\/blog.zeit.de\/kulturkampf\/files\/2011\/05\/BinLaden-twitter.png\" alt=\"\" width=\"450\" srcset=\"https:\/\/blog.zeit.de\/kulturkampf\/files\/2011\/05\/BinLaden-twitter.png 638w, https:\/\/blog.zeit.de\/kulturkampf\/files\/2011\/05\/BinLaden-twitter-300x209.png 300w\" sizes=\"(max-width: 638px) 100vw, 638px\" \/><\/a><\/p>\n<p style=\"text-align: left;\">Zuletzt sei aber auf die Beitr\u00e4ge in\u00a0<a href=\"http:\/\/www.propublica.org\/\">ProPublica<\/a> verwiesen, in dem\u00a0<a href=\"http:\/\/www.propublica.org\/site\/author\/marian_wang\">Marian Wang<\/a> sich mit der Berichterstattung auseinanderstetzt:\u00a0<a href=\"http:\/\/www.propublica.org\/blog\/item\/bin-laden-reading-guide-how-to-cut-through-the-coverage\">Bin Laden Reading Guide: How to Cut Through the Coverage<\/a> gibt eine kritische Orientierungshilfe mit Links zu den aus Sicht der Autoren besten Beitr\u00e4gen.\u00a0<a href=\"http:\/\/www.propublica.org\/blog\/item\/revisting-the-very-first-very-wrong-reports-on-bin-ladens-death\">Revisiting the Very First, Very Wrong Reports on Bin Laden\u2019s Death<\/a> hingegen spie\u00dft erste Falschberichte auf. Demnach soll Bin Laden in Afghanistan aufgegriffen worden sein bzw. das Ereignis soll bereits eine Woche zuvor stattgefunden haben bzw. eine Drohne soll ihn get\u00f6tet haben. Gefunden habe ich die Beitr\u00e4ge \u00fcber den <a href=\"http:\/\/berlinergazette.de\/bin-laden-schwarze-sternstunde-des-journalismus\/\">lesenswerten Text<\/a> von Krystian Woznicki in der <a href=\"http:\/\/berlinergazette.de\">Berliner Gazette<\/a>, der sich mit der sensationsl\u00fcsternen Art der Berichterstattung befasst.<\/p>\n","protected":false},"excerpt":{"rendered":"<p>Keine Geschichte wie diese Twittermeldung \u00a0machte wohl in letzter Zeit so viel Aufheben wie die des Todes von\u00a0Osama Bin Laden in diesem kleinen Tweet von\u00a0Keith Urbahn, dem B\u00fcroleiter des ehemaligen US-Verteidigungsministers Donald Rumsfeld. In binnen nur zwei Minuten gab es rund 300 Reaktionen auf diesen Tweet. Grund war wohl, dass Urbahn in seinem Followerkreis eine [&hellip;]<\/p>\n","protected":false},"author":218,"featured_media":0,"comment_status":"open","ping_status":"closed","sticky":false,"template":"","format":"standard","meta":{"footnotes":""},"categories":[1279],"tags":[10704,1354,1210,560],"class_list":["post-1613","post","type-post","status-publish","format-standard","hentry","category-medienzukunft","tag-hype","tag-social-media","tag-terror","tag-twitter"],"yoast_head":"<!-- This site is optimized with the Yoast SEO plugin v21.0 - https:\/\/yoast.com\/wordpress\/plugins\/seo\/ -->\n<title>Die Macht eines einzigen Tweets - Kulturkampf<\/title>\n<meta name=\"robots\" content=\"index, follow, max-snippet:-1, max-image-preview:large, max-video-preview:-1\" \/>\n<link rel=\"canonical\" href=\"https:\/\/blog.zeit.de\/kulturkampf\/2011\/05\/08\/die-macht-eines-einzigen-tweets\/\" \/>\n<meta property=\"og:locale\" content=\"de_DE\" \/>\n<meta property=\"og:type\" content=\"article\" \/>\n<meta property=\"og:title\" content=\"Die Macht eines einzigen Tweets - Kulturkampf\" \/>\n<meta property=\"og:description\" content=\"Keine Geschichte wie diese Twittermeldung \u00a0machte wohl in letzter Zeit so viel Aufheben wie die des Todes von\u00a0Osama Bin Laden in diesem kleinen Tweet von\u00a0Keith Urbahn, dem B\u00fcroleiter des ehemaligen US-Verteidigungsministers Donald Rumsfeld. In binnen nur zwei Minuten gab es rund 300 Reaktionen auf diesen Tweet. Grund war wohl, dass Urbahn in seinem Followerkreis eine [&hellip;]\" \/>\n<meta property=\"og:url\" content=\"https:\/\/blog.zeit.de\/kulturkampf\/2011\/05\/08\/die-macht-eines-einzigen-tweets\/\" \/>\n<meta property=\"og:site_name\" content=\"Kulturkampf\" \/>\n<meta property=\"article:published_time\" content=\"2011-05-08T17:35:39+00:00\" \/>\n<meta property=\"article:modified_time\" content=\"2011-05-09T06:50:27+00:00\" \/>\n<meta property=\"og:image\" content=\"https:\/\/blog.zeit.de\/kulturkampf\/files\/2011\/05\/BinLaden-twitter-ku.png\" \/>\n<meta name=\"author\" content=\"Christiane Schulzki-Haddouti\" \/>\n<meta name=\"twitter:card\" content=\"summary_large_image\" \/>\n<meta name=\"twitter:label1\" content=\"Geschrieben von\" \/>\n\t<meta name=\"twitter:data1\" content=\"Christiane Schulzki-Haddouti\" \/>\n\t<meta name=\"twitter:label2\" content=\"Gesch\u00e4tzte Lesezeit\" \/>\n\t<meta name=\"twitter:data2\" content=\"1\u00a0Minute\" \/>\n<script type=\"application\/ld+json\" class=\"yoast-schema-graph\">{\"@context\":\"https:\/\/schema.org\",\"@graph\":[{\"@type\":\"WebPage\",\"@id\":\"https:\/\/blog.zeit.de\/kulturkampf\/2011\/05\/08\/die-macht-eines-einzigen-tweets\/\",\"url\":\"https:\/\/blog.zeit.de\/kulturkampf\/2011\/05\/08\/die-macht-eines-einzigen-tweets\/\",\"name\":\"Die Macht eines einzigen Tweets - Kulturkampf\",\"isPartOf\":{\"@id\":\"https:\/\/blog.zeit.de\/kulturkampf\/#website\"},\"datePublished\":\"2011-05-08T17:35:39+00:00\",\"dateModified\":\"2011-05-09T06:50:27+00:00\",\"author\":{\"@id\":\"https:\/\/blog.zeit.de\/kulturkampf\/#\/schema\/person\/b4eb764366884539204225e2dbc5a5c6\"},\"breadcrumb\":{\"@id\":\"https:\/\/blog.zeit.de\/kulturkampf\/2011\/05\/08\/die-macht-eines-einzigen-tweets\/#breadcrumb\"},\"inLanguage\":\"de\",\"potentialAction\":[{\"@type\":\"ReadAction\",\"target\":[\"https:\/\/blog.zeit.de\/kulturkampf\/2011\/05\/08\/die-macht-eines-einzigen-tweets\/\"]}]},{\"@type\":\"BreadcrumbList\",\"@id\":\"https:\/\/blog.zeit.de\/kulturkampf\/2011\/05\/08\/die-macht-eines-einzigen-tweets\/#breadcrumb\",\"itemListElement\":[{\"@type\":\"ListItem\",\"position\":1,\"name\":\"Startseite\",\"item\":\"https:\/\/blog.zeit.de\/kulturkampf\/\"},{\"@type\":\"ListItem\",\"position\":2,\"name\":\"Die Macht eines einzigen Tweets\"}]},{\"@type\":\"WebSite\",\"@id\":\"https:\/\/blog.zeit.de\/kulturkampf\/#website\",\"url\":\"https:\/\/blog.zeit.de\/kulturkampf\/\",\"name\":\"Kulturkampf\",\"description\":\"Online und Offline - \u00fcber das Leben in zwei Welten\",\"potentialAction\":[{\"@type\":\"SearchAction\",\"target\":{\"@type\":\"EntryPoint\",\"urlTemplate\":\"https:\/\/blog.zeit.de\/kulturkampf\/?s={search_term_string}\"},\"query-input\":\"required name=search_term_string\"}],\"inLanguage\":\"de\"},{\"@type\":\"Person\",\"@id\":\"https:\/\/blog.zeit.de\/kulturkampf\/#\/schema\/person\/b4eb764366884539204225e2dbc5a5c6\",\"name\":\"Christiane Schulzki-Haddouti\",\"image\":{\"@type\":\"ImageObject\",\"inLanguage\":\"de\",\"@id\":\"https:\/\/blog.zeit.de\/kulturkampf\/#\/schema\/person\/image\/\",\"url\":\"https:\/\/secure.gravatar.com\/avatar\/600c9c5d86bdb9b02c616a1c35365d6bde8b38acbe5aab179c7a93897c727ef0?s=96&d=mm&r=g\",\"contentUrl\":\"https:\/\/secure.gravatar.com\/avatar\/600c9c5d86bdb9b02c616a1c35365d6bde8b38acbe5aab179c7a93897c727ef0?s=96&d=mm&r=g\",\"caption\":\"Christiane Schulzki-Haddouti\"},\"sameAs\":[\"http:\/\/blog.kooptech.de\/\"],\"url\":\"https:\/\/blog.zeit.de\/kulturkampf\/author\/christiane-schulzki-haddouti\/\"}]}<\/script>\n<!-- \/ Yoast SEO plugin. -->","yoast_head_json":{"title":"Die Macht eines einzigen Tweets - Kulturkampf","robots":{"index":"index","follow":"follow","max-snippet":"max-snippet:-1","max-image-preview":"max-image-preview:large","max-video-preview":"max-video-preview:-1"},"canonical":"https:\/\/blog.zeit.de\/kulturkampf\/2011\/05\/08\/die-macht-eines-einzigen-tweets\/","og_locale":"de_DE","og_type":"article","og_title":"Die Macht eines einzigen Tweets - Kulturkampf","og_description":"Keine Geschichte wie diese Twittermeldung \u00a0machte wohl in letzter Zeit so viel Aufheben wie die des Todes von\u00a0Osama Bin Laden in diesem kleinen Tweet von\u00a0Keith Urbahn, dem B\u00fcroleiter des ehemaligen US-Verteidigungsministers Donald Rumsfeld. In binnen nur zwei Minuten gab es rund 300 Reaktionen auf diesen Tweet. Grund war wohl, dass Urbahn in seinem Followerkreis eine [&hellip;]","og_url":"https:\/\/blog.zeit.de\/kulturkampf\/2011\/05\/08\/die-macht-eines-einzigen-tweets\/","og_site_name":"Kulturkampf","article_published_time":"2011-05-08T17:35:39+00:00","article_modified_time":"2011-05-09T06:50:27+00:00","og_image":[{"url":"https:\/\/blog.zeit.de\/kulturkampf\/files\/2011\/05\/BinLaden-twitter-ku.png"}],"author":"Christiane Schulzki-Haddouti","twitter_card":"summary_large_image","twitter_misc":{"Geschrieben von":"Christiane Schulzki-Haddouti","Gesch\u00e4tzte Lesezeit":"1\u00a0Minute"},"schema":{"@context":"https:\/\/schema.org","@graph":[{"@type":"WebPage","@id":"https:\/\/blog.zeit.de\/kulturkampf\/2011\/05\/08\/die-macht-eines-einzigen-tweets\/","url":"https:\/\/blog.zeit.de\/kulturkampf\/2011\/05\/08\/die-macht-eines-einzigen-tweets\/","name":"Die Macht eines einzigen Tweets - Kulturkampf","isPartOf":{"@id":"https:\/\/blog.zeit.de\/kulturkampf\/#website"},"datePublished":"2011-05-08T17:35:39+00:00","dateModified":"2011-05-09T06:50:27+00:00","author":{"@id":"https:\/\/blog.zeit.de\/kulturkampf\/#\/schema\/person\/b4eb764366884539204225e2dbc5a5c6"},"breadcrumb":{"@id":"https:\/\/blog.zeit.de\/kulturkampf\/2011\/05\/08\/die-macht-eines-einzigen-tweets\/#breadcrumb"},"inLanguage":"de","potentialAction":[{"@type":"ReadAction","target":["https:\/\/blog.zeit.de\/kulturkampf\/2011\/05\/08\/die-macht-eines-einzigen-tweets\/"]}]},{"@type":"BreadcrumbList","@id":"https:\/\/blog.zeit.de\/kulturkampf\/2011\/05\/08\/die-macht-eines-einzigen-tweets\/#breadcrumb","itemListElement":[{"@type":"ListItem","position":1,"name":"Startseite","item":"https:\/\/blog.zeit.de\/kulturkampf\/"},{"@type":"ListItem","position":2,"name":"Die Macht eines einzigen Tweets"}]},{"@type":"WebSite","@id":"https:\/\/blog.zeit.de\/kulturkampf\/#website","url":"https:\/\/blog.zeit.de\/kulturkampf\/","name":"Kulturkampf","description":"Online und Offline - \u00fcber das Leben in zwei Welten","potentialAction":[{"@type":"SearchAction","target":{"@type":"EntryPoint","urlTemplate":"https:\/\/blog.zeit.de\/kulturkampf\/?s={search_term_string}"},"query-input":"required name=search_term_string"}],"inLanguage":"de"},{"@type":"Person","@id":"https:\/\/blog.zeit.de\/kulturkampf\/#\/schema\/person\/b4eb764366884539204225e2dbc5a5c6","name":"Christiane Schulzki-Haddouti","image":{"@type":"ImageObject","inLanguage":"de","@id":"https:\/\/blog.zeit.de\/kulturkampf\/#\/schema\/person\/image\/","url":"https:\/\/secure.gravatar.com\/avatar\/600c9c5d86bdb9b02c616a1c35365d6bde8b38acbe5aab179c7a93897c727ef0?s=96&d=mm&r=g","contentUrl":"https:\/\/secure.gravatar.com\/avatar\/600c9c5d86bdb9b02c616a1c35365d6bde8b38acbe5aab179c7a93897c727ef0?s=96&d=mm&r=g","caption":"Christiane Schulzki-Haddouti"},"sameAs":["http:\/\/blog.kooptech.de\/"],"url":"https:\/\/blog.zeit.de\/kulturkampf\/author\/christiane-schulzki-haddouti\/"}]}},"jetpack_featured_media_url":"","_links":{"self":[{"href":"https:\/\/blog.zeit.de\/kulturkampf\/wp-json\/wp\/v2\/posts\/1613","targetHints":{"allow":["GET"]}}],"collection":[{"href":"https:\/\/blog.zeit.de\/kulturkampf\/wp-json\/wp\/v2\/posts"}],"about":[{"href":"https:\/\/blog.zeit.de\/kulturkampf\/wp-json\/wp\/v2\/types\/post"}],"author":[{"embeddable":true,"href":"https:\/\/blog.zeit.de\/kulturkampf\/wp-json\/wp\/v2\/users\/218"}],"replies":[{"embeddable":true,"href":"https:\/\/blog.zeit.de\/kulturkampf\/wp-json\/wp\/v2\/comments?post=1613"}],"version-history":[{"count":9,"href":"https:\/\/blog.zeit.de\/kulturkampf\/wp-json\/wp\/v2\/posts\/1613\/revisions"}],"predecessor-version":[{"id":1625,"href":"https:\/\/blog.zeit.de\/kulturkampf\/wp-json\/wp\/v2\/posts\/1613\/revisions\/1625"}],"wp:attachment":[{"href":"https:\/\/blog.zeit.de\/kulturkampf\/wp-json\/wp\/v2\/media?parent=1613"}],"wp:term":[{"taxonomy":"category","embeddable":true,"href":"https:\/\/blog.zeit.de\/kulturkampf\/wp-json\/wp\/v2\/categories?post=1613"},{"taxonomy":"post_tag","embeddable":true,"href":"https:\/\/blog.zeit.de\/kulturkampf\/wp-json\/wp\/v2\/tags?post=1613"}],"curies":[{"name":"wp","href":"https:\/\/api.w.org\/{rel}","templated":true}]}}