{"id":19,"date":"2009-09-04T14:37:39","date_gmt":"2009-09-04T12:37:39","guid":{"rendered":"http:\/\/wpmu.zeit.de\/kulturkampf\/?p=19"},"modified":"2009-09-05T19:36:22","modified_gmt":"2009-09-05T17:36:22","slug":"internet-community","status":"publish","type":"post","link":"https:\/\/blog.zeit.de\/kulturkampf\/2009\/09\/04\/internet-community\/","title":{"rendered":"Viele Gr\u00fc\u00dfe von der Internet-Gemeinde"},"content":{"rendered":"<p>Ein Gespenst geht um in deutschen Medien und der Politik: Die Internet-Community ist da. Irgendwie zumindest. Manchmal hei\u00dft sie auch eingedeutscht Internet-Gemeinde. Politiker <a href=\"http:\/\/ak-zensur.de\/2009\/06\/zensur-beschlossen-brief.html\">laden sie zum Dialog ein<\/a>, manche starten ihre neuen Wahlkampf-Blogs mit &#8222;<a href=\"http:\/\/www.fritz-kuhn.de\/wp\/2009\/08\/26\/start-meines-blogs\/\">Liebe Internetgemeinde<\/a>&#8220; und andere beschweren sich, dass die Internet-Community <a href=\"http:\/\/de.wikipedia.org\/wiki\/Ursula_von_der_Leyen\">ihre tolle Politik kritisiert<\/a>.<\/p>\n<p>Das erste Mal begegnete mir der Begriff im Rahmen der <a href=\"http:\/\/www.nosoftwarepatents.com\/de\/m\/intro\/index.html\">EU-weiten Proteste gegen eine EU-Richtlinie zur Patentierung von Software<\/a>. Das war Anfang dieses Jahrtausends und Politiker im EU-Parlament versuchten zu definieren, was ihnen da an vernetztem Protest aus dem Internet begegnete. Ein weiterer Meilenstein waren die <a href=\"http:\/\/www.vorratsdatenspeicherung.de\">Proteste gegen die Vorratsdatenspeicherung<\/a>, die zwischen 2007\/2008 ihren H\u00f6hepunkt in Deutschland fanden. Und dieses Jahr kam der Begriff im medialen und politischen Mainstream an. Innerhalb von vier Tagen unterzeichneten mehr als 50.000 B\u00fcrger eine Online-Petition gegen die Pl\u00e4ne der Bundesregierung, im Rahmen des Zugangserschwerungsgesetz im Kampf gegen Kinderpornographie eine Zensurinfrastruktur zu errichten. Nie zuvor war der Protest aus dem Netz so schnell sichtbar geworden. <a href=\" https:\/\/epetitionen.bundestag.de\/index.php?action=petition;sa=details;petition=3860\">134015 Mitzeichner<\/a> waren es sogar nach Ende der Zeichnungsfrist.<\/p>\n<p>Das Netz schafft neue \u00d6ffentlichkeiten, wo jeder \u00fcber Blogs, Twitter und Soziale Netzwerke zum Sender wird. Rund um einzelne Themen und Ereignisse vernetzen sich Menschen Ad-Hoc und formen Koalitionen. Das ist mit dem alten Denken in traditionellen Organisationsstrukturen nicht mehr greifbar. Wenn man in diesen Tagen mit Journalisten und Politikern \u00fcber Netzpolitik redet, <a href=\"http:\/\/www.taz.de\/1\/leben\/internet\/artikel\/1\/die-ureinwohner-wehren-sich\/\">ist die &#8222;Internet-Community&#8220; immer dabei<\/a>. Man denkt dann immer, die halten \u201cdie Internet-Community\u201d f\u00fcr eine Art Gewerkschaft und man selbst ist f\u00fcr sie sowas wie ein Sprecher dieser \u201cGemeinde\u201d. Es ist dann immer schwierig, diesen zu erkl\u00e4ren, dass es sich um Menschen handelt, die \u00e4hnlich wie unsere Gesellschaft \u00e4u\u00dfert vielf\u00e4ltig und wenig organisiert sind. Bisher tauchen diese Ad-Hoc Koalitionen vor allem rund um <a href=\"http:\/\/www.netzpolitik.org\">Themen der Netzpolitik<\/a> so massiv auf. Das liegt wahrscheinlich daran, dass viele Knotenpunkte in diesen neuen \u00d6ffentlichkeiten ein besonderes Bewusstsein daf\u00fcr haben, gut vernetzt sind und nur sich nur wenige traditionelle Organisationsstrukturen dieses Themas annehmen. Das wird sich aber \u00e4ndern. <a href=\"www.ard-zdf-onlinestudie.de\/\">Schon 70 Prozent der Bev\u00f6lkerung nutzt das Internet<\/a> und immer mehr B\u00fcrger werden sich zu anderen Themen vernetzten und ihre Anliegen artikulieren.<\/p>\n<p>Und man fragt sich, wie das damals war, als zum ersten Mal Politiker im Fernsehen auftraten. Begr\u00fc\u00dften diese die Zuschauer mit den Worten &#8222;Liebe  Fernseh-Gemeinde?&#8220;<\/p>\n","protected":false},"excerpt":{"rendered":"<p>Ein Gespenst geht um in deutschen Medien und der Politik: Die Internet-Community ist da. Irgendwie zumindest. Manchmal hei\u00dft sie auch eingedeutscht Internet-Gemeinde. Politiker laden sie zum Dialog ein, manche starten ihre neuen Wahlkampf-Blogs mit &#8222;Liebe Internetgemeinde&#8220; und andere beschweren sich, dass die Internet-Community ihre tolle Politik kritisiert. Das erste Mal begegnete mir der Begriff im [&hellip;]<\/p>\n","protected":false},"author":143,"featured_media":0,"comment_status":"open","ping_status":"closed","sticky":false,"template":"","format":"standard","meta":{"footnotes":""},"categories":[1],"tags":[934,82,938,936,937,560,935],"class_list":["post-19","post","type-post","status-publish","format-standard","hentry","category-allgemein","tag-community","tag-internet","tag-netzsperre","tag-petition","tag-soziale-netzwerke","tag-twitter","tag-vorratsdatenspeicherung"],"yoast_head":"<!-- This site is optimized with the Yoast SEO plugin v21.0 - https:\/\/yoast.com\/wordpress\/plugins\/seo\/ -->\n<title>Viele Gr\u00fc\u00dfe von der Internet-Gemeinde - Kulturkampf<\/title>\n<meta name=\"robots\" content=\"index, follow, max-snippet:-1, max-image-preview:large, max-video-preview:-1\" \/>\n<link rel=\"canonical\" href=\"https:\/\/blog.zeit.de\/kulturkampf\/2009\/09\/04\/internet-community\/\" \/>\n<meta property=\"og:locale\" content=\"de_DE\" \/>\n<meta property=\"og:type\" content=\"article\" \/>\n<meta property=\"og:title\" content=\"Viele Gr\u00fc\u00dfe von der Internet-Gemeinde - Kulturkampf\" \/>\n<meta property=\"og:description\" content=\"Ein Gespenst geht um in deutschen Medien und der Politik: Die Internet-Community ist da. Irgendwie zumindest. Manchmal hei\u00dft sie auch eingedeutscht Internet-Gemeinde. Politiker laden sie zum Dialog ein, manche starten ihre neuen Wahlkampf-Blogs mit &#8222;Liebe Internetgemeinde&#8220; und andere beschweren sich, dass die Internet-Community ihre tolle Politik kritisiert. Das erste Mal begegnete mir der Begriff im [&hellip;]\" \/>\n<meta property=\"og:url\" content=\"https:\/\/blog.zeit.de\/kulturkampf\/2009\/09\/04\/internet-community\/\" \/>\n<meta property=\"og:site_name\" content=\"Kulturkampf\" \/>\n<meta property=\"article:published_time\" content=\"2009-09-04T12:37:39+00:00\" \/>\n<meta property=\"article:modified_time\" content=\"2009-09-05T17:36:22+00:00\" \/>\n<meta name=\"author\" content=\"Markus Beckedahl\" \/>\n<meta name=\"twitter:card\" content=\"summary_large_image\" \/>\n<meta name=\"twitter:label1\" content=\"Geschrieben von\" \/>\n\t<meta name=\"twitter:data1\" content=\"Markus Beckedahl\" \/>\n\t<meta name=\"twitter:label2\" content=\"Gesch\u00e4tzte Lesezeit\" \/>\n\t<meta name=\"twitter:data2\" content=\"2\u00a0Minuten\" \/>\n<script type=\"application\/ld+json\" class=\"yoast-schema-graph\">{\"@context\":\"https:\/\/schema.org\",\"@graph\":[{\"@type\":\"WebPage\",\"@id\":\"https:\/\/blog.zeit.de\/kulturkampf\/2009\/09\/04\/internet-community\/\",\"url\":\"https:\/\/blog.zeit.de\/kulturkampf\/2009\/09\/04\/internet-community\/\",\"name\":\"Viele Gr\u00fc\u00dfe von der Internet-Gemeinde - Kulturkampf\",\"isPartOf\":{\"@id\":\"https:\/\/blog.zeit.de\/kulturkampf\/#website\"},\"datePublished\":\"2009-09-04T12:37:39+00:00\",\"dateModified\":\"2009-09-05T17:36:22+00:00\",\"author\":{\"@id\":\"https:\/\/blog.zeit.de\/kulturkampf\/#\/schema\/person\/f8fa2860d485193509ba4da8708f3e40\"},\"breadcrumb\":{\"@id\":\"https:\/\/blog.zeit.de\/kulturkampf\/2009\/09\/04\/internet-community\/#breadcrumb\"},\"inLanguage\":\"de\",\"potentialAction\":[{\"@type\":\"ReadAction\",\"target\":[\"https:\/\/blog.zeit.de\/kulturkampf\/2009\/09\/04\/internet-community\/\"]}]},{\"@type\":\"BreadcrumbList\",\"@id\":\"https:\/\/blog.zeit.de\/kulturkampf\/2009\/09\/04\/internet-community\/#breadcrumb\",\"itemListElement\":[{\"@type\":\"ListItem\",\"position\":1,\"name\":\"Startseite\",\"item\":\"https:\/\/blog.zeit.de\/kulturkampf\/\"},{\"@type\":\"ListItem\",\"position\":2,\"name\":\"Viele Gr\u00fc\u00dfe von der Internet-Gemeinde\"}]},{\"@type\":\"WebSite\",\"@id\":\"https:\/\/blog.zeit.de\/kulturkampf\/#website\",\"url\":\"https:\/\/blog.zeit.de\/kulturkampf\/\",\"name\":\"Kulturkampf\",\"description\":\"Online und Offline - \u00fcber das Leben in zwei Welten\",\"potentialAction\":[{\"@type\":\"SearchAction\",\"target\":{\"@type\":\"EntryPoint\",\"urlTemplate\":\"https:\/\/blog.zeit.de\/kulturkampf\/?s={search_term_string}\"},\"query-input\":\"required name=search_term_string\"}],\"inLanguage\":\"de\"},{\"@type\":\"Person\",\"@id\":\"https:\/\/blog.zeit.de\/kulturkampf\/#\/schema\/person\/f8fa2860d485193509ba4da8708f3e40\",\"name\":\"Markus Beckedahl\",\"image\":{\"@type\":\"ImageObject\",\"inLanguage\":\"de\",\"@id\":\"https:\/\/blog.zeit.de\/kulturkampf\/#\/schema\/person\/image\/\",\"url\":\"https:\/\/secure.gravatar.com\/avatar\/bc181120cae002f9bb494c84fe1e20d8ac1c133d42b0a53cba55d3c9c33be057?s=96&d=mm&r=g\",\"contentUrl\":\"https:\/\/secure.gravatar.com\/avatar\/bc181120cae002f9bb494c84fe1e20d8ac1c133d42b0a53cba55d3c9c33be057?s=96&d=mm&r=g\",\"caption\":\"Markus Beckedahl\"},\"url\":\"https:\/\/blog.zeit.de\/kulturkampf\/author\/markus-beckedahl\/\"}]}<\/script>\n<!-- \/ Yoast SEO plugin. -->","yoast_head_json":{"title":"Viele Gr\u00fc\u00dfe von der Internet-Gemeinde - Kulturkampf","robots":{"index":"index","follow":"follow","max-snippet":"max-snippet:-1","max-image-preview":"max-image-preview:large","max-video-preview":"max-video-preview:-1"},"canonical":"https:\/\/blog.zeit.de\/kulturkampf\/2009\/09\/04\/internet-community\/","og_locale":"de_DE","og_type":"article","og_title":"Viele Gr\u00fc\u00dfe von der Internet-Gemeinde - Kulturkampf","og_description":"Ein Gespenst geht um in deutschen Medien und der Politik: Die Internet-Community ist da. Irgendwie zumindest. Manchmal hei\u00dft sie auch eingedeutscht Internet-Gemeinde. Politiker laden sie zum Dialog ein, manche starten ihre neuen Wahlkampf-Blogs mit &#8222;Liebe Internetgemeinde&#8220; und andere beschweren sich, dass die Internet-Community ihre tolle Politik kritisiert. Das erste Mal begegnete mir der Begriff im [&hellip;]","og_url":"https:\/\/blog.zeit.de\/kulturkampf\/2009\/09\/04\/internet-community\/","og_site_name":"Kulturkampf","article_published_time":"2009-09-04T12:37:39+00:00","article_modified_time":"2009-09-05T17:36:22+00:00","author":"Markus Beckedahl","twitter_card":"summary_large_image","twitter_misc":{"Geschrieben von":"Markus Beckedahl","Gesch\u00e4tzte Lesezeit":"2\u00a0Minuten"},"schema":{"@context":"https:\/\/schema.org","@graph":[{"@type":"WebPage","@id":"https:\/\/blog.zeit.de\/kulturkampf\/2009\/09\/04\/internet-community\/","url":"https:\/\/blog.zeit.de\/kulturkampf\/2009\/09\/04\/internet-community\/","name":"Viele Gr\u00fc\u00dfe von der Internet-Gemeinde - Kulturkampf","isPartOf":{"@id":"https:\/\/blog.zeit.de\/kulturkampf\/#website"},"datePublished":"2009-09-04T12:37:39+00:00","dateModified":"2009-09-05T17:36:22+00:00","author":{"@id":"https:\/\/blog.zeit.de\/kulturkampf\/#\/schema\/person\/f8fa2860d485193509ba4da8708f3e40"},"breadcrumb":{"@id":"https:\/\/blog.zeit.de\/kulturkampf\/2009\/09\/04\/internet-community\/#breadcrumb"},"inLanguage":"de","potentialAction":[{"@type":"ReadAction","target":["https:\/\/blog.zeit.de\/kulturkampf\/2009\/09\/04\/internet-community\/"]}]},{"@type":"BreadcrumbList","@id":"https:\/\/blog.zeit.de\/kulturkampf\/2009\/09\/04\/internet-community\/#breadcrumb","itemListElement":[{"@type":"ListItem","position":1,"name":"Startseite","item":"https:\/\/blog.zeit.de\/kulturkampf\/"},{"@type":"ListItem","position":2,"name":"Viele Gr\u00fc\u00dfe von der Internet-Gemeinde"}]},{"@type":"WebSite","@id":"https:\/\/blog.zeit.de\/kulturkampf\/#website","url":"https:\/\/blog.zeit.de\/kulturkampf\/","name":"Kulturkampf","description":"Online und Offline - \u00fcber das Leben in zwei Welten","potentialAction":[{"@type":"SearchAction","target":{"@type":"EntryPoint","urlTemplate":"https:\/\/blog.zeit.de\/kulturkampf\/?s={search_term_string}"},"query-input":"required name=search_term_string"}],"inLanguage":"de"},{"@type":"Person","@id":"https:\/\/blog.zeit.de\/kulturkampf\/#\/schema\/person\/f8fa2860d485193509ba4da8708f3e40","name":"Markus Beckedahl","image":{"@type":"ImageObject","inLanguage":"de","@id":"https:\/\/blog.zeit.de\/kulturkampf\/#\/schema\/person\/image\/","url":"https:\/\/secure.gravatar.com\/avatar\/bc181120cae002f9bb494c84fe1e20d8ac1c133d42b0a53cba55d3c9c33be057?s=96&d=mm&r=g","contentUrl":"https:\/\/secure.gravatar.com\/avatar\/bc181120cae002f9bb494c84fe1e20d8ac1c133d42b0a53cba55d3c9c33be057?s=96&d=mm&r=g","caption":"Markus Beckedahl"},"url":"https:\/\/blog.zeit.de\/kulturkampf\/author\/markus-beckedahl\/"}]}},"jetpack_featured_media_url":"","_links":{"self":[{"href":"https:\/\/blog.zeit.de\/kulturkampf\/wp-json\/wp\/v2\/posts\/19","targetHints":{"allow":["GET"]}}],"collection":[{"href":"https:\/\/blog.zeit.de\/kulturkampf\/wp-json\/wp\/v2\/posts"}],"about":[{"href":"https:\/\/blog.zeit.de\/kulturkampf\/wp-json\/wp\/v2\/types\/post"}],"author":[{"embeddable":true,"href":"https:\/\/blog.zeit.de\/kulturkampf\/wp-json\/wp\/v2\/users\/143"}],"replies":[{"embeddable":true,"href":"https:\/\/blog.zeit.de\/kulturkampf\/wp-json\/wp\/v2\/comments?post=19"}],"version-history":[{"count":0,"href":"https:\/\/blog.zeit.de\/kulturkampf\/wp-json\/wp\/v2\/posts\/19\/revisions"}],"wp:attachment":[{"href":"https:\/\/blog.zeit.de\/kulturkampf\/wp-json\/wp\/v2\/media?parent=19"}],"wp:term":[{"taxonomy":"category","embeddable":true,"href":"https:\/\/blog.zeit.de\/kulturkampf\/wp-json\/wp\/v2\/categories?post=19"},{"taxonomy":"post_tag","embeddable":true,"href":"https:\/\/blog.zeit.de\/kulturkampf\/wp-json\/wp\/v2\/tags?post=19"}],"curies":[{"name":"wp","href":"https:\/\/api.w.org\/{rel}","templated":true}]}}